{"id":14607,"date":"2026-08-25T13:13:54","date_gmt":"2026-08-25T13:13:54","guid":{"rendered":"https:\/\/www.feyalegria.org\/argentina\/?p=14607"},"modified":"2026-08-25T13:14:45","modified_gmt":"2026-08-25T13:14:45","slug":"primer-encuentro-nacional-docente-de-fe-y-alegria-argentina","status":"publish","type":"post","link":"https:\/\/www.feyalegria.org\/argentina\/primer-encuentro-nacional-docente-de-fe-y-alegria-argentina\/","title":{"rendered":"1\u00b0 Encuentro Nacional Docente: celebramos 30 a\u00f1os de Fe y Alegr\u00eda en Argentina"},"content":{"rendered":"<div style=\"font-family: Arial,sans-serif; max-width: 760px; margin: 0 auto; color: #1a1a1a;\">\n<p><span style=\"display: inline-block; background: #CC1B1B; color: #fff; font-size: 11px; font-weight: bold; letter-spacing: .08em; text-transform: uppercase; padding: 4px 12px; border-radius: 4px; margin-bottom: 1.2rem;\">ENCUENTRO NACIONAL<\/span><\/p>\n<h2 style=\"font-size: 28px; font-weight: bold; line-height: 1.25; margin: 0 0 .75rem; color: #cc1b1b; font-family: Arial,sans-serif;\">1\u00b0 Encuentro Nacional Docente: celebramos 30 a\u00f1os de Fe y Alegr\u00eda en Argentina<\/h2>\n<p style=\"font-size: 16px; color: #555; line-height: 1.6; margin: 0 0 1.5rem;\"><span style=\"font-weight: 400;\"><i>Resistencia, Chaco, ser\u00e1 la sede de un encuentro hist\u00f3rico: el mismo lugar donde se encendi\u00f3 \u201cla chispa\u201d de nuestro movimiento de educaci\u00f3n popular, extendi\u00e9ndose hoy hasta localidades de toda la Argentina.<\/i><\/span><\/p>\n<p style=\"font-size: 13px; color: #999; margin: 0 0 1.5rem;\">24 de agosto de 2026 \u00a0\u00b7\u00a0 3 min de lectura<\/p>\n<p class=\"isSelectedEnd\"><img loading=\"lazy\" decoding=\"async\" class=\" wp-image-14611 alignleft\" src=\"https:\/\/d3pugrm67vf9n7.cloudfront.net\/wp-content\/uploads\/sites\/22\/2026\/08\/24215833\/Encuentro-Nacional-Docente_2026-01-819x1024.png\" alt=\"\" width=\"278\" height=\"347\" srcset=\"https:\/\/d3pugrm67vf9n7.cloudfront.net\/wp-content\/uploads\/sites\/22\/2026\/08\/24215833\/Encuentro-Nacional-Docente_2026-01-819x1024.png 819w, https:\/\/d3pugrm67vf9n7.cloudfront.net\/wp-content\/uploads\/sites\/22\/2026\/08\/24215833\/Encuentro-Nacional-Docente_2026-01-240x300.png 240w, https:\/\/d3pugrm67vf9n7.cloudfront.net\/wp-content\/uploads\/sites\/22\/2026\/08\/24215833\/Encuentro-Nacional-Docente_2026-01-768x960.png 768w, https:\/\/d3pugrm67vf9n7.cloudfront.net\/wp-content\/uploads\/sites\/22\/2026\/08\/24215833\/Encuentro-Nacional-Docente_2026-01.png 1080w\" sizes=\"auto, (max-width: 278px) 100vw, 278px\" \/>Nos preparamos para vivir un momento \u00fanico: <strong>el 1\u00b0 Encuentro Nacional Docente<\/strong>, que se realizar\u00e1 los d\u00edas<strong> 11 y 12 de septiembre de 2026 en la ciudad de Resistencia, Chaco,<\/strong> el lugar donde comenzamos a escribir nuestra historia en el pa\u00eds.<\/p>\n<p class=\"isSelectedEnd\">Dos d\u00edas de celebraci\u00f3n, memoria y agradecimiento para volver, simb\u00f3licamente, a nuestro punto de partida. Un encuentro especial entre nuestro origen y lo que proyectamos a futuro.<\/p>\n<p class=\"isSelectedEnd\"><span style=\"font-size: 20px;\"><strong>Nuestros docentes, protagonistas de la celebraci\u00f3n<\/strong><\/span><\/p>\n<p class=\"isSelectedEnd\">Casi 200 educadores y educadoras de todo el pa\u00eds se reunir\u00e1n en Resistencia para participar de jornadas de formaci\u00f3n, reflexi\u00f3n y celebraci\u00f3n organizadas en torno a paneles sobre distintas tem\u00e1ticas vinculadas a la identidad, la espiritualidad y la pedagog\u00eda ignaciana que caracterizan a Fe y Alegr\u00eda.<\/p>\n<p class=\"isSelectedEnd\">El encuentro busca reconocer y valorar a quienes hacen posible la tarea educativa cotidiana en nuestros centros. Durante estas jornadas, el Movimiento buscar\u00e1 fortalecer su identidad y su sentido de comunidad, celebrar los 30 a\u00f1os de camino recorrido y seguir proyectando, en clave de educaci\u00f3n popular, las acciones que vendr\u00e1n.<\/p>\n<p>&nbsp;<\/p>\n<p class=\"isSelectedEnd\"><span style=\"font-size: 20px;\"><strong>Una exposici\u00f3n fotogr\u00e1fica y un documental sobre nuestra historia<\/strong><\/span><\/p>\n<p class=\"isSelectedEnd\">Como parte de las actividades abiertas a toda la comunidad, el<strong> viernes 11 de septiembre a las 19 h, en el Museo de las Esculturas Humberto G\u00f3mez Lollo (L\u00f3pez y Planes 800)<\/strong>, se inaugurar\u00e1 una exposici\u00f3n fotogr\u00e1fica que recorrer\u00e1 las tres d\u00e9cadas de la misi\u00f3n de Fe y Alegr\u00eda en Argentina. En la misma velada se proyectar\u00e1 un video documental sobre Fe y Alegr\u00eda Resistencia, un homenaje al lugar donde todo comenz\u00f3.<\/p>\n<p class=\"isSelectedEnd\"><span style=\"font-size: 20px;\"><strong>Dos jornadas para profundizar el encuentro<\/strong><\/span><\/p>\n<p class=\"isSelectedEnd\">Adem\u00e1s de los d\u00edas centrales, el encuentro propone dos instancias optativas para la comunidad docente:<\/p>\n<p class=\"isSelectedEnd\"><strong>Jueves 10 de septiembre, desde las 13 h:<\/strong> visita al centro educativo de Fe y Alegr\u00eda en Resistencia, una oportunidad de ponerse en contexto y compartir de cerca la experiencia que es el coraz\u00f3n de la misi\u00f3n.<\/p>\n<p class=\"isSelectedEnd\"><strong>Domingo 13 de septiembre, hasta las 17 h:<\/strong> jornada de espiritualidad ignaciana, un tiempo de interioridad y renovaci\u00f3n del compromiso a trav\u00e9s de los Ejercicios Espirituales.<\/p>\n<\/div>\n<div style=\"font-family: Arial,sans-serif; max-width: 760px; margin: 0 auto; color: #1a1a1a;\">\n<div style=\"border-left: 4px solid #CC1B1B; margin: 1.8rem 0; padding: .75rem 1.25rem; background: #f9f9f7; border-radius: 0 8px 8px 0;\">\n<p><strong><span style=\"font-size: 20px;\">Un aniversario que se celebra desde las aulas<\/span><\/strong><\/p>\n<p>A 30 a\u00f1os de aquella primera \u201cchispa\u201d en Resistencia, Fe y Alegr\u00eda Argentina invita a nuestra comunidad a vivir este encuentro en movimiento, como un tiempo de reencuentro, formaci\u00f3n y celebraci\u00f3n, que renueve el compromiso compartido con una educaci\u00f3n de calidad para los sectores m\u00e1s postergados.<\/p>\n<\/div>\n<\/div>\n","protected":false},"excerpt":{"rendered":"<p>Resistencia, Chaco, ser\u00e1 la sede de un encuentro hist\u00f3rico: el mismo lugar donde se encendi\u00f3 \u201cla chispa\u201d de nuestro movimiento de educaci\u00f3n popular, extendi\u00e9ndose hoy hasta localidades de toda la Argentina.<\/p>\n","protected":false},"author":82,"featured_media":14609,"comment_status":"closed","ping_status":"closed","sticky":false,"template":"","format":"standard","meta":{"_acf_changed":false,"rs_blank_template":"","rs_page_bg_color":"","slide_template_v7":"","footnotes":""},"categories":[141,421],"tags":[576,574,580,570,578,572],"post_folder":[],"class_list":["post-14607","post","type-post","status-publish","format-standard","has-post-thumbnail","hentry","category-educacion","category-noticias-es","tag-30-anos-de-fe-y-alegria","tag-chaco","tag-documental","tag-encuentro-nacional-docente","tag-muestra-fotografica","tag-resistencia"],"acf":[],"yoast_head":"<!-- This site is optimized with the Yoast SEO plugin v28.3 - https:\/\/yoast.com\/product\/yoast-seo-wordpress\/ -->\n<title>1\u00b0 Encuentro Nacional Docente: celebramos 30 a\u00f1os de Fe y Alegr\u00eda en Argentina - #SomosFeyAlegria en Argentina<\/title>\n<meta name=\"description\" content=\"Resistencia, Chaco, ser\u00e1 la sede de un encuentro hist\u00f3rico: el mismo lugar donde se encendi\u00f3 \u201cla chispa\u201d de nuestro movimiento de educaci\u00f3n popular, extendi\u00e9ndose hoy hasta localidades de toda la Argentina.\" \/>\n<meta name=\"robots\" content=\"index, follow, max-snippet:-1, max-image-preview:large, max-video-preview:-1\" \/>\n<link rel=\"canonical\" href=\"https:\/\/www.feyalegria.org\/argentina\/primer-encuentro-nacional-docente-de-fe-y-alegria-argentina\/\" \/>\n<meta property=\"og:locale\" content=\"es_ES\" \/>\n<meta property=\"og:type\" content=\"article\" \/>\n<meta property=\"og:title\" content=\"1\u00b0 Encuentro Nacional Docente: celebramos 30 a\u00f1os de Fe y Alegr\u00eda en Argentina - #SomosFeyAlegria en Argentina\" \/>\n<meta property=\"og:description\" content=\"Resistencia, Chaco, ser\u00e1 la sede de un encuentro hist\u00f3rico: el mismo lugar donde se encendi\u00f3 \u201cla chispa\u201d de nuestro movimiento de educaci\u00f3n popular, extendi\u00e9ndose hoy hasta localidades de toda la Argentina.\" \/>\n<meta property=\"og:url\" content=\"https:\/\/www.feyalegria.org\/argentina\/primer-encuentro-nacional-docente-de-fe-y-alegria-argentina\/\" \/>\n<meta property=\"og:site_name\" content=\"#SomosFeyAlegria en Argentina\" \/>\n<meta property=\"article:published_time\" content=\"2026-08-25T13:13:54+00:00\" \/>\n<meta property=\"article:modified_time\" content=\"2026-08-25T13:14:45+00:00\" \/>\n<meta property=\"og:image\" content=\"https:\/\/d3pugrm67vf9n7.cloudfront.net\/wp-content\/uploads\/sites\/22\/2026\/08\/24215059\/Boletin-1.png\" \/>\n\t<meta property=\"og:image:width\" content=\"220\" \/>\n\t<meta property=\"og:image:height\" content=\"220\" \/>\n\t<meta property=\"og:image:type\" content=\"image\/png\" \/>\n<meta name=\"author\" content=\"adminarfya01\" \/>\n<meta name=\"twitter:card\" content=\"summary_large_image\" \/>\n<meta name=\"twitter:label1\" content=\"Escrito por\" \/>\n\t<meta name=\"twitter:data1\" content=\"adminarfya01\" \/>\n\t<meta name=\"twitter:label2\" content=\"Tiempo de lectura\" \/>\n\t<meta name=\"twitter:data2\" content=\"3 minutos\" \/>\n<script type=\"application\/ld+json\" class=\"yoast-schema-graph\">{\"@context\":\"https:\\\/\\\/schema.org\",\"@graph\":[{\"@type\":\"Article\",\"@id\":\"https:\\\/\\\/www.feyalegria.org\\\/argentina\\\/primer-encuentro-nacional-docente-de-fe-y-alegria-argentina\\\/#article\",\"isPartOf\":{\"@id\":\"https:\\\/\\\/www.feyalegria.org\\\/argentina\\\/primer-encuentro-nacional-docente-de-fe-y-alegria-argentina\\\/\"},\"author\":{\"name\":\"adminarfya01\",\"@id\":\"https:\\\/\\\/www.feyalegria.org\\\/argentina\\\/#\\\/schema\\\/person\\\/44ada7bc7ea78edcc9c22c6e8ac75a89\"},\"headline\":\"1\u00b0 Encuentro Nacional Docente: celebramos 30 a\u00f1os de Fe y Alegr\u00eda en Argentina\",\"datePublished\":\"2026-08-25T13:13:54+00:00\",\"dateModified\":\"2026-08-25T13:14:45+00:00\",\"mainEntityOfPage\":{\"@id\":\"https:\\\/\\\/www.feyalegria.org\\\/argentina\\\/primer-encuentro-nacional-docente-de-fe-y-alegria-argentina\\\/\"},\"wordCount\":484,\"image\":{\"@id\":\"https:\\\/\\\/www.feyalegria.org\\\/argentina\\\/primer-encuentro-nacional-docente-de-fe-y-alegria-argentina\\\/#primaryimage\"},\"thumbnailUrl\":\"https:\\\/\\\/d3pugrm67vf9n7.cloudfront.net\\\/wp-content\\\/uploads\\\/sites\\\/22\\\/2026\\\/08\\\/24215059\\\/Boletin-1.png\",\"keywords\":[\"30 a\u00f1os de Fe y Alegria\",\"Chaco\",\"Documental\",\"Encuentro Nacional Docente\",\"Muestra fotogr\u00e1fica\",\"Resistencia\"],\"articleSection\":[\"Educaci\u00f3n\",\"Noticias\"],\"inLanguage\":\"es-CO\"},{\"@type\":\"WebPage\",\"@id\":\"https:\\\/\\\/www.feyalegria.org\\\/argentina\\\/primer-encuentro-nacional-docente-de-fe-y-alegria-argentina\\\/\",\"url\":\"https:\\\/\\\/www.feyalegria.org\\\/argentina\\\/primer-encuentro-nacional-docente-de-fe-y-alegria-argentina\\\/\",\"name\":\"1\u00b0 Encuentro Nacional Docente: celebramos 30 a\u00f1os de Fe y Alegr\u00eda en Argentina - #SomosFeyAlegria en Argentina\",\"isPartOf\":{\"@id\":\"https:\\\/\\\/www.feyalegria.org\\\/argentina\\\/#website\"},\"primaryImageOfPage\":{\"@id\":\"https:\\\/\\\/www.feyalegria.org\\\/argentina\\\/primer-encuentro-nacional-docente-de-fe-y-alegria-argentina\\\/#primaryimage\"},\"image\":{\"@id\":\"https:\\\/\\\/www.feyalegria.org\\\/argentina\\\/primer-encuentro-nacional-docente-de-fe-y-alegria-argentina\\\/#primaryimage\"},\"thumbnailUrl\":\"https:\\\/\\\/d3pugrm67vf9n7.cloudfront.net\\\/wp-content\\\/uploads\\\/sites\\\/22\\\/2026\\\/08\\\/24215059\\\/Boletin-1.png\",\"datePublished\":\"2026-08-25T13:13:54+00:00\",\"dateModified\":\"2026-08-25T13:14:45+00:00\",\"author\":{\"@id\":\"https:\\\/\\\/www.feyalegria.org\\\/argentina\\\/#\\\/schema\\\/person\\\/44ada7bc7ea78edcc9c22c6e8ac75a89\"},\"description\":\"Resistencia, Chaco, ser\u00e1 la sede de un encuentro hist\u00f3rico: el mismo lugar donde se encendi\u00f3 \u201cla chispa\u201d de nuestro movimiento de educaci\u00f3n popular, extendi\u00e9ndose hoy hasta localidades de toda la Argentina.\",\"breadcrumb\":{\"@id\":\"https:\\\/\\\/www.feyalegria.org\\\/argentina\\\/primer-encuentro-nacional-docente-de-fe-y-alegria-argentina\\\/#breadcrumb\"},\"inLanguage\":\"es-CO\",\"potentialAction\":[{\"@type\":\"ReadAction\",\"target\":[\"https:\\\/\\\/www.feyalegria.org\\\/argentina\\\/primer-encuentro-nacional-docente-de-fe-y-alegria-argentina\\\/\"]}]},{\"@type\":\"ImageObject\",\"inLanguage\":\"es-CO\",\"@id\":\"https:\\\/\\\/www.feyalegria.org\\\/argentina\\\/primer-encuentro-nacional-docente-de-fe-y-alegria-argentina\\\/#primaryimage\",\"url\":\"https:\\\/\\\/d3pugrm67vf9n7.cloudfront.net\\\/wp-content\\\/uploads\\\/sites\\\/22\\\/2026\\\/08\\\/24215059\\\/Boletin-1.png\",\"contentUrl\":\"https:\\\/\\\/d3pugrm67vf9n7.cloudfront.net\\\/wp-content\\\/uploads\\\/sites\\\/22\\\/2026\\\/08\\\/24215059\\\/Boletin-1.png\",\"width\":220,\"height\":220},{\"@type\":\"BreadcrumbList\",\"@id\":\"https:\\\/\\\/www.feyalegria.org\\\/argentina\\\/primer-encuentro-nacional-docente-de-fe-y-alegria-argentina\\\/#breadcrumb\",\"itemListElement\":[{\"@type\":\"ListItem\",\"position\":1,\"name\":\"Home\",\"item\":\"https:\\\/\\\/www.feyalegria.org\\\/argentina\\\/\"},{\"@type\":\"ListItem\",\"position\":2,\"name\":\"1\u00b0 Encuentro Nacional Docente: celebramos 30 a\u00f1os de Fe y Alegr\u00eda en Argentina\"}]},{\"@type\":\"WebSite\",\"@id\":\"https:\\\/\\\/www.feyalegria.org\\\/argentina\\\/#website\",\"url\":\"https:\\\/\\\/www.feyalegria.org\\\/argentina\\\/\",\"name\":\"#SomosFeyAlegria en Argentina\",\"description\":\"\",\"potentialAction\":[{\"@type\":\"SearchAction\",\"target\":{\"@type\":\"EntryPoint\",\"urlTemplate\":\"https:\\\/\\\/www.feyalegria.org\\\/argentina\\\/?s={search_term_string}\"},\"query-input\":{\"@type\":\"PropertyValueSpecification\",\"valueRequired\":true,\"valueName\":\"search_term_string\"}}],\"inLanguage\":\"es-CO\"},{\"@type\":\"Person\",\"@id\":\"https:\\\/\\\/www.feyalegria.org\\\/argentina\\\/#\\\/schema\\\/person\\\/44ada7bc7ea78edcc9c22c6e8ac75a89\",\"name\":\"adminarfya01\",\"url\":\"https:\\\/\\\/www.feyalegria.org\\\/argentina\\\/author\\\/adminarfya01\\\/\"}]}<\/script>\n<!-- \/ Yoast SEO plugin. -->","yoast_head_json":{"title":"1\u00b0 Encuentro Nacional Docente: celebramos 30 a\u00f1os de Fe y Alegr\u00eda en Argentina - #SomosFeyAlegria en Argentina","description":"Resistencia, Chaco, ser\u00e1 la sede de un encuentro hist\u00f3rico: el mismo lugar donde se encendi\u00f3 \u201cla chispa\u201d de nuestro movimiento de educaci\u00f3n popular, extendi\u00e9ndose hoy hasta localidades de toda la Argentina.","robots":{"index":"index","follow":"follow","max-snippet":"max-snippet:-1","max-image-preview":"max-image-preview:large","max-video-preview":"max-video-preview:-1"},"canonical":"https:\/\/www.feyalegria.org\/argentina\/primer-encuentro-nacional-docente-de-fe-y-alegria-argentina\/","og_locale":"es_ES","og_type":"article","og_title":"1\u00b0 Encuentro Nacional Docente: celebramos 30 a\u00f1os de Fe y Alegr\u00eda en Argentina - #SomosFeyAlegria en Argentina","og_description":"Resistencia, Chaco, ser\u00e1 la sede de un encuentro hist\u00f3rico: el mismo lugar donde se encendi\u00f3 \u201cla chispa\u201d de nuestro movimiento de educaci\u00f3n popular, extendi\u00e9ndose hoy hasta localidades de toda la Argentina.","og_url":"https:\/\/www.feyalegria.org\/argentina\/primer-encuentro-nacional-docente-de-fe-y-alegria-argentina\/","og_site_name":"#SomosFeyAlegria en Argentina","article_published_time":"2026-08-25T13:13:54+00:00","article_modified_time":"2026-08-25T13:14:45+00:00","og_image":[{"width":220,"height":220,"url":"https:\/\/d3pugrm67vf9n7.cloudfront.net\/wp-content\/uploads\/sites\/22\/2026\/08\/24215059\/Boletin-1.png","type":"image\/png"}],"author":"adminarfya01","twitter_card":"summary_large_image","twitter_misc":{"Escrito por":"adminarfya01","Tiempo de lectura":"3 minutos"},"schema":{"@context":"https:\/\/schema.org","@graph":[{"@type":"Article","@id":"https:\/\/www.feyalegria.org\/argentina\/primer-encuentro-nacional-docente-de-fe-y-alegria-argentina\/#article","isPartOf":{"@id":"https:\/\/www.feyalegria.org\/argentina\/primer-encuentro-nacional-docente-de-fe-y-alegria-argentina\/"},"author":{"name":"adminarfya01","@id":"https:\/\/www.feyalegria.org\/argentina\/#\/schema\/person\/44ada7bc7ea78edcc9c22c6e8ac75a89"},"headline":"1\u00b0 Encuentro Nacional Docente: celebramos 30 a\u00f1os de Fe y Alegr\u00eda en Argentina","datePublished":"2026-08-25T13:13:54+00:00","dateModified":"2026-08-25T13:14:45+00:00","mainEntityOfPage":{"@id":"https:\/\/www.feyalegria.org\/argentina\/primer-encuentro-nacional-docente-de-fe-y-alegria-argentina\/"},"wordCount":484,"image":{"@id":"https:\/\/www.feyalegria.org\/argentina\/primer-encuentro-nacional-docente-de-fe-y-alegria-argentina\/#primaryimage"},"thumbnailUrl":"https:\/\/d3pugrm67vf9n7.cloudfront.net\/wp-content\/uploads\/sites\/22\/2026\/08\/24215059\/Boletin-1.png","keywords":["30 a\u00f1os de Fe y Alegria","Chaco","Documental","Encuentro Nacional Docente","Muestra fotogr\u00e1fica","Resistencia"],"articleSection":["Educaci\u00f3n","Noticias"],"inLanguage":"es-CO"},{"@type":"WebPage","@id":"https:\/\/www.feyalegria.org\/argentina\/primer-encuentro-nacional-docente-de-fe-y-alegria-argentina\/","url":"https:\/\/www.feyalegria.org\/argentina\/primer-encuentro-nacional-docente-de-fe-y-alegria-argentina\/","name":"1\u00b0 Encuentro Nacional Docente: celebramos 30 a\u00f1os de Fe y Alegr\u00eda en Argentina - #SomosFeyAlegria en Argentina","isPartOf":{"@id":"https:\/\/www.feyalegria.org\/argentina\/#website"},"primaryImageOfPage":{"@id":"https:\/\/www.feyalegria.org\/argentina\/primer-encuentro-nacional-docente-de-fe-y-alegria-argentina\/#primaryimage"},"image":{"@id":"https:\/\/www.feyalegria.org\/argentina\/primer-encuentro-nacional-docente-de-fe-y-alegria-argentina\/#primaryimage"},"thumbnailUrl":"https:\/\/d3pugrm67vf9n7.cloudfront.net\/wp-content\/uploads\/sites\/22\/2026\/08\/24215059\/Boletin-1.png","datePublished":"2026-08-25T13:13:54+00:00","dateModified":"2026-08-25T13:14:45+00:00","author":{"@id":"https:\/\/www.feyalegria.org\/argentina\/#\/schema\/person\/44ada7bc7ea78edcc9c22c6e8ac75a89"},"description":"Resistencia, Chaco, ser\u00e1 la sede de un encuentro hist\u00f3rico: el mismo lugar donde se encendi\u00f3 \u201cla chispa\u201d de nuestro movimiento de educaci\u00f3n popular, extendi\u00e9ndose hoy hasta localidades de toda la Argentina.","breadcrumb":{"@id":"https:\/\/www.feyalegria.org\/argentina\/primer-encuentro-nacional-docente-de-fe-y-alegria-argentina\/#breadcrumb"},"inLanguage":"es-CO","potentialAction":[{"@type":"ReadAction","target":["https:\/\/www.feyalegria.org\/argentina\/primer-encuentro-nacional-docente-de-fe-y-alegria-argentina\/"]}]},{"@type":"ImageObject","inLanguage":"es-CO","@id":"https:\/\/www.feyalegria.org\/argentina\/primer-encuentro-nacional-docente-de-fe-y-alegria-argentina\/#primaryimage","url":"https:\/\/d3pugrm67vf9n7.cloudfront.net\/wp-content\/uploads\/sites\/22\/2026\/08\/24215059\/Boletin-1.png","contentUrl":"https:\/\/d3pugrm67vf9n7.cloudfront.net\/wp-content\/uploads\/sites\/22\/2026\/08\/24215059\/Boletin-1.png","width":220,"height":220},{"@type":"BreadcrumbList","@id":"https:\/\/www.feyalegria.org\/argentina\/primer-encuentro-nacional-docente-de-fe-y-alegria-argentina\/#breadcrumb","itemListElement":[{"@type":"ListItem","position":1,"name":"Home","item":"https:\/\/www.feyalegria.org\/argentina\/"},{"@type":"ListItem","position":2,"name":"1\u00b0 Encuentro Nacional Docente: celebramos 30 a\u00f1os de Fe y Alegr\u00eda en Argentina"}]},{"@type":"WebSite","@id":"https:\/\/www.feyalegria.org\/argentina\/#website","url":"https:\/\/www.feyalegria.org\/argentina\/","name":"#SomosFeyAlegria en Argentina","description":"","potentialAction":[{"@type":"SearchAction","target":{"@type":"EntryPoint","urlTemplate":"https:\/\/www.feyalegria.org\/argentina\/?s={search_term_string}"},"query-input":{"@type":"PropertyValueSpecification","valueRequired":true,"valueName":"search_term_string"}}],"inLanguage":"es-CO"},{"@type":"Person","@id":"https:\/\/www.feyalegria.org\/argentina\/#\/schema\/person\/44ada7bc7ea78edcc9c22c6e8ac75a89","name":"adminarfya01","url":"https:\/\/www.feyalegria.org\/argentina\/author\/adminarfya01\/"}]}},"_links":{"self":[{"href":"https:\/\/www.feyalegria.org\/argentina\/wp-json\/wp\/v2\/posts\/14607","targetHints":{"allow":["GET"]}}],"collection":[{"href":"https:\/\/www.feyalegria.org\/argentina\/wp-json\/wp\/v2\/posts"}],"about":[{"href":"https:\/\/www.feyalegria.org\/argentina\/wp-json\/wp\/v2\/types\/post"}],"author":[{"embeddable":true,"href":"https:\/\/www.feyalegria.org\/argentina\/wp-json\/wp\/v2\/users\/82"}],"replies":[{"embeddable":true,"href":"https:\/\/www.feyalegria.org\/argentina\/wp-json\/wp\/v2\/comments?post=14607"}],"version-history":[{"count":7,"href":"https:\/\/www.feyalegria.org\/argentina\/wp-json\/wp\/v2\/posts\/14607\/revisions"}],"predecessor-version":[{"id":14626,"href":"https:\/\/www.feyalegria.org\/argentina\/wp-json\/wp\/v2\/posts\/14607\/revisions\/14626"}],"wp:featuredmedia":[{"embeddable":true,"href":"https:\/\/www.feyalegria.org\/argentina\/wp-json\/wp\/v2\/media\/14609"}],"wp:attachment":[{"href":"https:\/\/www.feyalegria.org\/argentina\/wp-json\/wp\/v2\/media?parent=14607"}],"wp:term":[{"taxonomy":"category","embeddable":true,"href":"https:\/\/www.feyalegria.org\/argentina\/wp-json\/wp\/v2\/categories?post=14607"},{"taxonomy":"post_tag","embeddable":true,"href":"https:\/\/www.feyalegria.org\/argentina\/wp-json\/wp\/v2\/tags?post=14607"},{"taxonomy":"post_folder","embeddable":true,"href":"https:\/\/www.feyalegria.org\/argentina\/wp-json\/wp\/v2\/post_folder?post=14607"}],"curies":[{"name":"wp","href":"https:\/\/api.w.org\/{rel}","templated":true}]}}