 {"id":11272,"date":"2026-03-30T11:20:16","date_gmt":"2026-03-30T16:20:16","guid":{"rendered":"https:\/\/www.feyalegria.org\/bolivia\/?p=11272"},"modified":"2026-03-31T11:00:12","modified_gmt":"2026-03-31T16:00:12","slug":"mas-de-150-estudiantes-culminan-su-formacion-en-gastronomia-contaduria-general-parvulario-y-secretariado-ejecutivo","status":"publish","type":"post","link":"https:\/\/www.feyalegria.org\/bolivia\/mas-de-150-estudiantes-culminan-su-formacion-en-gastronomia-contaduria-general-parvulario-y-secretariado-ejecutivo\/","title":{"rendered":"M\u00e1s de 150 estudiantes culminan su formaci\u00f3n en Contadur\u00eda General, Gastronom\u00eda, Parvulario y Secretariado Ejecutivo"},"content":{"rendered":"<p><span style=\"color: #d10a10;\"><strong><span style=\"font-size: 27px;\">M\u00e1s de 150 estudiantes culminan su formaci\u00f3n en Gastronom\u00eda, Contadur\u00eda General, Parvulario y Secretariado Ejecutivo<\/span><\/strong><\/span><\/p>\n<p>&nbsp;<\/p>\n<p><img loading=\"lazy\" decoding=\"async\" class=\"alignnone wp-image-11277\" src=\"https:\/\/d3pugrm67vf9n7.cloudfront.net\/wp-content\/uploads\/sites\/28\/2026\/03\/30111037\/657603229_122159541614722072_480493358058536883_n-300x252.jpg\" alt=\"\" width=\"422\" height=\"354\" srcset=\"https:\/\/d3pugrm67vf9n7.cloudfront.net\/wp-content\/uploads\/sites\/28\/2026\/03\/30111037\/657603229_122159541614722072_480493358058536883_n-300x252.jpg 300w, https:\/\/d3pugrm67vf9n7.cloudfront.net\/wp-content\/uploads\/sites\/28\/2026\/03\/30111037\/657603229_122159541614722072_480493358058536883_n-1024x859.jpg 1024w, https:\/\/d3pugrm67vf9n7.cloudfront.net\/wp-content\/uploads\/sites\/28\/2026\/03\/30111037\/657603229_122159541614722072_480493358058536883_n-768x644.jpg 768w, https:\/\/d3pugrm67vf9n7.cloudfront.net\/wp-content\/uploads\/sites\/28\/2026\/03\/30111037\/657603229_122159541614722072_480493358058536883_n-1536x1288.jpg 1536w, https:\/\/d3pugrm67vf9n7.cloudfront.net\/wp-content\/uploads\/sites\/28\/2026\/03\/30111037\/657603229_122159541614722072_480493358058536883_n.jpg 2048w\" sizes=\"auto, (max-width: 422px) 100vw, 422px\" \/><\/p>\n<p><span style=\"font-weight: 400;\">En un acto emotivo y solemne, el Instituto Tecnol\u00f3gico \u201cAurora Rossells\u201d de Fe y Alegr\u00eda (ITARFA) llev\u00f3 a cabo la titulaci\u00f3n conjunta de m\u00e1s de 150 nuevos profesionales de las carreras de Gastronom\u00eda, Contadur\u00eda General, Parvulario y Secretariado Ejecutivo, en el emblem\u00e1tico Teatro \u201cGran Mariscal de Sucre\u201d.<\/span><\/p>\n<p><span style=\"font-weight: 400;\">Este significativo momento marca la culminaci\u00f3n de tres a\u00f1os de esfuerzo, dedicaci\u00f3n y estudio esmerado, a lo largo de los cuales los estudiantes desarrollaron no s\u00f3lo habilidades profesionales, sino tambi\u00e9n habilidades blandas y valores de vida, que hoy les comprometen a ejercer su profesi\u00f3n con \u00e9tica, responsabilidad y vocaci\u00f3n de servicio.<\/span><\/p>\n<p><span style=\"font-weight: 400;\">Sebasti\u00e1n, muy querido entre sus compa\u00f1eros, es uno de los graduados destacados y desde ni\u00f1o estudi\u00f3 en unidades educativas de Fe y Alegr\u00eda. Una discapacidad auditiva lo llev\u00f3 a estudiar en la\u00a0 Unidad Educativa Especial Audiolog\u00eda de Sucre. Posteriormente continuo sus estudios de secundaria en la Unidad Educativa Loyola de Fe y Alegr\u00eda B donde obtuvo el Bachillerato T\u00e9cnico Human\u00edstico.\u00a0 Ahora, luego de tres a\u00f1os de dedicaci\u00f3n y esfuerzo es un chef talentoso, egresado del ITARFA, listo para deleitar los m\u00e1s exigentes paladares.<\/span><\/p>\n<p><span style=\"font-weight: 400;\">El Instituto Tecnol\u00f3gico \u201cAurora Rossells\u201d de Fe y Alegr\u00eda (ITARFA) es uno de los once Institutos Tecnol\u00f3gicos Superiores a trav\u00e9s de los cuales Fe y Alegr\u00eda atienden a m\u00e1s de 4.400 estudiantes en Bolivia, quienes acceden a educaci\u00f3n p\u00fablica de calidad form\u00e1ndose en carreras profesionales con alta demanda laboral.<\/span><\/p>\n<p><span style=\"font-weight: 400;\">Fe y Alegr\u00eda trabaja desde hace varias d\u00e9cadas en crear oportunidades reales de educaci\u00f3n t\u00e9cnica y tecnol\u00f3gica inclusiva, donde educadores, t\u00e9cnicos y familias hacen un trabajo conjunto para lograr que los estudiantes descubran y desarrollen su m\u00e1ximo su potencial, m\u00e1s all\u00e1 de cualquier tipo de discapacidad o limitaci\u00f3n.\u00a0\u00a0<\/span><\/p>\n<p><span style=\"font-weight: 400;\">El acto tambi\u00e9n cont\u00f3 con el valioso acompa\u00f1amiento de la Escuela de Formaci\u00f3n Musical \u201cSime\u00f3n Roncal\u201d, cuyas interpretaciones aportaron alegr\u00eda y entusiasmo, emocionando a los asistentes y realzando la ceremonia.<\/span><\/p>\n<p><span style=\"font-weight: 400;\">Desde Fe y Alegr\u00eda, felicitamos a nuestras y nuestros titulados, as\u00ed como a sus familias, por este importante logro. Continuamos apostando por la formaci\u00f3n de profesionales que dejan huella, en el marco de nuestros 60 a\u00f1os de historia y compromiso con una educaci\u00f3n que transforma vidas.<\/span><\/p>\n<p>&nbsp;<\/p>\n<p><em>Redacci\u00f3n: Comunicaci\u00f3n Fe y Alegr\u00eda Bolivia<\/em><\/p>\n<p><em>Fotograf\u00edas: Instituto Tecnol\u00f3gico \u00abAurora Rossells\u00bb de Fe y Alegr\u00eda Chuquisaca<\/em><\/p>\n<p>&nbsp;<\/p>\n<p><img loading=\"lazy\" decoding=\"async\" class=\"alignnone wp-image-11273\" src=\"https:\/\/d3pugrm67vf9n7.cloudfront.net\/wp-content\/uploads\/sites\/28\/2026\/03\/30111023\/656389226_122159541254722072_4721859144384941287_n-300x252.jpg\" alt=\"\" width=\"375\" height=\"315\" srcset=\"https:\/\/d3pugrm67vf9n7.cloudfront.net\/wp-content\/uploads\/sites\/28\/2026\/03\/30111023\/656389226_122159541254722072_4721859144384941287_n-300x252.jpg 300w, https:\/\/d3pugrm67vf9n7.cloudfront.net\/wp-content\/uploads\/sites\/28\/2026\/03\/30111023\/656389226_122159541254722072_4721859144384941287_n-1024x859.jpg 1024w, https:\/\/d3pugrm67vf9n7.cloudfront.net\/wp-content\/uploads\/sites\/28\/2026\/03\/30111023\/656389226_122159541254722072_4721859144384941287_n-768x644.jpg 768w, https:\/\/d3pugrm67vf9n7.cloudfront.net\/wp-content\/uploads\/sites\/28\/2026\/03\/30111023\/656389226_122159541254722072_4721859144384941287_n-1536x1288.jpg 1536w, https:\/\/d3pugrm67vf9n7.cloudfront.net\/wp-content\/uploads\/sites\/28\/2026\/03\/30111023\/656389226_122159541254722072_4721859144384941287_n.jpg 2048w\" sizes=\"auto, (max-width: 375px) 100vw, 375px\" \/> <img loading=\"lazy\" decoding=\"async\" class=\"alignnone wp-image-11280\" src=\"https:\/\/d3pugrm67vf9n7.cloudfront.net\/wp-content\/uploads\/sites\/28\/2026\/03\/30111047\/660418817_122159541704722072_7087881940288912554_n-300x252.jpg\" alt=\"\" width=\"375\" height=\"315\" srcset=\"https:\/\/d3pugrm67vf9n7.cloudfront.net\/wp-content\/uploads\/sites\/28\/2026\/03\/30111047\/660418817_122159541704722072_7087881940288912554_n-300x252.jpg 300w, https:\/\/d3pugrm67vf9n7.cloudfront.net\/wp-content\/uploads\/sites\/28\/2026\/03\/30111047\/660418817_122159541704722072_7087881940288912554_n-1024x859.jpg 1024w, https:\/\/d3pugrm67vf9n7.cloudfront.net\/wp-content\/uploads\/sites\/28\/2026\/03\/30111047\/660418817_122159541704722072_7087881940288912554_n-768x644.jpg 768w, https:\/\/d3pugrm67vf9n7.cloudfront.net\/wp-content\/uploads\/sites\/28\/2026\/03\/30111047\/660418817_122159541704722072_7087881940288912554_n-1536x1288.jpg 1536w, https:\/\/d3pugrm67vf9n7.cloudfront.net\/wp-content\/uploads\/sites\/28\/2026\/03\/30111047\/660418817_122159541704722072_7087881940288912554_n.jpg 2048w\" sizes=\"auto, (max-width: 375px) 100vw, 375px\" \/><\/p>\n","protected":false},"excerpt":{"rendered":"<p>M\u00e1s de 150 estudiantes culminan su formaci\u00f3n en Gastronom\u00eda, Contadur\u00eda General, Parvulario y Secretariado Ejecutivo &nbsp; En un acto emotivo y solemne, el Instituto Tecnol\u00f3gico \u201cAurora Rossells\u201d de Fe y Alegr\u00eda (ITARFA) llev\u00f3 a cabo la titulaci\u00f3n conjunta de m\u00e1s de 150 nuevos profesionales de las carreras de Gastronom\u00eda, Contadur\u00eda General, Parvulario y Secretariado Ejecutivo,<\/p>\n","protected":false},"author":73,"featured_media":11277,"comment_status":"closed","ping_status":"open","sticky":false,"template":"","format":"standard","meta":{"_acf_changed":false,"footnotes":""},"categories":[226,214],"tags":[316,310,318,290,314],"post_folder":[4],"class_list":["post-11272","post","type-post","status-publish","format-standard","has-post-thumbnail","hentry","category-chuquisaca-es","category-nacional-es","tag-discapacidad-auditiva","tag-formacion-tecnica","tag-inclusion-tecnica","tag-somosfeyalegria","tag-sucre"],"acf":[],"yoast_head":"<!-- This site is optimized with the Yoast SEO plugin v27.5 - https:\/\/yoast.com\/product\/yoast-seo-wordpress\/ -->\n<title>M\u00e1s de 150 estudiantes culminan su formaci\u00f3n en Contadur\u00eda General, Gastronom\u00eda, Parvulario y Secretariado Ejecutivo - #SomosFeyAlegria en Bolivia<\/title>\n<meta name=\"robots\" content=\"index, follow, max-snippet:-1, max-image-preview:large, max-video-preview:-1\" \/>\n<link rel=\"canonical\" href=\"https:\/\/www.feyalegria.org\/bolivia\/mas-de-150-estudiantes-culminan-su-formacion-en-gastronomia-contaduria-general-parvulario-y-secretariado-ejecutivo\/\" \/>\n<meta property=\"og:locale\" content=\"es_ES\" \/>\n<meta property=\"og:type\" content=\"article\" \/>\n<meta property=\"og:title\" content=\"M\u00e1s de 150 estudiantes culminan su formaci\u00f3n en Contadur\u00eda General, Gastronom\u00eda, Parvulario y Secretariado Ejecutivo - #SomosFeyAlegria en Bolivia\" \/>\n<meta property=\"og:description\" content=\"M\u00e1s de 150 estudiantes culminan su formaci\u00f3n en Gastronom\u00eda, Contadur\u00eda General, Parvulario y Secretariado Ejecutivo &nbsp; En un acto emotivo y solemne, el Instituto Tecnol\u00f3gico \u201cAurora Rossells\u201d de Fe y Alegr\u00eda (ITARFA) llev\u00f3 a cabo la titulaci\u00f3n conjunta de m\u00e1s de 150 nuevos profesionales de las carreras de Gastronom\u00eda, Contadur\u00eda General, Parvulario y Secretariado Ejecutivo,\" \/>\n<meta property=\"og:url\" content=\"https:\/\/www.feyalegria.org\/bolivia\/mas-de-150-estudiantes-culminan-su-formacion-en-gastronomia-contaduria-general-parvulario-y-secretariado-ejecutivo\/\" \/>\n<meta property=\"og:site_name\" content=\"#SomosFeyAlegria en Bolivia\" \/>\n<meta property=\"article:published_time\" content=\"2026-03-30T16:20:16+00:00\" \/>\n<meta property=\"article:modified_time\" content=\"2026-03-31T16:00:12+00:00\" \/>\n<meta property=\"og:image\" content=\"https:\/\/d3pugrm67vf9n7.cloudfront.net\/wp-content\/uploads\/sites\/28\/2026\/03\/30111037\/657603229_122159541614722072_480493358058536883_n.jpg\" \/>\n\t<meta property=\"og:image:width\" content=\"2048\" \/>\n\t<meta property=\"og:image:height\" content=\"1717\" \/>\n\t<meta property=\"og:image:type\" content=\"image\/jpeg\" \/>\n<meta name=\"author\" content=\"adminbo01\" \/>\n<meta name=\"twitter:card\" content=\"summary_large_image\" \/>\n<meta name=\"twitter:label1\" content=\"Escrito por\" \/>\n\t<meta name=\"twitter:data1\" content=\"adminbo01\" \/>\n\t<meta name=\"twitter:label2\" content=\"Tiempo de lectura\" \/>\n\t<meta name=\"twitter:data2\" content=\"3 minutos\" \/>\n<script type=\"application\/ld+json\" class=\"yoast-schema-graph\">{\"@context\":\"https:\\\/\\\/schema.org\",\"@graph\":[{\"@type\":\"Article\",\"@id\":\"https:\\\/\\\/www.feyalegria.org\\\/bolivia\\\/mas-de-150-estudiantes-culminan-su-formacion-en-gastronomia-contaduria-general-parvulario-y-secretariado-ejecutivo\\\/#article\",\"isPartOf\":{\"@id\":\"https:\\\/\\\/www.feyalegria.org\\\/bolivia\\\/mas-de-150-estudiantes-culminan-su-formacion-en-gastronomia-contaduria-general-parvulario-y-secretariado-ejecutivo\\\/\"},\"author\":{\"name\":\"adminbo01\",\"@id\":\"https:\\\/\\\/www.feyalegria.org\\\/bolivia\\\/#\\\/schema\\\/person\\\/efb8055d6009446b83a28d4b6e421849\"},\"headline\":\"M\u00e1s de 150 estudiantes culminan su formaci\u00f3n en Contadur\u00eda General, Gastronom\u00eda, Parvulario y Secretariado Ejecutivo\",\"datePublished\":\"2026-03-30T16:20:16+00:00\",\"dateModified\":\"2026-03-31T16:00:12+00:00\",\"mainEntityOfPage\":{\"@id\":\"https:\\\/\\\/www.feyalegria.org\\\/bolivia\\\/mas-de-150-estudiantes-culminan-su-formacion-en-gastronomia-contaduria-general-parvulario-y-secretariado-ejecutivo\\\/\"},\"wordCount\":464,\"image\":{\"@id\":\"https:\\\/\\\/www.feyalegria.org\\\/bolivia\\\/mas-de-150-estudiantes-culminan-su-formacion-en-gastronomia-contaduria-general-parvulario-y-secretariado-ejecutivo\\\/#primaryimage\"},\"thumbnailUrl\":\"https:\\\/\\\/d3pugrm67vf9n7.cloudfront.net\\\/wp-content\\\/uploads\\\/sites\\\/28\\\/2026\\\/03\\\/30111037\\\/657603229_122159541614722072_480493358058536883_n.jpg\",\"keywords\":[\"discapacidad auditiva\",\"formaci\u00f3n t\u00e9cnica\",\"inclusi\u00f3n t\u00e9cnica\",\"somosfeyalegria\",\"sucre\"],\"articleSection\":[\"Chuquisaca\",\"Nacional\"],\"inLanguage\":\"es\"},{\"@type\":\"WebPage\",\"@id\":\"https:\\\/\\\/www.feyalegria.org\\\/bolivia\\\/mas-de-150-estudiantes-culminan-su-formacion-en-gastronomia-contaduria-general-parvulario-y-secretariado-ejecutivo\\\/\",\"url\":\"https:\\\/\\\/www.feyalegria.org\\\/bolivia\\\/mas-de-150-estudiantes-culminan-su-formacion-en-gastronomia-contaduria-general-parvulario-y-secretariado-ejecutivo\\\/\",\"name\":\"M\u00e1s de 150 estudiantes culminan su formaci\u00f3n en Contadur\u00eda General, Gastronom\u00eda, Parvulario y Secretariado Ejecutivo - #SomosFeyAlegria en Bolivia\",\"isPartOf\":{\"@id\":\"https:\\\/\\\/www.feyalegria.org\\\/bolivia\\\/#website\"},\"primaryImageOfPage\":{\"@id\":\"https:\\\/\\\/www.feyalegria.org\\\/bolivia\\\/mas-de-150-estudiantes-culminan-su-formacion-en-gastronomia-contaduria-general-parvulario-y-secretariado-ejecutivo\\\/#primaryimage\"},\"image\":{\"@id\":\"https:\\\/\\\/www.feyalegria.org\\\/bolivia\\\/mas-de-150-estudiantes-culminan-su-formacion-en-gastronomia-contaduria-general-parvulario-y-secretariado-ejecutivo\\\/#primaryimage\"},\"thumbnailUrl\":\"https:\\\/\\\/d3pugrm67vf9n7.cloudfront.net\\\/wp-content\\\/uploads\\\/sites\\\/28\\\/2026\\\/03\\\/30111037\\\/657603229_122159541614722072_480493358058536883_n.jpg\",\"datePublished\":\"2026-03-30T16:20:16+00:00\",\"dateModified\":\"2026-03-31T16:00:12+00:00\",\"author\":{\"@id\":\"https:\\\/\\\/www.feyalegria.org\\\/bolivia\\\/#\\\/schema\\\/person\\\/efb8055d6009446b83a28d4b6e421849\"},\"breadcrumb\":{\"@id\":\"https:\\\/\\\/www.feyalegria.org\\\/bolivia\\\/mas-de-150-estudiantes-culminan-su-formacion-en-gastronomia-contaduria-general-parvulario-y-secretariado-ejecutivo\\\/#breadcrumb\"},\"inLanguage\":\"es\",\"potentialAction\":[{\"@type\":\"ReadAction\",\"target\":[\"https:\\\/\\\/www.feyalegria.org\\\/bolivia\\\/mas-de-150-estudiantes-culminan-su-formacion-en-gastronomia-contaduria-general-parvulario-y-secretariado-ejecutivo\\\/\"]}]},{\"@type\":\"ImageObject\",\"inLanguage\":\"es\",\"@id\":\"https:\\\/\\\/www.feyalegria.org\\\/bolivia\\\/mas-de-150-estudiantes-culminan-su-formacion-en-gastronomia-contaduria-general-parvulario-y-secretariado-ejecutivo\\\/#primaryimage\",\"url\":\"https:\\\/\\\/d3pugrm67vf9n7.cloudfront.net\\\/wp-content\\\/uploads\\\/sites\\\/28\\\/2026\\\/03\\\/30111037\\\/657603229_122159541614722072_480493358058536883_n.jpg\",\"contentUrl\":\"https:\\\/\\\/d3pugrm67vf9n7.cloudfront.net\\\/wp-content\\\/uploads\\\/sites\\\/28\\\/2026\\\/03\\\/30111037\\\/657603229_122159541614722072_480493358058536883_n.jpg\",\"width\":2048,\"height\":1717},{\"@type\":\"BreadcrumbList\",\"@id\":\"https:\\\/\\\/www.feyalegria.org\\\/bolivia\\\/mas-de-150-estudiantes-culminan-su-formacion-en-gastronomia-contaduria-general-parvulario-y-secretariado-ejecutivo\\\/#breadcrumb\",\"itemListElement\":[{\"@type\":\"ListItem\",\"position\":1,\"name\":\"Home\",\"item\":\"https:\\\/\\\/www.feyalegria.org\\\/bolivia\\\/\"},{\"@type\":\"ListItem\",\"position\":2,\"name\":\"M\u00e1s de 150 estudiantes culminan su formaci\u00f3n en Contadur\u00eda General, Gastronom\u00eda, Parvulario y Secretariado Ejecutivo\"}]},{\"@type\":\"WebSite\",\"@id\":\"https:\\\/\\\/www.feyalegria.org\\\/bolivia\\\/#website\",\"url\":\"https:\\\/\\\/www.feyalegria.org\\\/bolivia\\\/\",\"name\":\"#SomosFeyAlegria en Bolivia\",\"description\":\"Movimiento de Educaci\u00f3n Popular y Promoci\u00f3n Social\",\"potentialAction\":[{\"@type\":\"SearchAction\",\"target\":{\"@type\":\"EntryPoint\",\"urlTemplate\":\"https:\\\/\\\/www.feyalegria.org\\\/bolivia\\\/?s={search_term_string}\"},\"query-input\":{\"@type\":\"PropertyValueSpecification\",\"valueRequired\":true,\"valueName\":\"search_term_string\"}}],\"inLanguage\":\"es\"},{\"@type\":\"Person\",\"@id\":\"https:\\\/\\\/www.feyalegria.org\\\/bolivia\\\/#\\\/schema\\\/person\\\/efb8055d6009446b83a28d4b6e421849\",\"name\":\"adminbo01\",\"url\":\"https:\\\/\\\/www.feyalegria.org\\\/bolivia\\\/author\\\/adminbo01\\\/\"}]}<\/script>\n<!-- \/ Yoast SEO plugin. -->","yoast_head_json":{"title":"M\u00e1s de 150 estudiantes culminan su formaci\u00f3n en Contadur\u00eda General, Gastronom\u00eda, Parvulario y Secretariado Ejecutivo - #SomosFeyAlegria en Bolivia","robots":{"index":"index","follow":"follow","max-snippet":"max-snippet:-1","max-image-preview":"max-image-preview:large","max-video-preview":"max-video-preview:-1"},"canonical":"https:\/\/www.feyalegria.org\/bolivia\/mas-de-150-estudiantes-culminan-su-formacion-en-gastronomia-contaduria-general-parvulario-y-secretariado-ejecutivo\/","og_locale":"es_ES","og_type":"article","og_title":"M\u00e1s de 150 estudiantes culminan su formaci\u00f3n en Contadur\u00eda General, Gastronom\u00eda, Parvulario y Secretariado Ejecutivo - #SomosFeyAlegria en Bolivia","og_description":"M\u00e1s de 150 estudiantes culminan su formaci\u00f3n en Gastronom\u00eda, Contadur\u00eda General, Parvulario y Secretariado Ejecutivo &nbsp; En un acto emotivo y solemne, el Instituto Tecnol\u00f3gico \u201cAurora Rossells\u201d de Fe y Alegr\u00eda (ITARFA) llev\u00f3 a cabo la titulaci\u00f3n conjunta de m\u00e1s de 150 nuevos profesionales de las carreras de Gastronom\u00eda, Contadur\u00eda General, Parvulario y Secretariado Ejecutivo,","og_url":"https:\/\/www.feyalegria.org\/bolivia\/mas-de-150-estudiantes-culminan-su-formacion-en-gastronomia-contaduria-general-parvulario-y-secretariado-ejecutivo\/","og_site_name":"#SomosFeyAlegria en Bolivia","article_published_time":"2026-03-30T16:20:16+00:00","article_modified_time":"2026-03-31T16:00:12+00:00","og_image":[{"width":2048,"height":1717,"url":"https:\/\/d3pugrm67vf9n7.cloudfront.net\/wp-content\/uploads\/sites\/28\/2026\/03\/30111037\/657603229_122159541614722072_480493358058536883_n.jpg","type":"image\/jpeg"}],"author":"adminbo01","twitter_card":"summary_large_image","twitter_misc":{"Escrito por":"adminbo01","Tiempo de lectura":"3 minutos"},"schema":{"@context":"https:\/\/schema.org","@graph":[{"@type":"Article","@id":"https:\/\/www.feyalegria.org\/bolivia\/mas-de-150-estudiantes-culminan-su-formacion-en-gastronomia-contaduria-general-parvulario-y-secretariado-ejecutivo\/#article","isPartOf":{"@id":"https:\/\/www.feyalegria.org\/bolivia\/mas-de-150-estudiantes-culminan-su-formacion-en-gastronomia-contaduria-general-parvulario-y-secretariado-ejecutivo\/"},"author":{"name":"adminbo01","@id":"https:\/\/www.feyalegria.org\/bolivia\/#\/schema\/person\/efb8055d6009446b83a28d4b6e421849"},"headline":"M\u00e1s de 150 estudiantes culminan su formaci\u00f3n en Contadur\u00eda General, Gastronom\u00eda, Parvulario y Secretariado Ejecutivo","datePublished":"2026-03-30T16:20:16+00:00","dateModified":"2026-03-31T16:00:12+00:00","mainEntityOfPage":{"@id":"https:\/\/www.feyalegria.org\/bolivia\/mas-de-150-estudiantes-culminan-su-formacion-en-gastronomia-contaduria-general-parvulario-y-secretariado-ejecutivo\/"},"wordCount":464,"image":{"@id":"https:\/\/www.feyalegria.org\/bolivia\/mas-de-150-estudiantes-culminan-su-formacion-en-gastronomia-contaduria-general-parvulario-y-secretariado-ejecutivo\/#primaryimage"},"thumbnailUrl":"https:\/\/d3pugrm67vf9n7.cloudfront.net\/wp-content\/uploads\/sites\/28\/2026\/03\/30111037\/657603229_122159541614722072_480493358058536883_n.jpg","keywords":["discapacidad auditiva","formaci\u00f3n t\u00e9cnica","inclusi\u00f3n t\u00e9cnica","somosfeyalegria","sucre"],"articleSection":["Chuquisaca","Nacional"],"inLanguage":"es"},{"@type":"WebPage","@id":"https:\/\/www.feyalegria.org\/bolivia\/mas-de-150-estudiantes-culminan-su-formacion-en-gastronomia-contaduria-general-parvulario-y-secretariado-ejecutivo\/","url":"https:\/\/www.feyalegria.org\/bolivia\/mas-de-150-estudiantes-culminan-su-formacion-en-gastronomia-contaduria-general-parvulario-y-secretariado-ejecutivo\/","name":"M\u00e1s de 150 estudiantes culminan su formaci\u00f3n en Contadur\u00eda General, Gastronom\u00eda, Parvulario y Secretariado Ejecutivo - #SomosFeyAlegria en Bolivia","isPartOf":{"@id":"https:\/\/www.feyalegria.org\/bolivia\/#website"},"primaryImageOfPage":{"@id":"https:\/\/www.feyalegria.org\/bolivia\/mas-de-150-estudiantes-culminan-su-formacion-en-gastronomia-contaduria-general-parvulario-y-secretariado-ejecutivo\/#primaryimage"},"image":{"@id":"https:\/\/www.feyalegria.org\/bolivia\/mas-de-150-estudiantes-culminan-su-formacion-en-gastronomia-contaduria-general-parvulario-y-secretariado-ejecutivo\/#primaryimage"},"thumbnailUrl":"https:\/\/d3pugrm67vf9n7.cloudfront.net\/wp-content\/uploads\/sites\/28\/2026\/03\/30111037\/657603229_122159541614722072_480493358058536883_n.jpg","datePublished":"2026-03-30T16:20:16+00:00","dateModified":"2026-03-31T16:00:12+00:00","author":{"@id":"https:\/\/www.feyalegria.org\/bolivia\/#\/schema\/person\/efb8055d6009446b83a28d4b6e421849"},"breadcrumb":{"@id":"https:\/\/www.feyalegria.org\/bolivia\/mas-de-150-estudiantes-culminan-su-formacion-en-gastronomia-contaduria-general-parvulario-y-secretariado-ejecutivo\/#breadcrumb"},"inLanguage":"es","potentialAction":[{"@type":"ReadAction","target":["https:\/\/www.feyalegria.org\/bolivia\/mas-de-150-estudiantes-culminan-su-formacion-en-gastronomia-contaduria-general-parvulario-y-secretariado-ejecutivo\/"]}]},{"@type":"ImageObject","inLanguage":"es","@id":"https:\/\/www.feyalegria.org\/bolivia\/mas-de-150-estudiantes-culminan-su-formacion-en-gastronomia-contaduria-general-parvulario-y-secretariado-ejecutivo\/#primaryimage","url":"https:\/\/d3pugrm67vf9n7.cloudfront.net\/wp-content\/uploads\/sites\/28\/2026\/03\/30111037\/657603229_122159541614722072_480493358058536883_n.jpg","contentUrl":"https:\/\/d3pugrm67vf9n7.cloudfront.net\/wp-content\/uploads\/sites\/28\/2026\/03\/30111037\/657603229_122159541614722072_480493358058536883_n.jpg","width":2048,"height":1717},{"@type":"BreadcrumbList","@id":"https:\/\/www.feyalegria.org\/bolivia\/mas-de-150-estudiantes-culminan-su-formacion-en-gastronomia-contaduria-general-parvulario-y-secretariado-ejecutivo\/#breadcrumb","itemListElement":[{"@type":"ListItem","position":1,"name":"Home","item":"https:\/\/www.feyalegria.org\/bolivia\/"},{"@type":"ListItem","position":2,"name":"M\u00e1s de 150 estudiantes culminan su formaci\u00f3n en Contadur\u00eda General, Gastronom\u00eda, Parvulario y Secretariado Ejecutivo"}]},{"@type":"WebSite","@id":"https:\/\/www.feyalegria.org\/bolivia\/#website","url":"https:\/\/www.feyalegria.org\/bolivia\/","name":"#SomosFeyAlegria en Bolivia","description":"Movimiento de Educaci\u00f3n Popular y Promoci\u00f3n Social","potentialAction":[{"@type":"SearchAction","target":{"@type":"EntryPoint","urlTemplate":"https:\/\/www.feyalegria.org\/bolivia\/?s={search_term_string}"},"query-input":{"@type":"PropertyValueSpecification","valueRequired":true,"valueName":"search_term_string"}}],"inLanguage":"es"},{"@type":"Person","@id":"https:\/\/www.feyalegria.org\/bolivia\/#\/schema\/person\/efb8055d6009446b83a28d4b6e421849","name":"adminbo01","url":"https:\/\/www.feyalegria.org\/bolivia\/author\/adminbo01\/"}]}},"_links":{"self":[{"href":"https:\/\/www.feyalegria.org\/bolivia\/wp-json\/wp\/v2\/posts\/11272","targetHints":{"allow":["GET"]}}],"collection":[{"href":"https:\/\/www.feyalegria.org\/bolivia\/wp-json\/wp\/v2\/posts"}],"about":[{"href":"https:\/\/www.feyalegria.org\/bolivia\/wp-json\/wp\/v2\/types\/post"}],"author":[{"embeddable":true,"href":"https:\/\/www.feyalegria.org\/bolivia\/wp-json\/wp\/v2\/users\/73"}],"replies":[{"embeddable":true,"href":"https:\/\/www.feyalegria.org\/bolivia\/wp-json\/wp\/v2\/comments?post=11272"}],"version-history":[{"count":6,"href":"https:\/\/www.feyalegria.org\/bolivia\/wp-json\/wp\/v2\/posts\/11272\/revisions"}],"predecessor-version":[{"id":11296,"href":"https:\/\/www.feyalegria.org\/bolivia\/wp-json\/wp\/v2\/posts\/11272\/revisions\/11296"}],"wp:featuredmedia":[{"embeddable":true,"href":"https:\/\/www.feyalegria.org\/bolivia\/wp-json\/wp\/v2\/media\/11277"}],"wp:attachment":[{"href":"https:\/\/www.feyalegria.org\/bolivia\/wp-json\/wp\/v2\/media?parent=11272"}],"wp:term":[{"taxonomy":"category","embeddable":true,"href":"https:\/\/www.feyalegria.org\/bolivia\/wp-json\/wp\/v2\/categories?post=11272"},{"taxonomy":"post_tag","embeddable":true,"href":"https:\/\/www.feyalegria.org\/bolivia\/wp-json\/wp\/v2\/tags?post=11272"},{"taxonomy":"post_folder","embeddable":true,"href":"https:\/\/www.feyalegria.org\/bolivia\/wp-json\/wp\/v2\/post_folder?post=11272"}],"curies":[{"name":"wp","href":"https:\/\/api.w.org\/{rel}","templated":true}]}}