 {"id":11367,"date":"2026-04-23T14:14:59","date_gmt":"2026-04-23T19:14:59","guid":{"rendered":"https:\/\/www.feyalegria.org\/bolivia\/?p=11367"},"modified":"2026-04-23T14:49:03","modified_gmt":"2026-04-23T19:49:03","slug":"emprendimientos-de-estudiantes-de-fe-y-alegria-destacan-en-proyecto-apoyado-por-el-servicio-de-liechtenstein-para-el-desarrollo-led","status":"publish","type":"post","link":"https:\/\/www.feyalegria.org\/bolivia\/emprendimientos-de-estudiantes-de-fe-y-alegria-destacan-en-proyecto-apoyado-por-el-servicio-de-liechtenstein-para-el-desarrollo-led\/","title":{"rendered":"Emprendimientos de estudiantes de Fe y Alegr\u00eda destacan en Proyecto apoyado por el Servicio de Liechtenstein para el Desarrollo &#8211; LED\u00a0"},"content":{"rendered":"<div class=\"wpb-content-wrapper\"><p>[vc_row][vc_column][vc_column_text css=\u00bb\u00bb]<\/p>\n<h2 style=\"text-align: left;\"><span style=\"color: #d10a10; font-size: 25px;\"><strong>Emprendimientos de estudiantes de Fe y Alegr\u00eda destacan en Proyecto apoyado por el <\/strong><\/span><span style=\"color: #d10a10; font-size: 25px;\"><strong>Servicio de Liechtenstein para el Desarrollo &#8211; <\/strong><\/span><span style=\"color: #d10a10; font-size: 25px;\"><strong>LED\u00a0<\/strong><\/span><\/h2>\n<p>[\/vc_column_text]<div style=\"background-color:;height: 40px\" class=\"nicdark_section  \"><\/div>[\/vc_column][\/vc_row][vc_row][vc_column][vc_single_image image=\u00bb11368&#8243; img_size=\u00bb1200&#215;630&#8243; alignment=\u00bbcenter\u00bb css=\u00bb\u00bb][vc_column_text]<\/p>\n<hr \/>\n<p>[\/vc_column_text][vc_column_text css=\u00bb\u00bb]El pasado 17 de abril, en la ciudad de Potos\u00ed se llev\u00f3 adelante una importante reuni\u00f3n donde Fe y Alegr\u00eda Bolivia present\u00f3 los avances del Proyecto <strong>\u201cFortalecimiento de la Formaci\u00f3n T\u00e9cnica y Tecnol\u00f3gica para J\u00f3venes de Familias y Contextos Vulnerables\u201d<\/strong>, el cual tiene por finalidad generar mayor y mejor inserci\u00f3n laboral y autoempleo en 6 municipios de Bolivia,\u00a0 ubicados en Chuquisaca, Potos\u00ed, Cochabamba, Oruro y La Paz. Este proyecto es financiado por el Servicio de Liechtenstein para el Desarrollo (LED) y se encuentra en su tercer a\u00f1o de implementaci\u00f3n.<\/p>\n<p>&nbsp;<\/p>\n<p>Julia Heeb, Directora de Proyectos de LED, lleg\u00f3 a la Villa Imperial de Potos\u00ed, desde el Principado de Liechtenstein para ver de cerca los efectos del proyecto. Particip\u00f3 de la reuni\u00f3n presencial tambi\u00e9n Ingrid Tapia, Coordinadora de LED en Bolivia. Ambas pudieron evidenciar el impacto positivo que esta iniciativa de cooperaci\u00f3n va logrando en todos los municipios de cobertura.<\/p>\n<p>&nbsp;<\/p>\n<p>De igual manera, estuvo presente el Director Nacional de Fe y Alegr\u00eda en Bolivia, Yerko Camacho Gironda, junto a Mario Revollo, Director Departamental de Potos\u00ed, quienes acompa\u00f1aron la presentaci\u00f3n de las responsables de la ejecuci\u00f3n t\u00e9cnica del proyecto, Carmi\u00f1a De La Cruz y Alexandra Guti\u00e9rrez Rivera, a nivel nacional y departamental respectivamente.<\/p>\n<p>&nbsp;<\/p>\n<p>Este encuentro fue muy enriquecedor ya que no s\u00f3lo permiti\u00f3 conocer los avances del proyecto, sino tambi\u00e9n gener\u00f3 un espacio de intercambio entre LED y Fe y Alegr\u00eda respecto a la realidad, dificultades y desaf\u00edos que viven los j\u00f3venes, particularmente en entornos adversos, como el de la miner\u00eda, donde trabajar en la mina es considerado por muchos -hombres y mujeres- y a corta edad, la \u00fanica oportunidad de sobrevivencia.<\/p>\n<p>&nbsp;<\/p>\n<p>Adem\u00e1s de la exposici\u00f3n t\u00e9cnica, las representantes de LED tuvieron contacto directo con algunos estudiantes ganadores de capital semilla, quienes explicaron sus ideas innovadoras y agradecieron por el apoyo recibido en formaci\u00f3n t\u00e9cnica, marketing as\u00ed como insumos y herramientas, lo cual se traduce en importante incentivo para animarse a generar autoempleo con emprendimientos propios.\u00a0 Durante el encuentro se presentaron emprendimientos solidarios, tales como el dise\u00f1o de p\u00e1ginas web para la difusi\u00f3n productos y servicios propios, as\u00ed como para apoyar a otros emprendedores con costos accesibles.<\/p>\n<p>&nbsp;<\/p>\n<p>Un invento muy ponderado fue el sistema de detecci\u00f3n temprana de gas t\u00f3xico en las minas, el mismo que funciona a trav\u00e9s de sensores instalados de forma individual en cada casco minero, y ya est\u00e1 siendo utilizado como prevenci\u00f3n ante los frecuentes accidentes y decesos que se producen al interior de la mina. \u00a0Este sistema presenta elementos adicionales para la mejora integral de condiciones de trabajo al interior de la mina, tales como instalaci\u00f3n de luces y c\u00e1maras de seguridad con sensores de movimiento a precios econ\u00f3micos. Tambi\u00e9n destaca el reciclaje y acondicionamiento de equipos de computaci\u00f3n en desuso (refurbish) para extender su vida \u00fatil, ampliar la inclusi\u00f3n tecnol\u00f3gica para personas con bajos recursos y disminuir la contaminaci\u00f3n ambiental planetaria.<\/p>\n<p>&nbsp;<\/p>\n<p>Gracias al apoyo de LED, Fe y Alegr\u00eda Bolivia entreg\u00f3 durante la implementaci\u00f3n de este proyecto a la fecha 538.000 bolivianos en capital semilla, el cual se concret\u00f3 con la compra de herramientas y equipamiento especializado seg\u00fan los requerimientos de cada emprendimiento, tales como kits de Arduino, computadoras de \u00faltima gama, set de herramientas, ropa y muebles de trabajo,\u00a0 m\u00e1quinas soldadoras, cascos y otros implementos.<\/p>\n<p>&nbsp;<\/p>\n<p>La apretada agenda en Potos\u00ed continu\u00f3 con una visita al Centro de Educaci\u00f3n Alternativa San Pedro donde la directora y plantel docente compartieron una amplia variedad de productos reci\u00e9n preparados por estudiantes y docentes de la carrera de Gastronom\u00eda.\u00a0 Las educadoras, a tiempo de ofrecer la degustaci\u00f3n y entregar obsequios a los distinguidos invitados, explicaron los alcances del proyecto y los desaf\u00edos del mismo. Se tuvo una conversaci\u00f3n cercana con estudiantes de la carrera de Inform\u00e1tica, quienes coincidieron en se\u00f1alar que su formaci\u00f3n en es muy valiosa ya que complementa los estudios que vienen realizando en paralelo en otras carreras. El CEA San Pedro ofrece educaci\u00f3n de calidad a m\u00e1s de 300 estudiantes anuales, en belleza integral, confecci\u00f3n textil y de ropa t\u00edpica, gastronom\u00eda y sistemas inform\u00e1ticos, con una demanda muy alta a inicios de cada gesti\u00f3n, abriendo sus puertas a estudiantes desde los 15 a\u00f1os, hasta personas adultas sin l\u00edmite de edad.<\/p>\n<p>&nbsp;<\/p>\n<p>Concluyendo las visitas a centros educativos, los participantes llegaron al Instituto T\u00e9cnico Comercial ITEC de Fe y Alegr\u00eda, donde recibieron una bienvenida muy esmerada a cargo de su comit\u00e9 de protocolo conformado por docentes y estudiantes de la carrera de Secretariado Ejecutivo. Luego de varias fotograf\u00edas con el Director Nacional y las invitadas de LED, se realiz\u00f3 un recorrido en los diferentes ambientes del ITEC que alberga a m\u00e1s de 800 estudiantes en las carreras de Inform\u00e1tica, Contabilidad y Secretariado Ejecutivo. Uno de los momentos m\u00e1s emotivos fue la sorpresa preparada por los responsables de la nueva Unidad Productiva del ITEC, la cual producir\u00e1 contenidos audiovisuales, podcasts y otros productos streamming para empresas y emprendedores \u00a0del mercado potosino. Esta destacada iniciativa tuvo el honor de ser inaugurada por Yerko Camacho y Julia Heeb con un posterior brindis y entrega de souvenirs y productos t\u00edpicos a los invitados.<\/p>\n<p>&nbsp;<\/p>\n<p>En el marco de este proyecto, \u00a0LED apoy\u00f3 tambi\u00e9n en la mejora de infraestructura y equipamiento de unidades productivas en los departamentos de Chuquisaca, Oruro, Cochabamba, La Paz las cuales ya comenzaron a generar recursos para los emprendedores y las comunidades educativas.<\/p>\n<p>&nbsp;<\/p>\n<p>La intensa jornada continu\u00f3 con un tour nocturno organizado por la carrera de Turismo del Instituto Portocarrero de Fe y Alegr\u00eda, que incluy\u00f3 una magistral explicaci\u00f3n con curiosidades y datos hist\u00f3ricos de Potos\u00ed, el ingreso a criptas centenarias y el recorrido por el campanario y cubierta de la Iglesia La Merced, desde donde, a m\u00e1s de 4000 metros sobre el nivel del mar, los visitantes pudieron apreciar la conocida Villa Imperial de San Felipe de Austria, en todo su esplendor.<\/p>\n<p>&nbsp;<\/p>\n<p>La noche termin\u00f3 con una muestra de la elegante Cueca Potosina, interpretada por una pareja de bailarines profesionales, que deleitaron a todos los presentes con su talento art\u00edstico, seguida por una deliciosa kalapurka, preparaci\u00f3n t\u00edpica de ma\u00edz, calentada al rojo vivo con piedras volc\u00e1nicas, la cual fue servida en plato de barro con cuchara de madera.<\/p>\n<p>&nbsp;<\/p>\n<p>Las visitantes de LED ponderaron los efectos positivos e impacto del proyecto, la capacidad y transparencia de ejecuci\u00f3n de Fe y Alegr\u00eda Bolivia y el contacto cercano con los participantes, sus familias y sus comunidades, quienes con la calidez que les caracteriza, les abrieron las puertas no s\u00f3lo de las aulas y talleres, sino tambi\u00e9n de su coraz\u00f3n.[\/vc_column_text][vc_column_text css=\u00bb\u00bb]<\/p>\n<p style=\"text-align: right;\"><em>Inti Medina Tedesqui<\/em><\/p>\n<p style=\"text-align: right;\"><em>Comunicaci\u00f3n Fe y Alegr\u00eda Bolivia<\/em><\/p>\n<p>[\/vc_column_text]<div style=\"background-color:;height: 30px\" class=\"nicdark_section  \"><\/div>[\/vc_column][\/vc_row][vc_row][vc_column]<div class=\"mpc-carousel__wrapper mpc-waypoint\"><div id=\"mpc_carousel_anything-469f21e7ff136b\" class=\"mpc-carousel-anything mpc-init \"  data-mpcslick='{\"infinite\":true,\"autoplay\":true,\"slidesToShow\":2,\"slidesToScroll\":2,\"centerMode\":false,\"initialSlide\":0,\"autoplaySpeed\":2000}' data-slick-cols=\"2\">[vc_single_image image=\u00bb11369&#8243; img_size=\u00bbmedium\u00bb alignment=\u00bbcenter\u00bb style=\u00bbvc_box_rounded\u00bb css=\u00bb\u00bb][vc_single_image image=\u00bb11375&#8243; img_size=\u00bbmedium\u00bb alignment=\u00bbcenter\u00bb style=\u00bbvc_box_rounded\u00bb css=\u00bb\u00bb][vc_single_image image=\u00bb11376&#8243; img_size=\u00bbmedium\u00bb alignment=\u00bbcenter\u00bb style=\u00bbvc_box_rounded\u00bb css=\u00bb\u00bb][vc_single_image image=\u00bb11381&#8243; img_size=\u00bbmedium\u00bb alignment=\u00bbcenter\u00bb style=\u00bbvc_box_rounded\u00bb css=\u00bb\u00bb][vc_single_image image=\u00bb11382&#8243; img_size=\u00bbmedium\u00bb alignment=\u00bbcenter\u00bb style=\u00bbvc_box_rounded\u00bb css=\u00bb\u00bb]<\/div><div class=\"mpc-navigation mpc-init mpc-align--left mpc-navigation--style_1  mpc-nav-preset--\" data-mpcslider=\"mpc_carousel_anything-469f21e7ff136b\"><div class=\"mpc-nav__arrow mpcslick-prev\"><div class=\"mpc-nav__icon mpc-transition\"><i class=\"\"><div class=\"mpc-nav__background mpc-transition mpc-effect-type--fade mpc-effect-side--in\"><\/div><\/i><\/div><\/div><div class=\"mpc-nav__arrow mpcslick-next\"><div class=\"mpc-nav__icon mpc-transition\"><i class=\"\"><div class=\"mpc-nav__background mpc-transition mpc-effect-type--fade mpc-effect-side--in\"><\/div><\/i><\/div><\/div><\/div><\/div><div style=\"background-color:;height: 30px\" class=\"nicdark_section  \"><\/div>[vc_column_text]<\/p>\n<p>[\/vc_column_text][\/vc_column][\/vc_row][vc_row][vc_column][\/vc_column][\/vc_row]<\/p>\n<\/div>","protected":false},"excerpt":{"rendered":"<div style=\"height: 265px\">Fe y Alegri\u0301a Oruro y la Fundacio\u0301n San Ignacio de Loyola &#8211; FUNDASIL, firmaron un Convenio de Cooperacio\u0301n Interinstitucional con el objetivo de implementar un programa y acciones sobre salud visual en poblacio\u0301n escolar<\/div>\n","protected":false},"author":73,"featured_media":11368,"comment_status":"closed","ping_status":"open","sticky":false,"template":"","format":"standard","meta":{"_acf_changed":false,"footnotes":""},"categories":[254,214,160],"tags":[286,335,333,268,290],"post_folder":[4],"class_list":["post-11367","post","type-post","status-publish","format-standard","has-post-thumbnail","hentry","category-internacional-es","category-nacional-es","category-noticias-es","tag-educacion-transformadora","tag-emprendimientos","tag-led","tag-red-de-emprendedores","tag-somosfeyalegria"],"acf":[],"yoast_head":"<!-- This site is optimized with the Yoast SEO plugin v27.5 - https:\/\/yoast.com\/product\/yoast-seo-wordpress\/ -->\n<title>Emprendimientos de estudiantes de Fe y Alegr\u00eda destacan en Proyecto apoyado por el Servicio de Liechtenstein para el Desarrollo - LED\u00a0 - #SomosFeyAlegria en Bolivia<\/title>\n<meta name=\"robots\" content=\"index, follow, max-snippet:-1, max-image-preview:large, max-video-preview:-1\" \/>\n<link rel=\"canonical\" href=\"https:\/\/www.feyalegria.org\/bolivia\/emprendimientos-de-estudiantes-de-fe-y-alegria-destacan-en-proyecto-apoyado-por-el-servicio-de-liechtenstein-para-el-desarrollo-led\/\" \/>\n<meta property=\"og:locale\" content=\"es_ES\" \/>\n<meta property=\"og:type\" content=\"article\" \/>\n<meta property=\"og:title\" content=\"Emprendimientos de estudiantes de Fe y Alegr\u00eda destacan en Proyecto apoyado por el Servicio de Liechtenstein para el Desarrollo - LED\u00a0 - #SomosFeyAlegria en Bolivia\" \/>\n<meta property=\"og:description\" content=\"Fe y Alegri\u0301a Oruro y la Fundacio\u0301n San Ignacio de Loyola - FUNDASIL, firmaron un Convenio de Cooperacio\u0301n Interinstitucional con el objetivo de implementar un programa y acciones sobre salud visual en poblacio\u0301n escolar\" \/>\n<meta property=\"og:url\" content=\"https:\/\/www.feyalegria.org\/bolivia\/emprendimientos-de-estudiantes-de-fe-y-alegria-destacan-en-proyecto-apoyado-por-el-servicio-de-liechtenstein-para-el-desarrollo-led\/\" \/>\n<meta property=\"og:site_name\" content=\"#SomosFeyAlegria en Bolivia\" \/>\n<meta property=\"article:published_time\" content=\"2026-04-23T19:14:59+00:00\" \/>\n<meta property=\"article:modified_time\" content=\"2026-04-23T19:49:03+00:00\" \/>\n<meta property=\"og:image\" content=\"https:\/\/d3pugrm67vf9n7.cloudfront.net\/wp-content\/uploads\/sites\/28\/2026\/04\/23141305\/673053157_1590721429527728_8360174596422966457_n.jpg\" \/>\n\t<meta property=\"og:image:width\" content=\"1600\" \/>\n\t<meta property=\"og:image:height\" content=\"1200\" \/>\n\t<meta property=\"og:image:type\" content=\"image\/jpeg\" \/>\n<meta name=\"author\" content=\"adminbo01\" \/>\n<meta name=\"twitter:card\" content=\"summary_large_image\" \/>\n<meta name=\"twitter:label1\" content=\"Escrito por\" \/>\n\t<meta name=\"twitter:data1\" content=\"adminbo01\" \/>\n\t<meta name=\"twitter:label2\" content=\"Tiempo de lectura\" \/>\n\t<meta name=\"twitter:data2\" content=\"6 minutos\" \/>\n<script type=\"application\/ld+json\" class=\"yoast-schema-graph\">{\"@context\":\"https:\\\/\\\/schema.org\",\"@graph\":[{\"@type\":\"Article\",\"@id\":\"https:\\\/\\\/www.feyalegria.org\\\/bolivia\\\/emprendimientos-de-estudiantes-de-fe-y-alegria-destacan-en-proyecto-apoyado-por-el-servicio-de-liechtenstein-para-el-desarrollo-led\\\/#article\",\"isPartOf\":{\"@id\":\"https:\\\/\\\/www.feyalegria.org\\\/bolivia\\\/emprendimientos-de-estudiantes-de-fe-y-alegria-destacan-en-proyecto-apoyado-por-el-servicio-de-liechtenstein-para-el-desarrollo-led\\\/\"},\"author\":{\"name\":\"adminbo01\",\"@id\":\"https:\\\/\\\/www.feyalegria.org\\\/bolivia\\\/#\\\/schema\\\/person\\\/efb8055d6009446b83a28d4b6e421849\"},\"headline\":\"Emprendimientos de estudiantes de Fe y Alegr\u00eda destacan en Proyecto apoyado por el Servicio de Liechtenstein para el Desarrollo &#8211; LED\u00a0\",\"datePublished\":\"2026-04-23T19:14:59+00:00\",\"dateModified\":\"2026-04-23T19:49:03+00:00\",\"mainEntityOfPage\":{\"@id\":\"https:\\\/\\\/www.feyalegria.org\\\/bolivia\\\/emprendimientos-de-estudiantes-de-fe-y-alegria-destacan-en-proyecto-apoyado-por-el-servicio-de-liechtenstein-para-el-desarrollo-led\\\/\"},\"wordCount\":1403,\"image\":{\"@id\":\"https:\\\/\\\/www.feyalegria.org\\\/bolivia\\\/emprendimientos-de-estudiantes-de-fe-y-alegria-destacan-en-proyecto-apoyado-por-el-servicio-de-liechtenstein-para-el-desarrollo-led\\\/#primaryimage\"},\"thumbnailUrl\":\"https:\\\/\\\/d3pugrm67vf9n7.cloudfront.net\\\/wp-content\\\/uploads\\\/sites\\\/28\\\/2026\\\/04\\\/23141305\\\/673053157_1590721429527728_8360174596422966457_n.jpg\",\"keywords\":[\"educacion transformadora\",\"Emprendimientos\",\"LED\",\"Red de Emprendedores\",\"somosfeyalegria\"],\"articleSection\":[\"Internacional\",\"Nacional\",\"Noticias\"],\"inLanguage\":\"es\"},{\"@type\":\"WebPage\",\"@id\":\"https:\\\/\\\/www.feyalegria.org\\\/bolivia\\\/emprendimientos-de-estudiantes-de-fe-y-alegria-destacan-en-proyecto-apoyado-por-el-servicio-de-liechtenstein-para-el-desarrollo-led\\\/\",\"url\":\"https:\\\/\\\/www.feyalegria.org\\\/bolivia\\\/emprendimientos-de-estudiantes-de-fe-y-alegria-destacan-en-proyecto-apoyado-por-el-servicio-de-liechtenstein-para-el-desarrollo-led\\\/\",\"name\":\"Emprendimientos de estudiantes de Fe y Alegr\u00eda destacan en Proyecto apoyado por el Servicio de Liechtenstein para el Desarrollo - LED\u00a0 - #SomosFeyAlegria en Bolivia\",\"isPartOf\":{\"@id\":\"https:\\\/\\\/www.feyalegria.org\\\/bolivia\\\/#website\"},\"primaryImageOfPage\":{\"@id\":\"https:\\\/\\\/www.feyalegria.org\\\/bolivia\\\/emprendimientos-de-estudiantes-de-fe-y-alegria-destacan-en-proyecto-apoyado-por-el-servicio-de-liechtenstein-para-el-desarrollo-led\\\/#primaryimage\"},\"image\":{\"@id\":\"https:\\\/\\\/www.feyalegria.org\\\/bolivia\\\/emprendimientos-de-estudiantes-de-fe-y-alegria-destacan-en-proyecto-apoyado-por-el-servicio-de-liechtenstein-para-el-desarrollo-led\\\/#primaryimage\"},\"thumbnailUrl\":\"https:\\\/\\\/d3pugrm67vf9n7.cloudfront.net\\\/wp-content\\\/uploads\\\/sites\\\/28\\\/2026\\\/04\\\/23141305\\\/673053157_1590721429527728_8360174596422966457_n.jpg\",\"datePublished\":\"2026-04-23T19:14:59+00:00\",\"dateModified\":\"2026-04-23T19:49:03+00:00\",\"author\":{\"@id\":\"https:\\\/\\\/www.feyalegria.org\\\/bolivia\\\/#\\\/schema\\\/person\\\/efb8055d6009446b83a28d4b6e421849\"},\"breadcrumb\":{\"@id\":\"https:\\\/\\\/www.feyalegria.org\\\/bolivia\\\/emprendimientos-de-estudiantes-de-fe-y-alegria-destacan-en-proyecto-apoyado-por-el-servicio-de-liechtenstein-para-el-desarrollo-led\\\/#breadcrumb\"},\"inLanguage\":\"es\",\"potentialAction\":[{\"@type\":\"ReadAction\",\"target\":[\"https:\\\/\\\/www.feyalegria.org\\\/bolivia\\\/emprendimientos-de-estudiantes-de-fe-y-alegria-destacan-en-proyecto-apoyado-por-el-servicio-de-liechtenstein-para-el-desarrollo-led\\\/\"]}]},{\"@type\":\"ImageObject\",\"inLanguage\":\"es\",\"@id\":\"https:\\\/\\\/www.feyalegria.org\\\/bolivia\\\/emprendimientos-de-estudiantes-de-fe-y-alegria-destacan-en-proyecto-apoyado-por-el-servicio-de-liechtenstein-para-el-desarrollo-led\\\/#primaryimage\",\"url\":\"https:\\\/\\\/d3pugrm67vf9n7.cloudfront.net\\\/wp-content\\\/uploads\\\/sites\\\/28\\\/2026\\\/04\\\/23141305\\\/673053157_1590721429527728_8360174596422966457_n.jpg\",\"contentUrl\":\"https:\\\/\\\/d3pugrm67vf9n7.cloudfront.net\\\/wp-content\\\/uploads\\\/sites\\\/28\\\/2026\\\/04\\\/23141305\\\/673053157_1590721429527728_8360174596422966457_n.jpg\",\"width\":1600,\"height\":1200},{\"@type\":\"BreadcrumbList\",\"@id\":\"https:\\\/\\\/www.feyalegria.org\\\/bolivia\\\/emprendimientos-de-estudiantes-de-fe-y-alegria-destacan-en-proyecto-apoyado-por-el-servicio-de-liechtenstein-para-el-desarrollo-led\\\/#breadcrumb\",\"itemListElement\":[{\"@type\":\"ListItem\",\"position\":1,\"name\":\"Home\",\"item\":\"https:\\\/\\\/www.feyalegria.org\\\/bolivia\\\/\"},{\"@type\":\"ListItem\",\"position\":2,\"name\":\"Emprendimientos de estudiantes de Fe y Alegr\u00eda destacan en Proyecto apoyado por el Servicio de Liechtenstein para el Desarrollo &#8211; LED\u00a0\"}]},{\"@type\":\"WebSite\",\"@id\":\"https:\\\/\\\/www.feyalegria.org\\\/bolivia\\\/#website\",\"url\":\"https:\\\/\\\/www.feyalegria.org\\\/bolivia\\\/\",\"name\":\"#SomosFeyAlegria en Bolivia\",\"description\":\"Movimiento de Educaci\u00f3n Popular y Promoci\u00f3n Social\",\"potentialAction\":[{\"@type\":\"SearchAction\",\"target\":{\"@type\":\"EntryPoint\",\"urlTemplate\":\"https:\\\/\\\/www.feyalegria.org\\\/bolivia\\\/?s={search_term_string}\"},\"query-input\":{\"@type\":\"PropertyValueSpecification\",\"valueRequired\":true,\"valueName\":\"search_term_string\"}}],\"inLanguage\":\"es\"},{\"@type\":\"Person\",\"@id\":\"https:\\\/\\\/www.feyalegria.org\\\/bolivia\\\/#\\\/schema\\\/person\\\/efb8055d6009446b83a28d4b6e421849\",\"name\":\"adminbo01\",\"url\":\"https:\\\/\\\/www.feyalegria.org\\\/bolivia\\\/author\\\/adminbo01\\\/\"}]}<\/script>\n<!-- \/ Yoast SEO plugin. -->","yoast_head_json":{"title":"Emprendimientos de estudiantes de Fe y Alegr\u00eda destacan en Proyecto apoyado por el Servicio de Liechtenstein para el Desarrollo - LED\u00a0 - #SomosFeyAlegria en Bolivia","robots":{"index":"index","follow":"follow","max-snippet":"max-snippet:-1","max-image-preview":"max-image-preview:large","max-video-preview":"max-video-preview:-1"},"canonical":"https:\/\/www.feyalegria.org\/bolivia\/emprendimientos-de-estudiantes-de-fe-y-alegria-destacan-en-proyecto-apoyado-por-el-servicio-de-liechtenstein-para-el-desarrollo-led\/","og_locale":"es_ES","og_type":"article","og_title":"Emprendimientos de estudiantes de Fe y Alegr\u00eda destacan en Proyecto apoyado por el Servicio de Liechtenstein para el Desarrollo - LED\u00a0 - #SomosFeyAlegria en Bolivia","og_description":"Fe y Alegri\u0301a Oruro y la Fundacio\u0301n San Ignacio de Loyola - FUNDASIL, firmaron un Convenio de Cooperacio\u0301n Interinstitucional con el objetivo de implementar un programa y acciones sobre salud visual en poblacio\u0301n escolar","og_url":"https:\/\/www.feyalegria.org\/bolivia\/emprendimientos-de-estudiantes-de-fe-y-alegria-destacan-en-proyecto-apoyado-por-el-servicio-de-liechtenstein-para-el-desarrollo-led\/","og_site_name":"#SomosFeyAlegria en Bolivia","article_published_time":"2026-04-23T19:14:59+00:00","article_modified_time":"2026-04-23T19:49:03+00:00","og_image":[{"width":1600,"height":1200,"url":"https:\/\/d3pugrm67vf9n7.cloudfront.net\/wp-content\/uploads\/sites\/28\/2026\/04\/23141305\/673053157_1590721429527728_8360174596422966457_n.jpg","type":"image\/jpeg"}],"author":"adminbo01","twitter_card":"summary_large_image","twitter_misc":{"Escrito por":"adminbo01","Tiempo de lectura":"6 minutos"},"schema":{"@context":"https:\/\/schema.org","@graph":[{"@type":"Article","@id":"https:\/\/www.feyalegria.org\/bolivia\/emprendimientos-de-estudiantes-de-fe-y-alegria-destacan-en-proyecto-apoyado-por-el-servicio-de-liechtenstein-para-el-desarrollo-led\/#article","isPartOf":{"@id":"https:\/\/www.feyalegria.org\/bolivia\/emprendimientos-de-estudiantes-de-fe-y-alegria-destacan-en-proyecto-apoyado-por-el-servicio-de-liechtenstein-para-el-desarrollo-led\/"},"author":{"name":"adminbo01","@id":"https:\/\/www.feyalegria.org\/bolivia\/#\/schema\/person\/efb8055d6009446b83a28d4b6e421849"},"headline":"Emprendimientos de estudiantes de Fe y Alegr\u00eda destacan en Proyecto apoyado por el Servicio de Liechtenstein para el Desarrollo &#8211; LED\u00a0","datePublished":"2026-04-23T19:14:59+00:00","dateModified":"2026-04-23T19:49:03+00:00","mainEntityOfPage":{"@id":"https:\/\/www.feyalegria.org\/bolivia\/emprendimientos-de-estudiantes-de-fe-y-alegria-destacan-en-proyecto-apoyado-por-el-servicio-de-liechtenstein-para-el-desarrollo-led\/"},"wordCount":1403,"image":{"@id":"https:\/\/www.feyalegria.org\/bolivia\/emprendimientos-de-estudiantes-de-fe-y-alegria-destacan-en-proyecto-apoyado-por-el-servicio-de-liechtenstein-para-el-desarrollo-led\/#primaryimage"},"thumbnailUrl":"https:\/\/d3pugrm67vf9n7.cloudfront.net\/wp-content\/uploads\/sites\/28\/2026\/04\/23141305\/673053157_1590721429527728_8360174596422966457_n.jpg","keywords":["educacion transformadora","Emprendimientos","LED","Red de Emprendedores","somosfeyalegria"],"articleSection":["Internacional","Nacional","Noticias"],"inLanguage":"es"},{"@type":"WebPage","@id":"https:\/\/www.feyalegria.org\/bolivia\/emprendimientos-de-estudiantes-de-fe-y-alegria-destacan-en-proyecto-apoyado-por-el-servicio-de-liechtenstein-para-el-desarrollo-led\/","url":"https:\/\/www.feyalegria.org\/bolivia\/emprendimientos-de-estudiantes-de-fe-y-alegria-destacan-en-proyecto-apoyado-por-el-servicio-de-liechtenstein-para-el-desarrollo-led\/","name":"Emprendimientos de estudiantes de Fe y Alegr\u00eda destacan en Proyecto apoyado por el Servicio de Liechtenstein para el Desarrollo - LED\u00a0 - #SomosFeyAlegria en Bolivia","isPartOf":{"@id":"https:\/\/www.feyalegria.org\/bolivia\/#website"},"primaryImageOfPage":{"@id":"https:\/\/www.feyalegria.org\/bolivia\/emprendimientos-de-estudiantes-de-fe-y-alegria-destacan-en-proyecto-apoyado-por-el-servicio-de-liechtenstein-para-el-desarrollo-led\/#primaryimage"},"image":{"@id":"https:\/\/www.feyalegria.org\/bolivia\/emprendimientos-de-estudiantes-de-fe-y-alegria-destacan-en-proyecto-apoyado-por-el-servicio-de-liechtenstein-para-el-desarrollo-led\/#primaryimage"},"thumbnailUrl":"https:\/\/d3pugrm67vf9n7.cloudfront.net\/wp-content\/uploads\/sites\/28\/2026\/04\/23141305\/673053157_1590721429527728_8360174596422966457_n.jpg","datePublished":"2026-04-23T19:14:59+00:00","dateModified":"2026-04-23T19:49:03+00:00","author":{"@id":"https:\/\/www.feyalegria.org\/bolivia\/#\/schema\/person\/efb8055d6009446b83a28d4b6e421849"},"breadcrumb":{"@id":"https:\/\/www.feyalegria.org\/bolivia\/emprendimientos-de-estudiantes-de-fe-y-alegria-destacan-en-proyecto-apoyado-por-el-servicio-de-liechtenstein-para-el-desarrollo-led\/#breadcrumb"},"inLanguage":"es","potentialAction":[{"@type":"ReadAction","target":["https:\/\/www.feyalegria.org\/bolivia\/emprendimientos-de-estudiantes-de-fe-y-alegria-destacan-en-proyecto-apoyado-por-el-servicio-de-liechtenstein-para-el-desarrollo-led\/"]}]},{"@type":"ImageObject","inLanguage":"es","@id":"https:\/\/www.feyalegria.org\/bolivia\/emprendimientos-de-estudiantes-de-fe-y-alegria-destacan-en-proyecto-apoyado-por-el-servicio-de-liechtenstein-para-el-desarrollo-led\/#primaryimage","url":"https:\/\/d3pugrm67vf9n7.cloudfront.net\/wp-content\/uploads\/sites\/28\/2026\/04\/23141305\/673053157_1590721429527728_8360174596422966457_n.jpg","contentUrl":"https:\/\/d3pugrm67vf9n7.cloudfront.net\/wp-content\/uploads\/sites\/28\/2026\/04\/23141305\/673053157_1590721429527728_8360174596422966457_n.jpg","width":1600,"height":1200},{"@type":"BreadcrumbList","@id":"https:\/\/www.feyalegria.org\/bolivia\/emprendimientos-de-estudiantes-de-fe-y-alegria-destacan-en-proyecto-apoyado-por-el-servicio-de-liechtenstein-para-el-desarrollo-led\/#breadcrumb","itemListElement":[{"@type":"ListItem","position":1,"name":"Home","item":"https:\/\/www.feyalegria.org\/bolivia\/"},{"@type":"ListItem","position":2,"name":"Emprendimientos de estudiantes de Fe y Alegr\u00eda destacan en Proyecto apoyado por el Servicio de Liechtenstein para el Desarrollo &#8211; LED\u00a0"}]},{"@type":"WebSite","@id":"https:\/\/www.feyalegria.org\/bolivia\/#website","url":"https:\/\/www.feyalegria.org\/bolivia\/","name":"#SomosFeyAlegria en Bolivia","description":"Movimiento de Educaci\u00f3n Popular y Promoci\u00f3n Social","potentialAction":[{"@type":"SearchAction","target":{"@type":"EntryPoint","urlTemplate":"https:\/\/www.feyalegria.org\/bolivia\/?s={search_term_string}"},"query-input":{"@type":"PropertyValueSpecification","valueRequired":true,"valueName":"search_term_string"}}],"inLanguage":"es"},{"@type":"Person","@id":"https:\/\/www.feyalegria.org\/bolivia\/#\/schema\/person\/efb8055d6009446b83a28d4b6e421849","name":"adminbo01","url":"https:\/\/www.feyalegria.org\/bolivia\/author\/adminbo01\/"}]}},"_links":{"self":[{"href":"https:\/\/www.feyalegria.org\/bolivia\/wp-json\/wp\/v2\/posts\/11367","targetHints":{"allow":["GET"]}}],"collection":[{"href":"https:\/\/www.feyalegria.org\/bolivia\/wp-json\/wp\/v2\/posts"}],"about":[{"href":"https:\/\/www.feyalegria.org\/bolivia\/wp-json\/wp\/v2\/types\/post"}],"author":[{"embeddable":true,"href":"https:\/\/www.feyalegria.org\/bolivia\/wp-json\/wp\/v2\/users\/73"}],"replies":[{"embeddable":true,"href":"https:\/\/www.feyalegria.org\/bolivia\/wp-json\/wp\/v2\/comments?post=11367"}],"version-history":[{"count":8,"href":"https:\/\/www.feyalegria.org\/bolivia\/wp-json\/wp\/v2\/posts\/11367\/revisions"}],"predecessor-version":[{"id":11374,"href":"https:\/\/www.feyalegria.org\/bolivia\/wp-json\/wp\/v2\/posts\/11367\/revisions\/11374"}],"wp:featuredmedia":[{"embeddable":true,"href":"https:\/\/www.feyalegria.org\/bolivia\/wp-json\/wp\/v2\/media\/11368"}],"wp:attachment":[{"href":"https:\/\/www.feyalegria.org\/bolivia\/wp-json\/wp\/v2\/media?parent=11367"}],"wp:term":[{"taxonomy":"category","embeddable":true,"href":"https:\/\/www.feyalegria.org\/bolivia\/wp-json\/wp\/v2\/categories?post=11367"},{"taxonomy":"post_tag","embeddable":true,"href":"https:\/\/www.feyalegria.org\/bolivia\/wp-json\/wp\/v2\/tags?post=11367"},{"taxonomy":"post_folder","embeddable":true,"href":"https:\/\/www.feyalegria.org\/bolivia\/wp-json\/wp\/v2\/post_folder?post=11367"}],"curies":[{"name":"wp","href":"https:\/\/api.w.org\/{rel}","templated":true}]}}