 {"id":8390,"date":"2019-08-20T15:19:52","date_gmt":"2019-08-20T13:19:52","guid":{"rendered":"http:\/\/localhost\/fya1\/cochabamba\/fe-y-alegria-cochabamba-%c2%93estrategias-pedagogicas-para-una-inclusion-efectiva%c2%94\/"},"modified":"2019-08-20T15:19:52","modified_gmt":"2019-08-20T13:19:52","slug":"fe-y-alegria-cochabamba-estrategias-pedagogicas-para-una-inclusion-efectiva","status":"publish","type":"post","link":"https:\/\/www.feyalegria.org\/bolivia\/fe-y-alegria-cochabamba-estrategias-pedagogicas-para-una-inclusion-efectiva\/","title":{"rendered":"Fe y Alegr\u00eda Cochabamba: Estrategias pedag\u00f3gicas para una inclusi\u00f3n efectiva\u0094"},"content":{"rendered":"<p>&nbsp;<\/p>\n<p style=\"text-align: center\"><img decoding=\"async\" style=\"width: 421px;height: 316px\" src=\"http:\/\/www.feyalegria.edu.bo\/images\/2019\/Cochabamba\/Nota_04_Especial_Cochabamba_3-min.jpg\" alt=\"Nota 04 Especial Cochabamba 3 min\" data-mce-width=\"421\" data-mce-height=\"316\" \/><\/p>\n<p>&nbsp;<\/p>\n<p style=\"text-align: justify\"><span>El taller internacional \u00abEstrategias pedag\u00f3gicas para una inclusi\u00f3n efectiva\u00bb, a cargo de Roc\u00edo Garrido, experta en Inclusi\u00f3n, y que cont\u00f3 con el apoyo de voluntarios de la Departamental de Fe y Alegr\u00eda Cochabamba, se desarroll\u00f3 del 12 al 14 de agosto en el departamento de Cochabamba con el objetivo de generar un espacio para fortalecer las herramientas de trabajo del profesorado para la atenci\u00f3n a la diversidad.<\/span><\/p>\n<p style=\"text-align: justify\"><span>El taller fue bastante diverso al contar con la participaci\u00f3n de personal docente de diferentes departamentos, entre ellos Beni, Santa Cruz y Cochabamba, tanto de Fe y Alegr\u00eda como de otras unidades educativas.<\/span><\/p>\n<p style=\"text-align: justify\"><span>Varios participantes expresaron su satisfacci\u00f3n al encontrar respuestas frente a algunos vac\u00edos en las normativas vigentes ya que, aunque existe la sensibilidad, la conciencia y el respeto a la diversidad, las herramientas con las que cuentan los docentes son insuficientes para responder el desaf\u00edo que implica la multitud de necesidades con las que se encuentran cotidianamente en sus aulas.<\/span><\/p>\n<p style=\"text-align: justify\"><span>El taller enlaza con la labor que se impulsa desde la departamental para promover una inclusi\u00f3n real y efectiva de la diversidad de estudiantes con los que contamos en nuestras aulas, permitiendo generar espacios igualitarios, equitativos y de calidad para todas las personas.<\/span><\/p>\n<p>&nbsp;<\/p>\n<p style=\"text-align: center\"><img decoding=\"async\" style=\"width: 392px;height: 294px\" src=\"http:\/\/www.feyalegria.edu.bo\/images\/2019\/Cochabamba\/Nota_04_Especial_Cochabamba_2-min.jpg\" alt=\"Nota 04 Especial Cochabamba 2 min\" data-mce-width=\"392\" data-mce-height=\"294\" \/><\/p>\n<p style=\"text-align: center\"><img decoding=\"async\" style=\"width: 395px;height: 296px\" src=\"http:\/\/www.feyalegria.edu.bo\/images\/2019\/Cochabamba\/Nota_04_Especial_Cochabamba_1-min.jpg\" alt=\"Nota 04 Especial Cochabamba 1 min\" data-mce-width=\"395\" data-mce-height=\"296\" \/><\/p>\n<p style=\"text-align: right\">Especial\/Cochabamba\/Nota04<\/p>\n","protected":false},"excerpt":{"rendered":"<p style=\"text-align: center\"><img decoding=\"async\" src=\"http:\/\/www.feyalegria.edu.bo\/images\/2019\/Cochabamba\/Nota_04_Especial_Cochabamba_3-min.jpg\" alt=\"Nota 04 Especial Cochabamba 3 min\" class=\"img-responsive img-rounded\" \/><\/p>\n<p><span>El taller enlaza con la labor que se impulsa desde la departamental para promover una inclusi\u00f3n real y efectiva<\/span><\/p>\n","protected":false},"author":73,"featured_media":0,"comment_status":"closed","ping_status":"closed","sticky":false,"template":"","format":"standard","meta":{"_acf_changed":false,"footnotes":""},"categories":[93,1],"tags":[],"post_folder":[],"class_list":["post-8390","post","type-post","status-publish","format-standard","hentry","category-cochabamba","category-noticias"],"acf":[],"yoast_head":"<!-- This site is optimized with the Yoast SEO plugin v27.4 - https:\/\/yoast.com\/product\/yoast-seo-wordpress\/ -->\n<title>Fe y Alegr\u00eda Cochabamba: Estrategias pedag\u00f3gicas para una inclusi\u00f3n efectiva\u0094 - #SomosFeyAlegria en Bolivia<\/title>\n<meta name=\"robots\" content=\"index, follow, max-snippet:-1, max-image-preview:large, max-video-preview:-1\" \/>\n<link rel=\"canonical\" href=\"https:\/\/www.feyalegria.org\/bolivia\/fe-y-alegria-cochabamba-estrategias-pedagogicas-para-una-inclusion-efectiva\/\" \/>\n<meta property=\"og:locale\" content=\"es_ES\" \/>\n<meta property=\"og:type\" content=\"article\" \/>\n<meta property=\"og:title\" content=\"Fe y Alegr\u00eda Cochabamba: Estrategias pedag\u00f3gicas para una inclusi\u00f3n efectiva\u0094 - #SomosFeyAlegria en Bolivia\" \/>\n<meta property=\"og:description\" content=\"El taller enlaza con la labor que se impulsa desde la departamental para promover una inclusi\u00f3n real y efectiva\" \/>\n<meta property=\"og:url\" content=\"https:\/\/www.feyalegria.org\/bolivia\/fe-y-alegria-cochabamba-estrategias-pedagogicas-para-una-inclusion-efectiva\/\" \/>\n<meta property=\"og:site_name\" content=\"#SomosFeyAlegria en Bolivia\" \/>\n<meta property=\"article:published_time\" content=\"2019-08-20T13:19:52+00:00\" \/>\n<meta property=\"og:image\" content=\"http:\/\/www.feyalegria.edu.bo\/images\/2019\/Cochabamba\/Nota_04_Especial_Cochabamba_3-min.jpg\" \/>\n<meta name=\"author\" content=\"adminbo01\" \/>\n<meta name=\"twitter:card\" content=\"summary_large_image\" \/>\n<meta name=\"twitter:label1\" content=\"Escrito por\" \/>\n\t<meta name=\"twitter:data1\" content=\"adminbo01\" \/>\n\t<meta name=\"twitter:label2\" content=\"Tiempo de lectura\" \/>\n\t<meta name=\"twitter:data2\" content=\"1 minuto\" \/>\n<script type=\"application\/ld+json\" class=\"yoast-schema-graph\">{\"@context\":\"https:\\\/\\\/schema.org\",\"@graph\":[{\"@type\":\"Article\",\"@id\":\"https:\\\/\\\/www.feyalegria.org\\\/bolivia\\\/fe-y-alegria-cochabamba-estrategias-pedagogicas-para-una-inclusion-efectiva\\\/#article\",\"isPartOf\":{\"@id\":\"https:\\\/\\\/www.feyalegria.org\\\/bolivia\\\/fe-y-alegria-cochabamba-estrategias-pedagogicas-para-una-inclusion-efectiva\\\/\"},\"author\":{\"name\":\"adminbo01\",\"@id\":\"https:\\\/\\\/www.feyalegria.org\\\/bolivia\\\/#\\\/schema\\\/person\\\/efb8055d6009446b83a28d4b6e421849\"},\"headline\":\"Fe y Alegr\u00eda Cochabamba: Estrategias pedag\u00f3gicas para una inclusi\u00f3n efectiva\u0094\",\"datePublished\":\"2019-08-20T13:19:52+00:00\",\"mainEntityOfPage\":{\"@id\":\"https:\\\/\\\/www.feyalegria.org\\\/bolivia\\\/fe-y-alegria-cochabamba-estrategias-pedagogicas-para-una-inclusion-efectiva\\\/\"},\"wordCount\":231,\"image\":{\"@id\":\"https:\\\/\\\/www.feyalegria.org\\\/bolivia\\\/fe-y-alegria-cochabamba-estrategias-pedagogicas-para-una-inclusion-efectiva\\\/#primaryimage\"},\"thumbnailUrl\":\"http:\\\/\\\/www.feyalegria.edu.bo\\\/images\\\/2019\\\/Cochabamba\\\/Nota_04_Especial_Cochabamba_3-min.jpg\",\"articleSection\":[\"Cochabamba\",\"Noticias\"],\"inLanguage\":\"es\"},{\"@type\":\"WebPage\",\"@id\":\"https:\\\/\\\/www.feyalegria.org\\\/bolivia\\\/fe-y-alegria-cochabamba-estrategias-pedagogicas-para-una-inclusion-efectiva\\\/\",\"url\":\"https:\\\/\\\/www.feyalegria.org\\\/bolivia\\\/fe-y-alegria-cochabamba-estrategias-pedagogicas-para-una-inclusion-efectiva\\\/\",\"name\":\"Fe y Alegr\u00eda Cochabamba: Estrategias pedag\u00f3gicas para una inclusi\u00f3n efectiva\u0094 - #SomosFeyAlegria en Bolivia\",\"isPartOf\":{\"@id\":\"https:\\\/\\\/www.feyalegria.org\\\/bolivia\\\/#website\"},\"primaryImageOfPage\":{\"@id\":\"https:\\\/\\\/www.feyalegria.org\\\/bolivia\\\/fe-y-alegria-cochabamba-estrategias-pedagogicas-para-una-inclusion-efectiva\\\/#primaryimage\"},\"image\":{\"@id\":\"https:\\\/\\\/www.feyalegria.org\\\/bolivia\\\/fe-y-alegria-cochabamba-estrategias-pedagogicas-para-una-inclusion-efectiva\\\/#primaryimage\"},\"thumbnailUrl\":\"http:\\\/\\\/www.feyalegria.edu.bo\\\/images\\\/2019\\\/Cochabamba\\\/Nota_04_Especial_Cochabamba_3-min.jpg\",\"datePublished\":\"2019-08-20T13:19:52+00:00\",\"author\":{\"@id\":\"https:\\\/\\\/www.feyalegria.org\\\/bolivia\\\/#\\\/schema\\\/person\\\/efb8055d6009446b83a28d4b6e421849\"},\"breadcrumb\":{\"@id\":\"https:\\\/\\\/www.feyalegria.org\\\/bolivia\\\/fe-y-alegria-cochabamba-estrategias-pedagogicas-para-una-inclusion-efectiva\\\/#breadcrumb\"},\"inLanguage\":\"es\",\"potentialAction\":[{\"@type\":\"ReadAction\",\"target\":[\"https:\\\/\\\/www.feyalegria.org\\\/bolivia\\\/fe-y-alegria-cochabamba-estrategias-pedagogicas-para-una-inclusion-efectiva\\\/\"]}]},{\"@type\":\"ImageObject\",\"inLanguage\":\"es\",\"@id\":\"https:\\\/\\\/www.feyalegria.org\\\/bolivia\\\/fe-y-alegria-cochabamba-estrategias-pedagogicas-para-una-inclusion-efectiva\\\/#primaryimage\",\"url\":\"http:\\\/\\\/www.feyalegria.edu.bo\\\/images\\\/2019\\\/Cochabamba\\\/Nota_04_Especial_Cochabamba_3-min.jpg\",\"contentUrl\":\"http:\\\/\\\/www.feyalegria.edu.bo\\\/images\\\/2019\\\/Cochabamba\\\/Nota_04_Especial_Cochabamba_3-min.jpg\"},{\"@type\":\"BreadcrumbList\",\"@id\":\"https:\\\/\\\/www.feyalegria.org\\\/bolivia\\\/fe-y-alegria-cochabamba-estrategias-pedagogicas-para-una-inclusion-efectiva\\\/#breadcrumb\",\"itemListElement\":[{\"@type\":\"ListItem\",\"position\":1,\"name\":\"Home\",\"item\":\"https:\\\/\\\/www.feyalegria.org\\\/bolivia\\\/\"},{\"@type\":\"ListItem\",\"position\":2,\"name\":\"Fe y Alegr\u00eda Cochabamba: Estrategias pedag\u00f3gicas para una inclusi\u00f3n efectiva\u0094\"}]},{\"@type\":\"WebSite\",\"@id\":\"https:\\\/\\\/www.feyalegria.org\\\/bolivia\\\/#website\",\"url\":\"https:\\\/\\\/www.feyalegria.org\\\/bolivia\\\/\",\"name\":\"#SomosFeyAlegria en Bolivia\",\"description\":\"Movimiento de Educaci\u00f3n Popular y Promoci\u00f3n Social\",\"potentialAction\":[{\"@type\":\"SearchAction\",\"target\":{\"@type\":\"EntryPoint\",\"urlTemplate\":\"https:\\\/\\\/www.feyalegria.org\\\/bolivia\\\/?s={search_term_string}\"},\"query-input\":{\"@type\":\"PropertyValueSpecification\",\"valueRequired\":true,\"valueName\":\"search_term_string\"}}],\"inLanguage\":\"es\"},{\"@type\":\"Person\",\"@id\":\"https:\\\/\\\/www.feyalegria.org\\\/bolivia\\\/#\\\/schema\\\/person\\\/efb8055d6009446b83a28d4b6e421849\",\"name\":\"adminbo01\",\"url\":\"https:\\\/\\\/www.feyalegria.org\\\/bolivia\\\/author\\\/adminbo01\\\/\"}]}<\/script>\n<!-- \/ Yoast SEO plugin. -->","yoast_head_json":{"title":"Fe y Alegr\u00eda Cochabamba: Estrategias pedag\u00f3gicas para una inclusi\u00f3n efectiva\u0094 - #SomosFeyAlegria en Bolivia","robots":{"index":"index","follow":"follow","max-snippet":"max-snippet:-1","max-image-preview":"max-image-preview:large","max-video-preview":"max-video-preview:-1"},"canonical":"https:\/\/www.feyalegria.org\/bolivia\/fe-y-alegria-cochabamba-estrategias-pedagogicas-para-una-inclusion-efectiva\/","og_locale":"es_ES","og_type":"article","og_title":"Fe y Alegr\u00eda Cochabamba: Estrategias pedag\u00f3gicas para una inclusi\u00f3n efectiva\u0094 - #SomosFeyAlegria en Bolivia","og_description":"El taller enlaza con la labor que se impulsa desde la departamental para promover una inclusi\u00f3n real y efectiva","og_url":"https:\/\/www.feyalegria.org\/bolivia\/fe-y-alegria-cochabamba-estrategias-pedagogicas-para-una-inclusion-efectiva\/","og_site_name":"#SomosFeyAlegria en Bolivia","article_published_time":"2019-08-20T13:19:52+00:00","og_image":[{"url":"http:\/\/www.feyalegria.edu.bo\/images\/2019\/Cochabamba\/Nota_04_Especial_Cochabamba_3-min.jpg","type":"","width":"","height":""}],"author":"adminbo01","twitter_card":"summary_large_image","twitter_misc":{"Escrito por":"adminbo01","Tiempo de lectura":"1 minuto"},"schema":{"@context":"https:\/\/schema.org","@graph":[{"@type":"Article","@id":"https:\/\/www.feyalegria.org\/bolivia\/fe-y-alegria-cochabamba-estrategias-pedagogicas-para-una-inclusion-efectiva\/#article","isPartOf":{"@id":"https:\/\/www.feyalegria.org\/bolivia\/fe-y-alegria-cochabamba-estrategias-pedagogicas-para-una-inclusion-efectiva\/"},"author":{"name":"adminbo01","@id":"https:\/\/www.feyalegria.org\/bolivia\/#\/schema\/person\/efb8055d6009446b83a28d4b6e421849"},"headline":"Fe y Alegr\u00eda Cochabamba: Estrategias pedag\u00f3gicas para una inclusi\u00f3n efectiva\u0094","datePublished":"2019-08-20T13:19:52+00:00","mainEntityOfPage":{"@id":"https:\/\/www.feyalegria.org\/bolivia\/fe-y-alegria-cochabamba-estrategias-pedagogicas-para-una-inclusion-efectiva\/"},"wordCount":231,"image":{"@id":"https:\/\/www.feyalegria.org\/bolivia\/fe-y-alegria-cochabamba-estrategias-pedagogicas-para-una-inclusion-efectiva\/#primaryimage"},"thumbnailUrl":"http:\/\/www.feyalegria.edu.bo\/images\/2019\/Cochabamba\/Nota_04_Especial_Cochabamba_3-min.jpg","articleSection":["Cochabamba","Noticias"],"inLanguage":"es"},{"@type":"WebPage","@id":"https:\/\/www.feyalegria.org\/bolivia\/fe-y-alegria-cochabamba-estrategias-pedagogicas-para-una-inclusion-efectiva\/","url":"https:\/\/www.feyalegria.org\/bolivia\/fe-y-alegria-cochabamba-estrategias-pedagogicas-para-una-inclusion-efectiva\/","name":"Fe y Alegr\u00eda Cochabamba: Estrategias pedag\u00f3gicas para una inclusi\u00f3n efectiva\u0094 - #SomosFeyAlegria en Bolivia","isPartOf":{"@id":"https:\/\/www.feyalegria.org\/bolivia\/#website"},"primaryImageOfPage":{"@id":"https:\/\/www.feyalegria.org\/bolivia\/fe-y-alegria-cochabamba-estrategias-pedagogicas-para-una-inclusion-efectiva\/#primaryimage"},"image":{"@id":"https:\/\/www.feyalegria.org\/bolivia\/fe-y-alegria-cochabamba-estrategias-pedagogicas-para-una-inclusion-efectiva\/#primaryimage"},"thumbnailUrl":"http:\/\/www.feyalegria.edu.bo\/images\/2019\/Cochabamba\/Nota_04_Especial_Cochabamba_3-min.jpg","datePublished":"2019-08-20T13:19:52+00:00","author":{"@id":"https:\/\/www.feyalegria.org\/bolivia\/#\/schema\/person\/efb8055d6009446b83a28d4b6e421849"},"breadcrumb":{"@id":"https:\/\/www.feyalegria.org\/bolivia\/fe-y-alegria-cochabamba-estrategias-pedagogicas-para-una-inclusion-efectiva\/#breadcrumb"},"inLanguage":"es","potentialAction":[{"@type":"ReadAction","target":["https:\/\/www.feyalegria.org\/bolivia\/fe-y-alegria-cochabamba-estrategias-pedagogicas-para-una-inclusion-efectiva\/"]}]},{"@type":"ImageObject","inLanguage":"es","@id":"https:\/\/www.feyalegria.org\/bolivia\/fe-y-alegria-cochabamba-estrategias-pedagogicas-para-una-inclusion-efectiva\/#primaryimage","url":"http:\/\/www.feyalegria.edu.bo\/images\/2019\/Cochabamba\/Nota_04_Especial_Cochabamba_3-min.jpg","contentUrl":"http:\/\/www.feyalegria.edu.bo\/images\/2019\/Cochabamba\/Nota_04_Especial_Cochabamba_3-min.jpg"},{"@type":"BreadcrumbList","@id":"https:\/\/www.feyalegria.org\/bolivia\/fe-y-alegria-cochabamba-estrategias-pedagogicas-para-una-inclusion-efectiva\/#breadcrumb","itemListElement":[{"@type":"ListItem","position":1,"name":"Home","item":"https:\/\/www.feyalegria.org\/bolivia\/"},{"@type":"ListItem","position":2,"name":"Fe y Alegr\u00eda Cochabamba: Estrategias pedag\u00f3gicas para una inclusi\u00f3n efectiva\u0094"}]},{"@type":"WebSite","@id":"https:\/\/www.feyalegria.org\/bolivia\/#website","url":"https:\/\/www.feyalegria.org\/bolivia\/","name":"#SomosFeyAlegria en Bolivia","description":"Movimiento de Educaci\u00f3n Popular y Promoci\u00f3n Social","potentialAction":[{"@type":"SearchAction","target":{"@type":"EntryPoint","urlTemplate":"https:\/\/www.feyalegria.org\/bolivia\/?s={search_term_string}"},"query-input":{"@type":"PropertyValueSpecification","valueRequired":true,"valueName":"search_term_string"}}],"inLanguage":"es"},{"@type":"Person","@id":"https:\/\/www.feyalegria.org\/bolivia\/#\/schema\/person\/efb8055d6009446b83a28d4b6e421849","name":"adminbo01","url":"https:\/\/www.feyalegria.org\/bolivia\/author\/adminbo01\/"}]}},"_links":{"self":[{"href":"https:\/\/www.feyalegria.org\/bolivia\/wp-json\/wp\/v2\/posts\/8390","targetHints":{"allow":["GET"]}}],"collection":[{"href":"https:\/\/www.feyalegria.org\/bolivia\/wp-json\/wp\/v2\/posts"}],"about":[{"href":"https:\/\/www.feyalegria.org\/bolivia\/wp-json\/wp\/v2\/types\/post"}],"author":[{"embeddable":true,"href":"https:\/\/www.feyalegria.org\/bolivia\/wp-json\/wp\/v2\/users\/73"}],"replies":[{"embeddable":true,"href":"https:\/\/www.feyalegria.org\/bolivia\/wp-json\/wp\/v2\/comments?post=8390"}],"version-history":[{"count":0,"href":"https:\/\/www.feyalegria.org\/bolivia\/wp-json\/wp\/v2\/posts\/8390\/revisions"}],"wp:attachment":[{"href":"https:\/\/www.feyalegria.org\/bolivia\/wp-json\/wp\/v2\/media?parent=8390"}],"wp:term":[{"taxonomy":"category","embeddable":true,"href":"https:\/\/www.feyalegria.org\/bolivia\/wp-json\/wp\/v2\/categories?post=8390"},{"taxonomy":"post_tag","embeddable":true,"href":"https:\/\/www.feyalegria.org\/bolivia\/wp-json\/wp\/v2\/tags?post=8390"},{"taxonomy":"post_folder","embeddable":true,"href":"https:\/\/www.feyalegria.org\/bolivia\/wp-json\/wp\/v2\/post_folder?post=8390"}],"curies":[{"name":"wp","href":"https:\/\/api.w.org\/{rel}","templated":true}]}}