 {"id":14100,"date":"2020-08-05T12:07:50","date_gmt":"2020-08-05T12:07:50","guid":{"rendered":"http:\/\/fealegria.org.br\/?p=14100"},"modified":"2021-11-09T19:28:00","modified_gmt":"2021-11-09T22:28:00","slug":"fe-e-alegria-de-ilheus-ba-realizara-live-solidaria-sobre-o-projeto-a-saga-do-cacau","status":"publish","type":"post","link":"https:\/\/www.feyalegria.org\/brasil\/fe-e-alegria-de-ilheus-ba-realizara-live-solidaria-sobre-o-projeto-a-saga-do-cacau\/","title":{"rendered":"F\u00e9 e Alegria de Ilh\u00e9us (BA) realizar\u00e1 live solid\u00e1ria sobre o Projeto \u201cA Saga do Cacau\u201d"},"content":{"rendered":"<div class=\"wpb-content-wrapper\"><p>[vc_row][vc_column][vc_column_text]Desde 2014, o Centro Social Nossa Senhora da Vit\u00f3ria e o Centro Social Salobrinho, unidades de F\u00e9 e Alegria de Ilh\u00e9us (BA), conduzem o projeto \u201cA Saga do Cacau\u201d, um conjunto de atividades voltadas para educandos de 7 a 17 anos que abordam aspectos da cultura regional e da sociedade cacaueira. Para divulgar as a\u00e7\u00f5es, no dia 8 de agosto, \u00e0s 17h, ser\u00e1 realizada uma live solid\u00e1ria que apresentar\u00e1 o processo de constru\u00e7\u00e3o das atividades e hist\u00f3ria da cultura cacaueira, \u00a0al\u00e9m de promover a Campanha \u201cAlimente uma Fam\u00edlia\u201d da Funda\u00e7\u00e3o F\u00e9 e Alegria, \u00a0cuja finalidade \u00e9 arrecadar cestas b\u00e1sicas para as fam\u00edlias atendidas em todo o Brasil.<\/p>\n<p>O f\u00f3rum virtual ser\u00e1 ministrado pela coordenadora das unidades de Ilh\u00e9us, Josefa Soares, com participa\u00e7\u00e3o do ex-educador de F\u00e9 e Alegria e idealizador do projeto, Danilo Nascimento, e da \u00a0especialista em tecnologia de p\u00f3s-colheita de cacau e boas pr\u00e1ticas de produ\u00e7\u00e3o, <a href=\"https:\/\/www.instagram.com\/adriana_reisba\/\">Dr\u00aa Adriana Reis<\/a>, que falar\u00e1 sobre aspectos hist\u00f3ricos e contempor\u00e2neos da cultura cacaueira da regi\u00e3o de Ilh\u00e9us.<\/p>\n<p><img loading=\"lazy\" decoding=\"async\" class=\"wp-image-24030 aligncenter\" src=\"https:\/\/d3pugrm67vf9n7.cloudfront.net\/wp-content\/uploads\/sites\/23\/2020\/08\/22230807\/Live-Ilheus-foto-300x300.jpg\" alt=\"\" width=\"425\" height=\"425\" srcset=\"https:\/\/d3pugrm67vf9n7.cloudfront.net\/wp-content\/uploads\/sites\/23\/2020\/08\/22230807\/Live-Ilheus-foto-300x300.jpg 300w, https:\/\/d3pugrm67vf9n7.cloudfront.net\/wp-content\/uploads\/sites\/23\/2020\/08\/22230807\/Live-Ilheus-foto-150x150.jpg 150w, https:\/\/d3pugrm67vf9n7.cloudfront.net\/wp-content\/uploads\/sites\/23\/2020\/08\/22230807\/Live-Ilheus-foto-200x200.jpg 200w, https:\/\/d3pugrm67vf9n7.cloudfront.net\/wp-content\/uploads\/sites\/23\/2020\/08\/22230807\/Live-Ilheus-foto.jpg 500w\" sizes=\"auto, (max-width: 425px) 100vw, 425px\" \/><\/p>\n<p>&nbsp;<\/p>\n<p>Nas unidades de F\u00e9 e Alegria, as atividades realizadas abordaram a liga\u00e7\u00e3o do homem com a monocultura do cacau e a natureza, al\u00e9m das rela\u00e7\u00f5es entre o oprimido e opressor, que se transformaram em objeto de estudo para a produ\u00e7\u00e3o cient\u00edfica &#8220;Retratos do que se foi: Uma ruptura com a sociedade do continu\u00edsmo&#8221;. O artigo foi apresentado na II Confer\u00eancia da Educa\u00e7\u00e3o Cient\u00edfica do Sul da Bahia, promovida pela Universidade Estadual em outubro de 2018, e destacou as a\u00e7\u00f5es realizadas com os educandos que envolveram pesquisas, leituras, reflex\u00f5es, produ\u00e7\u00f5es textuais, atividades musicais e art\u00edsticas.<\/p>\n<p>Voc\u00ea pode ouvir o \u00e1lbum com o resultado do trabalho pelo <a href=\"https:\/\/open.spotify.com\/album\/2UKS7ZkB9Kkja6MqCeVVAK?si=XFmlgHPNTDK45HpHIpNfVg\">Spotify<\/a> ou pelo <a href=\"https:\/\/www.youtube.com\/channel\/UCpjxknjN8V0QpgTd4A58nOA\">Youtube<\/a>.<\/p>\n<p><strong>Live Solid\u00e1ria \u2013 \u201cA Saga do Cacau\u201d<\/strong><\/p>\n<p><strong>Data<\/strong>: 08 de agosto (s\u00e1bado)<\/p>\n<p><strong>Hor\u00e1rio<\/strong>: 17h<\/p>\n<p><strong>Onde assistir<\/strong>: <a href=\"https:\/\/www.youtube.com\/channel\/UCpjxknjN8V0QpgTd4A58nOA\">Youtube &#8211; F\u00e9 e Alegria Ilh\u00e9us Oficial<\/a><\/p>\n<p><strong>Como ajudar<\/strong>: <a href=\"https:\/\/fealegria.org.br\/doe-agora\/\">fealegria.org.br\/doe-agora<\/a>[\/vc_column_text][\/vc_column][\/vc_row]<\/p>\n<\/div>","protected":false},"excerpt":{"rendered":"<p>[vc_row][vc_column][vc_column_text]Desde 2014, o Centro Social Nossa Senhora da Vit\u00f3ria e o Centro Social Salobrinho, unidades de F\u00e9 e Alegria de Ilh\u00e9us (BA), conduzem o projeto \u201cA Saga do Cacau\u201d, um conjunto de atividades voltadas para educandos de 7 a 17 anos que abordam aspectos da cultura regional e da sociedade cacaueira. Para divulgar as a\u00e7\u00f5es,<\/p>\n","protected":false},"author":2,"featured_media":24030,"comment_status":"closed","ping_status":"closed","sticky":false,"template":"","format":"standard","meta":{"_acf_changed":false,"footnotes":""},"categories":[432],"tags":[563,601,557,603,446,555,605,491],"post_folder":[],"class_list":["post-14100","post","type-post","status-publish","format-standard","has-post-thumbnail","hentry","category-noticias-pt","tag-alimenteumafamilia","tag-asagadocacau","tag-bahia","tag-culturacacaueira","tag-fya-pt","tag-ilheus","tag-uneb","tag-unidades"],"acf":[],"yoast_head":"<!-- This site is optimized with the Yoast SEO plugin v27.5 - https:\/\/yoast.com\/product\/yoast-seo-wordpress\/ -->\n<title>F\u00e9 e Alegria de Ilh\u00e9us (BA) realizar\u00e1 live solid\u00e1ria sobre o Projeto \u201cA Saga do Cacau\u201d - #SomosF\u00e9eAlegria en Brasil<\/title>\n<meta name=\"robots\" content=\"index, follow, max-snippet:-1, max-image-preview:large, max-video-preview:-1\" \/>\n<link rel=\"canonical\" href=\"https:\/\/www.feyalegria.org\/brasil\/fe-e-alegria-de-ilheus-ba-realizara-live-solidaria-sobre-o-projeto-a-saga-do-cacau\/\" \/>\n<meta property=\"og:locale\" content=\"es_ES\" \/>\n<meta property=\"og:type\" content=\"article\" \/>\n<meta property=\"og:title\" content=\"F\u00e9 e Alegria de Ilh\u00e9us (BA) realizar\u00e1 live solid\u00e1ria sobre o Projeto \u201cA Saga do Cacau\u201d - #SomosF\u00e9eAlegria en Brasil\" \/>\n<meta property=\"og:description\" content=\"[vc_row][vc_column][vc_column_text]Desde 2014, o Centro Social Nossa Senhora da Vit\u00f3ria e o Centro Social Salobrinho, unidades de F\u00e9 e Alegria de Ilh\u00e9us (BA), conduzem o projeto \u201cA Saga do Cacau\u201d, um conjunto de atividades voltadas para educandos de 7 a 17 anos que abordam aspectos da cultura regional e da sociedade cacaueira. Para divulgar as a\u00e7\u00f5es,\" \/>\n<meta property=\"og:url\" content=\"https:\/\/www.feyalegria.org\/brasil\/fe-e-alegria-de-ilheus-ba-realizara-live-solidaria-sobre-o-projeto-a-saga-do-cacau\/\" \/>\n<meta property=\"og:site_name\" content=\"#SomosF\u00e9eAlegria en Brasil\" \/>\n<meta property=\"article:published_time\" content=\"2020-08-05T12:07:50+00:00\" \/>\n<meta property=\"article:modified_time\" content=\"2021-11-09T22:28:00+00:00\" \/>\n<meta property=\"og:image\" content=\"https:\/\/d3pugrm67vf9n7.cloudfront.net\/wp-content\/uploads\/sites\/23\/2020\/08\/22230807\/Live-Ilheus-foto.jpg\" \/>\n\t<meta property=\"og:image:width\" content=\"500\" \/>\n\t<meta property=\"og:image:height\" content=\"501\" \/>\n\t<meta property=\"og:image:type\" content=\"image\/jpeg\" \/>\n<meta name=\"author\" content=\"adminfya\" \/>\n<meta name=\"twitter:card\" content=\"summary_large_image\" \/>\n<meta name=\"twitter:label1\" content=\"Escrito por\" \/>\n\t<meta name=\"twitter:data1\" content=\"adminfya\" \/>\n\t<meta name=\"twitter:label2\" content=\"Tiempo de lectura\" \/>\n\t<meta name=\"twitter:data2\" content=\"2 minutos\" \/>\n<script type=\"application\/ld+json\" class=\"yoast-schema-graph\">{\"@context\":\"https:\\\/\\\/schema.org\",\"@graph\":[{\"@type\":\"Article\",\"@id\":\"https:\\\/\\\/www.feyalegria.org\\\/brasil\\\/fe-e-alegria-de-ilheus-ba-realizara-live-solidaria-sobre-o-projeto-a-saga-do-cacau\\\/#article\",\"isPartOf\":{\"@id\":\"https:\\\/\\\/www.feyalegria.org\\\/brasil\\\/fe-e-alegria-de-ilheus-ba-realizara-live-solidaria-sobre-o-projeto-a-saga-do-cacau\\\/\"},\"author\":{\"name\":\"adminfya\",\"@id\":\"https:\\\/\\\/www.feyalegria.org\\\/brasil\\\/#\\\/schema\\\/person\\\/f113dd05751b9243bcc4b62d8f55bc4b\"},\"headline\":\"F\u00e9 e Alegria de Ilh\u00e9us (BA) realizar\u00e1 live solid\u00e1ria sobre o Projeto \u201cA Saga do Cacau\u201d\",\"datePublished\":\"2020-08-05T12:07:50+00:00\",\"dateModified\":\"2021-11-09T22:28:00+00:00\",\"mainEntityOfPage\":{\"@id\":\"https:\\\/\\\/www.feyalegria.org\\\/brasil\\\/fe-e-alegria-de-ilheus-ba-realizara-live-solidaria-sobre-o-projeto-a-saga-do-cacau\\\/\"},\"wordCount\":366,\"image\":{\"@id\":\"https:\\\/\\\/www.feyalegria.org\\\/brasil\\\/fe-e-alegria-de-ilheus-ba-realizara-live-solidaria-sobre-o-projeto-a-saga-do-cacau\\\/#primaryimage\"},\"thumbnailUrl\":\"https:\\\/\\\/d3pugrm67vf9n7.cloudfront.net\\\/wp-content\\\/uploads\\\/sites\\\/23\\\/2020\\\/08\\\/22230807\\\/Live-Ilheus-foto.jpg\",\"keywords\":[\"alimenteumafamilia\",\"asagadocacau\",\"Bahia\",\"culturacacaueira\",\"FyA\",\"Ilh\u00e9us\",\"UNEB\",\"unidades\"],\"articleSection\":[\"Noticias\"],\"inLanguage\":\"es-CO\"},{\"@type\":\"WebPage\",\"@id\":\"https:\\\/\\\/www.feyalegria.org\\\/brasil\\\/fe-e-alegria-de-ilheus-ba-realizara-live-solidaria-sobre-o-projeto-a-saga-do-cacau\\\/\",\"url\":\"https:\\\/\\\/www.feyalegria.org\\\/brasil\\\/fe-e-alegria-de-ilheus-ba-realizara-live-solidaria-sobre-o-projeto-a-saga-do-cacau\\\/\",\"name\":\"F\u00e9 e Alegria de Ilh\u00e9us (BA) realizar\u00e1 live solid\u00e1ria sobre o Projeto \u201cA Saga do Cacau\u201d - #SomosF\u00e9eAlegria en Brasil\",\"isPartOf\":{\"@id\":\"https:\\\/\\\/www.feyalegria.org\\\/brasil\\\/#website\"},\"primaryImageOfPage\":{\"@id\":\"https:\\\/\\\/www.feyalegria.org\\\/brasil\\\/fe-e-alegria-de-ilheus-ba-realizara-live-solidaria-sobre-o-projeto-a-saga-do-cacau\\\/#primaryimage\"},\"image\":{\"@id\":\"https:\\\/\\\/www.feyalegria.org\\\/brasil\\\/fe-e-alegria-de-ilheus-ba-realizara-live-solidaria-sobre-o-projeto-a-saga-do-cacau\\\/#primaryimage\"},\"thumbnailUrl\":\"https:\\\/\\\/d3pugrm67vf9n7.cloudfront.net\\\/wp-content\\\/uploads\\\/sites\\\/23\\\/2020\\\/08\\\/22230807\\\/Live-Ilheus-foto.jpg\",\"datePublished\":\"2020-08-05T12:07:50+00:00\",\"dateModified\":\"2021-11-09T22:28:00+00:00\",\"author\":{\"@id\":\"https:\\\/\\\/www.feyalegria.org\\\/brasil\\\/#\\\/schema\\\/person\\\/f113dd05751b9243bcc4b62d8f55bc4b\"},\"inLanguage\":\"es-CO\",\"potentialAction\":[{\"@type\":\"ReadAction\",\"target\":[\"https:\\\/\\\/www.feyalegria.org\\\/brasil\\\/fe-e-alegria-de-ilheus-ba-realizara-live-solidaria-sobre-o-projeto-a-saga-do-cacau\\\/\"]}]},{\"@type\":\"ImageObject\",\"inLanguage\":\"es-CO\",\"@id\":\"https:\\\/\\\/www.feyalegria.org\\\/brasil\\\/fe-e-alegria-de-ilheus-ba-realizara-live-solidaria-sobre-o-projeto-a-saga-do-cacau\\\/#primaryimage\",\"url\":\"https:\\\/\\\/d3pugrm67vf9n7.cloudfront.net\\\/wp-content\\\/uploads\\\/sites\\\/23\\\/2020\\\/08\\\/22230807\\\/Live-Ilheus-foto.jpg\",\"contentUrl\":\"https:\\\/\\\/d3pugrm67vf9n7.cloudfront.net\\\/wp-content\\\/uploads\\\/sites\\\/23\\\/2020\\\/08\\\/22230807\\\/Live-Ilheus-foto.jpg\",\"width\":500,\"height\":501},{\"@type\":\"WebSite\",\"@id\":\"https:\\\/\\\/www.feyalegria.org\\\/brasil\\\/#website\",\"url\":\"https:\\\/\\\/www.feyalegria.org\\\/brasil\\\/\",\"name\":\"#SomosF\u00e9eAlegria en Brasil\",\"description\":\"\",\"potentialAction\":[{\"@type\":\"SearchAction\",\"target\":{\"@type\":\"EntryPoint\",\"urlTemplate\":\"https:\\\/\\\/www.feyalegria.org\\\/brasil\\\/?s={search_term_string}\"},\"query-input\":{\"@type\":\"PropertyValueSpecification\",\"valueRequired\":true,\"valueName\":\"search_term_string\"}}],\"inLanguage\":\"es-CO\"},{\"@type\":\"Person\",\"@id\":\"https:\\\/\\\/www.feyalegria.org\\\/brasil\\\/#\\\/schema\\\/person\\\/f113dd05751b9243bcc4b62d8f55bc4b\",\"name\":\"adminfya\",\"url\":\"https:\\\/\\\/www.feyalegria.org\\\/brasil\\\/author\\\/adminfya\\\/\"}]}<\/script>\n<!-- \/ Yoast SEO plugin. -->","yoast_head_json":{"title":"F\u00e9 e Alegria de Ilh\u00e9us (BA) realizar\u00e1 live solid\u00e1ria sobre o Projeto \u201cA Saga do Cacau\u201d - #SomosF\u00e9eAlegria en Brasil","robots":{"index":"index","follow":"follow","max-snippet":"max-snippet:-1","max-image-preview":"max-image-preview:large","max-video-preview":"max-video-preview:-1"},"canonical":"https:\/\/www.feyalegria.org\/brasil\/fe-e-alegria-de-ilheus-ba-realizara-live-solidaria-sobre-o-projeto-a-saga-do-cacau\/","og_locale":"es_ES","og_type":"article","og_title":"F\u00e9 e Alegria de Ilh\u00e9us (BA) realizar\u00e1 live solid\u00e1ria sobre o Projeto \u201cA Saga do Cacau\u201d - #SomosF\u00e9eAlegria en Brasil","og_description":"[vc_row][vc_column][vc_column_text]Desde 2014, o Centro Social Nossa Senhora da Vit\u00f3ria e o Centro Social Salobrinho, unidades de F\u00e9 e Alegria de Ilh\u00e9us (BA), conduzem o projeto \u201cA Saga do Cacau\u201d, um conjunto de atividades voltadas para educandos de 7 a 17 anos que abordam aspectos da cultura regional e da sociedade cacaueira. Para divulgar as a\u00e7\u00f5es,","og_url":"https:\/\/www.feyalegria.org\/brasil\/fe-e-alegria-de-ilheus-ba-realizara-live-solidaria-sobre-o-projeto-a-saga-do-cacau\/","og_site_name":"#SomosF\u00e9eAlegria en Brasil","article_published_time":"2020-08-05T12:07:50+00:00","article_modified_time":"2021-11-09T22:28:00+00:00","og_image":[{"width":500,"height":501,"url":"https:\/\/d3pugrm67vf9n7.cloudfront.net\/wp-content\/uploads\/sites\/23\/2020\/08\/22230807\/Live-Ilheus-foto.jpg","type":"image\/jpeg"}],"author":"adminfya","twitter_card":"summary_large_image","twitter_misc":{"Escrito por":"adminfya","Tiempo de lectura":"2 minutos"},"schema":{"@context":"https:\/\/schema.org","@graph":[{"@type":"Article","@id":"https:\/\/www.feyalegria.org\/brasil\/fe-e-alegria-de-ilheus-ba-realizara-live-solidaria-sobre-o-projeto-a-saga-do-cacau\/#article","isPartOf":{"@id":"https:\/\/www.feyalegria.org\/brasil\/fe-e-alegria-de-ilheus-ba-realizara-live-solidaria-sobre-o-projeto-a-saga-do-cacau\/"},"author":{"name":"adminfya","@id":"https:\/\/www.feyalegria.org\/brasil\/#\/schema\/person\/f113dd05751b9243bcc4b62d8f55bc4b"},"headline":"F\u00e9 e Alegria de Ilh\u00e9us (BA) realizar\u00e1 live solid\u00e1ria sobre o Projeto \u201cA Saga do Cacau\u201d","datePublished":"2020-08-05T12:07:50+00:00","dateModified":"2021-11-09T22:28:00+00:00","mainEntityOfPage":{"@id":"https:\/\/www.feyalegria.org\/brasil\/fe-e-alegria-de-ilheus-ba-realizara-live-solidaria-sobre-o-projeto-a-saga-do-cacau\/"},"wordCount":366,"image":{"@id":"https:\/\/www.feyalegria.org\/brasil\/fe-e-alegria-de-ilheus-ba-realizara-live-solidaria-sobre-o-projeto-a-saga-do-cacau\/#primaryimage"},"thumbnailUrl":"https:\/\/d3pugrm67vf9n7.cloudfront.net\/wp-content\/uploads\/sites\/23\/2020\/08\/22230807\/Live-Ilheus-foto.jpg","keywords":["alimenteumafamilia","asagadocacau","Bahia","culturacacaueira","FyA","Ilh\u00e9us","UNEB","unidades"],"articleSection":["Noticias"],"inLanguage":"es-CO"},{"@type":"WebPage","@id":"https:\/\/www.feyalegria.org\/brasil\/fe-e-alegria-de-ilheus-ba-realizara-live-solidaria-sobre-o-projeto-a-saga-do-cacau\/","url":"https:\/\/www.feyalegria.org\/brasil\/fe-e-alegria-de-ilheus-ba-realizara-live-solidaria-sobre-o-projeto-a-saga-do-cacau\/","name":"F\u00e9 e Alegria de Ilh\u00e9us (BA) realizar\u00e1 live solid\u00e1ria sobre o Projeto \u201cA Saga do Cacau\u201d - #SomosF\u00e9eAlegria en Brasil","isPartOf":{"@id":"https:\/\/www.feyalegria.org\/brasil\/#website"},"primaryImageOfPage":{"@id":"https:\/\/www.feyalegria.org\/brasil\/fe-e-alegria-de-ilheus-ba-realizara-live-solidaria-sobre-o-projeto-a-saga-do-cacau\/#primaryimage"},"image":{"@id":"https:\/\/www.feyalegria.org\/brasil\/fe-e-alegria-de-ilheus-ba-realizara-live-solidaria-sobre-o-projeto-a-saga-do-cacau\/#primaryimage"},"thumbnailUrl":"https:\/\/d3pugrm67vf9n7.cloudfront.net\/wp-content\/uploads\/sites\/23\/2020\/08\/22230807\/Live-Ilheus-foto.jpg","datePublished":"2020-08-05T12:07:50+00:00","dateModified":"2021-11-09T22:28:00+00:00","author":{"@id":"https:\/\/www.feyalegria.org\/brasil\/#\/schema\/person\/f113dd05751b9243bcc4b62d8f55bc4b"},"inLanguage":"es-CO","potentialAction":[{"@type":"ReadAction","target":["https:\/\/www.feyalegria.org\/brasil\/fe-e-alegria-de-ilheus-ba-realizara-live-solidaria-sobre-o-projeto-a-saga-do-cacau\/"]}]},{"@type":"ImageObject","inLanguage":"es-CO","@id":"https:\/\/www.feyalegria.org\/brasil\/fe-e-alegria-de-ilheus-ba-realizara-live-solidaria-sobre-o-projeto-a-saga-do-cacau\/#primaryimage","url":"https:\/\/d3pugrm67vf9n7.cloudfront.net\/wp-content\/uploads\/sites\/23\/2020\/08\/22230807\/Live-Ilheus-foto.jpg","contentUrl":"https:\/\/d3pugrm67vf9n7.cloudfront.net\/wp-content\/uploads\/sites\/23\/2020\/08\/22230807\/Live-Ilheus-foto.jpg","width":500,"height":501},{"@type":"WebSite","@id":"https:\/\/www.feyalegria.org\/brasil\/#website","url":"https:\/\/www.feyalegria.org\/brasil\/","name":"#SomosF\u00e9eAlegria en Brasil","description":"","potentialAction":[{"@type":"SearchAction","target":{"@type":"EntryPoint","urlTemplate":"https:\/\/www.feyalegria.org\/brasil\/?s={search_term_string}"},"query-input":{"@type":"PropertyValueSpecification","valueRequired":true,"valueName":"search_term_string"}}],"inLanguage":"es-CO"},{"@type":"Person","@id":"https:\/\/www.feyalegria.org\/brasil\/#\/schema\/person\/f113dd05751b9243bcc4b62d8f55bc4b","name":"adminfya","url":"https:\/\/www.feyalegria.org\/brasil\/author\/adminfya\/"}]}},"_links":{"self":[{"href":"https:\/\/www.feyalegria.org\/brasil\/wp-json\/wp\/v2\/posts\/14100","targetHints":{"allow":["GET"]}}],"collection":[{"href":"https:\/\/www.feyalegria.org\/brasil\/wp-json\/wp\/v2\/posts"}],"about":[{"href":"https:\/\/www.feyalegria.org\/brasil\/wp-json\/wp\/v2\/types\/post"}],"author":[{"embeddable":true,"href":"https:\/\/www.feyalegria.org\/brasil\/wp-json\/wp\/v2\/users\/2"}],"replies":[{"embeddable":true,"href":"https:\/\/www.feyalegria.org\/brasil\/wp-json\/wp\/v2\/comments?post=14100"}],"version-history":[{"count":0,"href":"https:\/\/www.feyalegria.org\/brasil\/wp-json\/wp\/v2\/posts\/14100\/revisions"}],"wp:featuredmedia":[{"embeddable":true,"href":"https:\/\/www.feyalegria.org\/brasil\/wp-json\/wp\/v2\/media\/24030"}],"wp:attachment":[{"href":"https:\/\/www.feyalegria.org\/brasil\/wp-json\/wp\/v2\/media?parent=14100"}],"wp:term":[{"taxonomy":"category","embeddable":true,"href":"https:\/\/www.feyalegria.org\/brasil\/wp-json\/wp\/v2\/categories?post=14100"},{"taxonomy":"post_tag","embeddable":true,"href":"https:\/\/www.feyalegria.org\/brasil\/wp-json\/wp\/v2\/tags?post=14100"},{"taxonomy":"post_folder","embeddable":true,"href":"https:\/\/www.feyalegria.org\/brasil\/wp-json\/wp\/v2\/post_folder?post=14100"}],"curies":[{"name":"wp","href":"https:\/\/api.w.org\/{rel}","templated":true}]}}