 {"id":23528,"date":"2020-12-15T18:18:32","date_gmt":"2020-12-15T18:18:32","guid":{"rendered":"http:\/\/fealegria.org.br\/?p=23528"},"modified":"2021-11-09T18:24:34","modified_gmt":"2021-11-09T21:24:34","slug":"fe-e-alegria-recebe-premio-de-iniciativa-solidaria-dom-afonso-niehue-em-santa-catarina","status":"publish","type":"post","link":"https:\/\/www.feyalegria.org\/brasil\/fe-e-alegria-recebe-premio-de-iniciativa-solidaria-dom-afonso-niehue-em-santa-catarina\/","title":{"rendered":"F\u00e9 e Alegria recebe Pr\u00eamio de Iniciativa Solid\u00e1ria Dom Afonso Niehue em Santa Catarina"},"content":{"rendered":"<div class=\"wpb-content-wrapper\"><p>[vc_row][vc_column][vc_single_image image=&#8221;24275&#8243; img_size=&#8221;full&#8221; alignment=&#8221;center&#8221; style=&#8221;vc_box_rounded&#8221;][\/vc_column][\/vc_row][vc_row][vc_column][vc_column_text]Ap\u00f3s a elabora\u00e7\u00e3o da <a href=\"http:\/\/www.fealegria.org.br\/politica-interna-de-protecao-aos-direitos-da-crianca-e-do-adolescente\/\">Pol\u00edtica Interna de Prote\u00e7\u00e3o aos Direitos da Crian\u00e7a e do Adolescente<\/a>, a Funda\u00e7\u00e3o F\u00e9 e Alegria e a Rede Jesu\u00edta de Educa\u00e7\u00e3o B\u00e1sica (RJE), em parceria com a Universidade Cat\u00f3lica de Pernambuco (UNICAP), se uniram para promover o curso <strong>\u00c9tica e Cuidado para Cria\u00e7\u00e3o de uma Cultura de Prote\u00e7\u00e3o a Pessoas em Situa\u00e7\u00e3o de Vulnerabilidade<\/strong>, voltado para colaboradores das Obras da Companhia de Jesus no Brasil.<\/p>\n<p>Realizada em novembro, a capacita\u00e7\u00e3o \u00e9 online e tem como objetivo preparar e sensibilizar os colaboradores para oferecer um atendimento com olhar de empatia e cuidado, contribuindo para promo\u00e7\u00e3o e garantia de ambientes livres de qualquer forma de abuso. As aulas t\u00eam como base a nova Pol\u00edtica Interna, documento que dever\u00e1 ser seguido como refer\u00eancias para os Col\u00e9gios e Escolas da RJE e Unidades de F\u00e9 e Alegria.[\/vc_column_text][vc_row_inner][vc_column_inner width=&#8221;2\/3&#8243;][vc_column_text]Ao todo, ser\u00e3o cerca de 130 profissionais capacitados nesse tema de grande relev\u00e2ncia e complexidade para a sociedade brasileira.<\/p>\n<p>Confira abaixo mais detalhes sobre os m\u00f3dulos da capacita\u00e7\u00e3o:<\/p>\n<p><strong>M\u00f3dulo 1 <\/strong><\/p>\n<p>Reflex\u00e3o sobre a pedagogia do cuidado, a import\u00e2ncia de desenvolver um olhar de prote\u00e7\u00e3o, considerando a realidade da Educa\u00e7\u00e3o B\u00e1sica e os princ\u00edpios humanistas da espiritualidade e pedagogia inacianas.<\/p>\n<p><strong>M\u00f3dulo 2 <\/strong><\/p>\n<p>Aprofundamento nos processos psicol\u00f3gicos e sociais das diversas realidades da crian\u00e7a e do adolescente.<\/p>\n<p><strong>M\u00f3dulo 3 <\/strong><\/p>\n<p>Apresenta\u00e7\u00e3o e reflex\u00e3o sobre as legisla\u00e7\u00f5es com foco na crian\u00e7a e no adolescente, considerando a perspectiva de direitos humanos, leis civis e can\u00f4nicas.<\/p>\n<p><strong>M\u00f3dulo 4 <\/strong><\/p>\n<p>\u00c0 luz dos conte\u00fados desenvolvidos e das diversas realidades, ser\u00e1 desenvolvido um plano de a\u00e7\u00e3o visando \u00e0 cultura de prote\u00e7\u00e3o de crian\u00e7as e adolescentes e pessoas em situa\u00e7\u00e3o de vulnerabilidade.<\/p>\n<p>Esta \u00e9 a primeira forma\u00e7\u00e3o para os educadores e a previs\u00e3o \u00e9 que esse modelo de forma\u00e7\u00e3o seja continuado nos anos seguintes. O objetivo \u00e9 proporcionar conhecimento, aten\u00e7\u00e3o e cuidado com as crian\u00e7as e os adolescentes, acolhendo-os em um ambiente seguro e sadio nas unidades de F\u00e9 e Alegria e em todas as obras da Companhia de Jesus no Brasil.[\/vc_column_text][\/vc_column_inner][vc_column_inner width=&#8221;1\/3&#8243;][vc_single_image image=&#8221;24274&#8243; img_size=&#8221;full&#8221; alignment=&#8221;center&#8221; style=&#8221;vc_box_rounded&#8221;][\/vc_column_inner][\/vc_row_inner][\/vc_column][\/vc_row]<\/p>\n<\/div>","protected":false},"excerpt":{"rendered":"<p>[vc_row][vc_column][vc_single_image image=&#8221;24275&#8243; img_size=&#8221;full&#8221; alignment=&#8221;center&#8221; style=&#8221;vc_box_rounded&#8221;][\/vc_column][\/vc_row][vc_row][vc_column][vc_column_text]Ap\u00f3s a elabora\u00e7\u00e3o da Pol\u00edtica Interna de Prote\u00e7\u00e3o aos Direitos da Crian\u00e7a e do Adolescente, a Funda\u00e7\u00e3o F\u00e9 e Alegria e a Rede Jesu\u00edta de Educa\u00e7\u00e3o B\u00e1sica (RJE), em parceria com a Universidade Cat\u00f3lica de Pernambuco (UNICAP), se uniram para promover o curso \u00c9tica e Cuidado para Cria\u00e7\u00e3o de uma Cultura<\/p>\n","protected":false},"author":2,"featured_media":24614,"comment_status":"closed","ping_status":"closed","sticky":false,"template":"","format":"standard","meta":{"_acf_changed":false,"footnotes":""},"categories":[432],"tags":[446,525,523,519],"post_folder":[],"class_list":["post-23528","post","type-post","status-publish","format-standard","has-post-thumbnail","hentry","category-noticias-pt","tag-fya-pt","tag-palhoca","tag-rje","tag-unidade"],"acf":[],"yoast_head":"<!-- This site is optimized with the Yoast SEO plugin v27.4 - https:\/\/yoast.com\/product\/yoast-seo-wordpress\/ -->\n<title>F\u00e9 e Alegria recebe Pr\u00eamio de Iniciativa Solid\u00e1ria Dom Afonso Niehue em Santa Catarina - #SomosF\u00e9eAlegria en Brasil<\/title>\n<meta name=\"robots\" content=\"index, follow, max-snippet:-1, max-image-preview:large, max-video-preview:-1\" \/>\n<link rel=\"canonical\" href=\"https:\/\/www.feyalegria.org\/brasil\/fe-e-alegria-recebe-premio-de-iniciativa-solidaria-dom-afonso-niehue-em-santa-catarina\/\" \/>\n<meta property=\"og:locale\" content=\"es_ES\" \/>\n<meta property=\"og:type\" content=\"article\" \/>\n<meta property=\"og:title\" content=\"F\u00e9 e Alegria recebe Pr\u00eamio de Iniciativa Solid\u00e1ria Dom Afonso Niehue em Santa Catarina - #SomosF\u00e9eAlegria en Brasil\" \/>\n<meta property=\"og:description\" content=\"[vc_row][vc_column][vc_single_image image=&#8221;24275&#8243; img_size=&#8221;full&#8221; alignment=&#8221;center&#8221; style=&#8221;vc_box_rounded&#8221;][\/vc_column][\/vc_row][vc_row][vc_column][vc_column_text]Ap\u00f3s a elabora\u00e7\u00e3o da Pol\u00edtica Interna de Prote\u00e7\u00e3o aos Direitos da Crian\u00e7a e do Adolescente, a Funda\u00e7\u00e3o F\u00e9 e Alegria e a Rede Jesu\u00edta de Educa\u00e7\u00e3o B\u00e1sica (RJE), em parceria com a Universidade Cat\u00f3lica de Pernambuco (UNICAP), se uniram para promover o curso \u00c9tica e Cuidado para Cria\u00e7\u00e3o de uma Cultura\" \/>\n<meta property=\"og:url\" content=\"https:\/\/www.feyalegria.org\/brasil\/fe-e-alegria-recebe-premio-de-iniciativa-solidaria-dom-afonso-niehue-em-santa-catarina\/\" \/>\n<meta property=\"og:site_name\" content=\"#SomosF\u00e9eAlegria en Brasil\" \/>\n<meta property=\"article:published_time\" content=\"2020-12-15T18:18:32+00:00\" \/>\n<meta property=\"article:modified_time\" content=\"2021-11-09T21:24:34+00:00\" \/>\n<meta property=\"og:image\" content=\"https:\/\/d3pugrm67vf9n7.cloudfront.net\/wp-content\/uploads\/sites\/23\/2020\/12\/26175937\/banner3-1-1.png\" \/>\n\t<meta property=\"og:image:width\" content=\"1000\" \/>\n\t<meta property=\"og:image:height\" content=\"500\" \/>\n\t<meta property=\"og:image:type\" content=\"image\/png\" \/>\n<meta name=\"author\" content=\"adminfya\" \/>\n<meta name=\"twitter:card\" content=\"summary_large_image\" \/>\n<meta name=\"twitter:label1\" content=\"Escrito por\" \/>\n\t<meta name=\"twitter:data1\" content=\"adminfya\" \/>\n\t<meta name=\"twitter:label2\" content=\"Tiempo de lectura\" \/>\n\t<meta name=\"twitter:data2\" content=\"2 minutos\" \/>\n<script type=\"application\/ld+json\" class=\"yoast-schema-graph\">{\"@context\":\"https:\\\/\\\/schema.org\",\"@graph\":[{\"@type\":\"Article\",\"@id\":\"https:\\\/\\\/www.feyalegria.org\\\/brasil\\\/fe-e-alegria-recebe-premio-de-iniciativa-solidaria-dom-afonso-niehue-em-santa-catarina\\\/#article\",\"isPartOf\":{\"@id\":\"https:\\\/\\\/www.feyalegria.org\\\/brasil\\\/fe-e-alegria-recebe-premio-de-iniciativa-solidaria-dom-afonso-niehue-em-santa-catarina\\\/\"},\"author\":{\"name\":\"adminfya\",\"@id\":\"https:\\\/\\\/www.feyalegria.org\\\/brasil\\\/#\\\/schema\\\/person\\\/f113dd05751b9243bcc4b62d8f55bc4b\"},\"headline\":\"F\u00e9 e Alegria recebe Pr\u00eamio de Iniciativa Solid\u00e1ria Dom Afonso Niehue em Santa Catarina\",\"datePublished\":\"2020-12-15T18:18:32+00:00\",\"dateModified\":\"2021-11-09T21:24:34+00:00\",\"mainEntityOfPage\":{\"@id\":\"https:\\\/\\\/www.feyalegria.org\\\/brasil\\\/fe-e-alegria-recebe-premio-de-iniciativa-solidaria-dom-afonso-niehue-em-santa-catarina\\\/\"},\"wordCount\":459,\"image\":{\"@id\":\"https:\\\/\\\/www.feyalegria.org\\\/brasil\\\/fe-e-alegria-recebe-premio-de-iniciativa-solidaria-dom-afonso-niehue-em-santa-catarina\\\/#primaryimage\"},\"thumbnailUrl\":\"https:\\\/\\\/d3pugrm67vf9n7.cloudfront.net\\\/wp-content\\\/uploads\\\/sites\\\/23\\\/2020\\\/12\\\/26175937\\\/banner3-1-1.png\",\"keywords\":[\"FyA\",\"palho\u00e7a\",\"RJE\",\"unidade\"],\"articleSection\":[\"Noticias\"],\"inLanguage\":\"es-CO\"},{\"@type\":\"WebPage\",\"@id\":\"https:\\\/\\\/www.feyalegria.org\\\/brasil\\\/fe-e-alegria-recebe-premio-de-iniciativa-solidaria-dom-afonso-niehue-em-santa-catarina\\\/\",\"url\":\"https:\\\/\\\/www.feyalegria.org\\\/brasil\\\/fe-e-alegria-recebe-premio-de-iniciativa-solidaria-dom-afonso-niehue-em-santa-catarina\\\/\",\"name\":\"F\u00e9 e Alegria recebe Pr\u00eamio de Iniciativa Solid\u00e1ria Dom Afonso Niehue em Santa Catarina - #SomosF\u00e9eAlegria en Brasil\",\"isPartOf\":{\"@id\":\"https:\\\/\\\/www.feyalegria.org\\\/brasil\\\/#website\"},\"primaryImageOfPage\":{\"@id\":\"https:\\\/\\\/www.feyalegria.org\\\/brasil\\\/fe-e-alegria-recebe-premio-de-iniciativa-solidaria-dom-afonso-niehue-em-santa-catarina\\\/#primaryimage\"},\"image\":{\"@id\":\"https:\\\/\\\/www.feyalegria.org\\\/brasil\\\/fe-e-alegria-recebe-premio-de-iniciativa-solidaria-dom-afonso-niehue-em-santa-catarina\\\/#primaryimage\"},\"thumbnailUrl\":\"https:\\\/\\\/d3pugrm67vf9n7.cloudfront.net\\\/wp-content\\\/uploads\\\/sites\\\/23\\\/2020\\\/12\\\/26175937\\\/banner3-1-1.png\",\"datePublished\":\"2020-12-15T18:18:32+00:00\",\"dateModified\":\"2021-11-09T21:24:34+00:00\",\"author\":{\"@id\":\"https:\\\/\\\/www.feyalegria.org\\\/brasil\\\/#\\\/schema\\\/person\\\/f113dd05751b9243bcc4b62d8f55bc4b\"},\"inLanguage\":\"es-CO\",\"potentialAction\":[{\"@type\":\"ReadAction\",\"target\":[\"https:\\\/\\\/www.feyalegria.org\\\/brasil\\\/fe-e-alegria-recebe-premio-de-iniciativa-solidaria-dom-afonso-niehue-em-santa-catarina\\\/\"]}]},{\"@type\":\"ImageObject\",\"inLanguage\":\"es-CO\",\"@id\":\"https:\\\/\\\/www.feyalegria.org\\\/brasil\\\/fe-e-alegria-recebe-premio-de-iniciativa-solidaria-dom-afonso-niehue-em-santa-catarina\\\/#primaryimage\",\"url\":\"https:\\\/\\\/d3pugrm67vf9n7.cloudfront.net\\\/wp-content\\\/uploads\\\/sites\\\/23\\\/2020\\\/12\\\/26175937\\\/banner3-1-1.png\",\"contentUrl\":\"https:\\\/\\\/d3pugrm67vf9n7.cloudfront.net\\\/wp-content\\\/uploads\\\/sites\\\/23\\\/2020\\\/12\\\/26175937\\\/banner3-1-1.png\",\"width\":1000,\"height\":500},{\"@type\":\"WebSite\",\"@id\":\"https:\\\/\\\/www.feyalegria.org\\\/brasil\\\/#website\",\"url\":\"https:\\\/\\\/www.feyalegria.org\\\/brasil\\\/\",\"name\":\"#SomosF\u00e9eAlegria en Brasil\",\"description\":\"\",\"potentialAction\":[{\"@type\":\"SearchAction\",\"target\":{\"@type\":\"EntryPoint\",\"urlTemplate\":\"https:\\\/\\\/www.feyalegria.org\\\/brasil\\\/?s={search_term_string}\"},\"query-input\":{\"@type\":\"PropertyValueSpecification\",\"valueRequired\":true,\"valueName\":\"search_term_string\"}}],\"inLanguage\":\"es-CO\"},{\"@type\":\"Person\",\"@id\":\"https:\\\/\\\/www.feyalegria.org\\\/brasil\\\/#\\\/schema\\\/person\\\/f113dd05751b9243bcc4b62d8f55bc4b\",\"name\":\"adminfya\",\"url\":\"https:\\\/\\\/www.feyalegria.org\\\/brasil\\\/author\\\/adminfya\\\/\"}]}<\/script>\n<!-- \/ Yoast SEO plugin. -->","yoast_head_json":{"title":"F\u00e9 e Alegria recebe Pr\u00eamio de Iniciativa Solid\u00e1ria Dom Afonso Niehue em Santa Catarina - #SomosF\u00e9eAlegria en Brasil","robots":{"index":"index","follow":"follow","max-snippet":"max-snippet:-1","max-image-preview":"max-image-preview:large","max-video-preview":"max-video-preview:-1"},"canonical":"https:\/\/www.feyalegria.org\/brasil\/fe-e-alegria-recebe-premio-de-iniciativa-solidaria-dom-afonso-niehue-em-santa-catarina\/","og_locale":"es_ES","og_type":"article","og_title":"F\u00e9 e Alegria recebe Pr\u00eamio de Iniciativa Solid\u00e1ria Dom Afonso Niehue em Santa Catarina - #SomosF\u00e9eAlegria en Brasil","og_description":"[vc_row][vc_column][vc_single_image image=&#8221;24275&#8243; img_size=&#8221;full&#8221; alignment=&#8221;center&#8221; style=&#8221;vc_box_rounded&#8221;][\/vc_column][\/vc_row][vc_row][vc_column][vc_column_text]Ap\u00f3s a elabora\u00e7\u00e3o da Pol\u00edtica Interna de Prote\u00e7\u00e3o aos Direitos da Crian\u00e7a e do Adolescente, a Funda\u00e7\u00e3o F\u00e9 e Alegria e a Rede Jesu\u00edta de Educa\u00e7\u00e3o B\u00e1sica (RJE), em parceria com a Universidade Cat\u00f3lica de Pernambuco (UNICAP), se uniram para promover o curso \u00c9tica e Cuidado para Cria\u00e7\u00e3o de uma Cultura","og_url":"https:\/\/www.feyalegria.org\/brasil\/fe-e-alegria-recebe-premio-de-iniciativa-solidaria-dom-afonso-niehue-em-santa-catarina\/","og_site_name":"#SomosF\u00e9eAlegria en Brasil","article_published_time":"2020-12-15T18:18:32+00:00","article_modified_time":"2021-11-09T21:24:34+00:00","og_image":[{"width":1000,"height":500,"url":"https:\/\/d3pugrm67vf9n7.cloudfront.net\/wp-content\/uploads\/sites\/23\/2020\/12\/26175937\/banner3-1-1.png","type":"image\/png"}],"author":"adminfya","twitter_card":"summary_large_image","twitter_misc":{"Escrito por":"adminfya","Tiempo de lectura":"2 minutos"},"schema":{"@context":"https:\/\/schema.org","@graph":[{"@type":"Article","@id":"https:\/\/www.feyalegria.org\/brasil\/fe-e-alegria-recebe-premio-de-iniciativa-solidaria-dom-afonso-niehue-em-santa-catarina\/#article","isPartOf":{"@id":"https:\/\/www.feyalegria.org\/brasil\/fe-e-alegria-recebe-premio-de-iniciativa-solidaria-dom-afonso-niehue-em-santa-catarina\/"},"author":{"name":"adminfya","@id":"https:\/\/www.feyalegria.org\/brasil\/#\/schema\/person\/f113dd05751b9243bcc4b62d8f55bc4b"},"headline":"F\u00e9 e Alegria recebe Pr\u00eamio de Iniciativa Solid\u00e1ria Dom Afonso Niehue em Santa Catarina","datePublished":"2020-12-15T18:18:32+00:00","dateModified":"2021-11-09T21:24:34+00:00","mainEntityOfPage":{"@id":"https:\/\/www.feyalegria.org\/brasil\/fe-e-alegria-recebe-premio-de-iniciativa-solidaria-dom-afonso-niehue-em-santa-catarina\/"},"wordCount":459,"image":{"@id":"https:\/\/www.feyalegria.org\/brasil\/fe-e-alegria-recebe-premio-de-iniciativa-solidaria-dom-afonso-niehue-em-santa-catarina\/#primaryimage"},"thumbnailUrl":"https:\/\/d3pugrm67vf9n7.cloudfront.net\/wp-content\/uploads\/sites\/23\/2020\/12\/26175937\/banner3-1-1.png","keywords":["FyA","palho\u00e7a","RJE","unidade"],"articleSection":["Noticias"],"inLanguage":"es-CO"},{"@type":"WebPage","@id":"https:\/\/www.feyalegria.org\/brasil\/fe-e-alegria-recebe-premio-de-iniciativa-solidaria-dom-afonso-niehue-em-santa-catarina\/","url":"https:\/\/www.feyalegria.org\/brasil\/fe-e-alegria-recebe-premio-de-iniciativa-solidaria-dom-afonso-niehue-em-santa-catarina\/","name":"F\u00e9 e Alegria recebe Pr\u00eamio de Iniciativa Solid\u00e1ria Dom Afonso Niehue em Santa Catarina - #SomosF\u00e9eAlegria en Brasil","isPartOf":{"@id":"https:\/\/www.feyalegria.org\/brasil\/#website"},"primaryImageOfPage":{"@id":"https:\/\/www.feyalegria.org\/brasil\/fe-e-alegria-recebe-premio-de-iniciativa-solidaria-dom-afonso-niehue-em-santa-catarina\/#primaryimage"},"image":{"@id":"https:\/\/www.feyalegria.org\/brasil\/fe-e-alegria-recebe-premio-de-iniciativa-solidaria-dom-afonso-niehue-em-santa-catarina\/#primaryimage"},"thumbnailUrl":"https:\/\/d3pugrm67vf9n7.cloudfront.net\/wp-content\/uploads\/sites\/23\/2020\/12\/26175937\/banner3-1-1.png","datePublished":"2020-12-15T18:18:32+00:00","dateModified":"2021-11-09T21:24:34+00:00","author":{"@id":"https:\/\/www.feyalegria.org\/brasil\/#\/schema\/person\/f113dd05751b9243bcc4b62d8f55bc4b"},"inLanguage":"es-CO","potentialAction":[{"@type":"ReadAction","target":["https:\/\/www.feyalegria.org\/brasil\/fe-e-alegria-recebe-premio-de-iniciativa-solidaria-dom-afonso-niehue-em-santa-catarina\/"]}]},{"@type":"ImageObject","inLanguage":"es-CO","@id":"https:\/\/www.feyalegria.org\/brasil\/fe-e-alegria-recebe-premio-de-iniciativa-solidaria-dom-afonso-niehue-em-santa-catarina\/#primaryimage","url":"https:\/\/d3pugrm67vf9n7.cloudfront.net\/wp-content\/uploads\/sites\/23\/2020\/12\/26175937\/banner3-1-1.png","contentUrl":"https:\/\/d3pugrm67vf9n7.cloudfront.net\/wp-content\/uploads\/sites\/23\/2020\/12\/26175937\/banner3-1-1.png","width":1000,"height":500},{"@type":"WebSite","@id":"https:\/\/www.feyalegria.org\/brasil\/#website","url":"https:\/\/www.feyalegria.org\/brasil\/","name":"#SomosF\u00e9eAlegria en Brasil","description":"","potentialAction":[{"@type":"SearchAction","target":{"@type":"EntryPoint","urlTemplate":"https:\/\/www.feyalegria.org\/brasil\/?s={search_term_string}"},"query-input":{"@type":"PropertyValueSpecification","valueRequired":true,"valueName":"search_term_string"}}],"inLanguage":"es-CO"},{"@type":"Person","@id":"https:\/\/www.feyalegria.org\/brasil\/#\/schema\/person\/f113dd05751b9243bcc4b62d8f55bc4b","name":"adminfya","url":"https:\/\/www.feyalegria.org\/brasil\/author\/adminfya\/"}]}},"_links":{"self":[{"href":"https:\/\/www.feyalegria.org\/brasil\/wp-json\/wp\/v2\/posts\/23528","targetHints":{"allow":["GET"]}}],"collection":[{"href":"https:\/\/www.feyalegria.org\/brasil\/wp-json\/wp\/v2\/posts"}],"about":[{"href":"https:\/\/www.feyalegria.org\/brasil\/wp-json\/wp\/v2\/types\/post"}],"author":[{"embeddable":true,"href":"https:\/\/www.feyalegria.org\/brasil\/wp-json\/wp\/v2\/users\/2"}],"replies":[{"embeddable":true,"href":"https:\/\/www.feyalegria.org\/brasil\/wp-json\/wp\/v2\/comments?post=23528"}],"version-history":[{"count":0,"href":"https:\/\/www.feyalegria.org\/brasil\/wp-json\/wp\/v2\/posts\/23528\/revisions"}],"wp:featuredmedia":[{"embeddable":true,"href":"https:\/\/www.feyalegria.org\/brasil\/wp-json\/wp\/v2\/media\/24614"}],"wp:attachment":[{"href":"https:\/\/www.feyalegria.org\/brasil\/wp-json\/wp\/v2\/media?parent=23528"}],"wp:term":[{"taxonomy":"category","embeddable":true,"href":"https:\/\/www.feyalegria.org\/brasil\/wp-json\/wp\/v2\/categories?post=23528"},{"taxonomy":"post_tag","embeddable":true,"href":"https:\/\/www.feyalegria.org\/brasil\/wp-json\/wp\/v2\/tags?post=23528"},{"taxonomy":"post_folder","embeddable":true,"href":"https:\/\/www.feyalegria.org\/brasil\/wp-json\/wp\/v2\/post_folder?post=23528"}],"curies":[{"name":"wp","href":"https:\/\/api.w.org\/{rel}","templated":true}]}}