 {"id":25428,"date":"2021-06-01T19:38:50","date_gmt":"2021-06-01T22:38:50","guid":{"rendered":"https:\/\/www.feyalegria.org\/brasil\/?p=25428"},"modified":"2021-11-09T19:19:07","modified_gmt":"2021-11-09T22:19:07","slug":"casa-dom-luciano-mendes-apoia-migrantes-venezuelanos-no-pico-de-desemprego-durante-a-pandemia","status":"publish","type":"post","link":"https:\/\/www.feyalegria.org\/brasil\/casa-dom-luciano-mendes-apoia-migrantes-venezuelanos-no-pico-de-desemprego-durante-a-pandemia\/","title":{"rendered":"Casa Dom Luciano Mendes apoia migrantes venezuelanos no pico de desemprego durante a pandemia"},"content":{"rendered":"<div class=\"wpb-content-wrapper\"><p>[vc_row][vc_column][\/vc_column][\/vc_row][vc_row][vc_column][vc_column_text]Segundo divulga\u00e7\u00e3o do Instituto Brasileiro de Geografia e Estat\u00edstica (IBGE), a taxa de desemprego atingiu recordes no Pa\u00eds em mais de um ano de pandemia, chegando a 14,7% no primeiro trimestre de 2021. Como consequ\u00eancia da falta de trabalho, a fome volta a assolar o Brasil, impactando especialmente pessoas em situa\u00e7\u00e3o de vulnerabilidade social, como migrantes venezuelanos que, pela dist\u00e2ncia com seu pa\u00eds de origem, tiveram suas redes de apoio comprometidas.<\/p>\n<p>&nbsp;<\/p>\n<p>Nesse cr\u00edtico momento econ\u00f4mico, associado a altos \u00edndices de contamina\u00e7\u00e3o pela Covid-19, a Casa de Acolhida Dom Luciano Mendes de Almeida, unidade de F\u00e9 e Alegria que acolhe migrantes venezuelanos na cidade de S\u00e3o Paulo, tem atuado em prol dessa popula\u00e7\u00e3o que busca novas oportunidades no Brasil, suprindo suas necessidades b\u00e1sicas.<\/p>\n<p>&nbsp;<\/p>\n<p>A Casa de Acolhida, nesse per\u00edodo, tem como miss\u00e3o b\u00e1sica a luta contra a fome, al\u00e9m de oferecer apoio na reinser\u00e7\u00e3o no mercado de trabalho. Confira algumas a\u00e7\u00f5es desenvolvidas nas \u00faltimas semanas:<\/p>\n<ul>\n<li><strong>Capacita\u00e7\u00f5es virtuais<\/strong>: Foram ministrados Cursos de Portugu\u00eas como L\u00edngua de Acolhimento, realizados em parceria com o Curso Popular Mafalda, Forma\u00e7\u00e3o de Cuidador de Idosos, com aulas pr\u00e1ticas seguindo protocolos de seguran\u00e7a, e Oficina de Educa\u00e7\u00e3o Financeira, em parceria com a ONG BEM-GASTO. As capacita\u00e7\u00f5es t\u00eam como objetivo aprimorar a qualifica\u00e7\u00e3o e o desenvolvimento de habilidades, facilitando a integra\u00e7\u00e3o no mercado de trabalho. Al\u00e9m dos materiais did\u00e1ticos, a Casa tamb\u00e9m oferece cr\u00e9ditos para conex\u00e3o \u00e0 internet aos alunos. A Conex\u00e3o Social, entidade parceira vinculada \u00e0 Funda\u00e7\u00e3o Get\u00falio Vargas, tamb\u00e9m est\u00e1 elaborando e atualizando curr\u00edculos, em formato f\u00edsico e digital, para os migrantes venezuelanos atendidos.<\/li>\n<li><strong>Doa\u00e7\u00f5es<\/strong>: Com o apoio da empresa Soneda e do Sacol\u00e3o da Santa, foi poss\u00edvel distribuir, de forma recorrente, cestas b\u00e1sicas, kits de higiene (fraldas, m\u00e1scaras, entre outros itens), cobertores e roupas a mais de 140 fam\u00edlias, beneficiando cerca de 500 pessoas no total.<\/li>\n<li><strong>Materiais did\u00e1ticos<\/strong>: Em aten\u00e7\u00e3o especial \u00e0s crian\u00e7as migrantes e refugiadas, foram entregues 200 kits infantis de estudo, em uma a\u00e7\u00e3o conjunta com a ONG IKMR, apoiada pela Funda\u00e7\u00e3o Altamira, do Grupo Lar.<\/li>\n<\/ul>\n<p>&nbsp;<\/p>\n<p><strong>Desafios dos migrantes venezuelanos no Brasil <\/strong><\/p>\n<p>A Venezuela vive uma crise social, pol\u00edtica e econ\u00f4mica e, por esse motivo, o Brasil tornou-se um dos principais destinos daqueles que decidiram deixar seu pa\u00eds de origem: estima-se que cerca de 260 mil venezuelanos vivem atualmente na na\u00e7\u00e3o brasileira, segundo dados da ACNUR (Alto Comissariado das Na\u00e7\u00f5es Unidas para os Refugiados). Embora tenham n\u00edveis de educa\u00e7\u00e3o similares, venezuelanos s\u00e3o 64% menos propensos a serem empregados que seus anfitri\u00f5es brasileiros, e suas crian\u00e7as t\u00eam 53% menos de probabilidades de estarem nas escolas.<\/p>\n<p>&nbsp;<\/p>\n<p><strong>Sobre a Casa de Acolhida Dom Luciano Mendes de Almeida<\/strong><\/p>\n<p>&nbsp;<\/p>\n<p>Localizada em S\u00e3o Paulo (SP), a Casa de Acolhida Dom Luciano Mendes de Almeida \u00e9 um espa\u00e7o da Funda\u00e7\u00e3o F\u00e9 e Alegria Brasil que recebe e abriga dezenas de migrantes venezuelanos interiorizados para inseri-los na realidade do novo pa\u00eds, auxili\u00e1-los na adapta\u00e7\u00e3o sociocultural e prepar\u00e1-los para o mercado de trabalho.<\/p>\n<p>&nbsp;<\/p>\n<p>Ao tomar a causa dos migrantes e refugiados como compromisso e miss\u00e3o, a Funda\u00e7\u00e3o F\u00e9 e Alegria expande seu campo de luta contra as mais diversas desigualdades sociais.[\/vc_column_text][vc_row_inner][vc_column_inner width=&#8221;1\/3&#8243;][\/vc_column_inner][\/vc_row_inner][\/vc_column][\/vc_row]<\/p>\n<\/div>","protected":false},"excerpt":{"rendered":"<p>[vc_row][vc_column][\/vc_column][\/vc_row][vc_row][vc_column][vc_column_text]Segundo divulga\u00e7\u00e3o do Instituto Brasileiro de Geografia e Estat\u00edstica (IBGE), a taxa de desemprego atingiu recordes no Pa\u00eds em mais de um ano de pandemia, chegando a 14,7% no primeiro trimestre de 2021. Como consequ\u00eancia da falta de trabalho, a fome volta a assolar o Brasil, impactando especialmente pessoas em situa\u00e7\u00e3o de vulnerabilidade social, como<\/p>\n","protected":false},"author":2,"featured_media":25530,"comment_status":"closed","ping_status":"closed","sticky":false,"template":"","format":"standard","meta":{"_acf_changed":false,"footnotes":""},"categories":[432],"tags":[497,446,495,491],"post_folder":[],"class_list":["post-25428","post","type-post","status-publish","format-standard","has-post-thumbnail","hentry","category-noticias-pt","tag-casadomluciano","tag-fya-pt","tag-migrantes","tag-unidades"],"acf":[],"yoast_head":"<!-- This site is optimized with the Yoast SEO plugin v27.5 - https:\/\/yoast.com\/product\/yoast-seo-wordpress\/ -->\n<title>Casa Dom Luciano Mendes apoia migrantes venezuelanos no pico de desemprego durante a pandemia - #SomosF\u00e9eAlegria en Brasil<\/title>\n<meta name=\"robots\" content=\"index, follow, max-snippet:-1, max-image-preview:large, max-video-preview:-1\" \/>\n<link rel=\"canonical\" href=\"https:\/\/www.feyalegria.org\/brasil\/casa-dom-luciano-mendes-apoia-migrantes-venezuelanos-no-pico-de-desemprego-durante-a-pandemia\/\" \/>\n<meta property=\"og:locale\" content=\"es_ES\" \/>\n<meta property=\"og:type\" content=\"article\" \/>\n<meta property=\"og:title\" content=\"Casa Dom Luciano Mendes apoia migrantes venezuelanos no pico de desemprego durante a pandemia - #SomosF\u00e9eAlegria en Brasil\" \/>\n<meta property=\"og:description\" content=\"[vc_row][vc_column][\/vc_column][\/vc_row][vc_row][vc_column][vc_column_text]Segundo divulga\u00e7\u00e3o do Instituto Brasileiro de Geografia e Estat\u00edstica (IBGE), a taxa de desemprego atingiu recordes no Pa\u00eds em mais de um ano de pandemia, chegando a 14,7% no primeiro trimestre de 2021. Como consequ\u00eancia da falta de trabalho, a fome volta a assolar o Brasil, impactando especialmente pessoas em situa\u00e7\u00e3o de vulnerabilidade social, como\" \/>\n<meta property=\"og:url\" content=\"https:\/\/www.feyalegria.org\/brasil\/casa-dom-luciano-mendes-apoia-migrantes-venezuelanos-no-pico-de-desemprego-durante-a-pandemia\/\" \/>\n<meta property=\"og:site_name\" content=\"#SomosF\u00e9eAlegria en Brasil\" \/>\n<meta property=\"article:published_time\" content=\"2021-06-01T22:38:50+00:00\" \/>\n<meta property=\"article:modified_time\" content=\"2021-11-09T22:19:07+00:00\" \/>\n<meta property=\"og:image\" content=\"https:\/\/d3pugrm67vf9n7.cloudfront.net\/wp-content\/uploads\/sites\/23\/2021\/06\/09191555\/banner2.png\" \/>\n\t<meta property=\"og:image:width\" content=\"1000\" \/>\n\t<meta property=\"og:image:height\" content=\"500\" \/>\n\t<meta property=\"og:image:type\" content=\"image\/png\" \/>\n<meta name=\"author\" content=\"adminfya\" \/>\n<meta name=\"twitter:card\" content=\"summary_large_image\" \/>\n<meta name=\"twitter:label1\" content=\"Escrito por\" \/>\n\t<meta name=\"twitter:data1\" content=\"adminfya\" \/>\n\t<meta name=\"twitter:label2\" content=\"Tiempo de lectura\" \/>\n\t<meta name=\"twitter:data2\" content=\"3 minutos\" \/>\n<script type=\"application\/ld+json\" class=\"yoast-schema-graph\">{\"@context\":\"https:\\\/\\\/schema.org\",\"@graph\":[{\"@type\":\"Article\",\"@id\":\"https:\\\/\\\/www.feyalegria.org\\\/brasil\\\/casa-dom-luciano-mendes-apoia-migrantes-venezuelanos-no-pico-de-desemprego-durante-a-pandemia\\\/#article\",\"isPartOf\":{\"@id\":\"https:\\\/\\\/www.feyalegria.org\\\/brasil\\\/casa-dom-luciano-mendes-apoia-migrantes-venezuelanos-no-pico-de-desemprego-durante-a-pandemia\\\/\"},\"author\":{\"name\":\"adminfya\",\"@id\":\"https:\\\/\\\/www.feyalegria.org\\\/brasil\\\/#\\\/schema\\\/person\\\/f113dd05751b9243bcc4b62d8f55bc4b\"},\"headline\":\"Casa Dom Luciano Mendes apoia migrantes venezuelanos no pico de desemprego durante a pandemia\",\"datePublished\":\"2021-06-01T22:38:50+00:00\",\"dateModified\":\"2021-11-09T22:19:07+00:00\",\"mainEntityOfPage\":{\"@id\":\"https:\\\/\\\/www.feyalegria.org\\\/brasil\\\/casa-dom-luciano-mendes-apoia-migrantes-venezuelanos-no-pico-de-desemprego-durante-a-pandemia\\\/\"},\"wordCount\":624,\"image\":{\"@id\":\"https:\\\/\\\/www.feyalegria.org\\\/brasil\\\/casa-dom-luciano-mendes-apoia-migrantes-venezuelanos-no-pico-de-desemprego-durante-a-pandemia\\\/#primaryimage\"},\"thumbnailUrl\":\"https:\\\/\\\/d3pugrm67vf9n7.cloudfront.net\\\/wp-content\\\/uploads\\\/sites\\\/23\\\/2021\\\/06\\\/09191555\\\/banner2.png\",\"keywords\":[\"casadomluciano\",\"FyA\",\"migrantes\",\"unidades\"],\"articleSection\":[\"Noticias\"],\"inLanguage\":\"es-CO\"},{\"@type\":\"WebPage\",\"@id\":\"https:\\\/\\\/www.feyalegria.org\\\/brasil\\\/casa-dom-luciano-mendes-apoia-migrantes-venezuelanos-no-pico-de-desemprego-durante-a-pandemia\\\/\",\"url\":\"https:\\\/\\\/www.feyalegria.org\\\/brasil\\\/casa-dom-luciano-mendes-apoia-migrantes-venezuelanos-no-pico-de-desemprego-durante-a-pandemia\\\/\",\"name\":\"Casa Dom Luciano Mendes apoia migrantes venezuelanos no pico de desemprego durante a pandemia - #SomosF\u00e9eAlegria en Brasil\",\"isPartOf\":{\"@id\":\"https:\\\/\\\/www.feyalegria.org\\\/brasil\\\/#website\"},\"primaryImageOfPage\":{\"@id\":\"https:\\\/\\\/www.feyalegria.org\\\/brasil\\\/casa-dom-luciano-mendes-apoia-migrantes-venezuelanos-no-pico-de-desemprego-durante-a-pandemia\\\/#primaryimage\"},\"image\":{\"@id\":\"https:\\\/\\\/www.feyalegria.org\\\/brasil\\\/casa-dom-luciano-mendes-apoia-migrantes-venezuelanos-no-pico-de-desemprego-durante-a-pandemia\\\/#primaryimage\"},\"thumbnailUrl\":\"https:\\\/\\\/d3pugrm67vf9n7.cloudfront.net\\\/wp-content\\\/uploads\\\/sites\\\/23\\\/2021\\\/06\\\/09191555\\\/banner2.png\",\"datePublished\":\"2021-06-01T22:38:50+00:00\",\"dateModified\":\"2021-11-09T22:19:07+00:00\",\"author\":{\"@id\":\"https:\\\/\\\/www.feyalegria.org\\\/brasil\\\/#\\\/schema\\\/person\\\/f113dd05751b9243bcc4b62d8f55bc4b\"},\"inLanguage\":\"es-CO\",\"potentialAction\":[{\"@type\":\"ReadAction\",\"target\":[\"https:\\\/\\\/www.feyalegria.org\\\/brasil\\\/casa-dom-luciano-mendes-apoia-migrantes-venezuelanos-no-pico-de-desemprego-durante-a-pandemia\\\/\"]}]},{\"@type\":\"ImageObject\",\"inLanguage\":\"es-CO\",\"@id\":\"https:\\\/\\\/www.feyalegria.org\\\/brasil\\\/casa-dom-luciano-mendes-apoia-migrantes-venezuelanos-no-pico-de-desemprego-durante-a-pandemia\\\/#primaryimage\",\"url\":\"https:\\\/\\\/d3pugrm67vf9n7.cloudfront.net\\\/wp-content\\\/uploads\\\/sites\\\/23\\\/2021\\\/06\\\/09191555\\\/banner2.png\",\"contentUrl\":\"https:\\\/\\\/d3pugrm67vf9n7.cloudfront.net\\\/wp-content\\\/uploads\\\/sites\\\/23\\\/2021\\\/06\\\/09191555\\\/banner2.png\",\"width\":1000,\"height\":500},{\"@type\":\"WebSite\",\"@id\":\"https:\\\/\\\/www.feyalegria.org\\\/brasil\\\/#website\",\"url\":\"https:\\\/\\\/www.feyalegria.org\\\/brasil\\\/\",\"name\":\"#SomosF\u00e9eAlegria en Brasil\",\"description\":\"\",\"potentialAction\":[{\"@type\":\"SearchAction\",\"target\":{\"@type\":\"EntryPoint\",\"urlTemplate\":\"https:\\\/\\\/www.feyalegria.org\\\/brasil\\\/?s={search_term_string}\"},\"query-input\":{\"@type\":\"PropertyValueSpecification\",\"valueRequired\":true,\"valueName\":\"search_term_string\"}}],\"inLanguage\":\"es-CO\"},{\"@type\":\"Person\",\"@id\":\"https:\\\/\\\/www.feyalegria.org\\\/brasil\\\/#\\\/schema\\\/person\\\/f113dd05751b9243bcc4b62d8f55bc4b\",\"name\":\"adminfya\",\"url\":\"https:\\\/\\\/www.feyalegria.org\\\/brasil\\\/author\\\/adminfya\\\/\"}]}<\/script>\n<!-- \/ Yoast SEO plugin. -->","yoast_head_json":{"title":"Casa Dom Luciano Mendes apoia migrantes venezuelanos no pico de desemprego durante a pandemia - #SomosF\u00e9eAlegria en Brasil","robots":{"index":"index","follow":"follow","max-snippet":"max-snippet:-1","max-image-preview":"max-image-preview:large","max-video-preview":"max-video-preview:-1"},"canonical":"https:\/\/www.feyalegria.org\/brasil\/casa-dom-luciano-mendes-apoia-migrantes-venezuelanos-no-pico-de-desemprego-durante-a-pandemia\/","og_locale":"es_ES","og_type":"article","og_title":"Casa Dom Luciano Mendes apoia migrantes venezuelanos no pico de desemprego durante a pandemia - #SomosF\u00e9eAlegria en Brasil","og_description":"[vc_row][vc_column][\/vc_column][\/vc_row][vc_row][vc_column][vc_column_text]Segundo divulga\u00e7\u00e3o do Instituto Brasileiro de Geografia e Estat\u00edstica (IBGE), a taxa de desemprego atingiu recordes no Pa\u00eds em mais de um ano de pandemia, chegando a 14,7% no primeiro trimestre de 2021. Como consequ\u00eancia da falta de trabalho, a fome volta a assolar o Brasil, impactando especialmente pessoas em situa\u00e7\u00e3o de vulnerabilidade social, como","og_url":"https:\/\/www.feyalegria.org\/brasil\/casa-dom-luciano-mendes-apoia-migrantes-venezuelanos-no-pico-de-desemprego-durante-a-pandemia\/","og_site_name":"#SomosF\u00e9eAlegria en Brasil","article_published_time":"2021-06-01T22:38:50+00:00","article_modified_time":"2021-11-09T22:19:07+00:00","og_image":[{"width":1000,"height":500,"url":"https:\/\/d3pugrm67vf9n7.cloudfront.net\/wp-content\/uploads\/sites\/23\/2021\/06\/09191555\/banner2.png","type":"image\/png"}],"author":"adminfya","twitter_card":"summary_large_image","twitter_misc":{"Escrito por":"adminfya","Tiempo de lectura":"3 minutos"},"schema":{"@context":"https:\/\/schema.org","@graph":[{"@type":"Article","@id":"https:\/\/www.feyalegria.org\/brasil\/casa-dom-luciano-mendes-apoia-migrantes-venezuelanos-no-pico-de-desemprego-durante-a-pandemia\/#article","isPartOf":{"@id":"https:\/\/www.feyalegria.org\/brasil\/casa-dom-luciano-mendes-apoia-migrantes-venezuelanos-no-pico-de-desemprego-durante-a-pandemia\/"},"author":{"name":"adminfya","@id":"https:\/\/www.feyalegria.org\/brasil\/#\/schema\/person\/f113dd05751b9243bcc4b62d8f55bc4b"},"headline":"Casa Dom Luciano Mendes apoia migrantes venezuelanos no pico de desemprego durante a pandemia","datePublished":"2021-06-01T22:38:50+00:00","dateModified":"2021-11-09T22:19:07+00:00","mainEntityOfPage":{"@id":"https:\/\/www.feyalegria.org\/brasil\/casa-dom-luciano-mendes-apoia-migrantes-venezuelanos-no-pico-de-desemprego-durante-a-pandemia\/"},"wordCount":624,"image":{"@id":"https:\/\/www.feyalegria.org\/brasil\/casa-dom-luciano-mendes-apoia-migrantes-venezuelanos-no-pico-de-desemprego-durante-a-pandemia\/#primaryimage"},"thumbnailUrl":"https:\/\/d3pugrm67vf9n7.cloudfront.net\/wp-content\/uploads\/sites\/23\/2021\/06\/09191555\/banner2.png","keywords":["casadomluciano","FyA","migrantes","unidades"],"articleSection":["Noticias"],"inLanguage":"es-CO"},{"@type":"WebPage","@id":"https:\/\/www.feyalegria.org\/brasil\/casa-dom-luciano-mendes-apoia-migrantes-venezuelanos-no-pico-de-desemprego-durante-a-pandemia\/","url":"https:\/\/www.feyalegria.org\/brasil\/casa-dom-luciano-mendes-apoia-migrantes-venezuelanos-no-pico-de-desemprego-durante-a-pandemia\/","name":"Casa Dom Luciano Mendes apoia migrantes venezuelanos no pico de desemprego durante a pandemia - #SomosF\u00e9eAlegria en Brasil","isPartOf":{"@id":"https:\/\/www.feyalegria.org\/brasil\/#website"},"primaryImageOfPage":{"@id":"https:\/\/www.feyalegria.org\/brasil\/casa-dom-luciano-mendes-apoia-migrantes-venezuelanos-no-pico-de-desemprego-durante-a-pandemia\/#primaryimage"},"image":{"@id":"https:\/\/www.feyalegria.org\/brasil\/casa-dom-luciano-mendes-apoia-migrantes-venezuelanos-no-pico-de-desemprego-durante-a-pandemia\/#primaryimage"},"thumbnailUrl":"https:\/\/d3pugrm67vf9n7.cloudfront.net\/wp-content\/uploads\/sites\/23\/2021\/06\/09191555\/banner2.png","datePublished":"2021-06-01T22:38:50+00:00","dateModified":"2021-11-09T22:19:07+00:00","author":{"@id":"https:\/\/www.feyalegria.org\/brasil\/#\/schema\/person\/f113dd05751b9243bcc4b62d8f55bc4b"},"inLanguage":"es-CO","potentialAction":[{"@type":"ReadAction","target":["https:\/\/www.feyalegria.org\/brasil\/casa-dom-luciano-mendes-apoia-migrantes-venezuelanos-no-pico-de-desemprego-durante-a-pandemia\/"]}]},{"@type":"ImageObject","inLanguage":"es-CO","@id":"https:\/\/www.feyalegria.org\/brasil\/casa-dom-luciano-mendes-apoia-migrantes-venezuelanos-no-pico-de-desemprego-durante-a-pandemia\/#primaryimage","url":"https:\/\/d3pugrm67vf9n7.cloudfront.net\/wp-content\/uploads\/sites\/23\/2021\/06\/09191555\/banner2.png","contentUrl":"https:\/\/d3pugrm67vf9n7.cloudfront.net\/wp-content\/uploads\/sites\/23\/2021\/06\/09191555\/banner2.png","width":1000,"height":500},{"@type":"WebSite","@id":"https:\/\/www.feyalegria.org\/brasil\/#website","url":"https:\/\/www.feyalegria.org\/brasil\/","name":"#SomosF\u00e9eAlegria en Brasil","description":"","potentialAction":[{"@type":"SearchAction","target":{"@type":"EntryPoint","urlTemplate":"https:\/\/www.feyalegria.org\/brasil\/?s={search_term_string}"},"query-input":{"@type":"PropertyValueSpecification","valueRequired":true,"valueName":"search_term_string"}}],"inLanguage":"es-CO"},{"@type":"Person","@id":"https:\/\/www.feyalegria.org\/brasil\/#\/schema\/person\/f113dd05751b9243bcc4b62d8f55bc4b","name":"adminfya","url":"https:\/\/www.feyalegria.org\/brasil\/author\/adminfya\/"}]}},"_links":{"self":[{"href":"https:\/\/www.feyalegria.org\/brasil\/wp-json\/wp\/v2\/posts\/25428","targetHints":{"allow":["GET"]}}],"collection":[{"href":"https:\/\/www.feyalegria.org\/brasil\/wp-json\/wp\/v2\/posts"}],"about":[{"href":"https:\/\/www.feyalegria.org\/brasil\/wp-json\/wp\/v2\/types\/post"}],"author":[{"embeddable":true,"href":"https:\/\/www.feyalegria.org\/brasil\/wp-json\/wp\/v2\/users\/2"}],"replies":[{"embeddable":true,"href":"https:\/\/www.feyalegria.org\/brasil\/wp-json\/wp\/v2\/comments?post=25428"}],"version-history":[{"count":0,"href":"https:\/\/www.feyalegria.org\/brasil\/wp-json\/wp\/v2\/posts\/25428\/revisions"}],"wp:featuredmedia":[{"embeddable":true,"href":"https:\/\/www.feyalegria.org\/brasil\/wp-json\/wp\/v2\/media\/25530"}],"wp:attachment":[{"href":"https:\/\/www.feyalegria.org\/brasil\/wp-json\/wp\/v2\/media?parent=25428"}],"wp:term":[{"taxonomy":"category","embeddable":true,"href":"https:\/\/www.feyalegria.org\/brasil\/wp-json\/wp\/v2\/categories?post=25428"},{"taxonomy":"post_tag","embeddable":true,"href":"https:\/\/www.feyalegria.org\/brasil\/wp-json\/wp\/v2\/tags?post=25428"},{"taxonomy":"post_folder","embeddable":true,"href":"https:\/\/www.feyalegria.org\/brasil\/wp-json\/wp\/v2\/post_folder?post=25428"}],"curies":[{"name":"wp","href":"https:\/\/api.w.org\/{rel}","templated":true}]}}