 {"id":2557,"date":"2017-10-11T16:05:54","date_gmt":"2017-10-11T16:05:54","guid":{"rendered":"http:\/\/fealegria.org.br\/?p=1546"},"modified":"2021-03-24T16:08:26","modified_gmt":"2021-03-24T16:08:26","slug":"fundacao-fe-e-alegria-do-brasil-esta-com-processo-seletivo-aberto","status":"publish","type":"post","link":"https:\/\/www.feyalegria.org\/brasil\/fundacao-fe-e-alegria-do-brasil-esta-com-processo-seletivo-aberto\/","title":{"rendered":"Funda\u00e7\u00e3o F\u00e9 e Alegria do Brasil est\u00e1 com processo seletivo aberto"},"content":{"rendered":"<p>11\/10\/2017<\/p>\n<p>N\u00f3s, Funda\u00e7\u00e3o F\u00e9 Alegria do Brasil, atuamos h\u00e1 mais de 35 anos nas \u00e1reas de educa\u00e7\u00e3o e promo\u00e7\u00e3o social. Somos um time com mais de 400 colaboradores trabalhando, diariamente, para promover educa\u00e7\u00e3o de qualidade e impacto social na vida de mais de 13 mil crian\u00e7as. Buscamos algu\u00e9m engajado socialmente que contribua com nossos projetos e programas de forma\u00e7\u00e3o profissional. O profissional ir\u00e1 atuar na \u00e1rea de Educa\u00e7\u00e3o e Promo\u00e7\u00e3o Social.<\/p>\n<p>Os curr\u00edculos dever\u00e3o ser enviados para o endere\u00e7o\u00a0<strong>selecao@fealegria.org.br<\/strong> com o assunto: <strong>\u201cAnalista de Forma\u00e7\u00e3o Profissional\u201d at\u00e9 o dia 25\/10\/2017.<\/strong><\/p>\n<p>&nbsp;<\/p>\n<p><strong>Requisitos:<\/strong><\/p>\n<ul>\n<li>Ensino superior completo nas \u00e1reas de Pedagogia, Servi\u00e7o Social, Psicologia e Ci\u00eancias Sociais.<\/li>\n<li>Processo de Ensino Aprendizagem em diferentes ambientes (presencial e \u00e0 dist\u00e2ncia)<\/li>\n<li>Inform\u00e1tica (ferramenta de apoio ao processo de ensino aprendizagem)<\/li>\n<li>Legisla\u00e7\u00e3o da socioaprendizagem, empreendedorismos e economia solidaria.<\/li>\n<li>Educa\u00e7\u00e3o Popular, garantia dos direitos sociais b\u00e1sicos e dom\u00ednio do espanhol (escrita e fala).<\/li>\n<li>Disponibilidade para viagens e preferencialmente que j\u00e1 tenha atuado no Terceiro Setor.<\/li>\n<\/ul>\n<p><strong>Responsabilidades: <\/strong><\/p>\n<ul>\n<li>Realizar a elabora\u00e7\u00e3o de instrumentos de pesquisa para aplica\u00e7\u00e3o de diagn\u00f3sticos junto \u00e0s unidades e centros sociais, elaborar materiais, relat\u00f3rios e pareceres pertinentes \u00e0 \u00e1rea;<\/li>\n<li>Realizar o planejamento operacional, a execu\u00e7\u00e3o e a avalia\u00e7\u00e3o das a\u00e7\u00f5es da forma\u00e7\u00e3o para o mundo do trabalho, empreendedorismo, qualifica\u00e7\u00e3o profissional e economia solid\u00e1ria orientando e propondo solu\u00e7\u00f5es \u00e0s gestoras e gestores da sede e unidades;<\/li>\n<li>Desenvolver cursos de forma\u00e7\u00e3o em Ambiente Virtual de Aprendizagem \u2013 AVA bem como realizar a tutoria aos cursistas;<\/li>\n<\/ul>\n<p><strong>Sal\u00e1rio:<\/strong> R$ 4.000,00<strong><br \/>\nHor\u00e1rio de trabalho:<\/strong> 8 horas di\u00e1rias de segunda \u00e0 sexta-feira<br \/>\n<strong>Local de trabalho:<\/strong> Vila Gumercindo \u2013 Zona Sul\/SP<br \/>\n<strong>Benef\u00edcios:<\/strong> Vale-refei\u00e7\u00e3o e caf\u00e9 da manh\u00e3 na Funda\u00e7\u00e3o<\/p>\n","protected":false},"excerpt":{"rendered":"<p>N\u00f3s, Funda\u00e7\u00e3o F\u00e9 Alegria do Brasil, atuamos h\u00e1 mais de 35 anos nas \u00e1reas de educa\u00e7\u00e3o e promo\u00e7\u00e3o social. Somos um time com mais de 400 colaboradores trabalhando, diariamente, para promover educa\u00e7\u00e3o de qualidade e impacto social na vida de mais de 13 mil crian\u00e7as. <\/p>\n","protected":false},"author":2,"featured_media":24199,"comment_status":"closed","ping_status":"closed","sticky":false,"template":"","format":"standard","meta":{"_acf_changed":false,"footnotes":""},"categories":[432],"tags":[],"post_folder":[],"class_list":["post-2557","post","type-post","status-publish","format-standard","has-post-thumbnail","hentry","category-noticias-pt"],"acf":[],"yoast_head":"<!-- This site is optimized with the Yoast SEO plugin v27.5 - https:\/\/yoast.com\/product\/yoast-seo-wordpress\/ -->\n<title>Funda\u00e7\u00e3o F\u00e9 e Alegria do Brasil est\u00e1 com processo seletivo aberto - #SomosF\u00e9eAlegria en Brasil<\/title>\n<meta name=\"robots\" content=\"index, follow, max-snippet:-1, max-image-preview:large, max-video-preview:-1\" \/>\n<link rel=\"canonical\" href=\"https:\/\/www.feyalegria.org\/brasil\/fundacao-fe-e-alegria-do-brasil-esta-com-processo-seletivo-aberto\/\" \/>\n<meta property=\"og:locale\" content=\"es_ES\" \/>\n<meta property=\"og:type\" content=\"article\" \/>\n<meta property=\"og:title\" content=\"Funda\u00e7\u00e3o F\u00e9 e Alegria do Brasil est\u00e1 com processo seletivo aberto - #SomosF\u00e9eAlegria en Brasil\" \/>\n<meta property=\"og:description\" content=\"N\u00f3s, Funda\u00e7\u00e3o F\u00e9 Alegria do Brasil, atuamos h\u00e1 mais de 35 anos nas \u00e1reas de educa\u00e7\u00e3o e promo\u00e7\u00e3o social. Somos um time com mais de 400 colaboradores trabalhando, diariamente, para promover educa\u00e7\u00e3o de qualidade e impacto social na vida de mais de 13 mil crian\u00e7as.\" \/>\n<meta property=\"og:url\" content=\"https:\/\/www.feyalegria.org\/brasil\/fundacao-fe-e-alegria-do-brasil-esta-com-processo-seletivo-aberto\/\" \/>\n<meta property=\"og:site_name\" content=\"#SomosF\u00e9eAlegria en Brasil\" \/>\n<meta property=\"article:published_time\" content=\"2017-10-11T16:05:54+00:00\" \/>\n<meta property=\"article:modified_time\" content=\"2021-03-24T16:08:26+00:00\" \/>\n<meta property=\"og:image\" content=\"https:\/\/d3pugrm67vf9n7.cloudfront.net\/wp-content\/uploads\/sites\/23\/2020\/10\/23150032\/Logo-F%C3%A9-e-Alegria-2-BR.png\" \/>\n\t<meta property=\"og:image:width\" content=\"308\" \/>\n\t<meta property=\"og:image:height\" content=\"311\" \/>\n\t<meta property=\"og:image:type\" content=\"image\/png\" \/>\n<meta name=\"author\" content=\"adminfya\" \/>\n<meta name=\"twitter:card\" content=\"summary_large_image\" \/>\n<meta name=\"twitter:label1\" content=\"Escrito por\" \/>\n\t<meta name=\"twitter:data1\" content=\"adminfya\" \/>\n\t<meta name=\"twitter:label2\" content=\"Tiempo de lectura\" \/>\n\t<meta name=\"twitter:data2\" content=\"2 minutos\" \/>\n<script type=\"application\/ld+json\" class=\"yoast-schema-graph\">{\"@context\":\"https:\\\/\\\/schema.org\",\"@graph\":[{\"@type\":\"Article\",\"@id\":\"https:\\\/\\\/www.feyalegria.org\\\/brasil\\\/fundacao-fe-e-alegria-do-brasil-esta-com-processo-seletivo-aberto\\\/#article\",\"isPartOf\":{\"@id\":\"https:\\\/\\\/www.feyalegria.org\\\/brasil\\\/fundacao-fe-e-alegria-do-brasil-esta-com-processo-seletivo-aberto\\\/\"},\"author\":{\"name\":\"adminfya\",\"@id\":\"https:\\\/\\\/www.feyalegria.org\\\/brasil\\\/#\\\/schema\\\/person\\\/f113dd05751b9243bcc4b62d8f55bc4b\"},\"headline\":\"Funda\u00e7\u00e3o F\u00e9 e Alegria do Brasil est\u00e1 com processo seletivo aberto\",\"datePublished\":\"2017-10-11T16:05:54+00:00\",\"dateModified\":\"2021-03-24T16:08:26+00:00\",\"mainEntityOfPage\":{\"@id\":\"https:\\\/\\\/www.feyalegria.org\\\/brasil\\\/fundacao-fe-e-alegria-do-brasil-esta-com-processo-seletivo-aberto\\\/\"},\"wordCount\":312,\"image\":{\"@id\":\"https:\\\/\\\/www.feyalegria.org\\\/brasil\\\/fundacao-fe-e-alegria-do-brasil-esta-com-processo-seletivo-aberto\\\/#primaryimage\"},\"thumbnailUrl\":\"https:\\\/\\\/d3pugrm67vf9n7.cloudfront.net\\\/wp-content\\\/uploads\\\/sites\\\/23\\\/2020\\\/10\\\/23150032\\\/Logo-F%C3%A9-e-Alegria-2-BR.png\",\"articleSection\":[\"Noticias\"],\"inLanguage\":\"es-CO\"},{\"@type\":\"WebPage\",\"@id\":\"https:\\\/\\\/www.feyalegria.org\\\/brasil\\\/fundacao-fe-e-alegria-do-brasil-esta-com-processo-seletivo-aberto\\\/\",\"url\":\"https:\\\/\\\/www.feyalegria.org\\\/brasil\\\/fundacao-fe-e-alegria-do-brasil-esta-com-processo-seletivo-aberto\\\/\",\"name\":\"Funda\u00e7\u00e3o F\u00e9 e Alegria do Brasil est\u00e1 com processo seletivo aberto - #SomosF\u00e9eAlegria en Brasil\",\"isPartOf\":{\"@id\":\"https:\\\/\\\/www.feyalegria.org\\\/brasil\\\/#website\"},\"primaryImageOfPage\":{\"@id\":\"https:\\\/\\\/www.feyalegria.org\\\/brasil\\\/fundacao-fe-e-alegria-do-brasil-esta-com-processo-seletivo-aberto\\\/#primaryimage\"},\"image\":{\"@id\":\"https:\\\/\\\/www.feyalegria.org\\\/brasil\\\/fundacao-fe-e-alegria-do-brasil-esta-com-processo-seletivo-aberto\\\/#primaryimage\"},\"thumbnailUrl\":\"https:\\\/\\\/d3pugrm67vf9n7.cloudfront.net\\\/wp-content\\\/uploads\\\/sites\\\/23\\\/2020\\\/10\\\/23150032\\\/Logo-F%C3%A9-e-Alegria-2-BR.png\",\"datePublished\":\"2017-10-11T16:05:54+00:00\",\"dateModified\":\"2021-03-24T16:08:26+00:00\",\"author\":{\"@id\":\"https:\\\/\\\/www.feyalegria.org\\\/brasil\\\/#\\\/schema\\\/person\\\/f113dd05751b9243bcc4b62d8f55bc4b\"},\"inLanguage\":\"es-CO\",\"potentialAction\":[{\"@type\":\"ReadAction\",\"target\":[\"https:\\\/\\\/www.feyalegria.org\\\/brasil\\\/fundacao-fe-e-alegria-do-brasil-esta-com-processo-seletivo-aberto\\\/\"]}]},{\"@type\":\"ImageObject\",\"inLanguage\":\"es-CO\",\"@id\":\"https:\\\/\\\/www.feyalegria.org\\\/brasil\\\/fundacao-fe-e-alegria-do-brasil-esta-com-processo-seletivo-aberto\\\/#primaryimage\",\"url\":\"https:\\\/\\\/d3pugrm67vf9n7.cloudfront.net\\\/wp-content\\\/uploads\\\/sites\\\/23\\\/2020\\\/10\\\/23150032\\\/Logo-F%C3%A9-e-Alegria-2-BR.png\",\"contentUrl\":\"https:\\\/\\\/d3pugrm67vf9n7.cloudfront.net\\\/wp-content\\\/uploads\\\/sites\\\/23\\\/2020\\\/10\\\/23150032\\\/Logo-F%C3%A9-e-Alegria-2-BR.png\",\"width\":308,\"height\":311},{\"@type\":\"WebSite\",\"@id\":\"https:\\\/\\\/www.feyalegria.org\\\/brasil\\\/#website\",\"url\":\"https:\\\/\\\/www.feyalegria.org\\\/brasil\\\/\",\"name\":\"#SomosF\u00e9eAlegria en Brasil\",\"description\":\"\",\"potentialAction\":[{\"@type\":\"SearchAction\",\"target\":{\"@type\":\"EntryPoint\",\"urlTemplate\":\"https:\\\/\\\/www.feyalegria.org\\\/brasil\\\/?s={search_term_string}\"},\"query-input\":{\"@type\":\"PropertyValueSpecification\",\"valueRequired\":true,\"valueName\":\"search_term_string\"}}],\"inLanguage\":\"es-CO\"},{\"@type\":\"Person\",\"@id\":\"https:\\\/\\\/www.feyalegria.org\\\/brasil\\\/#\\\/schema\\\/person\\\/f113dd05751b9243bcc4b62d8f55bc4b\",\"name\":\"adminfya\",\"url\":\"https:\\\/\\\/www.feyalegria.org\\\/brasil\\\/author\\\/adminfya\\\/\"}]}<\/script>\n<!-- \/ Yoast SEO plugin. -->","yoast_head_json":{"title":"Funda\u00e7\u00e3o F\u00e9 e Alegria do Brasil est\u00e1 com processo seletivo aberto - #SomosF\u00e9eAlegria en Brasil","robots":{"index":"index","follow":"follow","max-snippet":"max-snippet:-1","max-image-preview":"max-image-preview:large","max-video-preview":"max-video-preview:-1"},"canonical":"https:\/\/www.feyalegria.org\/brasil\/fundacao-fe-e-alegria-do-brasil-esta-com-processo-seletivo-aberto\/","og_locale":"es_ES","og_type":"article","og_title":"Funda\u00e7\u00e3o F\u00e9 e Alegria do Brasil est\u00e1 com processo seletivo aberto - #SomosF\u00e9eAlegria en Brasil","og_description":"N\u00f3s, Funda\u00e7\u00e3o F\u00e9 Alegria do Brasil, atuamos h\u00e1 mais de 35 anos nas \u00e1reas de educa\u00e7\u00e3o e promo\u00e7\u00e3o social. Somos um time com mais de 400 colaboradores trabalhando, diariamente, para promover educa\u00e7\u00e3o de qualidade e impacto social na vida de mais de 13 mil crian\u00e7as.","og_url":"https:\/\/www.feyalegria.org\/brasil\/fundacao-fe-e-alegria-do-brasil-esta-com-processo-seletivo-aberto\/","og_site_name":"#SomosF\u00e9eAlegria en Brasil","article_published_time":"2017-10-11T16:05:54+00:00","article_modified_time":"2021-03-24T16:08:26+00:00","og_image":[{"width":308,"height":311,"url":"https:\/\/d3pugrm67vf9n7.cloudfront.net\/wp-content\/uploads\/sites\/23\/2020\/10\/23150032\/Logo-F%C3%A9-e-Alegria-2-BR.png","type":"image\/png"}],"author":"adminfya","twitter_card":"summary_large_image","twitter_misc":{"Escrito por":"adminfya","Tiempo de lectura":"2 minutos"},"schema":{"@context":"https:\/\/schema.org","@graph":[{"@type":"Article","@id":"https:\/\/www.feyalegria.org\/brasil\/fundacao-fe-e-alegria-do-brasil-esta-com-processo-seletivo-aberto\/#article","isPartOf":{"@id":"https:\/\/www.feyalegria.org\/brasil\/fundacao-fe-e-alegria-do-brasil-esta-com-processo-seletivo-aberto\/"},"author":{"name":"adminfya","@id":"https:\/\/www.feyalegria.org\/brasil\/#\/schema\/person\/f113dd05751b9243bcc4b62d8f55bc4b"},"headline":"Funda\u00e7\u00e3o F\u00e9 e Alegria do Brasil est\u00e1 com processo seletivo aberto","datePublished":"2017-10-11T16:05:54+00:00","dateModified":"2021-03-24T16:08:26+00:00","mainEntityOfPage":{"@id":"https:\/\/www.feyalegria.org\/brasil\/fundacao-fe-e-alegria-do-brasil-esta-com-processo-seletivo-aberto\/"},"wordCount":312,"image":{"@id":"https:\/\/www.feyalegria.org\/brasil\/fundacao-fe-e-alegria-do-brasil-esta-com-processo-seletivo-aberto\/#primaryimage"},"thumbnailUrl":"https:\/\/d3pugrm67vf9n7.cloudfront.net\/wp-content\/uploads\/sites\/23\/2020\/10\/23150032\/Logo-F%C3%A9-e-Alegria-2-BR.png","articleSection":["Noticias"],"inLanguage":"es-CO"},{"@type":"WebPage","@id":"https:\/\/www.feyalegria.org\/brasil\/fundacao-fe-e-alegria-do-brasil-esta-com-processo-seletivo-aberto\/","url":"https:\/\/www.feyalegria.org\/brasil\/fundacao-fe-e-alegria-do-brasil-esta-com-processo-seletivo-aberto\/","name":"Funda\u00e7\u00e3o F\u00e9 e Alegria do Brasil est\u00e1 com processo seletivo aberto - #SomosF\u00e9eAlegria en Brasil","isPartOf":{"@id":"https:\/\/www.feyalegria.org\/brasil\/#website"},"primaryImageOfPage":{"@id":"https:\/\/www.feyalegria.org\/brasil\/fundacao-fe-e-alegria-do-brasil-esta-com-processo-seletivo-aberto\/#primaryimage"},"image":{"@id":"https:\/\/www.feyalegria.org\/brasil\/fundacao-fe-e-alegria-do-brasil-esta-com-processo-seletivo-aberto\/#primaryimage"},"thumbnailUrl":"https:\/\/d3pugrm67vf9n7.cloudfront.net\/wp-content\/uploads\/sites\/23\/2020\/10\/23150032\/Logo-F%C3%A9-e-Alegria-2-BR.png","datePublished":"2017-10-11T16:05:54+00:00","dateModified":"2021-03-24T16:08:26+00:00","author":{"@id":"https:\/\/www.feyalegria.org\/brasil\/#\/schema\/person\/f113dd05751b9243bcc4b62d8f55bc4b"},"inLanguage":"es-CO","potentialAction":[{"@type":"ReadAction","target":["https:\/\/www.feyalegria.org\/brasil\/fundacao-fe-e-alegria-do-brasil-esta-com-processo-seletivo-aberto\/"]}]},{"@type":"ImageObject","inLanguage":"es-CO","@id":"https:\/\/www.feyalegria.org\/brasil\/fundacao-fe-e-alegria-do-brasil-esta-com-processo-seletivo-aberto\/#primaryimage","url":"https:\/\/d3pugrm67vf9n7.cloudfront.net\/wp-content\/uploads\/sites\/23\/2020\/10\/23150032\/Logo-F%C3%A9-e-Alegria-2-BR.png","contentUrl":"https:\/\/d3pugrm67vf9n7.cloudfront.net\/wp-content\/uploads\/sites\/23\/2020\/10\/23150032\/Logo-F%C3%A9-e-Alegria-2-BR.png","width":308,"height":311},{"@type":"WebSite","@id":"https:\/\/www.feyalegria.org\/brasil\/#website","url":"https:\/\/www.feyalegria.org\/brasil\/","name":"#SomosF\u00e9eAlegria en Brasil","description":"","potentialAction":[{"@type":"SearchAction","target":{"@type":"EntryPoint","urlTemplate":"https:\/\/www.feyalegria.org\/brasil\/?s={search_term_string}"},"query-input":{"@type":"PropertyValueSpecification","valueRequired":true,"valueName":"search_term_string"}}],"inLanguage":"es-CO"},{"@type":"Person","@id":"https:\/\/www.feyalegria.org\/brasil\/#\/schema\/person\/f113dd05751b9243bcc4b62d8f55bc4b","name":"adminfya","url":"https:\/\/www.feyalegria.org\/brasil\/author\/adminfya\/"}]}},"_links":{"self":[{"href":"https:\/\/www.feyalegria.org\/brasil\/wp-json\/wp\/v2\/posts\/2557","targetHints":{"allow":["GET"]}}],"collection":[{"href":"https:\/\/www.feyalegria.org\/brasil\/wp-json\/wp\/v2\/posts"}],"about":[{"href":"https:\/\/www.feyalegria.org\/brasil\/wp-json\/wp\/v2\/types\/post"}],"author":[{"embeddable":true,"href":"https:\/\/www.feyalegria.org\/brasil\/wp-json\/wp\/v2\/users\/2"}],"replies":[{"embeddable":true,"href":"https:\/\/www.feyalegria.org\/brasil\/wp-json\/wp\/v2\/comments?post=2557"}],"version-history":[{"count":0,"href":"https:\/\/www.feyalegria.org\/brasil\/wp-json\/wp\/v2\/posts\/2557\/revisions"}],"wp:featuredmedia":[{"embeddable":true,"href":"https:\/\/www.feyalegria.org\/brasil\/wp-json\/wp\/v2\/media\/24199"}],"wp:attachment":[{"href":"https:\/\/www.feyalegria.org\/brasil\/wp-json\/wp\/v2\/media?parent=2557"}],"wp:term":[{"taxonomy":"category","embeddable":true,"href":"https:\/\/www.feyalegria.org\/brasil\/wp-json\/wp\/v2\/categories?post=2557"},{"taxonomy":"post_tag","embeddable":true,"href":"https:\/\/www.feyalegria.org\/brasil\/wp-json\/wp\/v2\/tags?post=2557"},{"taxonomy":"post_folder","embeddable":true,"href":"https:\/\/www.feyalegria.org\/brasil\/wp-json\/wp\/v2\/post_folder?post=2557"}],"curies":[{"name":"wp","href":"https:\/\/api.w.org\/{rel}","templated":true}]}}