 {"id":25598,"date":"2021-11-12T17:51:46","date_gmt":"2021-11-12T20:51:46","guid":{"rendered":"https:\/\/www.feyalegria.org\/brasil\/?p=25598"},"modified":"2021-11-12T17:54:25","modified_gmt":"2021-11-12T20:54:25","slug":"seu-ir-pode-ser-educacao-esperanca","status":"publish","type":"post","link":"https:\/\/www.feyalegria.org\/brasil\/seu-ir-pode-ser-educacao-esperanca\/","title":{"rendered":"Est\u00e1 no ar a campanha Seu IR pode ser Educa\u00e7\u00e3o e Esperan\u00e7a, da Funda\u00e7\u00e3o F\u00e9 e Alegria"},"content":{"rendered":"<div class=\"wpb-content-wrapper\"><p>[vc_row][vc_column][\/vc_column][\/vc_row][vc_row][vc_column][vc_column_text]A Funda\u00e7\u00e3o F\u00e9 e Alegria do Brasil lan\u00e7a a campanha <em>Seu IR pode ser Educa\u00e7\u00e3o e Esperan\u00e7a<\/em>, que visa captar recursos por meio do imposto de renda, sem que o contribuinte gaste nada a mais.<\/p>\n<p>&nbsp;<\/p>\n<p>Nesse momento, as unidades de Montes Claros e Santa Luzia, do estado de Minas Gerais, de S\u00e3o Paulo capital e de Porto Alegre (RS) est\u00e3o aptas para participar da campanha. Os projetos participantes s\u00e3o reconhecidos pelos Conselhos dos Direitos da Crian\u00e7a e do Adolescente e beneficiam diversas pessoas em situa\u00e7\u00e3o de vulnerabilidade social.<\/p>\n<p>&nbsp;<\/p>\n<p><strong>Como funciona?<\/strong><\/p>\n<p>&nbsp;<\/p>\n<p>Ao declarar o imposto de renda no modelo completo, \u00e9 poss\u00edvel destinar at\u00e9 6% do valor devido, que ser\u00e1 restitu\u00eddo ou abatido de IRPF em 2022.<\/p>\n<p>&nbsp;<\/p>\n<p>Para realizar uma doa\u00e7\u00e3o via Imposto de Renda* \u00e0s unidades de Santa Luzia, Montes Claros e S\u00e3o Paulo, acesse: <span style=\"color: #0000ff\"><a style=\"color: #0000ff\" href=\"https:\/\/fealegria.abraceumacausa.com.br\/\">fealegria.abraceumacausa.com.br<\/a> <\/span>ou clique <span style=\"color: #0000ff\"><a style=\"color: #0000ff\" href=\"https:\/\/doacoes.prefeitura.poa.br\/projeto\/1688\">aqui<\/a> <\/span>para destinar seu imposto \u00e0 unidade de Porto Alegre.<\/p>\n<p>&nbsp;<\/p>\n<p><span style=\"font-size: 10pt\">*Caso n\u00e3o se enquadre no modelo de declara\u00e7\u00e3o completa, \u00e9 poss\u00edvel fazer uma doa\u00e7\u00e3o acessando a p\u00e1gina <a href=\"https:\/\/www.feyalegria.org\/brasil\/doe-agora\/\"><span style=\"color: #0000ff\">doe agora<\/span><\/a> ou pela chave pix <span style=\"color: #0000ff\"><a style=\"color: #0000ff\" href=\"mailto:doe@fealegria.org.br\">doe@fealegria.org.br<\/a><\/span>.<\/span>[\/vc_column_text][vc_row_inner][vc_column_inner width=&#8221;1\/2&#8243;][\/vc_column_inner][vc_column_inner width=&#8221;1\/2&#8243;][\/vc_column_inner][\/vc_row_inner][\/vc_column][\/vc_row][vc_row][vc_column][\/vc_column][\/vc_row]<\/p>\n<\/div>","protected":false},"excerpt":{"rendered":"<p>[vc_row][vc_column][\/vc_column][\/vc_row][vc_row][vc_column][vc_column_text]A Funda\u00e7\u00e3o F\u00e9 e Alegria do Brasil lan\u00e7a a campanha Seu IR pode ser Educa\u00e7\u00e3o e Esperan\u00e7a, que visa captar recursos por meio do imposto de renda, sem que o contribuinte gaste nada a mais. &nbsp; Nesse momento, as unidades de Montes Claros e Santa Luzia, do estado de Minas Gerais, de S\u00e3o Paulo capital<\/p>\n","protected":false},"author":2,"featured_media":25599,"comment_status":"closed","ping_status":"closed","sticky":false,"template":"","format":"standard","meta":{"_acf_changed":false,"footnotes":""},"categories":[432],"tags":[446,436,517,491,515],"post_folder":[],"class_list":["post-25598","post","type-post","status-publish","format-standard","has-post-thumbnail","hentry","category-noticias-pt","tag-fya-pt","tag-manaus-pt","tag-setembroamarelo","tag-unidades","tag-unisinos"],"acf":[],"yoast_head":"<!-- This site is optimized with the Yoast SEO plugin v27.5 - https:\/\/yoast.com\/product\/yoast-seo-wordpress\/ -->\n<title>Est\u00e1 no ar a campanha Seu IR pode ser Educa\u00e7\u00e3o e Esperan\u00e7a, da Funda\u00e7\u00e3o F\u00e9 e Alegria - #SomosF\u00e9eAlegria en Brasil<\/title>\n<meta name=\"robots\" content=\"index, follow, max-snippet:-1, max-image-preview:large, max-video-preview:-1\" \/>\n<link rel=\"canonical\" href=\"https:\/\/www.feyalegria.org\/brasil\/seu-ir-pode-ser-educacao-esperanca\/\" \/>\n<meta property=\"og:locale\" content=\"es_ES\" \/>\n<meta property=\"og:type\" content=\"article\" \/>\n<meta property=\"og:title\" content=\"Est\u00e1 no ar a campanha Seu IR pode ser Educa\u00e7\u00e3o e Esperan\u00e7a, da Funda\u00e7\u00e3o F\u00e9 e Alegria - #SomosF\u00e9eAlegria en Brasil\" \/>\n<meta property=\"og:description\" content=\"[vc_row][vc_column][\/vc_column][\/vc_row][vc_row][vc_column][vc_column_text]A Funda\u00e7\u00e3o F\u00e9 e Alegria do Brasil lan\u00e7a a campanha Seu IR pode ser Educa\u00e7\u00e3o e Esperan\u00e7a, que visa captar recursos por meio do imposto de renda, sem que o contribuinte gaste nada a mais. &nbsp; Nesse momento, as unidades de Montes Claros e Santa Luzia, do estado de Minas Gerais, de S\u00e3o Paulo capital\" \/>\n<meta property=\"og:url\" content=\"https:\/\/www.feyalegria.org\/brasil\/seu-ir-pode-ser-educacao-esperanca\/\" \/>\n<meta property=\"og:site_name\" content=\"#SomosF\u00e9eAlegria en Brasil\" \/>\n<meta property=\"article:published_time\" content=\"2021-11-12T20:51:46+00:00\" \/>\n<meta property=\"article:modified_time\" content=\"2021-11-12T20:54:25+00:00\" \/>\n<meta property=\"og:image\" content=\"https:\/\/d3pugrm67vf9n7.cloudfront.net\/wp-content\/uploads\/sites\/23\/2021\/11\/12175124\/Banner-topo-site-1000px-X-500px.png\" \/>\n\t<meta property=\"og:image:width\" content=\"1000\" \/>\n\t<meta property=\"og:image:height\" content=\"500\" \/>\n\t<meta property=\"og:image:type\" content=\"image\/png\" \/>\n<meta name=\"author\" content=\"adminfya\" \/>\n<meta name=\"twitter:card\" content=\"summary_large_image\" \/>\n<meta name=\"twitter:label1\" content=\"Escrito por\" \/>\n\t<meta name=\"twitter:data1\" content=\"adminfya\" \/>\n\t<meta name=\"twitter:label2\" content=\"Tiempo de lectura\" \/>\n\t<meta name=\"twitter:data2\" content=\"1 minuto\" \/>\n<script type=\"application\/ld+json\" class=\"yoast-schema-graph\">{\"@context\":\"https:\\\/\\\/schema.org\",\"@graph\":[{\"@type\":\"Article\",\"@id\":\"https:\\\/\\\/www.feyalegria.org\\\/brasil\\\/seu-ir-pode-ser-educacao-esperanca\\\/#article\",\"isPartOf\":{\"@id\":\"https:\\\/\\\/www.feyalegria.org\\\/brasil\\\/seu-ir-pode-ser-educacao-esperanca\\\/\"},\"author\":{\"name\":\"adminfya\",\"@id\":\"https:\\\/\\\/www.feyalegria.org\\\/brasil\\\/#\\\/schema\\\/person\\\/f113dd05751b9243bcc4b62d8f55bc4b\"},\"headline\":\"Est\u00e1 no ar a campanha Seu IR pode ser Educa\u00e7\u00e3o e Esperan\u00e7a, da Funda\u00e7\u00e3o F\u00e9 e Alegria\",\"datePublished\":\"2021-11-12T20:51:46+00:00\",\"dateModified\":\"2021-11-12T20:54:25+00:00\",\"mainEntityOfPage\":{\"@id\":\"https:\\\/\\\/www.feyalegria.org\\\/brasil\\\/seu-ir-pode-ser-educacao-esperanca\\\/\"},\"wordCount\":266,\"image\":{\"@id\":\"https:\\\/\\\/www.feyalegria.org\\\/brasil\\\/seu-ir-pode-ser-educacao-esperanca\\\/#primaryimage\"},\"thumbnailUrl\":\"https:\\\/\\\/d3pugrm67vf9n7.cloudfront.net\\\/wp-content\\\/uploads\\\/sites\\\/23\\\/2021\\\/11\\\/12175124\\\/Banner-topo-site-1000px-X-500px.png\",\"keywords\":[\"FyA\",\"Manaus\",\"setembroamarelo\",\"unidades\",\"unisinos\"],\"articleSection\":[\"Noticias\"],\"inLanguage\":\"es-CO\"},{\"@type\":\"WebPage\",\"@id\":\"https:\\\/\\\/www.feyalegria.org\\\/brasil\\\/seu-ir-pode-ser-educacao-esperanca\\\/\",\"url\":\"https:\\\/\\\/www.feyalegria.org\\\/brasil\\\/seu-ir-pode-ser-educacao-esperanca\\\/\",\"name\":\"Est\u00e1 no ar a campanha Seu IR pode ser Educa\u00e7\u00e3o e Esperan\u00e7a, da Funda\u00e7\u00e3o F\u00e9 e Alegria - #SomosF\u00e9eAlegria en Brasil\",\"isPartOf\":{\"@id\":\"https:\\\/\\\/www.feyalegria.org\\\/brasil\\\/#website\"},\"primaryImageOfPage\":{\"@id\":\"https:\\\/\\\/www.feyalegria.org\\\/brasil\\\/seu-ir-pode-ser-educacao-esperanca\\\/#primaryimage\"},\"image\":{\"@id\":\"https:\\\/\\\/www.feyalegria.org\\\/brasil\\\/seu-ir-pode-ser-educacao-esperanca\\\/#primaryimage\"},\"thumbnailUrl\":\"https:\\\/\\\/d3pugrm67vf9n7.cloudfront.net\\\/wp-content\\\/uploads\\\/sites\\\/23\\\/2021\\\/11\\\/12175124\\\/Banner-topo-site-1000px-X-500px.png\",\"datePublished\":\"2021-11-12T20:51:46+00:00\",\"dateModified\":\"2021-11-12T20:54:25+00:00\",\"author\":{\"@id\":\"https:\\\/\\\/www.feyalegria.org\\\/brasil\\\/#\\\/schema\\\/person\\\/f113dd05751b9243bcc4b62d8f55bc4b\"},\"inLanguage\":\"es-CO\",\"potentialAction\":[{\"@type\":\"ReadAction\",\"target\":[\"https:\\\/\\\/www.feyalegria.org\\\/brasil\\\/seu-ir-pode-ser-educacao-esperanca\\\/\"]}]},{\"@type\":\"ImageObject\",\"inLanguage\":\"es-CO\",\"@id\":\"https:\\\/\\\/www.feyalegria.org\\\/brasil\\\/seu-ir-pode-ser-educacao-esperanca\\\/#primaryimage\",\"url\":\"https:\\\/\\\/d3pugrm67vf9n7.cloudfront.net\\\/wp-content\\\/uploads\\\/sites\\\/23\\\/2021\\\/11\\\/12175124\\\/Banner-topo-site-1000px-X-500px.png\",\"contentUrl\":\"https:\\\/\\\/d3pugrm67vf9n7.cloudfront.net\\\/wp-content\\\/uploads\\\/sites\\\/23\\\/2021\\\/11\\\/12175124\\\/Banner-topo-site-1000px-X-500px.png\",\"width\":1000,\"height\":500},{\"@type\":\"WebSite\",\"@id\":\"https:\\\/\\\/www.feyalegria.org\\\/brasil\\\/#website\",\"url\":\"https:\\\/\\\/www.feyalegria.org\\\/brasil\\\/\",\"name\":\"#SomosF\u00e9eAlegria en Brasil\",\"description\":\"\",\"potentialAction\":[{\"@type\":\"SearchAction\",\"target\":{\"@type\":\"EntryPoint\",\"urlTemplate\":\"https:\\\/\\\/www.feyalegria.org\\\/brasil\\\/?s={search_term_string}\"},\"query-input\":{\"@type\":\"PropertyValueSpecification\",\"valueRequired\":true,\"valueName\":\"search_term_string\"}}],\"inLanguage\":\"es-CO\"},{\"@type\":\"Person\",\"@id\":\"https:\\\/\\\/www.feyalegria.org\\\/brasil\\\/#\\\/schema\\\/person\\\/f113dd05751b9243bcc4b62d8f55bc4b\",\"name\":\"adminfya\",\"url\":\"https:\\\/\\\/www.feyalegria.org\\\/brasil\\\/author\\\/adminfya\\\/\"}]}<\/script>\n<!-- \/ Yoast SEO plugin. -->","yoast_head_json":{"title":"Est\u00e1 no ar a campanha Seu IR pode ser Educa\u00e7\u00e3o e Esperan\u00e7a, da Funda\u00e7\u00e3o F\u00e9 e Alegria - #SomosF\u00e9eAlegria en Brasil","robots":{"index":"index","follow":"follow","max-snippet":"max-snippet:-1","max-image-preview":"max-image-preview:large","max-video-preview":"max-video-preview:-1"},"canonical":"https:\/\/www.feyalegria.org\/brasil\/seu-ir-pode-ser-educacao-esperanca\/","og_locale":"es_ES","og_type":"article","og_title":"Est\u00e1 no ar a campanha Seu IR pode ser Educa\u00e7\u00e3o e Esperan\u00e7a, da Funda\u00e7\u00e3o F\u00e9 e Alegria - #SomosF\u00e9eAlegria en Brasil","og_description":"[vc_row][vc_column][\/vc_column][\/vc_row][vc_row][vc_column][vc_column_text]A Funda\u00e7\u00e3o F\u00e9 e Alegria do Brasil lan\u00e7a a campanha Seu IR pode ser Educa\u00e7\u00e3o e Esperan\u00e7a, que visa captar recursos por meio do imposto de renda, sem que o contribuinte gaste nada a mais. &nbsp; Nesse momento, as unidades de Montes Claros e Santa Luzia, do estado de Minas Gerais, de S\u00e3o Paulo capital","og_url":"https:\/\/www.feyalegria.org\/brasil\/seu-ir-pode-ser-educacao-esperanca\/","og_site_name":"#SomosF\u00e9eAlegria en Brasil","article_published_time":"2021-11-12T20:51:46+00:00","article_modified_time":"2021-11-12T20:54:25+00:00","og_image":[{"width":1000,"height":500,"url":"https:\/\/d3pugrm67vf9n7.cloudfront.net\/wp-content\/uploads\/sites\/23\/2021\/11\/12175124\/Banner-topo-site-1000px-X-500px.png","type":"image\/png"}],"author":"adminfya","twitter_card":"summary_large_image","twitter_misc":{"Escrito por":"adminfya","Tiempo de lectura":"1 minuto"},"schema":{"@context":"https:\/\/schema.org","@graph":[{"@type":"Article","@id":"https:\/\/www.feyalegria.org\/brasil\/seu-ir-pode-ser-educacao-esperanca\/#article","isPartOf":{"@id":"https:\/\/www.feyalegria.org\/brasil\/seu-ir-pode-ser-educacao-esperanca\/"},"author":{"name":"adminfya","@id":"https:\/\/www.feyalegria.org\/brasil\/#\/schema\/person\/f113dd05751b9243bcc4b62d8f55bc4b"},"headline":"Est\u00e1 no ar a campanha Seu IR pode ser Educa\u00e7\u00e3o e Esperan\u00e7a, da Funda\u00e7\u00e3o F\u00e9 e Alegria","datePublished":"2021-11-12T20:51:46+00:00","dateModified":"2021-11-12T20:54:25+00:00","mainEntityOfPage":{"@id":"https:\/\/www.feyalegria.org\/brasil\/seu-ir-pode-ser-educacao-esperanca\/"},"wordCount":266,"image":{"@id":"https:\/\/www.feyalegria.org\/brasil\/seu-ir-pode-ser-educacao-esperanca\/#primaryimage"},"thumbnailUrl":"https:\/\/d3pugrm67vf9n7.cloudfront.net\/wp-content\/uploads\/sites\/23\/2021\/11\/12175124\/Banner-topo-site-1000px-X-500px.png","keywords":["FyA","Manaus","setembroamarelo","unidades","unisinos"],"articleSection":["Noticias"],"inLanguage":"es-CO"},{"@type":"WebPage","@id":"https:\/\/www.feyalegria.org\/brasil\/seu-ir-pode-ser-educacao-esperanca\/","url":"https:\/\/www.feyalegria.org\/brasil\/seu-ir-pode-ser-educacao-esperanca\/","name":"Est\u00e1 no ar a campanha Seu IR pode ser Educa\u00e7\u00e3o e Esperan\u00e7a, da Funda\u00e7\u00e3o F\u00e9 e Alegria - #SomosF\u00e9eAlegria en Brasil","isPartOf":{"@id":"https:\/\/www.feyalegria.org\/brasil\/#website"},"primaryImageOfPage":{"@id":"https:\/\/www.feyalegria.org\/brasil\/seu-ir-pode-ser-educacao-esperanca\/#primaryimage"},"image":{"@id":"https:\/\/www.feyalegria.org\/brasil\/seu-ir-pode-ser-educacao-esperanca\/#primaryimage"},"thumbnailUrl":"https:\/\/d3pugrm67vf9n7.cloudfront.net\/wp-content\/uploads\/sites\/23\/2021\/11\/12175124\/Banner-topo-site-1000px-X-500px.png","datePublished":"2021-11-12T20:51:46+00:00","dateModified":"2021-11-12T20:54:25+00:00","author":{"@id":"https:\/\/www.feyalegria.org\/brasil\/#\/schema\/person\/f113dd05751b9243bcc4b62d8f55bc4b"},"inLanguage":"es-CO","potentialAction":[{"@type":"ReadAction","target":["https:\/\/www.feyalegria.org\/brasil\/seu-ir-pode-ser-educacao-esperanca\/"]}]},{"@type":"ImageObject","inLanguage":"es-CO","@id":"https:\/\/www.feyalegria.org\/brasil\/seu-ir-pode-ser-educacao-esperanca\/#primaryimage","url":"https:\/\/d3pugrm67vf9n7.cloudfront.net\/wp-content\/uploads\/sites\/23\/2021\/11\/12175124\/Banner-topo-site-1000px-X-500px.png","contentUrl":"https:\/\/d3pugrm67vf9n7.cloudfront.net\/wp-content\/uploads\/sites\/23\/2021\/11\/12175124\/Banner-topo-site-1000px-X-500px.png","width":1000,"height":500},{"@type":"WebSite","@id":"https:\/\/www.feyalegria.org\/brasil\/#website","url":"https:\/\/www.feyalegria.org\/brasil\/","name":"#SomosF\u00e9eAlegria en Brasil","description":"","potentialAction":[{"@type":"SearchAction","target":{"@type":"EntryPoint","urlTemplate":"https:\/\/www.feyalegria.org\/brasil\/?s={search_term_string}"},"query-input":{"@type":"PropertyValueSpecification","valueRequired":true,"valueName":"search_term_string"}}],"inLanguage":"es-CO"},{"@type":"Person","@id":"https:\/\/www.feyalegria.org\/brasil\/#\/schema\/person\/f113dd05751b9243bcc4b62d8f55bc4b","name":"adminfya","url":"https:\/\/www.feyalegria.org\/brasil\/author\/adminfya\/"}]}},"_links":{"self":[{"href":"https:\/\/www.feyalegria.org\/brasil\/wp-json\/wp\/v2\/posts\/25598","targetHints":{"allow":["GET"]}}],"collection":[{"href":"https:\/\/www.feyalegria.org\/brasil\/wp-json\/wp\/v2\/posts"}],"about":[{"href":"https:\/\/www.feyalegria.org\/brasil\/wp-json\/wp\/v2\/types\/post"}],"author":[{"embeddable":true,"href":"https:\/\/www.feyalegria.org\/brasil\/wp-json\/wp\/v2\/users\/2"}],"replies":[{"embeddable":true,"href":"https:\/\/www.feyalegria.org\/brasil\/wp-json\/wp\/v2\/comments?post=25598"}],"version-history":[{"count":0,"href":"https:\/\/www.feyalegria.org\/brasil\/wp-json\/wp\/v2\/posts\/25598\/revisions"}],"wp:featuredmedia":[{"embeddable":true,"href":"https:\/\/www.feyalegria.org\/brasil\/wp-json\/wp\/v2\/media\/25599"}],"wp:attachment":[{"href":"https:\/\/www.feyalegria.org\/brasil\/wp-json\/wp\/v2\/media?parent=25598"}],"wp:term":[{"taxonomy":"category","embeddable":true,"href":"https:\/\/www.feyalegria.org\/brasil\/wp-json\/wp\/v2\/categories?post=25598"},{"taxonomy":"post_tag","embeddable":true,"href":"https:\/\/www.feyalegria.org\/brasil\/wp-json\/wp\/v2\/tags?post=25598"},{"taxonomy":"post_folder","embeddable":true,"href":"https:\/\/www.feyalegria.org\/brasil\/wp-json\/wp\/v2\/post_folder?post=25598"}],"curies":[{"name":"wp","href":"https:\/\/api.w.org\/{rel}","templated":true}]}}