 {"id":25603,"date":"2021-11-03T11:23:42","date_gmt":"2021-11-03T14:23:42","guid":{"rendered":"https:\/\/www.feyalegria.org\/brasil\/?p=25603"},"modified":"2021-11-18T12:39:25","modified_gmt":"2021-11-18T15:39:25","slug":"casa-dom-luciano-completa-3-anos","status":"publish","type":"post","link":"https:\/\/www.feyalegria.org\/brasil\/casa-dom-luciano-completa-3-anos\/","title":{"rendered":"Casa Dom Luciano Mendes completa tr\u00eas anos de atua\u00e7\u00e3o com migrantes venezuelanos"},"content":{"rendered":"<div class=\"wpb-content-wrapper\"><p>[vc_row][vc_column width=&#8221;1\/3&#8243;][\/vc_column][vc_column width=&#8221;1\/3&#8243;][vc_single_image image=&#8221;25632&#8243;][\/vc_column][vc_column width=&#8221;1\/3&#8243;][\/vc_column][\/vc_row][vc_row][vc_column][vc_column_text]A Casa de Acolhida Dom Luciano Mendes Mendes de Almeida, unidade de F\u00e9 e Alegria que atende migrantes venezuelanos, completa tr\u00eas anos de atua\u00e7\u00e3o em S\u00e3o Paulo (SP). O espa\u00e7o abriga grupos de atendidos por um per\u00edodo de tr\u00eas meses, oferecendo aulas de portugu\u00eas e cursos profissionalizantes para facilitar o processo de recoloca\u00e7\u00e3o no mercado de trabalho e integra\u00e7\u00e3o no Brasil.<\/p>\n<p>&nbsp;<\/p>\n<p>A atua\u00e7\u00e3o da Casa foi idealizada como resposta \u00e0 situa\u00e7\u00e3o emergencial dos migrantes na fronteira com a Venezuela, regi\u00e3o Norte, e passou a somar for\u00e7as na estrat\u00e9gia de interioriza\u00e7\u00e3o, com o objetivo de ir al\u00e9m da acolhida f\u00edsica. At\u00e9 hoje, a unidade est\u00e1 no seu s\u00e9timo grupo de acolhidos e j\u00e1 atendeu 131 pessoas, resultando em autonomia de vida e constru\u00e7\u00e3o de uma base s\u00f3lida de socializa\u00e7\u00e3o.<\/p>\n<p>&nbsp;<\/p>\n<p><strong>Selo de Direitos Humanos e Diversidade<\/strong><\/p>\n<p>&nbsp;<\/p>\n<p>Como resultado de uma forte atua\u00e7\u00e3o no campo de ajuda humanit\u00e1ria e integra\u00e7\u00e3o de migrantes venezuelanos, a Casa Dom Luciano Mendes recebeu, em outubro, o Selo de Direitos Humanos e Diversidade, uma premia\u00e7\u00e3o da Prefeitura Municipal de S\u00e3o Paulo que reconhece boas pr\u00e1ticas de gest\u00e3o em empresas, \u00f3rg\u00e3os p\u00fablicos e organiza\u00e7\u00f5es do terceiro setor.<\/p>\n<p>&nbsp;<\/p>\n<p><strong>Atividades formativas <\/strong><\/p>\n<p>&nbsp;<\/p>\n<p>A unidade tamb\u00e9m promove atividades formativas, de conhecimento sociocultural e de direitos humanos para seus atendimentos, como forma de apoi\u00e1-los no processo de reintegra\u00e7\u00e3o. Recentemente, foi realizada uma roda de conversa sobre o trabalho dom\u00e9stico no Brasil, ministrada pelo Sindicato das Dom\u00e9sticas e com a participa\u00e7\u00e3o de 30 mulheres venezuelanas.<\/p>\n<p>&nbsp;<\/p>\n<p>Nos \u00faltimos meses, tamb\u00e9m foram oferecidas as seguintes capacita\u00e7\u00f5es: \u201cConversando com uma Advogada: Direitos Essenciais no Brasil\u201d, \u201cConversas Coletivas sobre Sa\u00fade Mental\u201d, \u201cPortugu\u00eas como L\u00edngua de Acolhimento\u201d e \u201cVis\u00e3o Mundial: <em>Ven, Tu Puedes<\/em> \u2013 Apoio ao Empreendedorismo e Empregabilidade\u201d.<\/p>\n<p>&nbsp;<\/p>\n<p><strong>Ajuda Humanit\u00e1ria<\/strong><\/p>\n<p>&nbsp;<\/p>\n<p>Durante a pandemia de Covid-19, a Casa Dom Luciano manteve a ajuda humanit\u00e1ria em prol das fam\u00edlias venezuelanas localizadas na cidade de S\u00e3o Paulo: apenas no \u00faltimo trimestre, cerca de 850 pessoas foram beneficiadas, com destaque para o apoio da ONG Banco de Alimentos*, que doou 300 cestas b\u00e1sicas para o projeto em agosto.[\/vc_column_text][vc_row_inner][vc_column_inner width=&#8221;1\/2&#8243;][\/vc_column_inner][vc_column_inner width=&#8221;1\/2&#8243;][\/vc_column_inner][\/vc_row_inner][\/vc_column][\/vc_row][vc_row][vc_column][\/vc_column][\/vc_row]<\/p>\n<\/div>","protected":false},"excerpt":{"rendered":"<p>[vc_row][vc_column width=&#8221;1\/3&#8243;][\/vc_column][vc_column width=&#8221;1\/3&#8243;][vc_single_image image=&#8221;25632&#8243;][\/vc_column][vc_column width=&#8221;1\/3&#8243;][\/vc_column][\/vc_row][vc_row][vc_column][vc_column_text]A Casa de Acolhida Dom Luciano Mendes Mendes de Almeida, unidade de F\u00e9 e Alegria que atende migrantes venezuelanos, completa tr\u00eas anos de atua\u00e7\u00e3o em S\u00e3o Paulo (SP). O espa\u00e7o abriga grupos de atendidos por um per\u00edodo de tr\u00eas meses, oferecendo aulas de portugu\u00eas e cursos profissionalizantes para facilitar o processo<\/p>\n","protected":false},"author":2,"featured_media":25631,"comment_status":"closed","ping_status":"closed","sticky":false,"template":"","format":"standard","meta":{"_acf_changed":false,"footnotes":""},"categories":[432],"tags":[497,446,495,491],"post_folder":[],"class_list":["post-25603","post","type-post","status-publish","format-standard","has-post-thumbnail","hentry","category-noticias-pt","tag-casadomluciano","tag-fya-pt","tag-migrantes","tag-unidades"],"acf":[],"yoast_head":"<!-- This site is optimized with the Yoast SEO plugin v27.5 - https:\/\/yoast.com\/product\/yoast-seo-wordpress\/ -->\n<title>Casa Dom Luciano Mendes completa tr\u00eas anos de atua\u00e7\u00e3o com migrantes venezuelanos - #SomosF\u00e9eAlegria en Brasil<\/title>\n<meta name=\"robots\" content=\"index, follow, max-snippet:-1, max-image-preview:large, max-video-preview:-1\" \/>\n<link rel=\"canonical\" href=\"https:\/\/www.feyalegria.org\/brasil\/casa-dom-luciano-completa-3-anos\/\" \/>\n<meta property=\"og:locale\" content=\"es_ES\" \/>\n<meta property=\"og:type\" content=\"article\" \/>\n<meta property=\"og:title\" content=\"Casa Dom Luciano Mendes completa tr\u00eas anos de atua\u00e7\u00e3o com migrantes venezuelanos - #SomosF\u00e9eAlegria en Brasil\" \/>\n<meta property=\"og:description\" content=\"[vc_row][vc_column width=&#8221;1\/3&#8243;][\/vc_column][vc_column width=&#8221;1\/3&#8243;][vc_single_image image=&#8221;25632&#8243;][\/vc_column][vc_column width=&#8221;1\/3&#8243;][\/vc_column][\/vc_row][vc_row][vc_column][vc_column_text]A Casa de Acolhida Dom Luciano Mendes Mendes de Almeida, unidade de F\u00e9 e Alegria que atende migrantes venezuelanos, completa tr\u00eas anos de atua\u00e7\u00e3o em S\u00e3o Paulo (SP). O espa\u00e7o abriga grupos de atendidos por um per\u00edodo de tr\u00eas meses, oferecendo aulas de portugu\u00eas e cursos profissionalizantes para facilitar o processo\" \/>\n<meta property=\"og:url\" content=\"https:\/\/www.feyalegria.org\/brasil\/casa-dom-luciano-completa-3-anos\/\" \/>\n<meta property=\"og:site_name\" content=\"#SomosF\u00e9eAlegria en Brasil\" \/>\n<meta property=\"article:published_time\" content=\"2021-11-03T14:23:42+00:00\" \/>\n<meta property=\"article:modified_time\" content=\"2021-11-18T15:39:25+00:00\" \/>\n<meta property=\"og:image\" content=\"https:\/\/d3pugrm67vf9n7.cloudfront.net\/wp-content\/uploads\/sites\/23\/2021\/11\/18114213\/banner-dom-3anos.png\" \/>\n\t<meta property=\"og:image:width\" content=\"1000\" \/>\n\t<meta property=\"og:image:height\" content=\"500\" \/>\n\t<meta property=\"og:image:type\" content=\"image\/png\" \/>\n<meta name=\"author\" content=\"adminfya\" \/>\n<meta name=\"twitter:card\" content=\"summary_large_image\" \/>\n<meta name=\"twitter:label1\" content=\"Escrito por\" \/>\n\t<meta name=\"twitter:data1\" content=\"adminfya\" \/>\n\t<meta name=\"twitter:label2\" content=\"Tiempo de lectura\" \/>\n\t<meta name=\"twitter:data2\" content=\"2 minutos\" \/>\n<script type=\"application\/ld+json\" class=\"yoast-schema-graph\">{\"@context\":\"https:\\\/\\\/schema.org\",\"@graph\":[{\"@type\":\"Article\",\"@id\":\"https:\\\/\\\/www.feyalegria.org\\\/brasil\\\/casa-dom-luciano-completa-3-anos\\\/#article\",\"isPartOf\":{\"@id\":\"https:\\\/\\\/www.feyalegria.org\\\/brasil\\\/casa-dom-luciano-completa-3-anos\\\/\"},\"author\":{\"name\":\"adminfya\",\"@id\":\"https:\\\/\\\/www.feyalegria.org\\\/brasil\\\/#\\\/schema\\\/person\\\/f113dd05751b9243bcc4b62d8f55bc4b\"},\"headline\":\"Casa Dom Luciano Mendes completa tr\u00eas anos de atua\u00e7\u00e3o com migrantes venezuelanos\",\"datePublished\":\"2021-11-03T14:23:42+00:00\",\"dateModified\":\"2021-11-18T15:39:25+00:00\",\"mainEntityOfPage\":{\"@id\":\"https:\\\/\\\/www.feyalegria.org\\\/brasil\\\/casa-dom-luciano-completa-3-anos\\\/\"},\"wordCount\":464,\"image\":{\"@id\":\"https:\\\/\\\/www.feyalegria.org\\\/brasil\\\/casa-dom-luciano-completa-3-anos\\\/#primaryimage\"},\"thumbnailUrl\":\"https:\\\/\\\/d3pugrm67vf9n7.cloudfront.net\\\/wp-content\\\/uploads\\\/sites\\\/23\\\/2021\\\/11\\\/18114213\\\/banner-dom-3anos.png\",\"keywords\":[\"casadomluciano\",\"FyA\",\"migrantes\",\"unidades\"],\"articleSection\":[\"Noticias\"],\"inLanguage\":\"es-CO\"},{\"@type\":\"WebPage\",\"@id\":\"https:\\\/\\\/www.feyalegria.org\\\/brasil\\\/casa-dom-luciano-completa-3-anos\\\/\",\"url\":\"https:\\\/\\\/www.feyalegria.org\\\/brasil\\\/casa-dom-luciano-completa-3-anos\\\/\",\"name\":\"Casa Dom Luciano Mendes completa tr\u00eas anos de atua\u00e7\u00e3o com migrantes venezuelanos - #SomosF\u00e9eAlegria en Brasil\",\"isPartOf\":{\"@id\":\"https:\\\/\\\/www.feyalegria.org\\\/brasil\\\/#website\"},\"primaryImageOfPage\":{\"@id\":\"https:\\\/\\\/www.feyalegria.org\\\/brasil\\\/casa-dom-luciano-completa-3-anos\\\/#primaryimage\"},\"image\":{\"@id\":\"https:\\\/\\\/www.feyalegria.org\\\/brasil\\\/casa-dom-luciano-completa-3-anos\\\/#primaryimage\"},\"thumbnailUrl\":\"https:\\\/\\\/d3pugrm67vf9n7.cloudfront.net\\\/wp-content\\\/uploads\\\/sites\\\/23\\\/2021\\\/11\\\/18114213\\\/banner-dom-3anos.png\",\"datePublished\":\"2021-11-03T14:23:42+00:00\",\"dateModified\":\"2021-11-18T15:39:25+00:00\",\"author\":{\"@id\":\"https:\\\/\\\/www.feyalegria.org\\\/brasil\\\/#\\\/schema\\\/person\\\/f113dd05751b9243bcc4b62d8f55bc4b\"},\"inLanguage\":\"es-CO\",\"potentialAction\":[{\"@type\":\"ReadAction\",\"target\":[\"https:\\\/\\\/www.feyalegria.org\\\/brasil\\\/casa-dom-luciano-completa-3-anos\\\/\"]}]},{\"@type\":\"ImageObject\",\"inLanguage\":\"es-CO\",\"@id\":\"https:\\\/\\\/www.feyalegria.org\\\/brasil\\\/casa-dom-luciano-completa-3-anos\\\/#primaryimage\",\"url\":\"https:\\\/\\\/d3pugrm67vf9n7.cloudfront.net\\\/wp-content\\\/uploads\\\/sites\\\/23\\\/2021\\\/11\\\/18114213\\\/banner-dom-3anos.png\",\"contentUrl\":\"https:\\\/\\\/d3pugrm67vf9n7.cloudfront.net\\\/wp-content\\\/uploads\\\/sites\\\/23\\\/2021\\\/11\\\/18114213\\\/banner-dom-3anos.png\",\"width\":1000,\"height\":500},{\"@type\":\"WebSite\",\"@id\":\"https:\\\/\\\/www.feyalegria.org\\\/brasil\\\/#website\",\"url\":\"https:\\\/\\\/www.feyalegria.org\\\/brasil\\\/\",\"name\":\"#SomosF\u00e9eAlegria en Brasil\",\"description\":\"\",\"potentialAction\":[{\"@type\":\"SearchAction\",\"target\":{\"@type\":\"EntryPoint\",\"urlTemplate\":\"https:\\\/\\\/www.feyalegria.org\\\/brasil\\\/?s={search_term_string}\"},\"query-input\":{\"@type\":\"PropertyValueSpecification\",\"valueRequired\":true,\"valueName\":\"search_term_string\"}}],\"inLanguage\":\"es-CO\"},{\"@type\":\"Person\",\"@id\":\"https:\\\/\\\/www.feyalegria.org\\\/brasil\\\/#\\\/schema\\\/person\\\/f113dd05751b9243bcc4b62d8f55bc4b\",\"name\":\"adminfya\",\"url\":\"https:\\\/\\\/www.feyalegria.org\\\/brasil\\\/author\\\/adminfya\\\/\"}]}<\/script>\n<!-- \/ Yoast SEO plugin. -->","yoast_head_json":{"title":"Casa Dom Luciano Mendes completa tr\u00eas anos de atua\u00e7\u00e3o com migrantes venezuelanos - #SomosF\u00e9eAlegria en Brasil","robots":{"index":"index","follow":"follow","max-snippet":"max-snippet:-1","max-image-preview":"max-image-preview:large","max-video-preview":"max-video-preview:-1"},"canonical":"https:\/\/www.feyalegria.org\/brasil\/casa-dom-luciano-completa-3-anos\/","og_locale":"es_ES","og_type":"article","og_title":"Casa Dom Luciano Mendes completa tr\u00eas anos de atua\u00e7\u00e3o com migrantes venezuelanos - #SomosF\u00e9eAlegria en Brasil","og_description":"[vc_row][vc_column width=&#8221;1\/3&#8243;][\/vc_column][vc_column width=&#8221;1\/3&#8243;][vc_single_image image=&#8221;25632&#8243;][\/vc_column][vc_column width=&#8221;1\/3&#8243;][\/vc_column][\/vc_row][vc_row][vc_column][vc_column_text]A Casa de Acolhida Dom Luciano Mendes Mendes de Almeida, unidade de F\u00e9 e Alegria que atende migrantes venezuelanos, completa tr\u00eas anos de atua\u00e7\u00e3o em S\u00e3o Paulo (SP). O espa\u00e7o abriga grupos de atendidos por um per\u00edodo de tr\u00eas meses, oferecendo aulas de portugu\u00eas e cursos profissionalizantes para facilitar o processo","og_url":"https:\/\/www.feyalegria.org\/brasil\/casa-dom-luciano-completa-3-anos\/","og_site_name":"#SomosF\u00e9eAlegria en Brasil","article_published_time":"2021-11-03T14:23:42+00:00","article_modified_time":"2021-11-18T15:39:25+00:00","og_image":[{"width":1000,"height":500,"url":"https:\/\/d3pugrm67vf9n7.cloudfront.net\/wp-content\/uploads\/sites\/23\/2021\/11\/18114213\/banner-dom-3anos.png","type":"image\/png"}],"author":"adminfya","twitter_card":"summary_large_image","twitter_misc":{"Escrito por":"adminfya","Tiempo de lectura":"2 minutos"},"schema":{"@context":"https:\/\/schema.org","@graph":[{"@type":"Article","@id":"https:\/\/www.feyalegria.org\/brasil\/casa-dom-luciano-completa-3-anos\/#article","isPartOf":{"@id":"https:\/\/www.feyalegria.org\/brasil\/casa-dom-luciano-completa-3-anos\/"},"author":{"name":"adminfya","@id":"https:\/\/www.feyalegria.org\/brasil\/#\/schema\/person\/f113dd05751b9243bcc4b62d8f55bc4b"},"headline":"Casa Dom Luciano Mendes completa tr\u00eas anos de atua\u00e7\u00e3o com migrantes venezuelanos","datePublished":"2021-11-03T14:23:42+00:00","dateModified":"2021-11-18T15:39:25+00:00","mainEntityOfPage":{"@id":"https:\/\/www.feyalegria.org\/brasil\/casa-dom-luciano-completa-3-anos\/"},"wordCount":464,"image":{"@id":"https:\/\/www.feyalegria.org\/brasil\/casa-dom-luciano-completa-3-anos\/#primaryimage"},"thumbnailUrl":"https:\/\/d3pugrm67vf9n7.cloudfront.net\/wp-content\/uploads\/sites\/23\/2021\/11\/18114213\/banner-dom-3anos.png","keywords":["casadomluciano","FyA","migrantes","unidades"],"articleSection":["Noticias"],"inLanguage":"es-CO"},{"@type":"WebPage","@id":"https:\/\/www.feyalegria.org\/brasil\/casa-dom-luciano-completa-3-anos\/","url":"https:\/\/www.feyalegria.org\/brasil\/casa-dom-luciano-completa-3-anos\/","name":"Casa Dom Luciano Mendes completa tr\u00eas anos de atua\u00e7\u00e3o com migrantes venezuelanos - #SomosF\u00e9eAlegria en Brasil","isPartOf":{"@id":"https:\/\/www.feyalegria.org\/brasil\/#website"},"primaryImageOfPage":{"@id":"https:\/\/www.feyalegria.org\/brasil\/casa-dom-luciano-completa-3-anos\/#primaryimage"},"image":{"@id":"https:\/\/www.feyalegria.org\/brasil\/casa-dom-luciano-completa-3-anos\/#primaryimage"},"thumbnailUrl":"https:\/\/d3pugrm67vf9n7.cloudfront.net\/wp-content\/uploads\/sites\/23\/2021\/11\/18114213\/banner-dom-3anos.png","datePublished":"2021-11-03T14:23:42+00:00","dateModified":"2021-11-18T15:39:25+00:00","author":{"@id":"https:\/\/www.feyalegria.org\/brasil\/#\/schema\/person\/f113dd05751b9243bcc4b62d8f55bc4b"},"inLanguage":"es-CO","potentialAction":[{"@type":"ReadAction","target":["https:\/\/www.feyalegria.org\/brasil\/casa-dom-luciano-completa-3-anos\/"]}]},{"@type":"ImageObject","inLanguage":"es-CO","@id":"https:\/\/www.feyalegria.org\/brasil\/casa-dom-luciano-completa-3-anos\/#primaryimage","url":"https:\/\/d3pugrm67vf9n7.cloudfront.net\/wp-content\/uploads\/sites\/23\/2021\/11\/18114213\/banner-dom-3anos.png","contentUrl":"https:\/\/d3pugrm67vf9n7.cloudfront.net\/wp-content\/uploads\/sites\/23\/2021\/11\/18114213\/banner-dom-3anos.png","width":1000,"height":500},{"@type":"WebSite","@id":"https:\/\/www.feyalegria.org\/brasil\/#website","url":"https:\/\/www.feyalegria.org\/brasil\/","name":"#SomosF\u00e9eAlegria en Brasil","description":"","potentialAction":[{"@type":"SearchAction","target":{"@type":"EntryPoint","urlTemplate":"https:\/\/www.feyalegria.org\/brasil\/?s={search_term_string}"},"query-input":{"@type":"PropertyValueSpecification","valueRequired":true,"valueName":"search_term_string"}}],"inLanguage":"es-CO"},{"@type":"Person","@id":"https:\/\/www.feyalegria.org\/brasil\/#\/schema\/person\/f113dd05751b9243bcc4b62d8f55bc4b","name":"adminfya","url":"https:\/\/www.feyalegria.org\/brasil\/author\/adminfya\/"}]}},"_links":{"self":[{"href":"https:\/\/www.feyalegria.org\/brasil\/wp-json\/wp\/v2\/posts\/25603","targetHints":{"allow":["GET"]}}],"collection":[{"href":"https:\/\/www.feyalegria.org\/brasil\/wp-json\/wp\/v2\/posts"}],"about":[{"href":"https:\/\/www.feyalegria.org\/brasil\/wp-json\/wp\/v2\/types\/post"}],"author":[{"embeddable":true,"href":"https:\/\/www.feyalegria.org\/brasil\/wp-json\/wp\/v2\/users\/2"}],"replies":[{"embeddable":true,"href":"https:\/\/www.feyalegria.org\/brasil\/wp-json\/wp\/v2\/comments?post=25603"}],"version-history":[{"count":0,"href":"https:\/\/www.feyalegria.org\/brasil\/wp-json\/wp\/v2\/posts\/25603\/revisions"}],"wp:featuredmedia":[{"embeddable":true,"href":"https:\/\/www.feyalegria.org\/brasil\/wp-json\/wp\/v2\/media\/25631"}],"wp:attachment":[{"href":"https:\/\/www.feyalegria.org\/brasil\/wp-json\/wp\/v2\/media?parent=25603"}],"wp:term":[{"taxonomy":"category","embeddable":true,"href":"https:\/\/www.feyalegria.org\/brasil\/wp-json\/wp\/v2\/categories?post=25603"},{"taxonomy":"post_tag","embeddable":true,"href":"https:\/\/www.feyalegria.org\/brasil\/wp-json\/wp\/v2\/tags?post=25603"},{"taxonomy":"post_folder","embeddable":true,"href":"https:\/\/www.feyalegria.org\/brasil\/wp-json\/wp\/v2\/post_folder?post=25603"}],"curies":[{"name":"wp","href":"https:\/\/api.w.org\/{rel}","templated":true}]}}