 {"id":25636,"date":"2021-11-22T17:29:15","date_gmt":"2021-11-22T20:29:15","guid":{"rendered":"https:\/\/www.feyalegria.org\/brasil\/?p=25636"},"modified":"2021-11-22T17:30:06","modified_gmt":"2021-11-22T20:30:06","slug":"fe-alegria-homenagem-academia-letras","status":"publish","type":"post","link":"https:\/\/www.feyalegria.org\/brasil\/fe-alegria-homenagem-academia-letras\/","title":{"rendered":"F\u00e9 e Alegria Ilh\u00e9us \u00e9 homenageada pela Academia de Letras municipal"},"content":{"rendered":"<div class=\"wpb-content-wrapper\"><p>[vc_row][vc_column width=&#8221;1\/3&#8243;][\/vc_column][vc_column width=&#8221;1\/3&#8243;][vc_single_image image=&#8221;25637&#8243;][\/vc_column][vc_column width=&#8221;1\/3&#8243;][\/vc_column][\/vc_row][vc_row][vc_column][vc_column_text]O Centro Social Nossa Senhora da Vit\u00f3ria, unidade de F\u00e9 e Alegria de Ilh\u00e9us (BA), foi premiada com a comenda Rui Barbosa, honraria conferida pela Academia de Letras de Ilh\u00e9us (ALI), cujo objetivo \u00e9 premiar personalidades e institui\u00e7\u00f5es que prestaram a\u00e7\u00f5es nas \u00e1reas de arte e cultura para o munic\u00edpio durante o ano. A solenidade foi realizada no \u00faltimo dia 19, na Sede da ALI, localizada no centro de Ilh\u00e9us.<\/p>\n<p>&nbsp;<\/p>\n<p>A coordenadora Josefa Soares dos Santos representou a Funda\u00e7\u00e3o F\u00e9 e Alegria para receber a premia\u00e7\u00e3o na categoria Institui\u00e7\u00e3o Social ou Cultural e, em seu discurso, destacou a import\u00e2ncia do trabalho social e estimulou a sociedade a se mobilizar em benef\u00edcio das comunidades vulner\u00e1veis. Al\u00e9m da gestora, os educandos Emilly Santos Batista e William Silva Santos participaram da solenidade para protagonizar uma impactante performance, que ilustrou as dificuldades que os jovens encontram em locais desassistidos, demonstrando como a inclus\u00e3o e a esperan\u00e7a podem modificar essa realidade.<\/p>\n<p>&nbsp;<\/p>\n<p>A mesa alta foi composta pelos seguintes integrantes: Pawlo Cidade e Jane Hilda Badar\u00f3, presidente da Academia de Letras de Ilh\u00e9us e secret\u00e1ria geral, respectivamente, Ad\u00e9lia Pinheiro, secret\u00e1ria de Estado, prof. Alesandro Fernandes, reitor da Universidade Estadual De Santa Cruz (UESC), Coronel R\u00eanor, representante do Ex\u00e9rcito Brasileiro, Zulu Ara\u00fajo, presidente da Funda\u00e7\u00e3o Pedro Calmon, e, em nome da Prefeitura de Ilh\u00e9us, esteve presente o secret\u00e1rio Municipal de Cultura, Geraldo Magela.[\/vc_column_text][\/vc_column][\/vc_row]<\/p>\n<\/div>","protected":false},"excerpt":{"rendered":"<p>[vc_row][vc_column width=&#8221;1\/3&#8243;][\/vc_column][vc_column width=&#8221;1\/3&#8243;][vc_single_image image=&#8221;25637&#8243;][\/vc_column][vc_column width=&#8221;1\/3&#8243;][\/vc_column][\/vc_row][vc_row][vc_column][vc_column_text]O Centro Social Nossa Senhora da Vit\u00f3ria, unidade de F\u00e9 e Alegria de Ilh\u00e9us (BA), foi premiada com a comenda Rui Barbosa, honraria conferida pela Academia de Letras de Ilh\u00e9us (ALI), cujo objetivo \u00e9 premiar personalidades e institui\u00e7\u00f5es que prestaram a\u00e7\u00f5es nas \u00e1reas de arte e cultura para o munic\u00edpio durante<\/p>\n","protected":false},"author":2,"featured_media":25639,"comment_status":"closed","ping_status":"closed","sticky":false,"template":"","format":"standard","meta":{"_acf_changed":false,"footnotes":""},"categories":[432],"tags":[607,609,446,555,491],"post_folder":[],"class_list":["post-25636","post","type-post","status-publish","format-standard","has-post-thumbnail","hentry","category-noticias-pt","tag-academiadeletras","tag-comendaruibarbosa","tag-fya-pt","tag-ilheus","tag-unidades"],"acf":[],"yoast_head":"<!-- This site is optimized with the Yoast SEO plugin v27.5 - https:\/\/yoast.com\/product\/yoast-seo-wordpress\/ -->\n<title>F\u00e9 e Alegria Ilh\u00e9us \u00e9 homenageada pela Academia de Letras municipal - #SomosF\u00e9eAlegria en Brasil<\/title>\n<meta name=\"robots\" content=\"index, follow, max-snippet:-1, max-image-preview:large, max-video-preview:-1\" \/>\n<link rel=\"canonical\" href=\"https:\/\/www.feyalegria.org\/brasil\/fe-alegria-homenagem-academia-letras\/\" \/>\n<meta property=\"og:locale\" content=\"es_ES\" \/>\n<meta property=\"og:type\" content=\"article\" \/>\n<meta property=\"og:title\" content=\"F\u00e9 e Alegria Ilh\u00e9us \u00e9 homenageada pela Academia de Letras municipal - #SomosF\u00e9eAlegria en Brasil\" \/>\n<meta property=\"og:description\" content=\"[vc_row][vc_column width=&#8221;1\/3&#8243;][\/vc_column][vc_column width=&#8221;1\/3&#8243;][vc_single_image image=&#8221;25637&#8243;][\/vc_column][vc_column width=&#8221;1\/3&#8243;][\/vc_column][\/vc_row][vc_row][vc_column][vc_column_text]O Centro Social Nossa Senhora da Vit\u00f3ria, unidade de F\u00e9 e Alegria de Ilh\u00e9us (BA), foi premiada com a comenda Rui Barbosa, honraria conferida pela Academia de Letras de Ilh\u00e9us (ALI), cujo objetivo \u00e9 premiar personalidades e institui\u00e7\u00f5es que prestaram a\u00e7\u00f5es nas \u00e1reas de arte e cultura para o munic\u00edpio durante\" \/>\n<meta property=\"og:url\" content=\"https:\/\/www.feyalegria.org\/brasil\/fe-alegria-homenagem-academia-letras\/\" \/>\n<meta property=\"og:site_name\" content=\"#SomosF\u00e9eAlegria en Brasil\" \/>\n<meta property=\"article:published_time\" content=\"2021-11-22T20:29:15+00:00\" \/>\n<meta property=\"article:modified_time\" content=\"2021-11-22T20:30:06+00:00\" \/>\n<meta property=\"og:image\" content=\"https:\/\/d3pugrm67vf9n7.cloudfront.net\/wp-content\/uploads\/sites\/23\/2021\/11\/22172849\/banner22-11.png\" \/>\n\t<meta property=\"og:image:width\" content=\"1000\" \/>\n\t<meta property=\"og:image:height\" content=\"500\" \/>\n\t<meta property=\"og:image:type\" content=\"image\/png\" \/>\n<meta name=\"author\" content=\"adminfya\" \/>\n<meta name=\"twitter:card\" content=\"summary_large_image\" \/>\n<meta name=\"twitter:label1\" content=\"Escrito por\" \/>\n\t<meta name=\"twitter:data1\" content=\"adminfya\" \/>\n\t<meta name=\"twitter:label2\" content=\"Tiempo de lectura\" \/>\n\t<meta name=\"twitter:data2\" content=\"1 minuto\" \/>\n<script type=\"application\/ld+json\" class=\"yoast-schema-graph\">{\"@context\":\"https:\\\/\\\/schema.org\",\"@graph\":[{\"@type\":\"Article\",\"@id\":\"https:\\\/\\\/www.feyalegria.org\\\/brasil\\\/fe-alegria-homenagem-academia-letras\\\/#article\",\"isPartOf\":{\"@id\":\"https:\\\/\\\/www.feyalegria.org\\\/brasil\\\/fe-alegria-homenagem-academia-letras\\\/\"},\"author\":{\"name\":\"adminfya\",\"@id\":\"https:\\\/\\\/www.feyalegria.org\\\/brasil\\\/#\\\/schema\\\/person\\\/f113dd05751b9243bcc4b62d8f55bc4b\"},\"headline\":\"F\u00e9 e Alegria Ilh\u00e9us \u00e9 homenageada pela Academia de Letras municipal\",\"datePublished\":\"2021-11-22T20:29:15+00:00\",\"dateModified\":\"2021-11-22T20:30:06+00:00\",\"mainEntityOfPage\":{\"@id\":\"https:\\\/\\\/www.feyalegria.org\\\/brasil\\\/fe-alegria-homenagem-academia-letras\\\/\"},\"wordCount\":300,\"image\":{\"@id\":\"https:\\\/\\\/www.feyalegria.org\\\/brasil\\\/fe-alegria-homenagem-academia-letras\\\/#primaryimage\"},\"thumbnailUrl\":\"https:\\\/\\\/d3pugrm67vf9n7.cloudfront.net\\\/wp-content\\\/uploads\\\/sites\\\/23\\\/2021\\\/11\\\/22172849\\\/banner22-11.png\",\"keywords\":[\"academiadeletras\",\"comendaruibarbosa\",\"FyA\",\"Ilh\u00e9us\",\"unidades\"],\"articleSection\":[\"Noticias\"],\"inLanguage\":\"es-CO\"},{\"@type\":\"WebPage\",\"@id\":\"https:\\\/\\\/www.feyalegria.org\\\/brasil\\\/fe-alegria-homenagem-academia-letras\\\/\",\"url\":\"https:\\\/\\\/www.feyalegria.org\\\/brasil\\\/fe-alegria-homenagem-academia-letras\\\/\",\"name\":\"F\u00e9 e Alegria Ilh\u00e9us \u00e9 homenageada pela Academia de Letras municipal - #SomosF\u00e9eAlegria en Brasil\",\"isPartOf\":{\"@id\":\"https:\\\/\\\/www.feyalegria.org\\\/brasil\\\/#website\"},\"primaryImageOfPage\":{\"@id\":\"https:\\\/\\\/www.feyalegria.org\\\/brasil\\\/fe-alegria-homenagem-academia-letras\\\/#primaryimage\"},\"image\":{\"@id\":\"https:\\\/\\\/www.feyalegria.org\\\/brasil\\\/fe-alegria-homenagem-academia-letras\\\/#primaryimage\"},\"thumbnailUrl\":\"https:\\\/\\\/d3pugrm67vf9n7.cloudfront.net\\\/wp-content\\\/uploads\\\/sites\\\/23\\\/2021\\\/11\\\/22172849\\\/banner22-11.png\",\"datePublished\":\"2021-11-22T20:29:15+00:00\",\"dateModified\":\"2021-11-22T20:30:06+00:00\",\"author\":{\"@id\":\"https:\\\/\\\/www.feyalegria.org\\\/brasil\\\/#\\\/schema\\\/person\\\/f113dd05751b9243bcc4b62d8f55bc4b\"},\"inLanguage\":\"es-CO\",\"potentialAction\":[{\"@type\":\"ReadAction\",\"target\":[\"https:\\\/\\\/www.feyalegria.org\\\/brasil\\\/fe-alegria-homenagem-academia-letras\\\/\"]}]},{\"@type\":\"ImageObject\",\"inLanguage\":\"es-CO\",\"@id\":\"https:\\\/\\\/www.feyalegria.org\\\/brasil\\\/fe-alegria-homenagem-academia-letras\\\/#primaryimage\",\"url\":\"https:\\\/\\\/d3pugrm67vf9n7.cloudfront.net\\\/wp-content\\\/uploads\\\/sites\\\/23\\\/2021\\\/11\\\/22172849\\\/banner22-11.png\",\"contentUrl\":\"https:\\\/\\\/d3pugrm67vf9n7.cloudfront.net\\\/wp-content\\\/uploads\\\/sites\\\/23\\\/2021\\\/11\\\/22172849\\\/banner22-11.png\",\"width\":1000,\"height\":500},{\"@type\":\"WebSite\",\"@id\":\"https:\\\/\\\/www.feyalegria.org\\\/brasil\\\/#website\",\"url\":\"https:\\\/\\\/www.feyalegria.org\\\/brasil\\\/\",\"name\":\"#SomosF\u00e9eAlegria en Brasil\",\"description\":\"\",\"potentialAction\":[{\"@type\":\"SearchAction\",\"target\":{\"@type\":\"EntryPoint\",\"urlTemplate\":\"https:\\\/\\\/www.feyalegria.org\\\/brasil\\\/?s={search_term_string}\"},\"query-input\":{\"@type\":\"PropertyValueSpecification\",\"valueRequired\":true,\"valueName\":\"search_term_string\"}}],\"inLanguage\":\"es-CO\"},{\"@type\":\"Person\",\"@id\":\"https:\\\/\\\/www.feyalegria.org\\\/brasil\\\/#\\\/schema\\\/person\\\/f113dd05751b9243bcc4b62d8f55bc4b\",\"name\":\"adminfya\",\"url\":\"https:\\\/\\\/www.feyalegria.org\\\/brasil\\\/author\\\/adminfya\\\/\"}]}<\/script>\n<!-- \/ Yoast SEO plugin. -->","yoast_head_json":{"title":"F\u00e9 e Alegria Ilh\u00e9us \u00e9 homenageada pela Academia de Letras municipal - #SomosF\u00e9eAlegria en Brasil","robots":{"index":"index","follow":"follow","max-snippet":"max-snippet:-1","max-image-preview":"max-image-preview:large","max-video-preview":"max-video-preview:-1"},"canonical":"https:\/\/www.feyalegria.org\/brasil\/fe-alegria-homenagem-academia-letras\/","og_locale":"es_ES","og_type":"article","og_title":"F\u00e9 e Alegria Ilh\u00e9us \u00e9 homenageada pela Academia de Letras municipal - #SomosF\u00e9eAlegria en Brasil","og_description":"[vc_row][vc_column width=&#8221;1\/3&#8243;][\/vc_column][vc_column width=&#8221;1\/3&#8243;][vc_single_image image=&#8221;25637&#8243;][\/vc_column][vc_column width=&#8221;1\/3&#8243;][\/vc_column][\/vc_row][vc_row][vc_column][vc_column_text]O Centro Social Nossa Senhora da Vit\u00f3ria, unidade de F\u00e9 e Alegria de Ilh\u00e9us (BA), foi premiada com a comenda Rui Barbosa, honraria conferida pela Academia de Letras de Ilh\u00e9us (ALI), cujo objetivo \u00e9 premiar personalidades e institui\u00e7\u00f5es que prestaram a\u00e7\u00f5es nas \u00e1reas de arte e cultura para o munic\u00edpio durante","og_url":"https:\/\/www.feyalegria.org\/brasil\/fe-alegria-homenagem-academia-letras\/","og_site_name":"#SomosF\u00e9eAlegria en Brasil","article_published_time":"2021-11-22T20:29:15+00:00","article_modified_time":"2021-11-22T20:30:06+00:00","og_image":[{"width":1000,"height":500,"url":"https:\/\/d3pugrm67vf9n7.cloudfront.net\/wp-content\/uploads\/sites\/23\/2021\/11\/22172849\/banner22-11.png","type":"image\/png"}],"author":"adminfya","twitter_card":"summary_large_image","twitter_misc":{"Escrito por":"adminfya","Tiempo de lectura":"1 minuto"},"schema":{"@context":"https:\/\/schema.org","@graph":[{"@type":"Article","@id":"https:\/\/www.feyalegria.org\/brasil\/fe-alegria-homenagem-academia-letras\/#article","isPartOf":{"@id":"https:\/\/www.feyalegria.org\/brasil\/fe-alegria-homenagem-academia-letras\/"},"author":{"name":"adminfya","@id":"https:\/\/www.feyalegria.org\/brasil\/#\/schema\/person\/f113dd05751b9243bcc4b62d8f55bc4b"},"headline":"F\u00e9 e Alegria Ilh\u00e9us \u00e9 homenageada pela Academia de Letras municipal","datePublished":"2021-11-22T20:29:15+00:00","dateModified":"2021-11-22T20:30:06+00:00","mainEntityOfPage":{"@id":"https:\/\/www.feyalegria.org\/brasil\/fe-alegria-homenagem-academia-letras\/"},"wordCount":300,"image":{"@id":"https:\/\/www.feyalegria.org\/brasil\/fe-alegria-homenagem-academia-letras\/#primaryimage"},"thumbnailUrl":"https:\/\/d3pugrm67vf9n7.cloudfront.net\/wp-content\/uploads\/sites\/23\/2021\/11\/22172849\/banner22-11.png","keywords":["academiadeletras","comendaruibarbosa","FyA","Ilh\u00e9us","unidades"],"articleSection":["Noticias"],"inLanguage":"es-CO"},{"@type":"WebPage","@id":"https:\/\/www.feyalegria.org\/brasil\/fe-alegria-homenagem-academia-letras\/","url":"https:\/\/www.feyalegria.org\/brasil\/fe-alegria-homenagem-academia-letras\/","name":"F\u00e9 e Alegria Ilh\u00e9us \u00e9 homenageada pela Academia de Letras municipal - #SomosF\u00e9eAlegria en Brasil","isPartOf":{"@id":"https:\/\/www.feyalegria.org\/brasil\/#website"},"primaryImageOfPage":{"@id":"https:\/\/www.feyalegria.org\/brasil\/fe-alegria-homenagem-academia-letras\/#primaryimage"},"image":{"@id":"https:\/\/www.feyalegria.org\/brasil\/fe-alegria-homenagem-academia-letras\/#primaryimage"},"thumbnailUrl":"https:\/\/d3pugrm67vf9n7.cloudfront.net\/wp-content\/uploads\/sites\/23\/2021\/11\/22172849\/banner22-11.png","datePublished":"2021-11-22T20:29:15+00:00","dateModified":"2021-11-22T20:30:06+00:00","author":{"@id":"https:\/\/www.feyalegria.org\/brasil\/#\/schema\/person\/f113dd05751b9243bcc4b62d8f55bc4b"},"inLanguage":"es-CO","potentialAction":[{"@type":"ReadAction","target":["https:\/\/www.feyalegria.org\/brasil\/fe-alegria-homenagem-academia-letras\/"]}]},{"@type":"ImageObject","inLanguage":"es-CO","@id":"https:\/\/www.feyalegria.org\/brasil\/fe-alegria-homenagem-academia-letras\/#primaryimage","url":"https:\/\/d3pugrm67vf9n7.cloudfront.net\/wp-content\/uploads\/sites\/23\/2021\/11\/22172849\/banner22-11.png","contentUrl":"https:\/\/d3pugrm67vf9n7.cloudfront.net\/wp-content\/uploads\/sites\/23\/2021\/11\/22172849\/banner22-11.png","width":1000,"height":500},{"@type":"WebSite","@id":"https:\/\/www.feyalegria.org\/brasil\/#website","url":"https:\/\/www.feyalegria.org\/brasil\/","name":"#SomosF\u00e9eAlegria en Brasil","description":"","potentialAction":[{"@type":"SearchAction","target":{"@type":"EntryPoint","urlTemplate":"https:\/\/www.feyalegria.org\/brasil\/?s={search_term_string}"},"query-input":{"@type":"PropertyValueSpecification","valueRequired":true,"valueName":"search_term_string"}}],"inLanguage":"es-CO"},{"@type":"Person","@id":"https:\/\/www.feyalegria.org\/brasil\/#\/schema\/person\/f113dd05751b9243bcc4b62d8f55bc4b","name":"adminfya","url":"https:\/\/www.feyalegria.org\/brasil\/author\/adminfya\/"}]}},"_links":{"self":[{"href":"https:\/\/www.feyalegria.org\/brasil\/wp-json\/wp\/v2\/posts\/25636","targetHints":{"allow":["GET"]}}],"collection":[{"href":"https:\/\/www.feyalegria.org\/brasil\/wp-json\/wp\/v2\/posts"}],"about":[{"href":"https:\/\/www.feyalegria.org\/brasil\/wp-json\/wp\/v2\/types\/post"}],"author":[{"embeddable":true,"href":"https:\/\/www.feyalegria.org\/brasil\/wp-json\/wp\/v2\/users\/2"}],"replies":[{"embeddable":true,"href":"https:\/\/www.feyalegria.org\/brasil\/wp-json\/wp\/v2\/comments?post=25636"}],"version-history":[{"count":0,"href":"https:\/\/www.feyalegria.org\/brasil\/wp-json\/wp\/v2\/posts\/25636\/revisions"}],"wp:featuredmedia":[{"embeddable":true,"href":"https:\/\/www.feyalegria.org\/brasil\/wp-json\/wp\/v2\/media\/25639"}],"wp:attachment":[{"href":"https:\/\/www.feyalegria.org\/brasil\/wp-json\/wp\/v2\/media?parent=25636"}],"wp:term":[{"taxonomy":"category","embeddable":true,"href":"https:\/\/www.feyalegria.org\/brasil\/wp-json\/wp\/v2\/categories?post=25636"},{"taxonomy":"post_tag","embeddable":true,"href":"https:\/\/www.feyalegria.org\/brasil\/wp-json\/wp\/v2\/tags?post=25636"},{"taxonomy":"post_folder","embeddable":true,"href":"https:\/\/www.feyalegria.org\/brasil\/wp-json\/wp\/v2\/post_folder?post=25636"}],"curies":[{"name":"wp","href":"https:\/\/api.w.org\/{rel}","templated":true}]}}