 {"id":25650,"date":"2021-12-01T16:01:34","date_gmt":"2021-12-01T19:01:34","guid":{"rendered":"https:\/\/www.feyalegria.org\/brasil\/?p=25650"},"modified":"2021-12-01T16:25:44","modified_gmt":"2021-12-01T19:25:44","slug":"fya-pernambuco-semana-filosofia-seminario-genero","status":"publish","type":"post","link":"https:\/\/www.feyalegria.org\/brasil\/fya-pernambuco-semana-filosofia-seminario-genero\/","title":{"rendered":"F\u00e9 e Alegria Pernambuco promove Semana de Filosofia e Semin\u00e1rio de G\u00eanero"},"content":{"rendered":"<div class=\"wpb-content-wrapper\"><p>[vc_row][vc_column width=&#8221;1\/3&#8243;][\/vc_column][vc_column width=&#8221;1\/3&#8243;][vc_single_image image=&#8221;25651&#8243;][\/vc_column][vc_column width=&#8221;1\/3&#8243;][\/vc_column][\/vc_row][vc_row][vc_column][vc_column_text]Entre os dias 11 e 19 de novembro, a Funda\u00e7\u00e3o F\u00e9 e Alegria Pernambuco, em parceria com o Col\u00e9gio Liceu N\u00f3brega, realizou a V Semana de Filosofia e o Semin\u00e1rio de G\u00eanero para as turmas do Ensino Fundamental e Ensino M\u00e9dio matriculadas no Col\u00e9gio e atendidas pela unidade.<\/p>\n<p>&nbsp;<\/p>\n<p>O evento teve como foco central a alteridade, conceito filos\u00f3fico que busca reconhecer as diferen\u00e7as entre pessoas, povos e culturas, por meio da toler\u00e2ncia e do respeito. Al\u00e9m do tema principal, foram realizadas oficinas com as seguintes tem\u00e1ticas: direitos humanos e cultura de paz com foco na perspectiva de g\u00eanero, constru\u00e7\u00e3o do papel da mulher na sociedade e mulheres na pol\u00edtica.<\/p>\n<p>&nbsp;<\/p>\n<p>A iniciativa contou com diversos colaboradores da Universidade Cat\u00f3lica de Pernambuco (UNICAP) e do PIBID (Programa Institucional de Bolsas de Inicia\u00e7\u00e3o \u00e0 Doc\u00eancia) e convocou toda a comunidade escolar para refletir sobre importantes tem\u00e1ticas para a sociedade. Para as oficinas, o evento teve a presen\u00e7a de convidados especiais, como professores universit\u00e1rios, estudantes do Liceu e do PIBIB, representantes da Coordena\u00e7\u00e3o do Centro Municipal de Refer\u00eancia em cidadania LGBT, entre outros.<\/p>\n<p>[\/vc_column_text][vc_row_inner][vc_column_inner width=&#8221;1\/2&#8243;][\/vc_column_inner][vc_column_inner width=&#8221;1\/2&#8243;][\/vc_column_inner][\/vc_row_inner][\/vc_column][\/vc_row][vc_row][vc_column][\/vc_column][\/vc_row]<\/p>\n<\/div>","protected":false},"excerpt":{"rendered":"<p>[vc_row][vc_column width=&#8221;1\/3&#8243;][\/vc_column][vc_column width=&#8221;1\/3&#8243;][vc_single_image image=&#8221;25651&#8243;][\/vc_column][vc_column width=&#8221;1\/3&#8243;][\/vc_column][\/vc_row][vc_row][vc_column][vc_column_text]Entre os dias 11 e 19 de novembro, a Funda\u00e7\u00e3o F\u00e9 e Alegria Pernambuco, em parceria com o Col\u00e9gio Liceu N\u00f3brega, realizou a V Semana de Filosofia e o Semin\u00e1rio de G\u00eanero para as turmas do Ensino Fundamental e Ensino M\u00e9dio matriculadas no Col\u00e9gio e atendidas pela unidade. &nbsp; O evento<\/p>\n","protected":false},"author":2,"featured_media":25655,"comment_status":"closed","ping_status":"closed","sticky":false,"template":"","format":"standard","meta":{"_acf_changed":false,"footnotes":""},"categories":[432],"tags":[619,446,617,621,501,491],"post_folder":[],"class_list":["post-25650","post","type-post","status-publish","format-standard","has-post-thumbnail","hentry","category-noticias-pt","tag-filosofia","tag-fya-pt","tag-genero","tag-meninasemeninoslivres","tag-recife","tag-unidades"],"acf":[],"yoast_head":"<!-- This site is optimized with the Yoast SEO plugin v27.4 - https:\/\/yoast.com\/product\/yoast-seo-wordpress\/ -->\n<title>F\u00e9 e Alegria Pernambuco promove Semana de Filosofia e Semin\u00e1rio de G\u00eanero - #SomosF\u00e9eAlegria en Brasil<\/title>\n<meta name=\"robots\" content=\"index, follow, max-snippet:-1, max-image-preview:large, max-video-preview:-1\" \/>\n<link rel=\"canonical\" href=\"https:\/\/www.feyalegria.org\/brasil\/fya-pernambuco-semana-filosofia-seminario-genero\/\" \/>\n<meta property=\"og:locale\" content=\"es_ES\" \/>\n<meta property=\"og:type\" content=\"article\" \/>\n<meta property=\"og:title\" content=\"F\u00e9 e Alegria Pernambuco promove Semana de Filosofia e Semin\u00e1rio de G\u00eanero - #SomosF\u00e9eAlegria en Brasil\" \/>\n<meta property=\"og:description\" content=\"[vc_row][vc_column width=&#8221;1\/3&#8243;][\/vc_column][vc_column width=&#8221;1\/3&#8243;][vc_single_image image=&#8221;25651&#8243;][\/vc_column][vc_column width=&#8221;1\/3&#8243;][\/vc_column][\/vc_row][vc_row][vc_column][vc_column_text]Entre os dias 11 e 19 de novembro, a Funda\u00e7\u00e3o F\u00e9 e Alegria Pernambuco, em parceria com o Col\u00e9gio Liceu N\u00f3brega, realizou a V Semana de Filosofia e o Semin\u00e1rio de G\u00eanero para as turmas do Ensino Fundamental e Ensino M\u00e9dio matriculadas no Col\u00e9gio e atendidas pela unidade. &nbsp; O evento\" \/>\n<meta property=\"og:url\" content=\"https:\/\/www.feyalegria.org\/brasil\/fya-pernambuco-semana-filosofia-seminario-genero\/\" \/>\n<meta property=\"og:site_name\" content=\"#SomosF\u00e9eAlegria en Brasil\" \/>\n<meta property=\"article:published_time\" content=\"2021-12-01T19:01:34+00:00\" \/>\n<meta property=\"article:modified_time\" content=\"2021-12-01T19:25:44+00:00\" \/>\n<meta property=\"og:image\" content=\"https:\/\/d3pugrm67vf9n7.cloudfront.net\/wp-content\/uploads\/sites\/23\/2021\/12\/01162528\/vsemirario-banner-1.png\" \/>\n\t<meta property=\"og:image:width\" content=\"1000\" \/>\n\t<meta property=\"og:image:height\" content=\"500\" \/>\n\t<meta property=\"og:image:type\" content=\"image\/png\" \/>\n<meta name=\"author\" content=\"adminfya\" \/>\n<meta name=\"twitter:card\" content=\"summary_large_image\" \/>\n<meta name=\"twitter:label1\" content=\"Escrito por\" \/>\n\t<meta name=\"twitter:data1\" content=\"adminfya\" \/>\n\t<meta name=\"twitter:label2\" content=\"Tiempo de lectura\" \/>\n\t<meta name=\"twitter:data2\" content=\"1 minuto\" \/>\n<script type=\"application\/ld+json\" class=\"yoast-schema-graph\">{\"@context\":\"https:\\\/\\\/schema.org\",\"@graph\":[{\"@type\":\"Article\",\"@id\":\"https:\\\/\\\/www.feyalegria.org\\\/brasil\\\/fya-pernambuco-semana-filosofia-seminario-genero\\\/#article\",\"isPartOf\":{\"@id\":\"https:\\\/\\\/www.feyalegria.org\\\/brasil\\\/fya-pernambuco-semana-filosofia-seminario-genero\\\/\"},\"author\":{\"name\":\"adminfya\",\"@id\":\"https:\\\/\\\/www.feyalegria.org\\\/brasil\\\/#\\\/schema\\\/person\\\/f113dd05751b9243bcc4b62d8f55bc4b\"},\"headline\":\"F\u00e9 e Alegria Pernambuco promove Semana de Filosofia e Semin\u00e1rio de G\u00eanero\",\"datePublished\":\"2021-12-01T19:01:34+00:00\",\"dateModified\":\"2021-12-01T19:25:44+00:00\",\"mainEntityOfPage\":{\"@id\":\"https:\\\/\\\/www.feyalegria.org\\\/brasil\\\/fya-pernambuco-semana-filosofia-seminario-genero\\\/\"},\"wordCount\":280,\"image\":{\"@id\":\"https:\\\/\\\/www.feyalegria.org\\\/brasil\\\/fya-pernambuco-semana-filosofia-seminario-genero\\\/#primaryimage\"},\"thumbnailUrl\":\"https:\\\/\\\/d3pugrm67vf9n7.cloudfront.net\\\/wp-content\\\/uploads\\\/sites\\\/23\\\/2021\\\/12\\\/01162528\\\/vsemirario-banner-1.png\",\"keywords\":[\"filosofia\",\"FyA\",\"genero\",\"meninasemeninoslivres\",\"recife\",\"unidades\"],\"articleSection\":[\"Noticias\"],\"inLanguage\":\"es-CO\"},{\"@type\":\"WebPage\",\"@id\":\"https:\\\/\\\/www.feyalegria.org\\\/brasil\\\/fya-pernambuco-semana-filosofia-seminario-genero\\\/\",\"url\":\"https:\\\/\\\/www.feyalegria.org\\\/brasil\\\/fya-pernambuco-semana-filosofia-seminario-genero\\\/\",\"name\":\"F\u00e9 e Alegria Pernambuco promove Semana de Filosofia e Semin\u00e1rio de G\u00eanero - #SomosF\u00e9eAlegria en Brasil\",\"isPartOf\":{\"@id\":\"https:\\\/\\\/www.feyalegria.org\\\/brasil\\\/#website\"},\"primaryImageOfPage\":{\"@id\":\"https:\\\/\\\/www.feyalegria.org\\\/brasil\\\/fya-pernambuco-semana-filosofia-seminario-genero\\\/#primaryimage\"},\"image\":{\"@id\":\"https:\\\/\\\/www.feyalegria.org\\\/brasil\\\/fya-pernambuco-semana-filosofia-seminario-genero\\\/#primaryimage\"},\"thumbnailUrl\":\"https:\\\/\\\/d3pugrm67vf9n7.cloudfront.net\\\/wp-content\\\/uploads\\\/sites\\\/23\\\/2021\\\/12\\\/01162528\\\/vsemirario-banner-1.png\",\"datePublished\":\"2021-12-01T19:01:34+00:00\",\"dateModified\":\"2021-12-01T19:25:44+00:00\",\"author\":{\"@id\":\"https:\\\/\\\/www.feyalegria.org\\\/brasil\\\/#\\\/schema\\\/person\\\/f113dd05751b9243bcc4b62d8f55bc4b\"},\"inLanguage\":\"es-CO\",\"potentialAction\":[{\"@type\":\"ReadAction\",\"target\":[\"https:\\\/\\\/www.feyalegria.org\\\/brasil\\\/fya-pernambuco-semana-filosofia-seminario-genero\\\/\"]}]},{\"@type\":\"ImageObject\",\"inLanguage\":\"es-CO\",\"@id\":\"https:\\\/\\\/www.feyalegria.org\\\/brasil\\\/fya-pernambuco-semana-filosofia-seminario-genero\\\/#primaryimage\",\"url\":\"https:\\\/\\\/d3pugrm67vf9n7.cloudfront.net\\\/wp-content\\\/uploads\\\/sites\\\/23\\\/2021\\\/12\\\/01162528\\\/vsemirario-banner-1.png\",\"contentUrl\":\"https:\\\/\\\/d3pugrm67vf9n7.cloudfront.net\\\/wp-content\\\/uploads\\\/sites\\\/23\\\/2021\\\/12\\\/01162528\\\/vsemirario-banner-1.png\",\"width\":1000,\"height\":500},{\"@type\":\"WebSite\",\"@id\":\"https:\\\/\\\/www.feyalegria.org\\\/brasil\\\/#website\",\"url\":\"https:\\\/\\\/www.feyalegria.org\\\/brasil\\\/\",\"name\":\"#SomosF\u00e9eAlegria en Brasil\",\"description\":\"\",\"potentialAction\":[{\"@type\":\"SearchAction\",\"target\":{\"@type\":\"EntryPoint\",\"urlTemplate\":\"https:\\\/\\\/www.feyalegria.org\\\/brasil\\\/?s={search_term_string}\"},\"query-input\":{\"@type\":\"PropertyValueSpecification\",\"valueRequired\":true,\"valueName\":\"search_term_string\"}}],\"inLanguage\":\"es-CO\"},{\"@type\":\"Person\",\"@id\":\"https:\\\/\\\/www.feyalegria.org\\\/brasil\\\/#\\\/schema\\\/person\\\/f113dd05751b9243bcc4b62d8f55bc4b\",\"name\":\"adminfya\",\"url\":\"https:\\\/\\\/www.feyalegria.org\\\/brasil\\\/author\\\/adminfya\\\/\"}]}<\/script>\n<!-- \/ Yoast SEO plugin. -->","yoast_head_json":{"title":"F\u00e9 e Alegria Pernambuco promove Semana de Filosofia e Semin\u00e1rio de G\u00eanero - #SomosF\u00e9eAlegria en Brasil","robots":{"index":"index","follow":"follow","max-snippet":"max-snippet:-1","max-image-preview":"max-image-preview:large","max-video-preview":"max-video-preview:-1"},"canonical":"https:\/\/www.feyalegria.org\/brasil\/fya-pernambuco-semana-filosofia-seminario-genero\/","og_locale":"es_ES","og_type":"article","og_title":"F\u00e9 e Alegria Pernambuco promove Semana de Filosofia e Semin\u00e1rio de G\u00eanero - #SomosF\u00e9eAlegria en Brasil","og_description":"[vc_row][vc_column width=&#8221;1\/3&#8243;][\/vc_column][vc_column width=&#8221;1\/3&#8243;][vc_single_image image=&#8221;25651&#8243;][\/vc_column][vc_column width=&#8221;1\/3&#8243;][\/vc_column][\/vc_row][vc_row][vc_column][vc_column_text]Entre os dias 11 e 19 de novembro, a Funda\u00e7\u00e3o F\u00e9 e Alegria Pernambuco, em parceria com o Col\u00e9gio Liceu N\u00f3brega, realizou a V Semana de Filosofia e o Semin\u00e1rio de G\u00eanero para as turmas do Ensino Fundamental e Ensino M\u00e9dio matriculadas no Col\u00e9gio e atendidas pela unidade. &nbsp; O evento","og_url":"https:\/\/www.feyalegria.org\/brasil\/fya-pernambuco-semana-filosofia-seminario-genero\/","og_site_name":"#SomosF\u00e9eAlegria en Brasil","article_published_time":"2021-12-01T19:01:34+00:00","article_modified_time":"2021-12-01T19:25:44+00:00","og_image":[{"width":1000,"height":500,"url":"https:\/\/d3pugrm67vf9n7.cloudfront.net\/wp-content\/uploads\/sites\/23\/2021\/12\/01162528\/vsemirario-banner-1.png","type":"image\/png"}],"author":"adminfya","twitter_card":"summary_large_image","twitter_misc":{"Escrito por":"adminfya","Tiempo de lectura":"1 minuto"},"schema":{"@context":"https:\/\/schema.org","@graph":[{"@type":"Article","@id":"https:\/\/www.feyalegria.org\/brasil\/fya-pernambuco-semana-filosofia-seminario-genero\/#article","isPartOf":{"@id":"https:\/\/www.feyalegria.org\/brasil\/fya-pernambuco-semana-filosofia-seminario-genero\/"},"author":{"name":"adminfya","@id":"https:\/\/www.feyalegria.org\/brasil\/#\/schema\/person\/f113dd05751b9243bcc4b62d8f55bc4b"},"headline":"F\u00e9 e Alegria Pernambuco promove Semana de Filosofia e Semin\u00e1rio de G\u00eanero","datePublished":"2021-12-01T19:01:34+00:00","dateModified":"2021-12-01T19:25:44+00:00","mainEntityOfPage":{"@id":"https:\/\/www.feyalegria.org\/brasil\/fya-pernambuco-semana-filosofia-seminario-genero\/"},"wordCount":280,"image":{"@id":"https:\/\/www.feyalegria.org\/brasil\/fya-pernambuco-semana-filosofia-seminario-genero\/#primaryimage"},"thumbnailUrl":"https:\/\/d3pugrm67vf9n7.cloudfront.net\/wp-content\/uploads\/sites\/23\/2021\/12\/01162528\/vsemirario-banner-1.png","keywords":["filosofia","FyA","genero","meninasemeninoslivres","recife","unidades"],"articleSection":["Noticias"],"inLanguage":"es-CO"},{"@type":"WebPage","@id":"https:\/\/www.feyalegria.org\/brasil\/fya-pernambuco-semana-filosofia-seminario-genero\/","url":"https:\/\/www.feyalegria.org\/brasil\/fya-pernambuco-semana-filosofia-seminario-genero\/","name":"F\u00e9 e Alegria Pernambuco promove Semana de Filosofia e Semin\u00e1rio de G\u00eanero - #SomosF\u00e9eAlegria en Brasil","isPartOf":{"@id":"https:\/\/www.feyalegria.org\/brasil\/#website"},"primaryImageOfPage":{"@id":"https:\/\/www.feyalegria.org\/brasil\/fya-pernambuco-semana-filosofia-seminario-genero\/#primaryimage"},"image":{"@id":"https:\/\/www.feyalegria.org\/brasil\/fya-pernambuco-semana-filosofia-seminario-genero\/#primaryimage"},"thumbnailUrl":"https:\/\/d3pugrm67vf9n7.cloudfront.net\/wp-content\/uploads\/sites\/23\/2021\/12\/01162528\/vsemirario-banner-1.png","datePublished":"2021-12-01T19:01:34+00:00","dateModified":"2021-12-01T19:25:44+00:00","author":{"@id":"https:\/\/www.feyalegria.org\/brasil\/#\/schema\/person\/f113dd05751b9243bcc4b62d8f55bc4b"},"inLanguage":"es-CO","potentialAction":[{"@type":"ReadAction","target":["https:\/\/www.feyalegria.org\/brasil\/fya-pernambuco-semana-filosofia-seminario-genero\/"]}]},{"@type":"ImageObject","inLanguage":"es-CO","@id":"https:\/\/www.feyalegria.org\/brasil\/fya-pernambuco-semana-filosofia-seminario-genero\/#primaryimage","url":"https:\/\/d3pugrm67vf9n7.cloudfront.net\/wp-content\/uploads\/sites\/23\/2021\/12\/01162528\/vsemirario-banner-1.png","contentUrl":"https:\/\/d3pugrm67vf9n7.cloudfront.net\/wp-content\/uploads\/sites\/23\/2021\/12\/01162528\/vsemirario-banner-1.png","width":1000,"height":500},{"@type":"WebSite","@id":"https:\/\/www.feyalegria.org\/brasil\/#website","url":"https:\/\/www.feyalegria.org\/brasil\/","name":"#SomosF\u00e9eAlegria en Brasil","description":"","potentialAction":[{"@type":"SearchAction","target":{"@type":"EntryPoint","urlTemplate":"https:\/\/www.feyalegria.org\/brasil\/?s={search_term_string}"},"query-input":{"@type":"PropertyValueSpecification","valueRequired":true,"valueName":"search_term_string"}}],"inLanguage":"es-CO"},{"@type":"Person","@id":"https:\/\/www.feyalegria.org\/brasil\/#\/schema\/person\/f113dd05751b9243bcc4b62d8f55bc4b","name":"adminfya","url":"https:\/\/www.feyalegria.org\/brasil\/author\/adminfya\/"}]}},"_links":{"self":[{"href":"https:\/\/www.feyalegria.org\/brasil\/wp-json\/wp\/v2\/posts\/25650","targetHints":{"allow":["GET"]}}],"collection":[{"href":"https:\/\/www.feyalegria.org\/brasil\/wp-json\/wp\/v2\/posts"}],"about":[{"href":"https:\/\/www.feyalegria.org\/brasil\/wp-json\/wp\/v2\/types\/post"}],"author":[{"embeddable":true,"href":"https:\/\/www.feyalegria.org\/brasil\/wp-json\/wp\/v2\/users\/2"}],"replies":[{"embeddable":true,"href":"https:\/\/www.feyalegria.org\/brasil\/wp-json\/wp\/v2\/comments?post=25650"}],"version-history":[{"count":0,"href":"https:\/\/www.feyalegria.org\/brasil\/wp-json\/wp\/v2\/posts\/25650\/revisions"}],"wp:featuredmedia":[{"embeddable":true,"href":"https:\/\/www.feyalegria.org\/brasil\/wp-json\/wp\/v2\/media\/25655"}],"wp:attachment":[{"href":"https:\/\/www.feyalegria.org\/brasil\/wp-json\/wp\/v2\/media?parent=25650"}],"wp:term":[{"taxonomy":"category","embeddable":true,"href":"https:\/\/www.feyalegria.org\/brasil\/wp-json\/wp\/v2\/categories?post=25650"},{"taxonomy":"post_tag","embeddable":true,"href":"https:\/\/www.feyalegria.org\/brasil\/wp-json\/wp\/v2\/tags?post=25650"},{"taxonomy":"post_folder","embeddable":true,"href":"https:\/\/www.feyalegria.org\/brasil\/wp-json\/wp\/v2\/post_folder?post=25650"}],"curies":[{"name":"wp","href":"https:\/\/api.w.org\/{rel}","templated":true}]}}