 {"id":25892,"date":"2022-02-22T16:03:31","date_gmt":"2022-02-22T19:03:31","guid":{"rendered":"https:\/\/www.feyalegria.org\/brasil\/?p=25892"},"modified":"2022-02-24T13:22:45","modified_gmt":"2022-02-24T16:22:45","slug":"visita-pe-tabosa-boa-vista","status":"publish","type":"post","link":"https:\/\/www.feyalegria.org\/brasil\/visita-pe-tabosa-boa-vista\/","title":{"rendered":"Diretor-presidente de F\u00e9 e Alegria visita a unidade de Boa Vista (RR) para se aprofundar nas demandas locais"},"content":{"rendered":"<div class=\"wpb-content-wrapper\"><p>[vc_row][vc_column width=&#8221;1\/2&#8243;][vc_single_image image=&#8221;25893&#8243;][\/vc_column][vc_column width=&#8221;1\/2&#8243;][vc_single_image image=&#8221;25894&#8243;][\/vc_column][\/vc_row][vc_row][vc_column][vc_column_text]Em fevereiro, Pe. Antonio Tabosa, diretor-presidente de F\u00e9 e Alegria do Brasil, compareceu \u00e0 unidade de Boa Vista (RR), que acolhe fam\u00edlias venezuelanas e brasileiras em situa\u00e7\u00e3o de vulnerabilidade e foi criada no munic\u00edpio para reduzir o impacto da crise migrat\u00f3ria na Venezuela. Durante a visita, o jesu\u00edta passou pelo Centro Social Liberdade, compareceu \u00e0 Casa de Passagem Pe. Jos\u00e9 Maria Vel\u00e1z\u00a0 conheceu o Escrit\u00f3rio de Empreendedorismo e o projeto Panamaz\u00f4nico e inaugurou o Centro Social S\u00e3o Francisco Xavier, nova unidade de F\u00e9 e Alegria no munic\u00edpio.<\/p>\n<p>&nbsp;<\/p>\n<p><strong>Escrit\u00f3rio de Empreendedorismo <\/strong><\/p>\n<p>\u00c9 um projeto financiado pela organiza\u00e7\u00e3o Manos Unidas da Espanha e executado pela Funda\u00e7\u00e3o F\u00e9 e Alegria, que tem como prop\u00f3sito formar pequenos comerciantes locais com o objetivo de ajud\u00e1-los na elabora\u00e7\u00e3o e na condu\u00e7\u00e3o de um plano de neg\u00f3cios. Os resultados alcan\u00e7ados foram apresentados pelas empreendedoras atendidas ao diretor-presidente em uma reuni\u00e3o nas depend\u00eancias do escrit\u00f3rio.<\/p>\n<p>&nbsp;<\/p>\n<p>Ao todo, o local realizou mais de 400 cadastros de interessados em atendimentos, sendo 120 empreendedores que participaram efetivamente de forma\u00e7\u00f5es e 30 que receberam assessoria e acompanhamento t\u00e9cnico por quatro meses, al\u00e9m de benef\u00edcios como equipamentos de apoio, maquininhas de cart\u00e3o, aux\u00edlio alimenta\u00e7\u00e3o e g\u00e1s, uniformes, entre outros. Grande parte dos atendidos s\u00e3o mulheres migrantes e os setores mais comuns dos neg\u00f3cios s\u00e3o alimenta\u00e7\u00e3o (confeitaria), moda e vestu\u00e1rio, (ateli\u00ea de roupas) e servi\u00e7os de beleza (sal\u00e3o de est\u00e9tica).<\/p>\n<p>&nbsp;<\/p>\n<p><strong>Projeto Panamaz\u00f4nico<\/strong><\/p>\n<p>Pe. Antonio Tabosa se reuniu com lideran\u00e7as ind\u00edgenas das etnias E\u00f1epa, Pemon, Warao e Kari\u00f1a, al\u00e9m de representantes da Associa\u00e7\u00e3o de M\u00fasicos Sem Fronteiras, que capacita crian\u00e7as da etnia Pem\u00f3n. O objetivo do encontro foi repensar os espa\u00e7os de forma\u00e7\u00e3o educacional para oferecer \u00e0s aldeias locais atividades que preservem a diversidade cultural e a identidade dessas etnias.<\/p>\n<p>&nbsp;<\/p>\n<p>A iniciativa do Servi\u00e7o Jesu\u00edta Pan-Amaz\u00f4nico nasceu da necessidade da defesa ambiental e da prote\u00e7\u00e3o de direitos dos povos ind\u00edgenas da regi\u00e3o. Ciente desse cen\u00e1rio, a Federa\u00e7\u00e3o Internacional F\u00e9 e Alegria est\u00e1 em constante parceria com o projeto Panamaz\u00f4nico para fortalecer as iniciativas de ecologia integral.[\/vc_column_text][vc_row_inner][vc_column_inner width=&#8221;1\/2&#8243;][\/vc_column_inner][vc_column_inner width=&#8221;1\/2&#8243;][\/vc_column_inner][\/vc_row_inner][\/vc_column][\/vc_row][vc_row][vc_column][\/vc_column][\/vc_row]<\/p>\n<\/div>","protected":false},"excerpt":{"rendered":"<p>[vc_row][vc_column width=&#8221;1\/2&#8243;][vc_single_image image=&#8221;25893&#8243;][\/vc_column][vc_column width=&#8221;1\/2&#8243;][vc_single_image image=&#8221;25894&#8243;][\/vc_column][\/vc_row][vc_row][vc_column][vc_column_text]Em fevereiro, Pe. Antonio Tabosa, diretor-presidente de F\u00e9 e Alegria do Brasil, compareceu \u00e0 unidade de Boa Vista (RR), que acolhe fam\u00edlias venezuelanas e brasileiras em situa\u00e7\u00e3o de vulnerabilidade e foi criada no munic\u00edpio para reduzir o impacto da crise migrat\u00f3ria na Venezuela. Durante a visita, o jesu\u00edta passou pelo Centro<\/p>\n","protected":false},"author":2,"featured_media":25897,"comment_status":"closed","ping_status":"closed","sticky":false,"template":"","format":"standard","meta":{"_acf_changed":false,"footnotes":""},"categories":[432],"tags":[633,547,643,446,438,637],"post_folder":[],"class_list":["post-25892","post","type-post","status-publish","format-standard","has-post-thumbnail","hentry","category-noticias-pt","tag-boavista","tag-direitoscriancaadolescente","tag-empreendedorismo","tag-fya-pt","tag-paam-pt","tag-venezuela"],"acf":[],"yoast_head":"<!-- This site is optimized with the Yoast SEO plugin v27.5 - https:\/\/yoast.com\/product\/yoast-seo-wordpress\/ -->\n<title>Diretor-presidente de F\u00e9 e Alegria visita a unidade de Boa Vista (RR) para se aprofundar nas demandas locais - #SomosF\u00e9eAlegria en Brasil<\/title>\n<meta name=\"robots\" content=\"index, follow, max-snippet:-1, max-image-preview:large, max-video-preview:-1\" \/>\n<link rel=\"canonical\" href=\"https:\/\/www.feyalegria.org\/brasil\/visita-pe-tabosa-boa-vista\/\" \/>\n<meta property=\"og:locale\" content=\"es_ES\" \/>\n<meta property=\"og:type\" content=\"article\" \/>\n<meta property=\"og:title\" content=\"Diretor-presidente de F\u00e9 e Alegria visita a unidade de Boa Vista (RR) para se aprofundar nas demandas locais - #SomosF\u00e9eAlegria en Brasil\" \/>\n<meta property=\"og:description\" content=\"[vc_row][vc_column width=&#8221;1\/2&#8243;][vc_single_image image=&#8221;25893&#8243;][\/vc_column][vc_column width=&#8221;1\/2&#8243;][vc_single_image image=&#8221;25894&#8243;][\/vc_column][\/vc_row][vc_row][vc_column][vc_column_text]Em fevereiro, Pe. Antonio Tabosa, diretor-presidente de F\u00e9 e Alegria do Brasil, compareceu \u00e0 unidade de Boa Vista (RR), que acolhe fam\u00edlias venezuelanas e brasileiras em situa\u00e7\u00e3o de vulnerabilidade e foi criada no munic\u00edpio para reduzir o impacto da crise migrat\u00f3ria na Venezuela. Durante a visita, o jesu\u00edta passou pelo Centro\" \/>\n<meta property=\"og:url\" content=\"https:\/\/www.feyalegria.org\/brasil\/visita-pe-tabosa-boa-vista\/\" \/>\n<meta property=\"og:site_name\" content=\"#SomosF\u00e9eAlegria en Brasil\" \/>\n<meta property=\"article:published_time\" content=\"2022-02-22T19:03:31+00:00\" \/>\n<meta property=\"article:modified_time\" content=\"2022-02-24T16:22:45+00:00\" \/>\n<meta property=\"og:image\" content=\"https:\/\/d3pugrm67vf9n7.cloudfront.net\/wp-content\/uploads\/sites\/23\/2022\/02\/21184610\/banner-visita-Pe.-Tabosa.png\" \/>\n\t<meta property=\"og:image:width\" content=\"1000\" \/>\n\t<meta property=\"og:image:height\" content=\"500\" \/>\n\t<meta property=\"og:image:type\" content=\"image\/png\" \/>\n<meta name=\"author\" content=\"adminfya\" \/>\n<meta name=\"twitter:card\" content=\"summary_large_image\" \/>\n<meta name=\"twitter:label1\" content=\"Escrito por\" \/>\n\t<meta name=\"twitter:data1\" content=\"adminfya\" \/>\n\t<meta name=\"twitter:label2\" content=\"Tiempo de lectura\" \/>\n\t<meta name=\"twitter:data2\" content=\"2 minutos\" \/>\n<script type=\"application\/ld+json\" class=\"yoast-schema-graph\">{\"@context\":\"https:\\\/\\\/schema.org\",\"@graph\":[{\"@type\":\"Article\",\"@id\":\"https:\\\/\\\/www.feyalegria.org\\\/brasil\\\/visita-pe-tabosa-boa-vista\\\/#article\",\"isPartOf\":{\"@id\":\"https:\\\/\\\/www.feyalegria.org\\\/brasil\\\/visita-pe-tabosa-boa-vista\\\/\"},\"author\":{\"name\":\"adminfya\",\"@id\":\"https:\\\/\\\/www.feyalegria.org\\\/brasil\\\/#\\\/schema\\\/person\\\/f113dd05751b9243bcc4b62d8f55bc4b\"},\"headline\":\"Diretor-presidente de F\u00e9 e Alegria visita a unidade de Boa Vista (RR) para se aprofundar nas demandas locais\",\"datePublished\":\"2022-02-22T19:03:31+00:00\",\"dateModified\":\"2022-02-24T16:22:45+00:00\",\"mainEntityOfPage\":{\"@id\":\"https:\\\/\\\/www.feyalegria.org\\\/brasil\\\/visita-pe-tabosa-boa-vista\\\/\"},\"wordCount\":470,\"image\":{\"@id\":\"https:\\\/\\\/www.feyalegria.org\\\/brasil\\\/visita-pe-tabosa-boa-vista\\\/#primaryimage\"},\"thumbnailUrl\":\"https:\\\/\\\/d3pugrm67vf9n7.cloudfront.net\\\/wp-content\\\/uploads\\\/sites\\\/23\\\/2022\\\/02\\\/21184610\\\/banner-visita-Pe.-Tabosa.png\",\"keywords\":[\"boavista\",\"Direitoscrian\u00e7aadolescente\",\"empreendedorismo\",\"FyA\",\"PAAM\",\"venezuela\"],\"articleSection\":[\"Noticias\"],\"inLanguage\":\"es-CO\"},{\"@type\":\"WebPage\",\"@id\":\"https:\\\/\\\/www.feyalegria.org\\\/brasil\\\/visita-pe-tabosa-boa-vista\\\/\",\"url\":\"https:\\\/\\\/www.feyalegria.org\\\/brasil\\\/visita-pe-tabosa-boa-vista\\\/\",\"name\":\"Diretor-presidente de F\u00e9 e Alegria visita a unidade de Boa Vista (RR) para se aprofundar nas demandas locais - #SomosF\u00e9eAlegria en Brasil\",\"isPartOf\":{\"@id\":\"https:\\\/\\\/www.feyalegria.org\\\/brasil\\\/#website\"},\"primaryImageOfPage\":{\"@id\":\"https:\\\/\\\/www.feyalegria.org\\\/brasil\\\/visita-pe-tabosa-boa-vista\\\/#primaryimage\"},\"image\":{\"@id\":\"https:\\\/\\\/www.feyalegria.org\\\/brasil\\\/visita-pe-tabosa-boa-vista\\\/#primaryimage\"},\"thumbnailUrl\":\"https:\\\/\\\/d3pugrm67vf9n7.cloudfront.net\\\/wp-content\\\/uploads\\\/sites\\\/23\\\/2022\\\/02\\\/21184610\\\/banner-visita-Pe.-Tabosa.png\",\"datePublished\":\"2022-02-22T19:03:31+00:00\",\"dateModified\":\"2022-02-24T16:22:45+00:00\",\"author\":{\"@id\":\"https:\\\/\\\/www.feyalegria.org\\\/brasil\\\/#\\\/schema\\\/person\\\/f113dd05751b9243bcc4b62d8f55bc4b\"},\"inLanguage\":\"es-CO\",\"potentialAction\":[{\"@type\":\"ReadAction\",\"target\":[\"https:\\\/\\\/www.feyalegria.org\\\/brasil\\\/visita-pe-tabosa-boa-vista\\\/\"]}]},{\"@type\":\"ImageObject\",\"inLanguage\":\"es-CO\",\"@id\":\"https:\\\/\\\/www.feyalegria.org\\\/brasil\\\/visita-pe-tabosa-boa-vista\\\/#primaryimage\",\"url\":\"https:\\\/\\\/d3pugrm67vf9n7.cloudfront.net\\\/wp-content\\\/uploads\\\/sites\\\/23\\\/2022\\\/02\\\/21184610\\\/banner-visita-Pe.-Tabosa.png\",\"contentUrl\":\"https:\\\/\\\/d3pugrm67vf9n7.cloudfront.net\\\/wp-content\\\/uploads\\\/sites\\\/23\\\/2022\\\/02\\\/21184610\\\/banner-visita-Pe.-Tabosa.png\",\"width\":1000,\"height\":500},{\"@type\":\"WebSite\",\"@id\":\"https:\\\/\\\/www.feyalegria.org\\\/brasil\\\/#website\",\"url\":\"https:\\\/\\\/www.feyalegria.org\\\/brasil\\\/\",\"name\":\"#SomosF\u00e9eAlegria en Brasil\",\"description\":\"\",\"potentialAction\":[{\"@type\":\"SearchAction\",\"target\":{\"@type\":\"EntryPoint\",\"urlTemplate\":\"https:\\\/\\\/www.feyalegria.org\\\/brasil\\\/?s={search_term_string}\"},\"query-input\":{\"@type\":\"PropertyValueSpecification\",\"valueRequired\":true,\"valueName\":\"search_term_string\"}}],\"inLanguage\":\"es-CO\"},{\"@type\":\"Person\",\"@id\":\"https:\\\/\\\/www.feyalegria.org\\\/brasil\\\/#\\\/schema\\\/person\\\/f113dd05751b9243bcc4b62d8f55bc4b\",\"name\":\"adminfya\",\"url\":\"https:\\\/\\\/www.feyalegria.org\\\/brasil\\\/author\\\/adminfya\\\/\"}]}<\/script>\n<!-- \/ Yoast SEO plugin. -->","yoast_head_json":{"title":"Diretor-presidente de F\u00e9 e Alegria visita a unidade de Boa Vista (RR) para se aprofundar nas demandas locais - #SomosF\u00e9eAlegria en Brasil","robots":{"index":"index","follow":"follow","max-snippet":"max-snippet:-1","max-image-preview":"max-image-preview:large","max-video-preview":"max-video-preview:-1"},"canonical":"https:\/\/www.feyalegria.org\/brasil\/visita-pe-tabosa-boa-vista\/","og_locale":"es_ES","og_type":"article","og_title":"Diretor-presidente de F\u00e9 e Alegria visita a unidade de Boa Vista (RR) para se aprofundar nas demandas locais - #SomosF\u00e9eAlegria en Brasil","og_description":"[vc_row][vc_column width=&#8221;1\/2&#8243;][vc_single_image image=&#8221;25893&#8243;][\/vc_column][vc_column width=&#8221;1\/2&#8243;][vc_single_image image=&#8221;25894&#8243;][\/vc_column][\/vc_row][vc_row][vc_column][vc_column_text]Em fevereiro, Pe. Antonio Tabosa, diretor-presidente de F\u00e9 e Alegria do Brasil, compareceu \u00e0 unidade de Boa Vista (RR), que acolhe fam\u00edlias venezuelanas e brasileiras em situa\u00e7\u00e3o de vulnerabilidade e foi criada no munic\u00edpio para reduzir o impacto da crise migrat\u00f3ria na Venezuela. Durante a visita, o jesu\u00edta passou pelo Centro","og_url":"https:\/\/www.feyalegria.org\/brasil\/visita-pe-tabosa-boa-vista\/","og_site_name":"#SomosF\u00e9eAlegria en Brasil","article_published_time":"2022-02-22T19:03:31+00:00","article_modified_time":"2022-02-24T16:22:45+00:00","og_image":[{"width":1000,"height":500,"url":"https:\/\/d3pugrm67vf9n7.cloudfront.net\/wp-content\/uploads\/sites\/23\/2022\/02\/21184610\/banner-visita-Pe.-Tabosa.png","type":"image\/png"}],"author":"adminfya","twitter_card":"summary_large_image","twitter_misc":{"Escrito por":"adminfya","Tiempo de lectura":"2 minutos"},"schema":{"@context":"https:\/\/schema.org","@graph":[{"@type":"Article","@id":"https:\/\/www.feyalegria.org\/brasil\/visita-pe-tabosa-boa-vista\/#article","isPartOf":{"@id":"https:\/\/www.feyalegria.org\/brasil\/visita-pe-tabosa-boa-vista\/"},"author":{"name":"adminfya","@id":"https:\/\/www.feyalegria.org\/brasil\/#\/schema\/person\/f113dd05751b9243bcc4b62d8f55bc4b"},"headline":"Diretor-presidente de F\u00e9 e Alegria visita a unidade de Boa Vista (RR) para se aprofundar nas demandas locais","datePublished":"2022-02-22T19:03:31+00:00","dateModified":"2022-02-24T16:22:45+00:00","mainEntityOfPage":{"@id":"https:\/\/www.feyalegria.org\/brasil\/visita-pe-tabosa-boa-vista\/"},"wordCount":470,"image":{"@id":"https:\/\/www.feyalegria.org\/brasil\/visita-pe-tabosa-boa-vista\/#primaryimage"},"thumbnailUrl":"https:\/\/d3pugrm67vf9n7.cloudfront.net\/wp-content\/uploads\/sites\/23\/2022\/02\/21184610\/banner-visita-Pe.-Tabosa.png","keywords":["boavista","Direitoscrian\u00e7aadolescente","empreendedorismo","FyA","PAAM","venezuela"],"articleSection":["Noticias"],"inLanguage":"es-CO"},{"@type":"WebPage","@id":"https:\/\/www.feyalegria.org\/brasil\/visita-pe-tabosa-boa-vista\/","url":"https:\/\/www.feyalegria.org\/brasil\/visita-pe-tabosa-boa-vista\/","name":"Diretor-presidente de F\u00e9 e Alegria visita a unidade de Boa Vista (RR) para se aprofundar nas demandas locais - #SomosF\u00e9eAlegria en Brasil","isPartOf":{"@id":"https:\/\/www.feyalegria.org\/brasil\/#website"},"primaryImageOfPage":{"@id":"https:\/\/www.feyalegria.org\/brasil\/visita-pe-tabosa-boa-vista\/#primaryimage"},"image":{"@id":"https:\/\/www.feyalegria.org\/brasil\/visita-pe-tabosa-boa-vista\/#primaryimage"},"thumbnailUrl":"https:\/\/d3pugrm67vf9n7.cloudfront.net\/wp-content\/uploads\/sites\/23\/2022\/02\/21184610\/banner-visita-Pe.-Tabosa.png","datePublished":"2022-02-22T19:03:31+00:00","dateModified":"2022-02-24T16:22:45+00:00","author":{"@id":"https:\/\/www.feyalegria.org\/brasil\/#\/schema\/person\/f113dd05751b9243bcc4b62d8f55bc4b"},"inLanguage":"es-CO","potentialAction":[{"@type":"ReadAction","target":["https:\/\/www.feyalegria.org\/brasil\/visita-pe-tabosa-boa-vista\/"]}]},{"@type":"ImageObject","inLanguage":"es-CO","@id":"https:\/\/www.feyalegria.org\/brasil\/visita-pe-tabosa-boa-vista\/#primaryimage","url":"https:\/\/d3pugrm67vf9n7.cloudfront.net\/wp-content\/uploads\/sites\/23\/2022\/02\/21184610\/banner-visita-Pe.-Tabosa.png","contentUrl":"https:\/\/d3pugrm67vf9n7.cloudfront.net\/wp-content\/uploads\/sites\/23\/2022\/02\/21184610\/banner-visita-Pe.-Tabosa.png","width":1000,"height":500},{"@type":"WebSite","@id":"https:\/\/www.feyalegria.org\/brasil\/#website","url":"https:\/\/www.feyalegria.org\/brasil\/","name":"#SomosF\u00e9eAlegria en Brasil","description":"","potentialAction":[{"@type":"SearchAction","target":{"@type":"EntryPoint","urlTemplate":"https:\/\/www.feyalegria.org\/brasil\/?s={search_term_string}"},"query-input":{"@type":"PropertyValueSpecification","valueRequired":true,"valueName":"search_term_string"}}],"inLanguage":"es-CO"},{"@type":"Person","@id":"https:\/\/www.feyalegria.org\/brasil\/#\/schema\/person\/f113dd05751b9243bcc4b62d8f55bc4b","name":"adminfya","url":"https:\/\/www.feyalegria.org\/brasil\/author\/adminfya\/"}]}},"_links":{"self":[{"href":"https:\/\/www.feyalegria.org\/brasil\/wp-json\/wp\/v2\/posts\/25892","targetHints":{"allow":["GET"]}}],"collection":[{"href":"https:\/\/www.feyalegria.org\/brasil\/wp-json\/wp\/v2\/posts"}],"about":[{"href":"https:\/\/www.feyalegria.org\/brasil\/wp-json\/wp\/v2\/types\/post"}],"author":[{"embeddable":true,"href":"https:\/\/www.feyalegria.org\/brasil\/wp-json\/wp\/v2\/users\/2"}],"replies":[{"embeddable":true,"href":"https:\/\/www.feyalegria.org\/brasil\/wp-json\/wp\/v2\/comments?post=25892"}],"version-history":[{"count":0,"href":"https:\/\/www.feyalegria.org\/brasil\/wp-json\/wp\/v2\/posts\/25892\/revisions"}],"wp:featuredmedia":[{"embeddable":true,"href":"https:\/\/www.feyalegria.org\/brasil\/wp-json\/wp\/v2\/media\/25897"}],"wp:attachment":[{"href":"https:\/\/www.feyalegria.org\/brasil\/wp-json\/wp\/v2\/media?parent=25892"}],"wp:term":[{"taxonomy":"category","embeddable":true,"href":"https:\/\/www.feyalegria.org\/brasil\/wp-json\/wp\/v2\/categories?post=25892"},{"taxonomy":"post_tag","embeddable":true,"href":"https:\/\/www.feyalegria.org\/brasil\/wp-json\/wp\/v2\/tags?post=25892"},{"taxonomy":"post_folder","embeddable":true,"href":"https:\/\/www.feyalegria.org\/brasil\/wp-json\/wp\/v2\/post_folder?post=25892"}],"curies":[{"name":"wp","href":"https:\/\/api.w.org\/{rel}","templated":true}]}}