 {"id":25985,"date":"2022-03-28T18:32:43","date_gmt":"2022-03-28T21:32:43","guid":{"rendered":"https:\/\/www.feyalegria.org\/brasil\/?p=25985"},"modified":"2022-03-28T18:32:43","modified_gmt":"2022-03-28T21:32:43","slug":"roda-de-conversa-sobre-mulheres","status":"publish","type":"post","link":"https:\/\/www.feyalegria.org\/brasil\/roda-de-conversa-sobre-mulheres\/","title":{"rendered":"F\u00e9 e Alegria participa de Roda de Conversa sobre mulheres da Educa\u00e7\u00e3o Popular na Pandemia"},"content":{"rendered":"<div class=\"wpb-content-wrapper\"><p>[vc_row][vc_column width=&#8221;1\/3&#8243;][\/vc_column][vc_column width=&#8221;1\/3&#8243;][vc_single_image image=&#8221;25986&#8243;][\/vc_column][\/vc_row][vc_row][vc_column][vc_column_text]No \u00faltimo dia 10, foi realizada a roda\u00a0de\u00a0conversa\u00a0virtual \u201cEduca com amor, resist\u00eancia e esperan\u00e7a: as mulheres da Educa\u00e7\u00e3o Popular na Pandemia\u201d, uma a\u00e7\u00e3o da XX Semana da Mulher da Universidade Cat\u00f3lica\u00a0de\u00a0Pernambuco\u00a0(UNICAP), proposta pelo Observat\u00f3rio Nacional\u00a0de\u00a0Justi\u00e7a Socioambiental Luciano Mendes\u00a0de\u00a0Almeida &#8211; OLMA em parceria com a Funda\u00e7\u00e3o F\u00e9 e Alegria do Brasil.<\/p>\n<p>&nbsp;<\/p>\n<p>O debate promoveu uma reflex\u00e3o sobre os desafios durante o isolamento social causado pela pandemia, que afetou as mulheres de forma desigual, destacando tamb\u00e9m as boas pr\u00e1ticas que contribu\u00edram para minimizar esses impactos.<\/p>\n<p>&nbsp;<\/p>\n<p>Representando F\u00e9 e Alegria, participaram Fernanda Ariele e Catarina\u00a0de\u00a0Santana, coordenadoras das unidades de F\u00e9 e Alegria em Montes Claros (MG) e em Recife (PE), respectivamente. Al\u00e9m delas, a roda contou com a presen\u00e7a das dirigentes do Col\u00e9gio Agostiniano AIACOM, Congrega\u00e7\u00e3o das Irm\u00e3s de Santa Catarina e OLMA.<\/p>\n<p>&nbsp;<\/p>\n<p>A import\u00e2ncia de promover projetos sociais para apoiar pessoas em situa\u00e7\u00e3o em vulnerabilidade, a originalidade para realiza\u00e7\u00e3o de atividades \u00e0 dist\u00e2ncia e a for\u00e7a das lideran\u00e7as femininas foram os principais pontos levantados pelas representantes de F\u00e9 e Alegria no debate.<\/p>\n<p>&nbsp;<\/p>\n<p>Para assistir a roda de conversa na \u00edntegra, acesse o link abaixo:<\/p>\n<p><strong><span style=\"color: #333399\"><a style=\"color: #333399\" href=\"https:\/\/www.youtube.com\/watch?v=qJfE8h0r0O4\">https:\/\/www.youtube.com\/watch?v=qJfE8h0r0O4<\/a>.<\/span><\/strong><\/p>\n<p>&nbsp;<\/p>\n<p>[\/vc_column_text][vc_row_inner][vc_column_inner width=&#8221;1\/2&#8243;][\/vc_column_inner][vc_column_inner width=&#8221;1\/2&#8243;][\/vc_column_inner][\/vc_row_inner][\/vc_column][\/vc_row][vc_row][vc_column][\/vc_column][\/vc_row]<\/p>\n<\/div>","protected":false},"excerpt":{"rendered":"<p>[vc_row][vc_column width=&#8221;1\/3&#8243;][\/vc_column][vc_column width=&#8221;1\/3&#8243;][vc_single_image image=&#8221;25986&#8243;][\/vc_column][\/vc_row][vc_row][vc_column][vc_column_text]No \u00faltimo dia 10, foi realizada a roda\u00a0de\u00a0conversa\u00a0virtual \u201cEduca com amor, resist\u00eancia e esperan\u00e7a: as mulheres da Educa\u00e7\u00e3o Popular na Pandemia\u201d, uma a\u00e7\u00e3o da XX Semana da Mulher da Universidade Cat\u00f3lica\u00a0de\u00a0Pernambuco\u00a0(UNICAP), proposta pelo Observat\u00f3rio Nacional\u00a0de\u00a0Justi\u00e7a Socioambiental Luciano Mendes\u00a0de\u00a0Almeida &#8211; OLMA em parceria com a Funda\u00e7\u00e3o F\u00e9 e Alegria do Brasil. &nbsp; O<\/p>\n","protected":false},"author":2,"featured_media":25992,"comment_status":"closed","ping_status":"closed","sticky":false,"template":"","format":"standard","meta":{"_acf_changed":false,"footnotes":""},"categories":[432],"tags":[657,446,659,501,521,491],"post_folder":[],"class_list":["post-25985","post","type-post","status-publish","format-standard","has-post-thumbnail","hentry","category-noticias-pt","tag-diadamulher","tag-fya-pt","tag-montesclaros","tag-recife","tag-unicap","tag-unidades"],"acf":[],"yoast_head":"<!-- This site is optimized with the Yoast SEO plugin v27.4 - https:\/\/yoast.com\/product\/yoast-seo-wordpress\/ -->\n<title>F\u00e9 e Alegria participa de Roda de Conversa sobre mulheres da Educa\u00e7\u00e3o Popular na Pandemia - #SomosF\u00e9eAlegria en Brasil<\/title>\n<meta name=\"robots\" content=\"index, follow, max-snippet:-1, max-image-preview:large, max-video-preview:-1\" \/>\n<link rel=\"canonical\" href=\"https:\/\/www.feyalegria.org\/brasil\/roda-de-conversa-sobre-mulheres\/\" \/>\n<meta property=\"og:locale\" content=\"es_ES\" \/>\n<meta property=\"og:type\" content=\"article\" \/>\n<meta property=\"og:title\" content=\"F\u00e9 e Alegria participa de Roda de Conversa sobre mulheres da Educa\u00e7\u00e3o Popular na Pandemia - #SomosF\u00e9eAlegria en Brasil\" \/>\n<meta property=\"og:description\" content=\"[vc_row][vc_column width=&#8221;1\/3&#8243;][\/vc_column][vc_column width=&#8221;1\/3&#8243;][vc_single_image image=&#8221;25986&#8243;][\/vc_column][\/vc_row][vc_row][vc_column][vc_column_text]No \u00faltimo dia 10, foi realizada a roda\u00a0de\u00a0conversa\u00a0virtual \u201cEduca com amor, resist\u00eancia e esperan\u00e7a: as mulheres da Educa\u00e7\u00e3o Popular na Pandemia\u201d, uma a\u00e7\u00e3o da XX Semana da Mulher da Universidade Cat\u00f3lica\u00a0de\u00a0Pernambuco\u00a0(UNICAP), proposta pelo Observat\u00f3rio Nacional\u00a0de\u00a0Justi\u00e7a Socioambiental Luciano Mendes\u00a0de\u00a0Almeida &#8211; OLMA em parceria com a Funda\u00e7\u00e3o F\u00e9 e Alegria do Brasil. &nbsp; O\" \/>\n<meta property=\"og:url\" content=\"https:\/\/www.feyalegria.org\/brasil\/roda-de-conversa-sobre-mulheres\/\" \/>\n<meta property=\"og:site_name\" content=\"#SomosF\u00e9eAlegria en Brasil\" \/>\n<meta property=\"article:published_time\" content=\"2022-03-28T21:32:43+00:00\" \/>\n<meta property=\"og:image\" content=\"https:\/\/d3pugrm67vf9n7.cloudfront.net\/wp-content\/uploads\/sites\/23\/2022\/03\/28183220\/Roda-de-mulheres.png\" \/>\n\t<meta property=\"og:image:width\" content=\"1008\" \/>\n\t<meta property=\"og:image:height\" content=\"508\" \/>\n\t<meta property=\"og:image:type\" content=\"image\/png\" \/>\n<meta name=\"author\" content=\"adminfya\" \/>\n<meta name=\"twitter:card\" content=\"summary_large_image\" \/>\n<meta name=\"twitter:label1\" content=\"Escrito por\" \/>\n\t<meta name=\"twitter:data1\" content=\"adminfya\" \/>\n\t<meta name=\"twitter:label2\" content=\"Tiempo de lectura\" \/>\n\t<meta name=\"twitter:data2\" content=\"1 minuto\" \/>\n<script type=\"application\/ld+json\" class=\"yoast-schema-graph\">{\"@context\":\"https:\\\/\\\/schema.org\",\"@graph\":[{\"@type\":\"Article\",\"@id\":\"https:\\\/\\\/www.feyalegria.org\\\/brasil\\\/roda-de-conversa-sobre-mulheres\\\/#article\",\"isPartOf\":{\"@id\":\"https:\\\/\\\/www.feyalegria.org\\\/brasil\\\/roda-de-conversa-sobre-mulheres\\\/\"},\"author\":{\"name\":\"adminfya\",\"@id\":\"https:\\\/\\\/www.feyalegria.org\\\/brasil\\\/#\\\/schema\\\/person\\\/f113dd05751b9243bcc4b62d8f55bc4b\"},\"headline\":\"F\u00e9 e Alegria participa de Roda de Conversa sobre mulheres da Educa\u00e7\u00e3o Popular na Pandemia\",\"datePublished\":\"2022-03-28T21:32:43+00:00\",\"mainEntityOfPage\":{\"@id\":\"https:\\\/\\\/www.feyalegria.org\\\/brasil\\\/roda-de-conversa-sobre-mulheres\\\/\"},\"wordCount\":306,\"image\":{\"@id\":\"https:\\\/\\\/www.feyalegria.org\\\/brasil\\\/roda-de-conversa-sobre-mulheres\\\/#primaryimage\"},\"thumbnailUrl\":\"https:\\\/\\\/d3pugrm67vf9n7.cloudfront.net\\\/wp-content\\\/uploads\\\/sites\\\/23\\\/2022\\\/03\\\/28183220\\\/Roda-de-mulheres.png\",\"keywords\":[\"diadamulher\",\"FyA\",\"montesclaros\",\"recife\",\"UNICAP\",\"unidades\"],\"articleSection\":[\"Noticias\"],\"inLanguage\":\"es-CO\"},{\"@type\":\"WebPage\",\"@id\":\"https:\\\/\\\/www.feyalegria.org\\\/brasil\\\/roda-de-conversa-sobre-mulheres\\\/\",\"url\":\"https:\\\/\\\/www.feyalegria.org\\\/brasil\\\/roda-de-conversa-sobre-mulheres\\\/\",\"name\":\"F\u00e9 e Alegria participa de Roda de Conversa sobre mulheres da Educa\u00e7\u00e3o Popular na Pandemia - #SomosF\u00e9eAlegria en Brasil\",\"isPartOf\":{\"@id\":\"https:\\\/\\\/www.feyalegria.org\\\/brasil\\\/#website\"},\"primaryImageOfPage\":{\"@id\":\"https:\\\/\\\/www.feyalegria.org\\\/brasil\\\/roda-de-conversa-sobre-mulheres\\\/#primaryimage\"},\"image\":{\"@id\":\"https:\\\/\\\/www.feyalegria.org\\\/brasil\\\/roda-de-conversa-sobre-mulheres\\\/#primaryimage\"},\"thumbnailUrl\":\"https:\\\/\\\/d3pugrm67vf9n7.cloudfront.net\\\/wp-content\\\/uploads\\\/sites\\\/23\\\/2022\\\/03\\\/28183220\\\/Roda-de-mulheres.png\",\"datePublished\":\"2022-03-28T21:32:43+00:00\",\"author\":{\"@id\":\"https:\\\/\\\/www.feyalegria.org\\\/brasil\\\/#\\\/schema\\\/person\\\/f113dd05751b9243bcc4b62d8f55bc4b\"},\"inLanguage\":\"es-CO\",\"potentialAction\":[{\"@type\":\"ReadAction\",\"target\":[\"https:\\\/\\\/www.feyalegria.org\\\/brasil\\\/roda-de-conversa-sobre-mulheres\\\/\"]}]},{\"@type\":\"ImageObject\",\"inLanguage\":\"es-CO\",\"@id\":\"https:\\\/\\\/www.feyalegria.org\\\/brasil\\\/roda-de-conversa-sobre-mulheres\\\/#primaryimage\",\"url\":\"https:\\\/\\\/d3pugrm67vf9n7.cloudfront.net\\\/wp-content\\\/uploads\\\/sites\\\/23\\\/2022\\\/03\\\/28183220\\\/Roda-de-mulheres.png\",\"contentUrl\":\"https:\\\/\\\/d3pugrm67vf9n7.cloudfront.net\\\/wp-content\\\/uploads\\\/sites\\\/23\\\/2022\\\/03\\\/28183220\\\/Roda-de-mulheres.png\",\"width\":1008,\"height\":508},{\"@type\":\"WebSite\",\"@id\":\"https:\\\/\\\/www.feyalegria.org\\\/brasil\\\/#website\",\"url\":\"https:\\\/\\\/www.feyalegria.org\\\/brasil\\\/\",\"name\":\"#SomosF\u00e9eAlegria en Brasil\",\"description\":\"\",\"potentialAction\":[{\"@type\":\"SearchAction\",\"target\":{\"@type\":\"EntryPoint\",\"urlTemplate\":\"https:\\\/\\\/www.feyalegria.org\\\/brasil\\\/?s={search_term_string}\"},\"query-input\":{\"@type\":\"PropertyValueSpecification\",\"valueRequired\":true,\"valueName\":\"search_term_string\"}}],\"inLanguage\":\"es-CO\"},{\"@type\":\"Person\",\"@id\":\"https:\\\/\\\/www.feyalegria.org\\\/brasil\\\/#\\\/schema\\\/person\\\/f113dd05751b9243bcc4b62d8f55bc4b\",\"name\":\"adminfya\",\"url\":\"https:\\\/\\\/www.feyalegria.org\\\/brasil\\\/author\\\/adminfya\\\/\"}]}<\/script>\n<!-- \/ Yoast SEO plugin. -->","yoast_head_json":{"title":"F\u00e9 e Alegria participa de Roda de Conversa sobre mulheres da Educa\u00e7\u00e3o Popular na Pandemia - #SomosF\u00e9eAlegria en Brasil","robots":{"index":"index","follow":"follow","max-snippet":"max-snippet:-1","max-image-preview":"max-image-preview:large","max-video-preview":"max-video-preview:-1"},"canonical":"https:\/\/www.feyalegria.org\/brasil\/roda-de-conversa-sobre-mulheres\/","og_locale":"es_ES","og_type":"article","og_title":"F\u00e9 e Alegria participa de Roda de Conversa sobre mulheres da Educa\u00e7\u00e3o Popular na Pandemia - #SomosF\u00e9eAlegria en Brasil","og_description":"[vc_row][vc_column width=&#8221;1\/3&#8243;][\/vc_column][vc_column width=&#8221;1\/3&#8243;][vc_single_image image=&#8221;25986&#8243;][\/vc_column][\/vc_row][vc_row][vc_column][vc_column_text]No \u00faltimo dia 10, foi realizada a roda\u00a0de\u00a0conversa\u00a0virtual \u201cEduca com amor, resist\u00eancia e esperan\u00e7a: as mulheres da Educa\u00e7\u00e3o Popular na Pandemia\u201d, uma a\u00e7\u00e3o da XX Semana da Mulher da Universidade Cat\u00f3lica\u00a0de\u00a0Pernambuco\u00a0(UNICAP), proposta pelo Observat\u00f3rio Nacional\u00a0de\u00a0Justi\u00e7a Socioambiental Luciano Mendes\u00a0de\u00a0Almeida &#8211; OLMA em parceria com a Funda\u00e7\u00e3o F\u00e9 e Alegria do Brasil. &nbsp; O","og_url":"https:\/\/www.feyalegria.org\/brasil\/roda-de-conversa-sobre-mulheres\/","og_site_name":"#SomosF\u00e9eAlegria en Brasil","article_published_time":"2022-03-28T21:32:43+00:00","og_image":[{"width":1008,"height":508,"url":"https:\/\/d3pugrm67vf9n7.cloudfront.net\/wp-content\/uploads\/sites\/23\/2022\/03\/28183220\/Roda-de-mulheres.png","type":"image\/png"}],"author":"adminfya","twitter_card":"summary_large_image","twitter_misc":{"Escrito por":"adminfya","Tiempo de lectura":"1 minuto"},"schema":{"@context":"https:\/\/schema.org","@graph":[{"@type":"Article","@id":"https:\/\/www.feyalegria.org\/brasil\/roda-de-conversa-sobre-mulheres\/#article","isPartOf":{"@id":"https:\/\/www.feyalegria.org\/brasil\/roda-de-conversa-sobre-mulheres\/"},"author":{"name":"adminfya","@id":"https:\/\/www.feyalegria.org\/brasil\/#\/schema\/person\/f113dd05751b9243bcc4b62d8f55bc4b"},"headline":"F\u00e9 e Alegria participa de Roda de Conversa sobre mulheres da Educa\u00e7\u00e3o Popular na Pandemia","datePublished":"2022-03-28T21:32:43+00:00","mainEntityOfPage":{"@id":"https:\/\/www.feyalegria.org\/brasil\/roda-de-conversa-sobre-mulheres\/"},"wordCount":306,"image":{"@id":"https:\/\/www.feyalegria.org\/brasil\/roda-de-conversa-sobre-mulheres\/#primaryimage"},"thumbnailUrl":"https:\/\/d3pugrm67vf9n7.cloudfront.net\/wp-content\/uploads\/sites\/23\/2022\/03\/28183220\/Roda-de-mulheres.png","keywords":["diadamulher","FyA","montesclaros","recife","UNICAP","unidades"],"articleSection":["Noticias"],"inLanguage":"es-CO"},{"@type":"WebPage","@id":"https:\/\/www.feyalegria.org\/brasil\/roda-de-conversa-sobre-mulheres\/","url":"https:\/\/www.feyalegria.org\/brasil\/roda-de-conversa-sobre-mulheres\/","name":"F\u00e9 e Alegria participa de Roda de Conversa sobre mulheres da Educa\u00e7\u00e3o Popular na Pandemia - #SomosF\u00e9eAlegria en Brasil","isPartOf":{"@id":"https:\/\/www.feyalegria.org\/brasil\/#website"},"primaryImageOfPage":{"@id":"https:\/\/www.feyalegria.org\/brasil\/roda-de-conversa-sobre-mulheres\/#primaryimage"},"image":{"@id":"https:\/\/www.feyalegria.org\/brasil\/roda-de-conversa-sobre-mulheres\/#primaryimage"},"thumbnailUrl":"https:\/\/d3pugrm67vf9n7.cloudfront.net\/wp-content\/uploads\/sites\/23\/2022\/03\/28183220\/Roda-de-mulheres.png","datePublished":"2022-03-28T21:32:43+00:00","author":{"@id":"https:\/\/www.feyalegria.org\/brasil\/#\/schema\/person\/f113dd05751b9243bcc4b62d8f55bc4b"},"inLanguage":"es-CO","potentialAction":[{"@type":"ReadAction","target":["https:\/\/www.feyalegria.org\/brasil\/roda-de-conversa-sobre-mulheres\/"]}]},{"@type":"ImageObject","inLanguage":"es-CO","@id":"https:\/\/www.feyalegria.org\/brasil\/roda-de-conversa-sobre-mulheres\/#primaryimage","url":"https:\/\/d3pugrm67vf9n7.cloudfront.net\/wp-content\/uploads\/sites\/23\/2022\/03\/28183220\/Roda-de-mulheres.png","contentUrl":"https:\/\/d3pugrm67vf9n7.cloudfront.net\/wp-content\/uploads\/sites\/23\/2022\/03\/28183220\/Roda-de-mulheres.png","width":1008,"height":508},{"@type":"WebSite","@id":"https:\/\/www.feyalegria.org\/brasil\/#website","url":"https:\/\/www.feyalegria.org\/brasil\/","name":"#SomosF\u00e9eAlegria en Brasil","description":"","potentialAction":[{"@type":"SearchAction","target":{"@type":"EntryPoint","urlTemplate":"https:\/\/www.feyalegria.org\/brasil\/?s={search_term_string}"},"query-input":{"@type":"PropertyValueSpecification","valueRequired":true,"valueName":"search_term_string"}}],"inLanguage":"es-CO"},{"@type":"Person","@id":"https:\/\/www.feyalegria.org\/brasil\/#\/schema\/person\/f113dd05751b9243bcc4b62d8f55bc4b","name":"adminfya","url":"https:\/\/www.feyalegria.org\/brasil\/author\/adminfya\/"}]}},"_links":{"self":[{"href":"https:\/\/www.feyalegria.org\/brasil\/wp-json\/wp\/v2\/posts\/25985","targetHints":{"allow":["GET"]}}],"collection":[{"href":"https:\/\/www.feyalegria.org\/brasil\/wp-json\/wp\/v2\/posts"}],"about":[{"href":"https:\/\/www.feyalegria.org\/brasil\/wp-json\/wp\/v2\/types\/post"}],"author":[{"embeddable":true,"href":"https:\/\/www.feyalegria.org\/brasil\/wp-json\/wp\/v2\/users\/2"}],"replies":[{"embeddable":true,"href":"https:\/\/www.feyalegria.org\/brasil\/wp-json\/wp\/v2\/comments?post=25985"}],"version-history":[{"count":0,"href":"https:\/\/www.feyalegria.org\/brasil\/wp-json\/wp\/v2\/posts\/25985\/revisions"}],"wp:featuredmedia":[{"embeddable":true,"href":"https:\/\/www.feyalegria.org\/brasil\/wp-json\/wp\/v2\/media\/25992"}],"wp:attachment":[{"href":"https:\/\/www.feyalegria.org\/brasil\/wp-json\/wp\/v2\/media?parent=25985"}],"wp:term":[{"taxonomy":"category","embeddable":true,"href":"https:\/\/www.feyalegria.org\/brasil\/wp-json\/wp\/v2\/categories?post=25985"},{"taxonomy":"post_tag","embeddable":true,"href":"https:\/\/www.feyalegria.org\/brasil\/wp-json\/wp\/v2\/tags?post=25985"},{"taxonomy":"post_folder","embeddable":true,"href":"https:\/\/www.feyalegria.org\/brasil\/wp-json\/wp\/v2\/post_folder?post=25985"}],"curies":[{"name":"wp","href":"https:\/\/api.w.org\/{rel}","templated":true}]}}