 {"id":26097,"date":"2022-05-20T12:07:17","date_gmt":"2022-05-20T15:07:17","guid":{"rendered":"https:\/\/www.feyalegria.org\/brasil\/?p=26097"},"modified":"2022-05-23T15:46:17","modified_gmt":"2022-05-23T18:46:17","slug":"feijoada-cultural-ilheus","status":"publish","type":"post","link":"https:\/\/www.feyalegria.org\/brasil\/feijoada-cultural-ilheus\/","title":{"rendered":"F\u00e9 e Alegria realiza Feijoada Cultural em Ilh\u00e9us (BA)"},"content":{"rendered":"<div class=\"wpb-content-wrapper\"><p>[vc_row][vc_column width=&#8221;1\/3&#8243;][vc_single_image image=&#8221;26100&#8243;][\/vc_column][vc_column width=&#8221;1\/3&#8243;][vc_single_image image=&#8221;26099&#8243;][\/vc_column][vc_column width=&#8221;1\/3&#8243;][vc_single_image image=&#8221;26098&#8243;][\/vc_column][\/vc_row][vc_row][vc_column][vc_column_text]Em maio, o Centro Social Nossa Senhora da Vit\u00f3ria e o Centro Educativo F\u00e9 e Alegria (CEFA), unidades de F\u00e9 e Alegria em Ilh\u00e9us (BA), promoveram a Feijoada Cultural. Promovido desde 2010, o tradicional evento tem como objetivo levantar fundos para a unidade e expor o trabalho realizado com atendidos pelo Centro, crian\u00e7as e adolescentes entre 6 e 15 anos.<\/p>\n<p>&nbsp;<\/p>\n<p>Neste ano, a Feijoada Cultural recebeu a presen\u00e7a de 250 pessoas e arrecadou mais de 5 mil reais no total. Durante a festividade, foram realizadas apresenta\u00e7\u00f5es de teatro e de dan\u00e7a, protagonizadas pelas crian\u00e7as matriculadas nas oficinas culturais, e espet\u00e1culos dos convidados Danilo Nascimento, ex-educador de F\u00e9 e Alegria, e Tia R\u00f3, animadora de festas infantis.<\/p>\n<p>&nbsp;<\/p>\n<p>O recurso financeiro do evento ser\u00e1 utilizado para garantir a continuidade e a qualidade dos projetos oferecidos, al\u00e9m da manuten\u00e7\u00e3o e melhorias na infraestrutura do espa\u00e7o.<\/p>\n<p>&nbsp;<\/p>\n<p><strong>Sobre a F\u00e9 e Alegria em Ilh\u00e9us (BA)<\/strong><\/p>\n<p>A Funda\u00e7\u00e3o F\u00e9 e Alegria est\u00e1 presente em Ilh\u00e9us (BA) desde o ano de 1991, desenvolvendo trabalhos na \u00e1rea de Educa\u00e7\u00e3o e Promo\u00e7\u00e3o Social. Na primeira d\u00e9cada de funcionamento, os projetos que tiveram destaque foram as bibliotecas comunit\u00e1rias, a forma\u00e7\u00e3o para educadoras de creches comunit\u00e1rias e o projeto Com-viver, que realizava abordagens e acolhimento de crian\u00e7as e adolescentes em situa\u00e7\u00e3o de rua. A unidade de Ilh\u00e9us atuou de forma muito marcante no segmento de incid\u00eancia pol\u00edtica ao prestar assessoria para a implanta\u00e7\u00e3o dos Conselhos de Direito em diversos munic\u00edpios do Litoral Sul do estado da Bahia.<\/p>\n<p>&nbsp;<\/p>\n<p>A trajet\u00f3ria de F\u00e9 e Alegria em Ilh\u00e9us se revela como um caminho repleto de hist\u00f3ria, a\u00e7\u00e3o e transforma\u00e7\u00e3o, assumindo um compromisso com a comunidade na luta por uma sociedade mais justa, democr\u00e1tica e equitativa.[\/vc_column_text][vc_row_inner][vc_column_inner width=&#8221;1\/2&#8243;][\/vc_column_inner][vc_column_inner width=&#8221;1\/2&#8243;][\/vc_column_inner][\/vc_row_inner][\/vc_column][\/vc_row][vc_row][vc_column][\/vc_column][\/vc_row]<\/p>\n<\/div>","protected":false},"excerpt":{"rendered":"<p>[vc_row][vc_column width=&#8221;1\/3&#8243;][vc_single_image image=&#8221;26100&#8243;][\/vc_column][vc_column width=&#8221;1\/3&#8243;][vc_single_image image=&#8221;26099&#8243;][\/vc_column][vc_column width=&#8221;1\/3&#8243;][vc_single_image image=&#8221;26098&#8243;][\/vc_column][\/vc_row][vc_row][vc_column][vc_column_text]Em maio, o Centro Social Nossa Senhora da Vit\u00f3ria e o Centro Educativo F\u00e9 e Alegria (CEFA), unidades de F\u00e9 e Alegria em Ilh\u00e9us (BA), promoveram a Feijoada Cultural. Promovido desde 2010, o tradicional evento tem como objetivo levantar fundos para a unidade e expor o trabalho realizado com<\/p>\n","protected":false},"author":2,"featured_media":26102,"comment_status":"closed","ping_status":"closed","sticky":false,"template":"","format":"standard","meta":{"_acf_changed":false,"footnotes":""},"categories":[432],"tags":[547,683,681,446,537,555,675,491],"post_folder":[],"class_list":["post-26097","post","type-post","status-publish","format-standard","has-post-thumbnail","hentry","category-noticias-pt","tag-direitoscriancaadolescente","tag-evento","tag-feijoadacultural","tag-fya-pt","tag-fyabrasil","tag-ilheus","tag-promocaosocial","tag-unidades"],"acf":[],"yoast_head":"<!-- This site is optimized with the Yoast SEO plugin v27.5 - https:\/\/yoast.com\/product\/yoast-seo-wordpress\/ -->\n<title>F\u00e9 e Alegria realiza Feijoada Cultural em Ilh\u00e9us (BA) - #SomosF\u00e9eAlegria en Brasil<\/title>\n<meta name=\"robots\" content=\"index, follow, max-snippet:-1, max-image-preview:large, max-video-preview:-1\" \/>\n<link rel=\"canonical\" href=\"https:\/\/www.feyalegria.org\/brasil\/feijoada-cultural-ilheus\/\" \/>\n<meta property=\"og:locale\" content=\"es_ES\" \/>\n<meta property=\"og:type\" content=\"article\" \/>\n<meta property=\"og:title\" content=\"F\u00e9 e Alegria realiza Feijoada Cultural em Ilh\u00e9us (BA) - #SomosF\u00e9eAlegria en Brasil\" \/>\n<meta property=\"og:description\" content=\"[vc_row][vc_column width=&#8221;1\/3&#8243;][vc_single_image image=&#8221;26100&#8243;][\/vc_column][vc_column width=&#8221;1\/3&#8243;][vc_single_image image=&#8221;26099&#8243;][\/vc_column][vc_column width=&#8221;1\/3&#8243;][vc_single_image image=&#8221;26098&#8243;][\/vc_column][\/vc_row][vc_row][vc_column][vc_column_text]Em maio, o Centro Social Nossa Senhora da Vit\u00f3ria e o Centro Educativo F\u00e9 e Alegria (CEFA), unidades de F\u00e9 e Alegria em Ilh\u00e9us (BA), promoveram a Feijoada Cultural. Promovido desde 2010, o tradicional evento tem como objetivo levantar fundos para a unidade e expor o trabalho realizado com\" \/>\n<meta property=\"og:url\" content=\"https:\/\/www.feyalegria.org\/brasil\/feijoada-cultural-ilheus\/\" \/>\n<meta property=\"og:site_name\" content=\"#SomosF\u00e9eAlegria en Brasil\" \/>\n<meta property=\"article:published_time\" content=\"2022-05-20T15:07:17+00:00\" \/>\n<meta property=\"article:modified_time\" content=\"2022-05-23T18:46:17+00:00\" \/>\n<meta property=\"og:image\" content=\"https:\/\/d3pugrm67vf9n7.cloudfront.net\/wp-content\/uploads\/sites\/23\/2022\/05\/20120624\/Banner_-_Feijoada_Cultural.png\" \/>\n\t<meta property=\"og:image:width\" content=\"1000\" \/>\n\t<meta property=\"og:image:height\" content=\"500\" \/>\n\t<meta property=\"og:image:type\" content=\"image\/png\" \/>\n<meta name=\"author\" content=\"adminfya\" \/>\n<meta name=\"twitter:card\" content=\"summary_large_image\" \/>\n<meta name=\"twitter:label1\" content=\"Escrito por\" \/>\n\t<meta name=\"twitter:data1\" content=\"adminfya\" \/>\n\t<meta name=\"twitter:label2\" content=\"Tiempo de lectura\" \/>\n\t<meta name=\"twitter:data2\" content=\"2 minutos\" \/>\n<script type=\"application\/ld+json\" class=\"yoast-schema-graph\">{\"@context\":\"https:\\\/\\\/schema.org\",\"@graph\":[{\"@type\":\"Article\",\"@id\":\"https:\\\/\\\/www.feyalegria.org\\\/brasil\\\/feijoada-cultural-ilheus\\\/#article\",\"isPartOf\":{\"@id\":\"https:\\\/\\\/www.feyalegria.org\\\/brasil\\\/feijoada-cultural-ilheus\\\/\"},\"author\":{\"name\":\"adminfya\",\"@id\":\"https:\\\/\\\/www.feyalegria.org\\\/brasil\\\/#\\\/schema\\\/person\\\/f113dd05751b9243bcc4b62d8f55bc4b\"},\"headline\":\"F\u00e9 e Alegria realiza Feijoada Cultural em Ilh\u00e9us (BA)\",\"datePublished\":\"2022-05-20T15:07:17+00:00\",\"dateModified\":\"2022-05-23T18:46:17+00:00\",\"mainEntityOfPage\":{\"@id\":\"https:\\\/\\\/www.feyalegria.org\\\/brasil\\\/feijoada-cultural-ilheus\\\/\"},\"wordCount\":395,\"image\":{\"@id\":\"https:\\\/\\\/www.feyalegria.org\\\/brasil\\\/feijoada-cultural-ilheus\\\/#primaryimage\"},\"thumbnailUrl\":\"https:\\\/\\\/d3pugrm67vf9n7.cloudfront.net\\\/wp-content\\\/uploads\\\/sites\\\/23\\\/2022\\\/05\\\/20120624\\\/Banner_-_Feijoada_Cultural.png\",\"keywords\":[\"Direitoscrian\u00e7aadolescente\",\"evento\",\"feijoadacultural\",\"FyA\",\"FyABrasil\",\"Ilh\u00e9us\",\"promo\u00e7\u00e3osocial\",\"unidades\"],\"articleSection\":[\"Noticias\"],\"inLanguage\":\"es-CO\"},{\"@type\":\"WebPage\",\"@id\":\"https:\\\/\\\/www.feyalegria.org\\\/brasil\\\/feijoada-cultural-ilheus\\\/\",\"url\":\"https:\\\/\\\/www.feyalegria.org\\\/brasil\\\/feijoada-cultural-ilheus\\\/\",\"name\":\"F\u00e9 e Alegria realiza Feijoada Cultural em Ilh\u00e9us (BA) - #SomosF\u00e9eAlegria en Brasil\",\"isPartOf\":{\"@id\":\"https:\\\/\\\/www.feyalegria.org\\\/brasil\\\/#website\"},\"primaryImageOfPage\":{\"@id\":\"https:\\\/\\\/www.feyalegria.org\\\/brasil\\\/feijoada-cultural-ilheus\\\/#primaryimage\"},\"image\":{\"@id\":\"https:\\\/\\\/www.feyalegria.org\\\/brasil\\\/feijoada-cultural-ilheus\\\/#primaryimage\"},\"thumbnailUrl\":\"https:\\\/\\\/d3pugrm67vf9n7.cloudfront.net\\\/wp-content\\\/uploads\\\/sites\\\/23\\\/2022\\\/05\\\/20120624\\\/Banner_-_Feijoada_Cultural.png\",\"datePublished\":\"2022-05-20T15:07:17+00:00\",\"dateModified\":\"2022-05-23T18:46:17+00:00\",\"author\":{\"@id\":\"https:\\\/\\\/www.feyalegria.org\\\/brasil\\\/#\\\/schema\\\/person\\\/f113dd05751b9243bcc4b62d8f55bc4b\"},\"inLanguage\":\"es-CO\",\"potentialAction\":[{\"@type\":\"ReadAction\",\"target\":[\"https:\\\/\\\/www.feyalegria.org\\\/brasil\\\/feijoada-cultural-ilheus\\\/\"]}]},{\"@type\":\"ImageObject\",\"inLanguage\":\"es-CO\",\"@id\":\"https:\\\/\\\/www.feyalegria.org\\\/brasil\\\/feijoada-cultural-ilheus\\\/#primaryimage\",\"url\":\"https:\\\/\\\/d3pugrm67vf9n7.cloudfront.net\\\/wp-content\\\/uploads\\\/sites\\\/23\\\/2022\\\/05\\\/20120624\\\/Banner_-_Feijoada_Cultural.png\",\"contentUrl\":\"https:\\\/\\\/d3pugrm67vf9n7.cloudfront.net\\\/wp-content\\\/uploads\\\/sites\\\/23\\\/2022\\\/05\\\/20120624\\\/Banner_-_Feijoada_Cultural.png\",\"width\":1000,\"height\":500},{\"@type\":\"WebSite\",\"@id\":\"https:\\\/\\\/www.feyalegria.org\\\/brasil\\\/#website\",\"url\":\"https:\\\/\\\/www.feyalegria.org\\\/brasil\\\/\",\"name\":\"#SomosF\u00e9eAlegria en Brasil\",\"description\":\"\",\"potentialAction\":[{\"@type\":\"SearchAction\",\"target\":{\"@type\":\"EntryPoint\",\"urlTemplate\":\"https:\\\/\\\/www.feyalegria.org\\\/brasil\\\/?s={search_term_string}\"},\"query-input\":{\"@type\":\"PropertyValueSpecification\",\"valueRequired\":true,\"valueName\":\"search_term_string\"}}],\"inLanguage\":\"es-CO\"},{\"@type\":\"Person\",\"@id\":\"https:\\\/\\\/www.feyalegria.org\\\/brasil\\\/#\\\/schema\\\/person\\\/f113dd05751b9243bcc4b62d8f55bc4b\",\"name\":\"adminfya\",\"url\":\"https:\\\/\\\/www.feyalegria.org\\\/brasil\\\/author\\\/adminfya\\\/\"}]}<\/script>\n<!-- \/ Yoast SEO plugin. -->","yoast_head_json":{"title":"F\u00e9 e Alegria realiza Feijoada Cultural em Ilh\u00e9us (BA) - #SomosF\u00e9eAlegria en Brasil","robots":{"index":"index","follow":"follow","max-snippet":"max-snippet:-1","max-image-preview":"max-image-preview:large","max-video-preview":"max-video-preview:-1"},"canonical":"https:\/\/www.feyalegria.org\/brasil\/feijoada-cultural-ilheus\/","og_locale":"es_ES","og_type":"article","og_title":"F\u00e9 e Alegria realiza Feijoada Cultural em Ilh\u00e9us (BA) - #SomosF\u00e9eAlegria en Brasil","og_description":"[vc_row][vc_column width=&#8221;1\/3&#8243;][vc_single_image image=&#8221;26100&#8243;][\/vc_column][vc_column width=&#8221;1\/3&#8243;][vc_single_image image=&#8221;26099&#8243;][\/vc_column][vc_column width=&#8221;1\/3&#8243;][vc_single_image image=&#8221;26098&#8243;][\/vc_column][\/vc_row][vc_row][vc_column][vc_column_text]Em maio, o Centro Social Nossa Senhora da Vit\u00f3ria e o Centro Educativo F\u00e9 e Alegria (CEFA), unidades de F\u00e9 e Alegria em Ilh\u00e9us (BA), promoveram a Feijoada Cultural. Promovido desde 2010, o tradicional evento tem como objetivo levantar fundos para a unidade e expor o trabalho realizado com","og_url":"https:\/\/www.feyalegria.org\/brasil\/feijoada-cultural-ilheus\/","og_site_name":"#SomosF\u00e9eAlegria en Brasil","article_published_time":"2022-05-20T15:07:17+00:00","article_modified_time":"2022-05-23T18:46:17+00:00","og_image":[{"width":1000,"height":500,"url":"https:\/\/d3pugrm67vf9n7.cloudfront.net\/wp-content\/uploads\/sites\/23\/2022\/05\/20120624\/Banner_-_Feijoada_Cultural.png","type":"image\/png"}],"author":"adminfya","twitter_card":"summary_large_image","twitter_misc":{"Escrito por":"adminfya","Tiempo de lectura":"2 minutos"},"schema":{"@context":"https:\/\/schema.org","@graph":[{"@type":"Article","@id":"https:\/\/www.feyalegria.org\/brasil\/feijoada-cultural-ilheus\/#article","isPartOf":{"@id":"https:\/\/www.feyalegria.org\/brasil\/feijoada-cultural-ilheus\/"},"author":{"name":"adminfya","@id":"https:\/\/www.feyalegria.org\/brasil\/#\/schema\/person\/f113dd05751b9243bcc4b62d8f55bc4b"},"headline":"F\u00e9 e Alegria realiza Feijoada Cultural em Ilh\u00e9us (BA)","datePublished":"2022-05-20T15:07:17+00:00","dateModified":"2022-05-23T18:46:17+00:00","mainEntityOfPage":{"@id":"https:\/\/www.feyalegria.org\/brasil\/feijoada-cultural-ilheus\/"},"wordCount":395,"image":{"@id":"https:\/\/www.feyalegria.org\/brasil\/feijoada-cultural-ilheus\/#primaryimage"},"thumbnailUrl":"https:\/\/d3pugrm67vf9n7.cloudfront.net\/wp-content\/uploads\/sites\/23\/2022\/05\/20120624\/Banner_-_Feijoada_Cultural.png","keywords":["Direitoscrian\u00e7aadolescente","evento","feijoadacultural","FyA","FyABrasil","Ilh\u00e9us","promo\u00e7\u00e3osocial","unidades"],"articleSection":["Noticias"],"inLanguage":"es-CO"},{"@type":"WebPage","@id":"https:\/\/www.feyalegria.org\/brasil\/feijoada-cultural-ilheus\/","url":"https:\/\/www.feyalegria.org\/brasil\/feijoada-cultural-ilheus\/","name":"F\u00e9 e Alegria realiza Feijoada Cultural em Ilh\u00e9us (BA) - #SomosF\u00e9eAlegria en Brasil","isPartOf":{"@id":"https:\/\/www.feyalegria.org\/brasil\/#website"},"primaryImageOfPage":{"@id":"https:\/\/www.feyalegria.org\/brasil\/feijoada-cultural-ilheus\/#primaryimage"},"image":{"@id":"https:\/\/www.feyalegria.org\/brasil\/feijoada-cultural-ilheus\/#primaryimage"},"thumbnailUrl":"https:\/\/d3pugrm67vf9n7.cloudfront.net\/wp-content\/uploads\/sites\/23\/2022\/05\/20120624\/Banner_-_Feijoada_Cultural.png","datePublished":"2022-05-20T15:07:17+00:00","dateModified":"2022-05-23T18:46:17+00:00","author":{"@id":"https:\/\/www.feyalegria.org\/brasil\/#\/schema\/person\/f113dd05751b9243bcc4b62d8f55bc4b"},"inLanguage":"es-CO","potentialAction":[{"@type":"ReadAction","target":["https:\/\/www.feyalegria.org\/brasil\/feijoada-cultural-ilheus\/"]}]},{"@type":"ImageObject","inLanguage":"es-CO","@id":"https:\/\/www.feyalegria.org\/brasil\/feijoada-cultural-ilheus\/#primaryimage","url":"https:\/\/d3pugrm67vf9n7.cloudfront.net\/wp-content\/uploads\/sites\/23\/2022\/05\/20120624\/Banner_-_Feijoada_Cultural.png","contentUrl":"https:\/\/d3pugrm67vf9n7.cloudfront.net\/wp-content\/uploads\/sites\/23\/2022\/05\/20120624\/Banner_-_Feijoada_Cultural.png","width":1000,"height":500},{"@type":"WebSite","@id":"https:\/\/www.feyalegria.org\/brasil\/#website","url":"https:\/\/www.feyalegria.org\/brasil\/","name":"#SomosF\u00e9eAlegria en Brasil","description":"","potentialAction":[{"@type":"SearchAction","target":{"@type":"EntryPoint","urlTemplate":"https:\/\/www.feyalegria.org\/brasil\/?s={search_term_string}"},"query-input":{"@type":"PropertyValueSpecification","valueRequired":true,"valueName":"search_term_string"}}],"inLanguage":"es-CO"},{"@type":"Person","@id":"https:\/\/www.feyalegria.org\/brasil\/#\/schema\/person\/f113dd05751b9243bcc4b62d8f55bc4b","name":"adminfya","url":"https:\/\/www.feyalegria.org\/brasil\/author\/adminfya\/"}]}},"_links":{"self":[{"href":"https:\/\/www.feyalegria.org\/brasil\/wp-json\/wp\/v2\/posts\/26097","targetHints":{"allow":["GET"]}}],"collection":[{"href":"https:\/\/www.feyalegria.org\/brasil\/wp-json\/wp\/v2\/posts"}],"about":[{"href":"https:\/\/www.feyalegria.org\/brasil\/wp-json\/wp\/v2\/types\/post"}],"author":[{"embeddable":true,"href":"https:\/\/www.feyalegria.org\/brasil\/wp-json\/wp\/v2\/users\/2"}],"replies":[{"embeddable":true,"href":"https:\/\/www.feyalegria.org\/brasil\/wp-json\/wp\/v2\/comments?post=26097"}],"version-history":[{"count":0,"href":"https:\/\/www.feyalegria.org\/brasil\/wp-json\/wp\/v2\/posts\/26097\/revisions"}],"wp:featuredmedia":[{"embeddable":true,"href":"https:\/\/www.feyalegria.org\/brasil\/wp-json\/wp\/v2\/media\/26102"}],"wp:attachment":[{"href":"https:\/\/www.feyalegria.org\/brasil\/wp-json\/wp\/v2\/media?parent=26097"}],"wp:term":[{"taxonomy":"category","embeddable":true,"href":"https:\/\/www.feyalegria.org\/brasil\/wp-json\/wp\/v2\/categories?post=26097"},{"taxonomy":"post_tag","embeddable":true,"href":"https:\/\/www.feyalegria.org\/brasil\/wp-json\/wp\/v2\/tags?post=26097"},{"taxonomy":"post_folder","embeddable":true,"href":"https:\/\/www.feyalegria.org\/brasil\/wp-json\/wp\/v2\/post_folder?post=26097"}],"curies":[{"name":"wp","href":"https:\/\/api.w.org\/{rel}","templated":true}]}}