 {"id":26113,"date":"2022-05-30T11:14:25","date_gmt":"2022-05-30T14:14:25","guid":{"rendered":"https:\/\/www.feyalegria.org\/brasil\/?p=26113"},"modified":"2022-05-31T10:43:51","modified_gmt":"2022-05-31T13:43:51","slug":"semana-mundial-do-brincar-2022","status":"publish","type":"post","link":"https:\/\/www.feyalegria.org\/brasil\/semana-mundial-do-brincar-2022\/","title":{"rendered":"Funda\u00e7\u00e3o F\u00e9 e Alegria adere \u00e0 Semana Mundial do Brincar"},"content":{"rendered":"<div class=\"wpb-content-wrapper\"><p>[vc_row][vc_column width=&#8221;1\/3&#8243;][vc_single_image image=&#8221;26115&#8243;][\/vc_column][vc_column width=&#8221;1\/3&#8243;][vc_single_image image=&#8221;26114&#8243;][\/vc_column][vc_column width=&#8221;1\/3&#8243;][vc_single_image image=&#8221;26116&#8243;][\/vc_column][\/vc_row][vc_row][vc_column][vc_column_text]Promovida pela Alian\u00e7a pela Inf\u00e2ncia, a Semana Mundial do Brincar (SMB) tem como prop\u00f3sito conscientizar a sociedade sobre a import\u00e2ncia das brincadeiras no desenvolvimento integral das crian\u00e7as. Comemorada entre os dias 21 e 29 de maio, o tema selecionado para este ano \u00e9 &#8216;Confiar na for\u00e7a do Brincar&#8217;, destacando que as brincadeiras s\u00e3o um meio de express\u00e3o de emo\u00e7\u00f5es e sentimentos durante a inf\u00e2ncia. A proposta da SMB \u00e9 convidar grupos de pais, educadores, lideran\u00e7as comunit\u00e1rias, entre outros p\u00fablicos, para disseminar mensagens e atividades sobre o movimento.<\/p>\n<p>&nbsp;<\/p>\n<p>Em conson\u00e2ncia com o tema proposto pela SMB, o Credo Pedag\u00f3gico da Educa\u00e7\u00e3o Infantil, documento elaborado pela Funda\u00e7\u00e3o F\u00e9 e Alegria em parceria com o Instituto de Inova\u00e7\u00e3o da UNISINOS, indica que \u201c<em>por meio do brincar, das experi\u00eancias, intera\u00e7\u00f5es e das pr\u00e1ticas cotidianas que vivenciam com os colegas, com os educadores, com suas fam\u00edlias, sozinhas e com a comunidade, a crian\u00e7a constr\u00f3i sua identidade pessoal e coletiva<\/em>.\u201d (p. 17).<\/p>\n<p>&nbsp;<\/p>\n<p>O Estatuto da Crian\u00e7a e do Adolescente, documento que tamb\u00e9m norteia as a\u00e7\u00f5es da Funda\u00e7\u00e3o F\u00e9 e Alegria, tamb\u00e9m prop\u00f5e normativas relacionadas ao brincar: o artigo 71 destaca o direito \u00e0 cultura, ao lazer e \u00e0 divers\u00e3o para garantir o desenvolvimento integral na inf\u00e2ncia.<\/p>\n<p>&nbsp;<\/p>\n<p>Na Semana do Brincar, as unidades da Funda\u00e7\u00e3o F\u00e9 e Alegria se organizaram para elaborar a\u00e7\u00f5es descontra\u00eddas e educativas em diversos pontos do pa\u00eds. Confira os destaques a seguir:<\/p>\n<p>&nbsp;<\/p>\n<p><strong>Centro de Educa\u00e7\u00e3o Infantil Rosa Mutran Maluf \u2013 Cuiab\u00e1 (MT)<\/strong><\/p>\n<p>A unidade organiza seu espa\u00e7o de aprendizagem de forma l\u00fadica a fim de estimular a imagina\u00e7\u00e3o de seus atendidos, crian\u00e7as com idades de 2 a 5 anos. Por isso, no per\u00edodo, promoveu a a\u00e7\u00e3o \u2018Territ\u00f3rios de Aprendizagem\u2019, que consistia em salas tem\u00e1ticas com espa\u00e7os de explora\u00e7\u00e3o livre, para descoberta e investiga\u00e7\u00e3o a partir do brincar.<\/p>\n<p>&nbsp;<\/p>\n<p><strong>Centro de Educa\u00e7\u00e3o Infantil Jardim Laranjeiras \u2013 Palho\u00e7a (SC)<\/strong><\/p>\n<p>As atividades realizadas durante a SMB envolveram brincadeiras animadas e din\u00e2micas, com pneus, bambol\u00eas, pintura facial, pinturas no ch\u00e3o, entre outras. Os espa\u00e7os da unidade de Palho\u00e7a possibilitam a\u00e7\u00f5es de grande circula\u00e7\u00e3o, visto que s\u00e3o planejados levando em conta o processo de crescimento das crian\u00e7as atendidas \u2013 entre 3 e 5 anos \u2013 para apoiar seu desenvolvimento cognitivo, social, \u00e9tnico e moral.<\/p>\n<p>&nbsp;<\/p>\n<p><strong>F\u00e9 e Alegria Pernambuco \u2013 Recife (PE)<\/strong><\/p>\n<p>Gincana com jogos e brincadeiras foram o foco na unidade de Pernambuco. Chamado de <em>Quarta Integrativa<\/em> e voltada para crian\u00e7as e adolescentes de 10 a 14 anos, as provas e os percursos tiveram muito movimento e descontra\u00e7\u00e3o.<\/p>\n<p>&nbsp;<\/p>\n<p><strong>Centro Social S\u00e3o Francisco Xavier \u2013 Boa Vista (RR)<\/strong><\/p>\n<p>Para a SMB, a unidade roraimense desenvolveu a a\u00e7\u00e3o \u2018Brincando a Crian\u00e7a Aprende a se Relacionar com o Mundo a sua Volta\u2019, jogos em grupo como <em>dan\u00e7a das cadeiras<\/em>, <em>o mestre mandou<\/em>, <em>cabra cega<\/em>, entre outras, que desenvolvem habilidades de relacionamento interpessoal, autoconfian\u00e7a e trabalho em equipe. A brincadeira em conjunto tamb\u00e9m possibilita rela\u00e7\u00f5es abertas e sinceras, para que a crian\u00e7a consiga se expressar em rela\u00e7\u00e3o a algo que viole sua integridade f\u00edsica ou mental.<\/p>\n<p>&nbsp;<\/p>\n<p><strong>Centro Social de Educa\u00e7\u00e3o e Cultura Grande Vit\u00f3ria \u2013 Manaus\/AM<\/strong><\/p>\n<p>Jogos de tabuleiro, t\u00eanis de mesa, competi\u00e7\u00e3o de dan\u00e7a, torneio de futebol e outras brincadeiras compuseram a atividade &#8220;Em Redes nas Redes, Brincando e Aprendendo com F\u00e9 e Alegria&#8221;. A premissa da a\u00e7\u00e3o era fortalecer compet\u00eancias, como coordena\u00e7\u00e3o motora, equil\u00edbrio, lideran\u00e7a, criatividade e agilidade.<\/p>\n<p>&nbsp;<\/p>\n<p><strong>Centro de Educa\u00e7\u00e3o Infantil Palmital \u2013 Santa Luzia (MG)<\/strong><\/p>\n<p>As atividades desenvolvidas durante a semana foram baseadas no livro \u201cAs Brincadeiras do Mundinho\u201d, da autora Ingrid Biesemeyer Bellinghausen, que traz sugest\u00e3o de jogos tradicionais, como ciranda de roda, dan\u00e7a da cadeira, est\u00e1tua, m\u00edmica, entre outras. As a\u00e7\u00f5es tinham como objetivo impulsionar a crian\u00e7a para outro n\u00edvel de desenvolvimento, possibilitando novas descobertas, avan\u00e7o da comunica\u00e7\u00e3o e melhor relacionamento interpessoal.<\/p>\n<p>&nbsp;<\/p>\n<p><strong>Centro de Cultura e Promo\u00e7\u00e3o Social Para\u00edba \u2013 Jo\u00e3o Pessoa (PB) <\/strong><\/p>\n<p>Com o prop\u00f3sito de tamb\u00e9m manter a tradi\u00e7\u00e3o, a unidade paraibana promoveu o &#8220;Resgate das Brincadeiras Populares&#8221; que, como o nome j\u00e1 diz, traz atividades antigas, passadas de gera\u00e7\u00e3o para gera\u00e7\u00e3o, como pega-pega, esconde-esconde, pula corda, baleado (queimada), al\u00e9m de um minicampeonato de futebol e um teatro de fantoches.<\/p>\n<p>&nbsp;<\/p>\n<p><strong>Centro Social Nossa Senhora da Vit\u00f3ria &#8211; Ilh\u00e9us (BA)<\/strong><\/p>\n<p>Com um olhar para a maturidade emocional das crian\u00e7as e adolescentes atendidos, a equipe do Centro de Ilh\u00e9us ofereceu aos seus educandos, crian\u00e7as e adolescentes de 6 a 15 anos, brincadeiras coletivas e individuais com foco na coopera\u00e7\u00e3o. Entre os destaques est\u00e3o gincanas recreativas, karaok\u00ea, pula-pula, cabo de guerra, charadas, corridas etc.<\/p>\n<p>&nbsp;<\/p>\n<p><strong>Centro de Desenvolvimento Comunit\u00e1rio Vazantes \u2013 Aracoiaba (CE)<\/strong><\/p>\n<p>Com atividades mais serenas, a unidade de Vazantes promoveu atividades como roda de conversa sobre a Semana do Brincar, conta\u00e7\u00f5es de hist\u00f3ria, confec\u00e7\u00e3o de brinquedos, cantigas e brincadeiras de roda.[\/vc_column_text][vc_row_inner][vc_column_inner width=&#8221;1\/2&#8243;][\/vc_column_inner][vc_column_inner width=&#8221;1\/2&#8243;][\/vc_column_inner][\/vc_row_inner][\/vc_column][\/vc_row][vc_row][vc_column][\/vc_column][\/vc_row]<\/p>\n<\/div>","protected":false},"excerpt":{"rendered":"<p>[vc_row][vc_column width=&#8221;1\/3&#8243;][vc_single_image image=&#8221;26115&#8243;][\/vc_column][vc_column width=&#8221;1\/3&#8243;][vc_single_image image=&#8221;26114&#8243;][\/vc_column][vc_column width=&#8221;1\/3&#8243;][vc_single_image image=&#8221;26116&#8243;][\/vc_column][\/vc_row][vc_row][vc_column][vc_column_text]Promovida pela Alian\u00e7a pela Inf\u00e2ncia, a Semana Mundial do Brincar (SMB) tem como prop\u00f3sito conscientizar a sociedade sobre a import\u00e2ncia das brincadeiras no desenvolvimento integral das crian\u00e7as. Comemorada entre os dias 21 e 29 de maio, o tema selecionado para este ano \u00e9 &#8216;Confiar na for\u00e7a do Brincar&#8217;, destacando<\/p>\n","protected":false},"author":2,"featured_media":26131,"comment_status":"closed","ping_status":"closed","sticky":false,"template":"","format":"standard","meta":{"_acf_changed":false,"footnotes":""},"categories":[432],"tags":[639,547,667,507,446,537,491],"post_folder":[],"class_list":["post-26113","post","type-post","status-publish","format-standard","has-post-thumbnail","hentry","category-noticias-pt","tag-credopedagogico","tag-direitoscriancaadolescente","tag-educacao","tag-educacaoinfantil","tag-fya-pt","tag-fyabrasil","tag-unidades"],"acf":[],"yoast_head":"<!-- This site is optimized with the Yoast SEO plugin v27.5 - https:\/\/yoast.com\/product\/yoast-seo-wordpress\/ -->\n<title>Funda\u00e7\u00e3o F\u00e9 e Alegria adere \u00e0 Semana Mundial do Brincar - #SomosF\u00e9eAlegria en Brasil<\/title>\n<meta name=\"robots\" content=\"index, follow, max-snippet:-1, max-image-preview:large, max-video-preview:-1\" \/>\n<link rel=\"canonical\" href=\"https:\/\/www.feyalegria.org\/brasil\/semana-mundial-do-brincar-2022\/\" \/>\n<meta property=\"og:locale\" content=\"es_ES\" \/>\n<meta property=\"og:type\" content=\"article\" \/>\n<meta property=\"og:title\" content=\"Funda\u00e7\u00e3o F\u00e9 e Alegria adere \u00e0 Semana Mundial do Brincar - #SomosF\u00e9eAlegria en Brasil\" \/>\n<meta property=\"og:description\" content=\"[vc_row][vc_column width=&#8221;1\/3&#8243;][vc_single_image image=&#8221;26115&#8243;][\/vc_column][vc_column width=&#8221;1\/3&#8243;][vc_single_image image=&#8221;26114&#8243;][\/vc_column][vc_column width=&#8221;1\/3&#8243;][vc_single_image image=&#8221;26116&#8243;][\/vc_column][\/vc_row][vc_row][vc_column][vc_column_text]Promovida pela Alian\u00e7a pela Inf\u00e2ncia, a Semana Mundial do Brincar (SMB) tem como prop\u00f3sito conscientizar a sociedade sobre a import\u00e2ncia das brincadeiras no desenvolvimento integral das crian\u00e7as. Comemorada entre os dias 21 e 29 de maio, o tema selecionado para este ano \u00e9 &#8216;Confiar na for\u00e7a do Brincar&#8217;, destacando\" \/>\n<meta property=\"og:url\" content=\"https:\/\/www.feyalegria.org\/brasil\/semana-mundial-do-brincar-2022\/\" \/>\n<meta property=\"og:site_name\" content=\"#SomosF\u00e9eAlegria en Brasil\" \/>\n<meta property=\"article:published_time\" content=\"2022-05-30T14:14:25+00:00\" \/>\n<meta property=\"article:modified_time\" content=\"2022-05-31T13:43:51+00:00\" \/>\n<meta property=\"og:image\" content=\"https:\/\/d3pugrm67vf9n7.cloudfront.net\/wp-content\/uploads\/sites\/23\/2022\/05\/30111355\/banner-semana-do-brincar.png\" \/>\n\t<meta property=\"og:image:width\" content=\"1000\" \/>\n\t<meta property=\"og:image:height\" content=\"500\" \/>\n\t<meta property=\"og:image:type\" content=\"image\/png\" \/>\n<meta name=\"author\" content=\"adminfya\" \/>\n<meta name=\"twitter:card\" content=\"summary_large_image\" \/>\n<meta name=\"twitter:label1\" content=\"Escrito por\" \/>\n\t<meta name=\"twitter:data1\" content=\"adminfya\" \/>\n\t<meta name=\"twitter:label2\" content=\"Tiempo de lectura\" \/>\n\t<meta name=\"twitter:data2\" content=\"5 minutos\" \/>\n<script type=\"application\/ld+json\" class=\"yoast-schema-graph\">{\"@context\":\"https:\\\/\\\/schema.org\",\"@graph\":[{\"@type\":\"Article\",\"@id\":\"https:\\\/\\\/www.feyalegria.org\\\/brasil\\\/semana-mundial-do-brincar-2022\\\/#article\",\"isPartOf\":{\"@id\":\"https:\\\/\\\/www.feyalegria.org\\\/brasil\\\/semana-mundial-do-brincar-2022\\\/\"},\"author\":{\"name\":\"adminfya\",\"@id\":\"https:\\\/\\\/www.feyalegria.org\\\/brasil\\\/#\\\/schema\\\/person\\\/f113dd05751b9243bcc4b62d8f55bc4b\"},\"headline\":\"Funda\u00e7\u00e3o F\u00e9 e Alegria adere \u00e0 Semana Mundial do Brincar\",\"datePublished\":\"2022-05-30T14:14:25+00:00\",\"dateModified\":\"2022-05-31T13:43:51+00:00\",\"mainEntityOfPage\":{\"@id\":\"https:\\\/\\\/www.feyalegria.org\\\/brasil\\\/semana-mundial-do-brincar-2022\\\/\"},\"wordCount\":955,\"image\":{\"@id\":\"https:\\\/\\\/www.feyalegria.org\\\/brasil\\\/semana-mundial-do-brincar-2022\\\/#primaryimage\"},\"thumbnailUrl\":\"https:\\\/\\\/d3pugrm67vf9n7.cloudfront.net\\\/wp-content\\\/uploads\\\/sites\\\/23\\\/2022\\\/05\\\/30111355\\\/banner-semana-do-brincar.png\",\"keywords\":[\"credopedagogico\",\"Direitoscrian\u00e7aadolescente\",\"educa\u00e7\u00e3o\",\"educa\u00e7\u00e3oinfantil\",\"FyA\",\"FyABrasil\",\"unidades\"],\"articleSection\":[\"Noticias\"],\"inLanguage\":\"es-CO\"},{\"@type\":\"WebPage\",\"@id\":\"https:\\\/\\\/www.feyalegria.org\\\/brasil\\\/semana-mundial-do-brincar-2022\\\/\",\"url\":\"https:\\\/\\\/www.feyalegria.org\\\/brasil\\\/semana-mundial-do-brincar-2022\\\/\",\"name\":\"Funda\u00e7\u00e3o F\u00e9 e Alegria adere \u00e0 Semana Mundial do Brincar - #SomosF\u00e9eAlegria en Brasil\",\"isPartOf\":{\"@id\":\"https:\\\/\\\/www.feyalegria.org\\\/brasil\\\/#website\"},\"primaryImageOfPage\":{\"@id\":\"https:\\\/\\\/www.feyalegria.org\\\/brasil\\\/semana-mundial-do-brincar-2022\\\/#primaryimage\"},\"image\":{\"@id\":\"https:\\\/\\\/www.feyalegria.org\\\/brasil\\\/semana-mundial-do-brincar-2022\\\/#primaryimage\"},\"thumbnailUrl\":\"https:\\\/\\\/d3pugrm67vf9n7.cloudfront.net\\\/wp-content\\\/uploads\\\/sites\\\/23\\\/2022\\\/05\\\/30111355\\\/banner-semana-do-brincar.png\",\"datePublished\":\"2022-05-30T14:14:25+00:00\",\"dateModified\":\"2022-05-31T13:43:51+00:00\",\"author\":{\"@id\":\"https:\\\/\\\/www.feyalegria.org\\\/brasil\\\/#\\\/schema\\\/person\\\/f113dd05751b9243bcc4b62d8f55bc4b\"},\"inLanguage\":\"es-CO\",\"potentialAction\":[{\"@type\":\"ReadAction\",\"target\":[\"https:\\\/\\\/www.feyalegria.org\\\/brasil\\\/semana-mundial-do-brincar-2022\\\/\"]}]},{\"@type\":\"ImageObject\",\"inLanguage\":\"es-CO\",\"@id\":\"https:\\\/\\\/www.feyalegria.org\\\/brasil\\\/semana-mundial-do-brincar-2022\\\/#primaryimage\",\"url\":\"https:\\\/\\\/d3pugrm67vf9n7.cloudfront.net\\\/wp-content\\\/uploads\\\/sites\\\/23\\\/2022\\\/05\\\/30111355\\\/banner-semana-do-brincar.png\",\"contentUrl\":\"https:\\\/\\\/d3pugrm67vf9n7.cloudfront.net\\\/wp-content\\\/uploads\\\/sites\\\/23\\\/2022\\\/05\\\/30111355\\\/banner-semana-do-brincar.png\",\"width\":1000,\"height\":500},{\"@type\":\"WebSite\",\"@id\":\"https:\\\/\\\/www.feyalegria.org\\\/brasil\\\/#website\",\"url\":\"https:\\\/\\\/www.feyalegria.org\\\/brasil\\\/\",\"name\":\"#SomosF\u00e9eAlegria en Brasil\",\"description\":\"\",\"potentialAction\":[{\"@type\":\"SearchAction\",\"target\":{\"@type\":\"EntryPoint\",\"urlTemplate\":\"https:\\\/\\\/www.feyalegria.org\\\/brasil\\\/?s={search_term_string}\"},\"query-input\":{\"@type\":\"PropertyValueSpecification\",\"valueRequired\":true,\"valueName\":\"search_term_string\"}}],\"inLanguage\":\"es-CO\"},{\"@type\":\"Person\",\"@id\":\"https:\\\/\\\/www.feyalegria.org\\\/brasil\\\/#\\\/schema\\\/person\\\/f113dd05751b9243bcc4b62d8f55bc4b\",\"name\":\"adminfya\",\"url\":\"https:\\\/\\\/www.feyalegria.org\\\/brasil\\\/author\\\/adminfya\\\/\"}]}<\/script>\n<!-- \/ Yoast SEO plugin. -->","yoast_head_json":{"title":"Funda\u00e7\u00e3o F\u00e9 e Alegria adere \u00e0 Semana Mundial do Brincar - #SomosF\u00e9eAlegria en Brasil","robots":{"index":"index","follow":"follow","max-snippet":"max-snippet:-1","max-image-preview":"max-image-preview:large","max-video-preview":"max-video-preview:-1"},"canonical":"https:\/\/www.feyalegria.org\/brasil\/semana-mundial-do-brincar-2022\/","og_locale":"es_ES","og_type":"article","og_title":"Funda\u00e7\u00e3o F\u00e9 e Alegria adere \u00e0 Semana Mundial do Brincar - #SomosF\u00e9eAlegria en Brasil","og_description":"[vc_row][vc_column width=&#8221;1\/3&#8243;][vc_single_image image=&#8221;26115&#8243;][\/vc_column][vc_column width=&#8221;1\/3&#8243;][vc_single_image image=&#8221;26114&#8243;][\/vc_column][vc_column width=&#8221;1\/3&#8243;][vc_single_image image=&#8221;26116&#8243;][\/vc_column][\/vc_row][vc_row][vc_column][vc_column_text]Promovida pela Alian\u00e7a pela Inf\u00e2ncia, a Semana Mundial do Brincar (SMB) tem como prop\u00f3sito conscientizar a sociedade sobre a import\u00e2ncia das brincadeiras no desenvolvimento integral das crian\u00e7as. Comemorada entre os dias 21 e 29 de maio, o tema selecionado para este ano \u00e9 &#8216;Confiar na for\u00e7a do Brincar&#8217;, destacando","og_url":"https:\/\/www.feyalegria.org\/brasil\/semana-mundial-do-brincar-2022\/","og_site_name":"#SomosF\u00e9eAlegria en Brasil","article_published_time":"2022-05-30T14:14:25+00:00","article_modified_time":"2022-05-31T13:43:51+00:00","og_image":[{"width":1000,"height":500,"url":"https:\/\/d3pugrm67vf9n7.cloudfront.net\/wp-content\/uploads\/sites\/23\/2022\/05\/30111355\/banner-semana-do-brincar.png","type":"image\/png"}],"author":"adminfya","twitter_card":"summary_large_image","twitter_misc":{"Escrito por":"adminfya","Tiempo de lectura":"5 minutos"},"schema":{"@context":"https:\/\/schema.org","@graph":[{"@type":"Article","@id":"https:\/\/www.feyalegria.org\/brasil\/semana-mundial-do-brincar-2022\/#article","isPartOf":{"@id":"https:\/\/www.feyalegria.org\/brasil\/semana-mundial-do-brincar-2022\/"},"author":{"name":"adminfya","@id":"https:\/\/www.feyalegria.org\/brasil\/#\/schema\/person\/f113dd05751b9243bcc4b62d8f55bc4b"},"headline":"Funda\u00e7\u00e3o F\u00e9 e Alegria adere \u00e0 Semana Mundial do Brincar","datePublished":"2022-05-30T14:14:25+00:00","dateModified":"2022-05-31T13:43:51+00:00","mainEntityOfPage":{"@id":"https:\/\/www.feyalegria.org\/brasil\/semana-mundial-do-brincar-2022\/"},"wordCount":955,"image":{"@id":"https:\/\/www.feyalegria.org\/brasil\/semana-mundial-do-brincar-2022\/#primaryimage"},"thumbnailUrl":"https:\/\/d3pugrm67vf9n7.cloudfront.net\/wp-content\/uploads\/sites\/23\/2022\/05\/30111355\/banner-semana-do-brincar.png","keywords":["credopedagogico","Direitoscrian\u00e7aadolescente","educa\u00e7\u00e3o","educa\u00e7\u00e3oinfantil","FyA","FyABrasil","unidades"],"articleSection":["Noticias"],"inLanguage":"es-CO"},{"@type":"WebPage","@id":"https:\/\/www.feyalegria.org\/brasil\/semana-mundial-do-brincar-2022\/","url":"https:\/\/www.feyalegria.org\/brasil\/semana-mundial-do-brincar-2022\/","name":"Funda\u00e7\u00e3o F\u00e9 e Alegria adere \u00e0 Semana Mundial do Brincar - #SomosF\u00e9eAlegria en Brasil","isPartOf":{"@id":"https:\/\/www.feyalegria.org\/brasil\/#website"},"primaryImageOfPage":{"@id":"https:\/\/www.feyalegria.org\/brasil\/semana-mundial-do-brincar-2022\/#primaryimage"},"image":{"@id":"https:\/\/www.feyalegria.org\/brasil\/semana-mundial-do-brincar-2022\/#primaryimage"},"thumbnailUrl":"https:\/\/d3pugrm67vf9n7.cloudfront.net\/wp-content\/uploads\/sites\/23\/2022\/05\/30111355\/banner-semana-do-brincar.png","datePublished":"2022-05-30T14:14:25+00:00","dateModified":"2022-05-31T13:43:51+00:00","author":{"@id":"https:\/\/www.feyalegria.org\/brasil\/#\/schema\/person\/f113dd05751b9243bcc4b62d8f55bc4b"},"inLanguage":"es-CO","potentialAction":[{"@type":"ReadAction","target":["https:\/\/www.feyalegria.org\/brasil\/semana-mundial-do-brincar-2022\/"]}]},{"@type":"ImageObject","inLanguage":"es-CO","@id":"https:\/\/www.feyalegria.org\/brasil\/semana-mundial-do-brincar-2022\/#primaryimage","url":"https:\/\/d3pugrm67vf9n7.cloudfront.net\/wp-content\/uploads\/sites\/23\/2022\/05\/30111355\/banner-semana-do-brincar.png","contentUrl":"https:\/\/d3pugrm67vf9n7.cloudfront.net\/wp-content\/uploads\/sites\/23\/2022\/05\/30111355\/banner-semana-do-brincar.png","width":1000,"height":500},{"@type":"WebSite","@id":"https:\/\/www.feyalegria.org\/brasil\/#website","url":"https:\/\/www.feyalegria.org\/brasil\/","name":"#SomosF\u00e9eAlegria en Brasil","description":"","potentialAction":[{"@type":"SearchAction","target":{"@type":"EntryPoint","urlTemplate":"https:\/\/www.feyalegria.org\/brasil\/?s={search_term_string}"},"query-input":{"@type":"PropertyValueSpecification","valueRequired":true,"valueName":"search_term_string"}}],"inLanguage":"es-CO"},{"@type":"Person","@id":"https:\/\/www.feyalegria.org\/brasil\/#\/schema\/person\/f113dd05751b9243bcc4b62d8f55bc4b","name":"adminfya","url":"https:\/\/www.feyalegria.org\/brasil\/author\/adminfya\/"}]}},"_links":{"self":[{"href":"https:\/\/www.feyalegria.org\/brasil\/wp-json\/wp\/v2\/posts\/26113","targetHints":{"allow":["GET"]}}],"collection":[{"href":"https:\/\/www.feyalegria.org\/brasil\/wp-json\/wp\/v2\/posts"}],"about":[{"href":"https:\/\/www.feyalegria.org\/brasil\/wp-json\/wp\/v2\/types\/post"}],"author":[{"embeddable":true,"href":"https:\/\/www.feyalegria.org\/brasil\/wp-json\/wp\/v2\/users\/2"}],"replies":[{"embeddable":true,"href":"https:\/\/www.feyalegria.org\/brasil\/wp-json\/wp\/v2\/comments?post=26113"}],"version-history":[{"count":0,"href":"https:\/\/www.feyalegria.org\/brasil\/wp-json\/wp\/v2\/posts\/26113\/revisions"}],"wp:featuredmedia":[{"embeddable":true,"href":"https:\/\/www.feyalegria.org\/brasil\/wp-json\/wp\/v2\/media\/26131"}],"wp:attachment":[{"href":"https:\/\/www.feyalegria.org\/brasil\/wp-json\/wp\/v2\/media?parent=26113"}],"wp:term":[{"taxonomy":"category","embeddable":true,"href":"https:\/\/www.feyalegria.org\/brasil\/wp-json\/wp\/v2\/categories?post=26113"},{"taxonomy":"post_tag","embeddable":true,"href":"https:\/\/www.feyalegria.org\/brasil\/wp-json\/wp\/v2\/tags?post=26113"},{"taxonomy":"post_folder","embeddable":true,"href":"https:\/\/www.feyalegria.org\/brasil\/wp-json\/wp\/v2\/post_folder?post=26113"}],"curies":[{"name":"wp","href":"https:\/\/api.w.org\/{rel}","templated":true}]}}