 {"id":26119,"date":"2022-05-30T11:24:50","date_gmt":"2022-05-30T14:24:50","guid":{"rendered":"https:\/\/www.feyalegria.org\/brasil\/?p=26119"},"modified":"2022-05-30T11:27:27","modified_gmt":"2022-05-30T14:27:27","slug":"fya-brasil-eleita-cnas","status":"publish","type":"post","link":"https:\/\/www.feyalegria.org\/brasil\/fya-brasil-eleita-cnas\/","title":{"rendered":"Funda\u00e7\u00e3o F\u00e9 e Alegria \u00e9 eleita para o Conselho Nacional de Assist\u00eancia Social (CNAS)"},"content":{"rendered":"<div class=\"wpb-content-wrapper\"><p>[vc_row][vc_column width=&#8221;1\/3&#8243;][\/vc_column][vc_column width=&#8221;1\/3&#8243;][vc_single_image image=&#8221;26122&#8243;][\/vc_column][vc_column width=&#8221;1\/3&#8243;][\/vc_column][\/vc_row][vc_row][vc_column][vc_column_text]<img loading=\"lazy\" decoding=\"async\" class=\"wp-image-26134 alignright\" src=\"https:\/\/d3pugrm67vf9n7.cloudfront.net\/wp-content\/uploads\/sites\/23\/2022\/05\/30112055\/Catarina-Santana-225x300.jpeg\" alt=\"\" width=\"178\" height=\"237\" srcset=\"https:\/\/d3pugrm67vf9n7.cloudfront.net\/wp-content\/uploads\/sites\/23\/2022\/05\/30112055\/Catarina-Santana-225x300.jpeg 225w, https:\/\/d3pugrm67vf9n7.cloudfront.net\/wp-content\/uploads\/sites\/23\/2022\/05\/30112055\/Catarina-Santana-768x1024.jpeg 768w, https:\/\/d3pugrm67vf9n7.cloudfront.net\/wp-content\/uploads\/sites\/23\/2022\/05\/30112055\/Catarina-Santana-1152x1536.jpeg 1152w, https:\/\/d3pugrm67vf9n7.cloudfront.net\/wp-content\/uploads\/sites\/23\/2022\/05\/30112055\/Catarina-Santana.jpeg 1200w\" sizes=\"auto, (max-width: 178px) 100vw, 178px\" \/>Em maio, a Funda\u00e7\u00e3o F\u00e9 e Alegria do Brasil foi eleita como representante no Conselho Nacional de Assist\u00eancia Social (CNAS), na categoria Entidades e Organiza\u00e7\u00f5es de Assist\u00eancia Social. A coordenadora de F\u00e9 e Alegria Pernambuco, <strong>Catarina Santana<\/strong>, representar\u00e1 a Funda\u00e7\u00e3o no per\u00edodo do mandato, que ter\u00e1 dura\u00e7\u00e3o de dois anos (2022-2024).<\/p>\n<p>&nbsp;<\/p>\n<p>Ao todo, foram escolhidos nove conselheiros titulares e nove suplentes, que tomar\u00e3o posse a partir do dia 20 de junho. Entre as atribui\u00e7\u00f5es dos representantes do CNAS est\u00e3o a aprova\u00e7\u00e3o da Pol\u00edtica Nacional de Assist\u00eancia Social (PNAS), que garante a prote\u00e7\u00e3o social dos cidad\u00e3os e busca diminuir a desigualdade social; a avalia\u00e7\u00e3o dos servi\u00e7os p\u00fablicos e privados de assist\u00eancia social; o envolvimento em um sistema mais descentralizado e participativo e a realiza\u00e7\u00e3o das Confer\u00eancias Nacionais de Assist\u00eancia Social.<\/p>\n<p>&nbsp;<\/p>\n<p>Com a conquista, a Funda\u00e7\u00e3o F\u00e9 e Alegria contribuir\u00e1 com o fortalecimento do Sistema \u00fanico de Assist\u00eancia Social (SUAS), participando das decis\u00f5es do poder p\u00fablico, al\u00e9m de ampliar sua atua\u00e7\u00e3o pela garantia pelos direitos e na constru\u00e7\u00e3o de uma sociedade mais justa e igualit\u00e1ria.<\/p>\n<p>&nbsp;<\/p>\n<p>Confira publica\u00e7\u00e3o sobre o resultado da elei\u00e7\u00e3o do Di\u00e1rio Oficial da Uni\u00e3o <span style=\"color: #000080\"><a style=\"color: #000080\" href=\"https:\/\/www.in.gov.br\/web\/dou\/-\/ata-da-assembleia-de-eleicao-da-sociedade-civil-no-cnas-gestao-2022-2024realizada-em-13-de-maio-de-2022-400392241\">neste link<\/a>.<\/span><\/p>\n<p>&nbsp;<\/p>\n<p><strong>Sobre o Conselho Nacional de Assist\u00eancia Social (CNAS)<\/strong><\/p>\n<p>O Conselho Nacional de Assist\u00eancia Social (CNAS) foi institu\u00eddo pela Lei no 8.742\/93, Lei Org\u00e2nica da Assist\u00eancia Social (Loas), est\u00e1 vinculado ao Minist\u00e9rio do Desenvolvimento Social e \u00e9 representado pelo governo e sociedade civil. Al\u00e9m do CNAS, existem tamb\u00e9m os Conselhos Estaduais e Municipais de Assist\u00eancia Social, que promovem a defesa dos direitos socioassistenciais.<\/p>\n<p>&nbsp;<\/p>\n<p>Entre as compet\u00eancias do CNAS est\u00e3o: formular estrat\u00e9gias e examinar a pol\u00edtica p\u00fablica de assist\u00eancia social, verificar a atua\u00e7\u00e3o do setor privado na \u00e1rea e avaliar os recursos financeiros da Uni\u00e3o.[\/vc_column_text][vc_row_inner][vc_column_inner width=&#8221;1\/2&#8243;][\/vc_column_inner][vc_column_inner width=&#8221;1\/2&#8243;][\/vc_column_inner][\/vc_row_inner][\/vc_column][\/vc_row][vc_row][vc_column][\/vc_column][\/vc_row]<\/p>\n<\/div>","protected":false},"excerpt":{"rendered":"<p>[vc_row][vc_column width=&#8221;1\/3&#8243;][\/vc_column][vc_column width=&#8221;1\/3&#8243;][vc_single_image image=&#8221;26122&#8243;][\/vc_column][vc_column width=&#8221;1\/3&#8243;][\/vc_column][\/vc_row][vc_row][vc_column][vc_column_text]Em maio, a Funda\u00e7\u00e3o F\u00e9 e Alegria do Brasil foi eleita como representante no Conselho Nacional de Assist\u00eancia Social (CNAS), na categoria Entidades e Organiza\u00e7\u00f5es de Assist\u00eancia Social. A coordenadora de F\u00e9 e Alegria Pernambuco, Catarina Santana, representar\u00e1 a Funda\u00e7\u00e3o no per\u00edodo do mandato, que ter\u00e1 dura\u00e7\u00e3o de dois anos (2022-2024).<\/p>\n","protected":false},"author":2,"featured_media":26120,"comment_status":"closed","ping_status":"closed","sticky":false,"template":"","format":"standard","meta":{"_acf_changed":false,"footnotes":""},"categories":[432],"tags":[691,689,547,446,537,675],"post_folder":[],"class_list":["post-26119","post","type-post","status-publish","format-standard","has-post-thumbnail","hentry","category-noticias-pt","tag-assistenciasocial","tag-cnas","tag-direitoscriancaadolescente","tag-fya-pt","tag-fyabrasil","tag-promocaosocial"],"acf":[],"yoast_head":"<!-- This site is optimized with the Yoast SEO plugin v27.5 - https:\/\/yoast.com\/product\/yoast-seo-wordpress\/ -->\n<title>Funda\u00e7\u00e3o F\u00e9 e Alegria \u00e9 eleita para o Conselho Nacional de Assist\u00eancia Social (CNAS) - #SomosF\u00e9eAlegria en Brasil<\/title>\n<meta name=\"robots\" content=\"index, follow, max-snippet:-1, max-image-preview:large, max-video-preview:-1\" \/>\n<link rel=\"canonical\" href=\"https:\/\/www.feyalegria.org\/brasil\/fya-brasil-eleita-cnas\/\" \/>\n<meta property=\"og:locale\" content=\"es_ES\" \/>\n<meta property=\"og:type\" content=\"article\" \/>\n<meta property=\"og:title\" content=\"Funda\u00e7\u00e3o F\u00e9 e Alegria \u00e9 eleita para o Conselho Nacional de Assist\u00eancia Social (CNAS) - #SomosF\u00e9eAlegria en Brasil\" \/>\n<meta property=\"og:description\" content=\"[vc_row][vc_column width=&#8221;1\/3&#8243;][\/vc_column][vc_column width=&#8221;1\/3&#8243;][vc_single_image image=&#8221;26122&#8243;][\/vc_column][vc_column width=&#8221;1\/3&#8243;][\/vc_column][\/vc_row][vc_row][vc_column][vc_column_text]Em maio, a Funda\u00e7\u00e3o F\u00e9 e Alegria do Brasil foi eleita como representante no Conselho Nacional de Assist\u00eancia Social (CNAS), na categoria Entidades e Organiza\u00e7\u00f5es de Assist\u00eancia Social. A coordenadora de F\u00e9 e Alegria Pernambuco, Catarina Santana, representar\u00e1 a Funda\u00e7\u00e3o no per\u00edodo do mandato, que ter\u00e1 dura\u00e7\u00e3o de dois anos (2022-2024).\" \/>\n<meta property=\"og:url\" content=\"https:\/\/www.feyalegria.org\/brasil\/fya-brasil-eleita-cnas\/\" \/>\n<meta property=\"og:site_name\" content=\"#SomosF\u00e9eAlegria en Brasil\" \/>\n<meta property=\"article:published_time\" content=\"2022-05-30T14:24:50+00:00\" \/>\n<meta property=\"article:modified_time\" content=\"2022-05-30T14:27:27+00:00\" \/>\n<meta property=\"og:image\" content=\"https:\/\/d3pugrm67vf9n7.cloudfront.net\/wp-content\/uploads\/sites\/23\/2022\/05\/26160138\/Banner-CNAS.png\" \/>\n\t<meta property=\"og:image:width\" content=\"1000\" \/>\n\t<meta property=\"og:image:height\" content=\"500\" \/>\n\t<meta property=\"og:image:type\" content=\"image\/png\" \/>\n<meta name=\"author\" content=\"adminfya\" \/>\n<meta name=\"twitter:card\" content=\"summary_large_image\" \/>\n<meta name=\"twitter:label1\" content=\"Escrito por\" \/>\n\t<meta name=\"twitter:data1\" content=\"adminfya\" \/>\n\t<meta name=\"twitter:label2\" content=\"Tiempo de lectura\" \/>\n\t<meta name=\"twitter:data2\" content=\"2 minutos\" \/>\n<script type=\"application\/ld+json\" class=\"yoast-schema-graph\">{\"@context\":\"https:\\\/\\\/schema.org\",\"@graph\":[{\"@type\":\"Article\",\"@id\":\"https:\\\/\\\/www.feyalegria.org\\\/brasil\\\/fya-brasil-eleita-cnas\\\/#article\",\"isPartOf\":{\"@id\":\"https:\\\/\\\/www.feyalegria.org\\\/brasil\\\/fya-brasil-eleita-cnas\\\/\"},\"author\":{\"name\":\"adminfya\",\"@id\":\"https:\\\/\\\/www.feyalegria.org\\\/brasil\\\/#\\\/schema\\\/person\\\/f113dd05751b9243bcc4b62d8f55bc4b\"},\"headline\":\"Funda\u00e7\u00e3o F\u00e9 e Alegria \u00e9 eleita para o Conselho Nacional de Assist\u00eancia Social (CNAS)\",\"datePublished\":\"2022-05-30T14:24:50+00:00\",\"dateModified\":\"2022-05-30T14:27:27+00:00\",\"mainEntityOfPage\":{\"@id\":\"https:\\\/\\\/www.feyalegria.org\\\/brasil\\\/fya-brasil-eleita-cnas\\\/\"},\"wordCount\":413,\"image\":{\"@id\":\"https:\\\/\\\/www.feyalegria.org\\\/brasil\\\/fya-brasil-eleita-cnas\\\/#primaryimage\"},\"thumbnailUrl\":\"https:\\\/\\\/d3pugrm67vf9n7.cloudfront.net\\\/wp-content\\\/uploads\\\/sites\\\/23\\\/2022\\\/05\\\/26160138\\\/Banner-CNAS.png\",\"keywords\":[\"assist\u00eanciasocial\",\"cnas\",\"Direitoscrian\u00e7aadolescente\",\"FyA\",\"FyABrasil\",\"promo\u00e7\u00e3osocial\"],\"articleSection\":[\"Noticias\"],\"inLanguage\":\"es-CO\"},{\"@type\":\"WebPage\",\"@id\":\"https:\\\/\\\/www.feyalegria.org\\\/brasil\\\/fya-brasil-eleita-cnas\\\/\",\"url\":\"https:\\\/\\\/www.feyalegria.org\\\/brasil\\\/fya-brasil-eleita-cnas\\\/\",\"name\":\"Funda\u00e7\u00e3o F\u00e9 e Alegria \u00e9 eleita para o Conselho Nacional de Assist\u00eancia Social (CNAS) - #SomosF\u00e9eAlegria en Brasil\",\"isPartOf\":{\"@id\":\"https:\\\/\\\/www.feyalegria.org\\\/brasil\\\/#website\"},\"primaryImageOfPage\":{\"@id\":\"https:\\\/\\\/www.feyalegria.org\\\/brasil\\\/fya-brasil-eleita-cnas\\\/#primaryimage\"},\"image\":{\"@id\":\"https:\\\/\\\/www.feyalegria.org\\\/brasil\\\/fya-brasil-eleita-cnas\\\/#primaryimage\"},\"thumbnailUrl\":\"https:\\\/\\\/d3pugrm67vf9n7.cloudfront.net\\\/wp-content\\\/uploads\\\/sites\\\/23\\\/2022\\\/05\\\/26160138\\\/Banner-CNAS.png\",\"datePublished\":\"2022-05-30T14:24:50+00:00\",\"dateModified\":\"2022-05-30T14:27:27+00:00\",\"author\":{\"@id\":\"https:\\\/\\\/www.feyalegria.org\\\/brasil\\\/#\\\/schema\\\/person\\\/f113dd05751b9243bcc4b62d8f55bc4b\"},\"inLanguage\":\"es-CO\",\"potentialAction\":[{\"@type\":\"ReadAction\",\"target\":[\"https:\\\/\\\/www.feyalegria.org\\\/brasil\\\/fya-brasil-eleita-cnas\\\/\"]}]},{\"@type\":\"ImageObject\",\"inLanguage\":\"es-CO\",\"@id\":\"https:\\\/\\\/www.feyalegria.org\\\/brasil\\\/fya-brasil-eleita-cnas\\\/#primaryimage\",\"url\":\"https:\\\/\\\/d3pugrm67vf9n7.cloudfront.net\\\/wp-content\\\/uploads\\\/sites\\\/23\\\/2022\\\/05\\\/26160138\\\/Banner-CNAS.png\",\"contentUrl\":\"https:\\\/\\\/d3pugrm67vf9n7.cloudfront.net\\\/wp-content\\\/uploads\\\/sites\\\/23\\\/2022\\\/05\\\/26160138\\\/Banner-CNAS.png\",\"width\":1000,\"height\":500},{\"@type\":\"WebSite\",\"@id\":\"https:\\\/\\\/www.feyalegria.org\\\/brasil\\\/#website\",\"url\":\"https:\\\/\\\/www.feyalegria.org\\\/brasil\\\/\",\"name\":\"#SomosF\u00e9eAlegria en Brasil\",\"description\":\"\",\"potentialAction\":[{\"@type\":\"SearchAction\",\"target\":{\"@type\":\"EntryPoint\",\"urlTemplate\":\"https:\\\/\\\/www.feyalegria.org\\\/brasil\\\/?s={search_term_string}\"},\"query-input\":{\"@type\":\"PropertyValueSpecification\",\"valueRequired\":true,\"valueName\":\"search_term_string\"}}],\"inLanguage\":\"es-CO\"},{\"@type\":\"Person\",\"@id\":\"https:\\\/\\\/www.feyalegria.org\\\/brasil\\\/#\\\/schema\\\/person\\\/f113dd05751b9243bcc4b62d8f55bc4b\",\"name\":\"adminfya\",\"url\":\"https:\\\/\\\/www.feyalegria.org\\\/brasil\\\/author\\\/adminfya\\\/\"}]}<\/script>\n<!-- \/ Yoast SEO plugin. -->","yoast_head_json":{"title":"Funda\u00e7\u00e3o F\u00e9 e Alegria \u00e9 eleita para o Conselho Nacional de Assist\u00eancia Social (CNAS) - #SomosF\u00e9eAlegria en Brasil","robots":{"index":"index","follow":"follow","max-snippet":"max-snippet:-1","max-image-preview":"max-image-preview:large","max-video-preview":"max-video-preview:-1"},"canonical":"https:\/\/www.feyalegria.org\/brasil\/fya-brasil-eleita-cnas\/","og_locale":"es_ES","og_type":"article","og_title":"Funda\u00e7\u00e3o F\u00e9 e Alegria \u00e9 eleita para o Conselho Nacional de Assist\u00eancia Social (CNAS) - #SomosF\u00e9eAlegria en Brasil","og_description":"[vc_row][vc_column width=&#8221;1\/3&#8243;][\/vc_column][vc_column width=&#8221;1\/3&#8243;][vc_single_image image=&#8221;26122&#8243;][\/vc_column][vc_column width=&#8221;1\/3&#8243;][\/vc_column][\/vc_row][vc_row][vc_column][vc_column_text]Em maio, a Funda\u00e7\u00e3o F\u00e9 e Alegria do Brasil foi eleita como representante no Conselho Nacional de Assist\u00eancia Social (CNAS), na categoria Entidades e Organiza\u00e7\u00f5es de Assist\u00eancia Social. A coordenadora de F\u00e9 e Alegria Pernambuco, Catarina Santana, representar\u00e1 a Funda\u00e7\u00e3o no per\u00edodo do mandato, que ter\u00e1 dura\u00e7\u00e3o de dois anos (2022-2024).","og_url":"https:\/\/www.feyalegria.org\/brasil\/fya-brasil-eleita-cnas\/","og_site_name":"#SomosF\u00e9eAlegria en Brasil","article_published_time":"2022-05-30T14:24:50+00:00","article_modified_time":"2022-05-30T14:27:27+00:00","og_image":[{"width":1000,"height":500,"url":"https:\/\/d3pugrm67vf9n7.cloudfront.net\/wp-content\/uploads\/sites\/23\/2022\/05\/26160138\/Banner-CNAS.png","type":"image\/png"}],"author":"adminfya","twitter_card":"summary_large_image","twitter_misc":{"Escrito por":"adminfya","Tiempo de lectura":"2 minutos"},"schema":{"@context":"https:\/\/schema.org","@graph":[{"@type":"Article","@id":"https:\/\/www.feyalegria.org\/brasil\/fya-brasil-eleita-cnas\/#article","isPartOf":{"@id":"https:\/\/www.feyalegria.org\/brasil\/fya-brasil-eleita-cnas\/"},"author":{"name":"adminfya","@id":"https:\/\/www.feyalegria.org\/brasil\/#\/schema\/person\/f113dd05751b9243bcc4b62d8f55bc4b"},"headline":"Funda\u00e7\u00e3o F\u00e9 e Alegria \u00e9 eleita para o Conselho Nacional de Assist\u00eancia Social (CNAS)","datePublished":"2022-05-30T14:24:50+00:00","dateModified":"2022-05-30T14:27:27+00:00","mainEntityOfPage":{"@id":"https:\/\/www.feyalegria.org\/brasil\/fya-brasil-eleita-cnas\/"},"wordCount":413,"image":{"@id":"https:\/\/www.feyalegria.org\/brasil\/fya-brasil-eleita-cnas\/#primaryimage"},"thumbnailUrl":"https:\/\/d3pugrm67vf9n7.cloudfront.net\/wp-content\/uploads\/sites\/23\/2022\/05\/26160138\/Banner-CNAS.png","keywords":["assist\u00eanciasocial","cnas","Direitoscrian\u00e7aadolescente","FyA","FyABrasil","promo\u00e7\u00e3osocial"],"articleSection":["Noticias"],"inLanguage":"es-CO"},{"@type":"WebPage","@id":"https:\/\/www.feyalegria.org\/brasil\/fya-brasil-eleita-cnas\/","url":"https:\/\/www.feyalegria.org\/brasil\/fya-brasil-eleita-cnas\/","name":"Funda\u00e7\u00e3o F\u00e9 e Alegria \u00e9 eleita para o Conselho Nacional de Assist\u00eancia Social (CNAS) - #SomosF\u00e9eAlegria en Brasil","isPartOf":{"@id":"https:\/\/www.feyalegria.org\/brasil\/#website"},"primaryImageOfPage":{"@id":"https:\/\/www.feyalegria.org\/brasil\/fya-brasil-eleita-cnas\/#primaryimage"},"image":{"@id":"https:\/\/www.feyalegria.org\/brasil\/fya-brasil-eleita-cnas\/#primaryimage"},"thumbnailUrl":"https:\/\/d3pugrm67vf9n7.cloudfront.net\/wp-content\/uploads\/sites\/23\/2022\/05\/26160138\/Banner-CNAS.png","datePublished":"2022-05-30T14:24:50+00:00","dateModified":"2022-05-30T14:27:27+00:00","author":{"@id":"https:\/\/www.feyalegria.org\/brasil\/#\/schema\/person\/f113dd05751b9243bcc4b62d8f55bc4b"},"inLanguage":"es-CO","potentialAction":[{"@type":"ReadAction","target":["https:\/\/www.feyalegria.org\/brasil\/fya-brasil-eleita-cnas\/"]}]},{"@type":"ImageObject","inLanguage":"es-CO","@id":"https:\/\/www.feyalegria.org\/brasil\/fya-brasil-eleita-cnas\/#primaryimage","url":"https:\/\/d3pugrm67vf9n7.cloudfront.net\/wp-content\/uploads\/sites\/23\/2022\/05\/26160138\/Banner-CNAS.png","contentUrl":"https:\/\/d3pugrm67vf9n7.cloudfront.net\/wp-content\/uploads\/sites\/23\/2022\/05\/26160138\/Banner-CNAS.png","width":1000,"height":500},{"@type":"WebSite","@id":"https:\/\/www.feyalegria.org\/brasil\/#website","url":"https:\/\/www.feyalegria.org\/brasil\/","name":"#SomosF\u00e9eAlegria en Brasil","description":"","potentialAction":[{"@type":"SearchAction","target":{"@type":"EntryPoint","urlTemplate":"https:\/\/www.feyalegria.org\/brasil\/?s={search_term_string}"},"query-input":{"@type":"PropertyValueSpecification","valueRequired":true,"valueName":"search_term_string"}}],"inLanguage":"es-CO"},{"@type":"Person","@id":"https:\/\/www.feyalegria.org\/brasil\/#\/schema\/person\/f113dd05751b9243bcc4b62d8f55bc4b","name":"adminfya","url":"https:\/\/www.feyalegria.org\/brasil\/author\/adminfya\/"}]}},"_links":{"self":[{"href":"https:\/\/www.feyalegria.org\/brasil\/wp-json\/wp\/v2\/posts\/26119","targetHints":{"allow":["GET"]}}],"collection":[{"href":"https:\/\/www.feyalegria.org\/brasil\/wp-json\/wp\/v2\/posts"}],"about":[{"href":"https:\/\/www.feyalegria.org\/brasil\/wp-json\/wp\/v2\/types\/post"}],"author":[{"embeddable":true,"href":"https:\/\/www.feyalegria.org\/brasil\/wp-json\/wp\/v2\/users\/2"}],"replies":[{"embeddable":true,"href":"https:\/\/www.feyalegria.org\/brasil\/wp-json\/wp\/v2\/comments?post=26119"}],"version-history":[{"count":0,"href":"https:\/\/www.feyalegria.org\/brasil\/wp-json\/wp\/v2\/posts\/26119\/revisions"}],"wp:featuredmedia":[{"embeddable":true,"href":"https:\/\/www.feyalegria.org\/brasil\/wp-json\/wp\/v2\/media\/26120"}],"wp:attachment":[{"href":"https:\/\/www.feyalegria.org\/brasil\/wp-json\/wp\/v2\/media?parent=26119"}],"wp:term":[{"taxonomy":"category","embeddable":true,"href":"https:\/\/www.feyalegria.org\/brasil\/wp-json\/wp\/v2\/categories?post=26119"},{"taxonomy":"post_tag","embeddable":true,"href":"https:\/\/www.feyalegria.org\/brasil\/wp-json\/wp\/v2\/tags?post=26119"},{"taxonomy":"post_folder","embeddable":true,"href":"https:\/\/www.feyalegria.org\/brasil\/wp-json\/wp\/v2\/post_folder?post=26119"}],"curies":[{"name":"wp","href":"https:\/\/api.w.org\/{rel}","templated":true}]}}