 {"id":26144,"date":"2022-06-06T17:54:30","date_gmt":"2022-06-06T20:54:30","guid":{"rendered":"https:\/\/www.feyalegria.org\/brasil\/?p=26144"},"modified":"2022-06-07T14:29:25","modified_gmt":"2022-06-07T17:29:25","slug":"fya-sjmr-acoes-mes-refugiado","status":"publish","type":"post","link":"https:\/\/www.feyalegria.org\/brasil\/fya-sjmr-acoes-mes-refugiado\/","title":{"rendered":"F\u00e9 e Alegria e SJMR se unem em a\u00e7\u00f5es para o m\u00eas do Refugiado"},"content":{"rendered":"<div class=\"wpb-content-wrapper\"><p>[vc_row][vc_column width=&#8221;1\/3&#8243;][vc_single_image image=&#8221;26156&#8243;][\/vc_column][vc_column width=&#8221;1\/3&#8243;][vc_single_image image=&#8221;26150&#8243;][\/vc_column][vc_column width=&#8221;1\/3&#8243;][vc_single_image image=&#8221;26154&#8243;][\/vc_column][\/vc_row][vc_row][vc_column][vc_column_text]No m\u00eas marcado pelo Dia do Refugiado, 20 de junho, a Funda\u00e7\u00e3o F\u00e9 e Alegria e o Servi\u00e7o Jesu\u00edta a Migrantes e Refugiados (SJMR Brasil) somam for\u00e7as para reconhecer o direito das pessoas for\u00e7adas a migrar, seja por crises ou conflitos, e apoi\u00e1-las na reconstru\u00e7\u00e3o de suas vidas.\u00a0 A data, estabelecida pela Organiza\u00e7\u00e3o das Na\u00e7\u00f5es Unidas (ONU) no ano 2000, \u00e9 uma ocasi\u00e3o para promover empatia e compreens\u00e3o em torno dos fluxos migrat\u00f3rios e, ainda, sensibilizar a sociedade sobre a situa\u00e7\u00e3o vivida por migrantes e refugiados que se encontram em deslocamento pelo mundo.<\/p>\n<p>&nbsp;<\/p>\n<p>A import\u00e2ncia da hospitalidade, do acolhimento e da prote\u00e7\u00e3o de migrantes e refugiados ser\u00e1 tema do Ciclo de Forma\u00e7\u00e3o Intercultural promovido pela Pastoral Universit\u00e1ria, em parceria com F\u00e9 e Alegria, SJMR, Grupo de Estudo Interdisciplinar sobre Fronteiras: Processos Sociais e Simb\u00f3licos (GEIFRON), Central \u00danica das Favelas (CUFA), Mexendo a Panela e Instituto Insikiran. No dia 8 de junho, haver\u00e1 a \u201cRoda de Conversa: Migra\u00e7\u00e3o e Xenofobia &#8211; Di\u00e1logo Intercultural entre Povos\u201d e a \u201cOficina de Comunica\u00e7\u00e3o Positiva: Valorizando a Solidariedade, a Cidadania e a Conviv\u00eancia Pac\u00edfica\u201d no audit\u00f3rio do SJMR, em Boa Vista (RR), a partir das 9h da manh\u00e3 (hor\u00e1rio de Manaus\/AM).<\/p>\n<p>&nbsp;<\/p>\n<p><img loading=\"lazy\" decoding=\"async\" class=\"wp-image-26145 alignright\" src=\"https:\/\/d3pugrm67vf9n7.cloudfront.net\/wp-content\/uploads\/sites\/23\/2022\/06\/06164855\/Bruno-Garmatz-300x225.jpg\" alt=\"\" width=\"260\" height=\"195\" srcset=\"https:\/\/d3pugrm67vf9n7.cloudfront.net\/wp-content\/uploads\/sites\/23\/2022\/06\/06164855\/Bruno-Garmatz-300x225.jpg 300w, https:\/\/d3pugrm67vf9n7.cloudfront.net\/wp-content\/uploads\/sites\/23\/2022\/06\/06164855\/Bruno-Garmatz-768x576.jpg 768w, https:\/\/d3pugrm67vf9n7.cloudfront.net\/wp-content\/uploads\/sites\/23\/2022\/06\/06164855\/Bruno-Garmatz.jpg 800w\" sizes=\"auto, (max-width: 260px) 100vw, 260px\" \/>O evento contar\u00e1 com a presen\u00e7a de Bruno Garmatz, autor do livro \u2018Mi Nombre \u00c9s\u2019, que retrata a hist\u00f3ria da recente migra\u00e7\u00e3o venezuelana. Todos os participantes receber\u00e3o a certifica\u00e7\u00e3o pelo Programa de P\u00f3s-Gradua\u00e7\u00e3o em Sociedade e Fronteira (PPGSOF) da Universidade Federal De Roraima (UFRR).<\/p>\n<p>&nbsp;<\/p>\n<p><strong><u>Servi\u00e7o<\/u><\/strong><\/p>\n<p><strong>Roda de Conversa: Migra\u00e7\u00e3o e Xenofobia <\/strong><\/p>\n<p>Hor\u00e1rio: 9h (hor\u00e1rio de Manaus)<\/p>\n<p><strong>Oficina de Comunica\u00e7\u00e3o Positiva<\/strong><\/p>\n<p>Hor\u00e1rio: 14h (hor\u00e1rio de Manaus)<\/p>\n<p><strong>Data: <\/strong>8 de junho (quarta-feira)<\/p>\n<p><strong>Local: <\/strong>Audit\u00f3rio SJMR<\/p>\n<p>Endere\u00e7o: Av. Gen. Ata\u00edde Teive, 2386 &#8211; Liberdade, Boa Vista (RR)<\/p>\n<p><strong>\u00a0<\/strong><\/p>\n<p><strong>Para confirmar sua inscri\u00e7\u00e3o, acesse o link: <\/strong><span style=\"color: #333399\"><a style=\"color: #333399\" href=\"https:\/\/forms.gle\/fzr3Eo4Ya6a8SG7v9\"><strong>https:\/\/forms.gle\/fzr3Eo4Ya6a8SG7v9<\/strong><\/a><\/span>[\/vc_column_text][vc_row_inner][vc_column_inner width=&#8221;1\/2&#8243;][\/vc_column_inner][vc_column_inner width=&#8221;1\/2&#8243;][\/vc_column_inner][\/vc_row_inner][\/vc_column][\/vc_row][vc_row][vc_column][\/vc_column][\/vc_row]<\/p>\n<\/div>","protected":false},"excerpt":{"rendered":"<p>[vc_row][vc_column width=&#8221;1\/3&#8243;][vc_single_image image=&#8221;26156&#8243;][\/vc_column][vc_column width=&#8221;1\/3&#8243;][vc_single_image image=&#8221;26150&#8243;][\/vc_column][vc_column width=&#8221;1\/3&#8243;][vc_single_image image=&#8221;26154&#8243;][\/vc_column][\/vc_row][vc_row][vc_column][vc_column_text]No m\u00eas marcado pelo Dia do Refugiado, 20 de junho, a Funda\u00e7\u00e3o F\u00e9 e Alegria e o Servi\u00e7o Jesu\u00edta a Migrantes e Refugiados (SJMR Brasil) somam for\u00e7as para reconhecer o direito das pessoas for\u00e7adas a migrar, seja por crises ou conflitos, e apoi\u00e1-las na reconstru\u00e7\u00e3o de suas vidas.\u00a0 A<\/p>\n","protected":false},"author":2,"featured_media":26152,"comment_status":"closed","ping_status":"closed","sticky":false,"template":"","format":"standard","meta":{"_acf_changed":false,"footnotes":""},"categories":[432],"tags":[691,633,446,537,495,675,637],"post_folder":[],"class_list":["post-26144","post","type-post","status-publish","format-standard","has-post-thumbnail","hentry","category-noticias-pt","tag-assistenciasocial","tag-boavista","tag-fya-pt","tag-fyabrasil","tag-migrantes","tag-promocaosocial","tag-venezuela"],"acf":[],"yoast_head":"<!-- This site is optimized with the Yoast SEO plugin v27.5 - https:\/\/yoast.com\/product\/yoast-seo-wordpress\/ -->\n<title>F\u00e9 e Alegria e SJMR se unem em a\u00e7\u00f5es para o m\u00eas do Refugiado - #SomosF\u00e9eAlegria en Brasil<\/title>\n<meta name=\"robots\" content=\"index, follow, max-snippet:-1, max-image-preview:large, max-video-preview:-1\" \/>\n<link rel=\"canonical\" href=\"https:\/\/www.feyalegria.org\/brasil\/fya-sjmr-acoes-mes-refugiado\/\" \/>\n<meta property=\"og:locale\" content=\"es_ES\" \/>\n<meta property=\"og:type\" content=\"article\" \/>\n<meta property=\"og:title\" content=\"F\u00e9 e Alegria e SJMR se unem em a\u00e7\u00f5es para o m\u00eas do Refugiado - #SomosF\u00e9eAlegria en Brasil\" \/>\n<meta property=\"og:description\" content=\"[vc_row][vc_column width=&#8221;1\/3&#8243;][vc_single_image image=&#8221;26156&#8243;][\/vc_column][vc_column width=&#8221;1\/3&#8243;][vc_single_image image=&#8221;26150&#8243;][\/vc_column][vc_column width=&#8221;1\/3&#8243;][vc_single_image image=&#8221;26154&#8243;][\/vc_column][\/vc_row][vc_row][vc_column][vc_column_text]No m\u00eas marcado pelo Dia do Refugiado, 20 de junho, a Funda\u00e7\u00e3o F\u00e9 e Alegria e o Servi\u00e7o Jesu\u00edta a Migrantes e Refugiados (SJMR Brasil) somam for\u00e7as para reconhecer o direito das pessoas for\u00e7adas a migrar, seja por crises ou conflitos, e apoi\u00e1-las na reconstru\u00e7\u00e3o de suas vidas.\u00a0 A\" \/>\n<meta property=\"og:url\" content=\"https:\/\/www.feyalegria.org\/brasil\/fya-sjmr-acoes-mes-refugiado\/\" \/>\n<meta property=\"og:site_name\" content=\"#SomosF\u00e9eAlegria en Brasil\" \/>\n<meta property=\"article:published_time\" content=\"2022-06-06T20:54:30+00:00\" \/>\n<meta property=\"article:modified_time\" content=\"2022-06-07T17:29:25+00:00\" \/>\n<meta property=\"og:image\" content=\"https:\/\/d3pugrm67vf9n7.cloudfront.net\/wp-content\/uploads\/sites\/23\/2022\/06\/07102950\/Banner-SJMR-FyA.png\" \/>\n\t<meta property=\"og:image:width\" content=\"1000\" \/>\n\t<meta property=\"og:image:height\" content=\"500\" \/>\n\t<meta property=\"og:image:type\" content=\"image\/png\" \/>\n<meta name=\"author\" content=\"adminfya\" \/>\n<meta name=\"twitter:card\" content=\"summary_large_image\" \/>\n<meta name=\"twitter:label1\" content=\"Escrito por\" \/>\n\t<meta name=\"twitter:data1\" content=\"adminfya\" \/>\n\t<meta name=\"twitter:label2\" content=\"Tiempo de lectura\" \/>\n\t<meta name=\"twitter:data2\" content=\"2 minutos\" \/>\n<script type=\"application\/ld+json\" class=\"yoast-schema-graph\">{\"@context\":\"https:\\\/\\\/schema.org\",\"@graph\":[{\"@type\":\"Article\",\"@id\":\"https:\\\/\\\/www.feyalegria.org\\\/brasil\\\/fya-sjmr-acoes-mes-refugiado\\\/#article\",\"isPartOf\":{\"@id\":\"https:\\\/\\\/www.feyalegria.org\\\/brasil\\\/fya-sjmr-acoes-mes-refugiado\\\/\"},\"author\":{\"name\":\"adminfya\",\"@id\":\"https:\\\/\\\/www.feyalegria.org\\\/brasil\\\/#\\\/schema\\\/person\\\/f113dd05751b9243bcc4b62d8f55bc4b\"},\"headline\":\"F\u00e9 e Alegria e SJMR se unem em a\u00e7\u00f5es para o m\u00eas do Refugiado\",\"datePublished\":\"2022-06-06T20:54:30+00:00\",\"dateModified\":\"2022-06-07T17:29:25+00:00\",\"mainEntityOfPage\":{\"@id\":\"https:\\\/\\\/www.feyalegria.org\\\/brasil\\\/fya-sjmr-acoes-mes-refugiado\\\/\"},\"wordCount\":427,\"image\":{\"@id\":\"https:\\\/\\\/www.feyalegria.org\\\/brasil\\\/fya-sjmr-acoes-mes-refugiado\\\/#primaryimage\"},\"thumbnailUrl\":\"https:\\\/\\\/d3pugrm67vf9n7.cloudfront.net\\\/wp-content\\\/uploads\\\/sites\\\/23\\\/2022\\\/06\\\/07102950\\\/Banner-SJMR-FyA.png\",\"keywords\":[\"assist\u00eanciasocial\",\"boavista\",\"FyA\",\"FyABrasil\",\"migrantes\",\"promo\u00e7\u00e3osocial\",\"venezuela\"],\"articleSection\":[\"Noticias\"],\"inLanguage\":\"es-CO\"},{\"@type\":\"WebPage\",\"@id\":\"https:\\\/\\\/www.feyalegria.org\\\/brasil\\\/fya-sjmr-acoes-mes-refugiado\\\/\",\"url\":\"https:\\\/\\\/www.feyalegria.org\\\/brasil\\\/fya-sjmr-acoes-mes-refugiado\\\/\",\"name\":\"F\u00e9 e Alegria e SJMR se unem em a\u00e7\u00f5es para o m\u00eas do Refugiado - #SomosF\u00e9eAlegria en Brasil\",\"isPartOf\":{\"@id\":\"https:\\\/\\\/www.feyalegria.org\\\/brasil\\\/#website\"},\"primaryImageOfPage\":{\"@id\":\"https:\\\/\\\/www.feyalegria.org\\\/brasil\\\/fya-sjmr-acoes-mes-refugiado\\\/#primaryimage\"},\"image\":{\"@id\":\"https:\\\/\\\/www.feyalegria.org\\\/brasil\\\/fya-sjmr-acoes-mes-refugiado\\\/#primaryimage\"},\"thumbnailUrl\":\"https:\\\/\\\/d3pugrm67vf9n7.cloudfront.net\\\/wp-content\\\/uploads\\\/sites\\\/23\\\/2022\\\/06\\\/07102950\\\/Banner-SJMR-FyA.png\",\"datePublished\":\"2022-06-06T20:54:30+00:00\",\"dateModified\":\"2022-06-07T17:29:25+00:00\",\"author\":{\"@id\":\"https:\\\/\\\/www.feyalegria.org\\\/brasil\\\/#\\\/schema\\\/person\\\/f113dd05751b9243bcc4b62d8f55bc4b\"},\"inLanguage\":\"es-CO\",\"potentialAction\":[{\"@type\":\"ReadAction\",\"target\":[\"https:\\\/\\\/www.feyalegria.org\\\/brasil\\\/fya-sjmr-acoes-mes-refugiado\\\/\"]}]},{\"@type\":\"ImageObject\",\"inLanguage\":\"es-CO\",\"@id\":\"https:\\\/\\\/www.feyalegria.org\\\/brasil\\\/fya-sjmr-acoes-mes-refugiado\\\/#primaryimage\",\"url\":\"https:\\\/\\\/d3pugrm67vf9n7.cloudfront.net\\\/wp-content\\\/uploads\\\/sites\\\/23\\\/2022\\\/06\\\/07102950\\\/Banner-SJMR-FyA.png\",\"contentUrl\":\"https:\\\/\\\/d3pugrm67vf9n7.cloudfront.net\\\/wp-content\\\/uploads\\\/sites\\\/23\\\/2022\\\/06\\\/07102950\\\/Banner-SJMR-FyA.png\",\"width\":1000,\"height\":500},{\"@type\":\"WebSite\",\"@id\":\"https:\\\/\\\/www.feyalegria.org\\\/brasil\\\/#website\",\"url\":\"https:\\\/\\\/www.feyalegria.org\\\/brasil\\\/\",\"name\":\"#SomosF\u00e9eAlegria en Brasil\",\"description\":\"\",\"potentialAction\":[{\"@type\":\"SearchAction\",\"target\":{\"@type\":\"EntryPoint\",\"urlTemplate\":\"https:\\\/\\\/www.feyalegria.org\\\/brasil\\\/?s={search_term_string}\"},\"query-input\":{\"@type\":\"PropertyValueSpecification\",\"valueRequired\":true,\"valueName\":\"search_term_string\"}}],\"inLanguage\":\"es-CO\"},{\"@type\":\"Person\",\"@id\":\"https:\\\/\\\/www.feyalegria.org\\\/brasil\\\/#\\\/schema\\\/person\\\/f113dd05751b9243bcc4b62d8f55bc4b\",\"name\":\"adminfya\",\"url\":\"https:\\\/\\\/www.feyalegria.org\\\/brasil\\\/author\\\/adminfya\\\/\"}]}<\/script>\n<!-- \/ Yoast SEO plugin. -->","yoast_head_json":{"title":"F\u00e9 e Alegria e SJMR se unem em a\u00e7\u00f5es para o m\u00eas do Refugiado - #SomosF\u00e9eAlegria en Brasil","robots":{"index":"index","follow":"follow","max-snippet":"max-snippet:-1","max-image-preview":"max-image-preview:large","max-video-preview":"max-video-preview:-1"},"canonical":"https:\/\/www.feyalegria.org\/brasil\/fya-sjmr-acoes-mes-refugiado\/","og_locale":"es_ES","og_type":"article","og_title":"F\u00e9 e Alegria e SJMR se unem em a\u00e7\u00f5es para o m\u00eas do Refugiado - #SomosF\u00e9eAlegria en Brasil","og_description":"[vc_row][vc_column width=&#8221;1\/3&#8243;][vc_single_image image=&#8221;26156&#8243;][\/vc_column][vc_column width=&#8221;1\/3&#8243;][vc_single_image image=&#8221;26150&#8243;][\/vc_column][vc_column width=&#8221;1\/3&#8243;][vc_single_image image=&#8221;26154&#8243;][\/vc_column][\/vc_row][vc_row][vc_column][vc_column_text]No m\u00eas marcado pelo Dia do Refugiado, 20 de junho, a Funda\u00e7\u00e3o F\u00e9 e Alegria e o Servi\u00e7o Jesu\u00edta a Migrantes e Refugiados (SJMR Brasil) somam for\u00e7as para reconhecer o direito das pessoas for\u00e7adas a migrar, seja por crises ou conflitos, e apoi\u00e1-las na reconstru\u00e7\u00e3o de suas vidas.\u00a0 A","og_url":"https:\/\/www.feyalegria.org\/brasil\/fya-sjmr-acoes-mes-refugiado\/","og_site_name":"#SomosF\u00e9eAlegria en Brasil","article_published_time":"2022-06-06T20:54:30+00:00","article_modified_time":"2022-06-07T17:29:25+00:00","og_image":[{"width":1000,"height":500,"url":"https:\/\/d3pugrm67vf9n7.cloudfront.net\/wp-content\/uploads\/sites\/23\/2022\/06\/07102950\/Banner-SJMR-FyA.png","type":"image\/png"}],"author":"adminfya","twitter_card":"summary_large_image","twitter_misc":{"Escrito por":"adminfya","Tiempo de lectura":"2 minutos"},"schema":{"@context":"https:\/\/schema.org","@graph":[{"@type":"Article","@id":"https:\/\/www.feyalegria.org\/brasil\/fya-sjmr-acoes-mes-refugiado\/#article","isPartOf":{"@id":"https:\/\/www.feyalegria.org\/brasil\/fya-sjmr-acoes-mes-refugiado\/"},"author":{"name":"adminfya","@id":"https:\/\/www.feyalegria.org\/brasil\/#\/schema\/person\/f113dd05751b9243bcc4b62d8f55bc4b"},"headline":"F\u00e9 e Alegria e SJMR se unem em a\u00e7\u00f5es para o m\u00eas do Refugiado","datePublished":"2022-06-06T20:54:30+00:00","dateModified":"2022-06-07T17:29:25+00:00","mainEntityOfPage":{"@id":"https:\/\/www.feyalegria.org\/brasil\/fya-sjmr-acoes-mes-refugiado\/"},"wordCount":427,"image":{"@id":"https:\/\/www.feyalegria.org\/brasil\/fya-sjmr-acoes-mes-refugiado\/#primaryimage"},"thumbnailUrl":"https:\/\/d3pugrm67vf9n7.cloudfront.net\/wp-content\/uploads\/sites\/23\/2022\/06\/07102950\/Banner-SJMR-FyA.png","keywords":["assist\u00eanciasocial","boavista","FyA","FyABrasil","migrantes","promo\u00e7\u00e3osocial","venezuela"],"articleSection":["Noticias"],"inLanguage":"es-CO"},{"@type":"WebPage","@id":"https:\/\/www.feyalegria.org\/brasil\/fya-sjmr-acoes-mes-refugiado\/","url":"https:\/\/www.feyalegria.org\/brasil\/fya-sjmr-acoes-mes-refugiado\/","name":"F\u00e9 e Alegria e SJMR se unem em a\u00e7\u00f5es para o m\u00eas do Refugiado - #SomosF\u00e9eAlegria en Brasil","isPartOf":{"@id":"https:\/\/www.feyalegria.org\/brasil\/#website"},"primaryImageOfPage":{"@id":"https:\/\/www.feyalegria.org\/brasil\/fya-sjmr-acoes-mes-refugiado\/#primaryimage"},"image":{"@id":"https:\/\/www.feyalegria.org\/brasil\/fya-sjmr-acoes-mes-refugiado\/#primaryimage"},"thumbnailUrl":"https:\/\/d3pugrm67vf9n7.cloudfront.net\/wp-content\/uploads\/sites\/23\/2022\/06\/07102950\/Banner-SJMR-FyA.png","datePublished":"2022-06-06T20:54:30+00:00","dateModified":"2022-06-07T17:29:25+00:00","author":{"@id":"https:\/\/www.feyalegria.org\/brasil\/#\/schema\/person\/f113dd05751b9243bcc4b62d8f55bc4b"},"inLanguage":"es-CO","potentialAction":[{"@type":"ReadAction","target":["https:\/\/www.feyalegria.org\/brasil\/fya-sjmr-acoes-mes-refugiado\/"]}]},{"@type":"ImageObject","inLanguage":"es-CO","@id":"https:\/\/www.feyalegria.org\/brasil\/fya-sjmr-acoes-mes-refugiado\/#primaryimage","url":"https:\/\/d3pugrm67vf9n7.cloudfront.net\/wp-content\/uploads\/sites\/23\/2022\/06\/07102950\/Banner-SJMR-FyA.png","contentUrl":"https:\/\/d3pugrm67vf9n7.cloudfront.net\/wp-content\/uploads\/sites\/23\/2022\/06\/07102950\/Banner-SJMR-FyA.png","width":1000,"height":500},{"@type":"WebSite","@id":"https:\/\/www.feyalegria.org\/brasil\/#website","url":"https:\/\/www.feyalegria.org\/brasil\/","name":"#SomosF\u00e9eAlegria en Brasil","description":"","potentialAction":[{"@type":"SearchAction","target":{"@type":"EntryPoint","urlTemplate":"https:\/\/www.feyalegria.org\/brasil\/?s={search_term_string}"},"query-input":{"@type":"PropertyValueSpecification","valueRequired":true,"valueName":"search_term_string"}}],"inLanguage":"es-CO"},{"@type":"Person","@id":"https:\/\/www.feyalegria.org\/brasil\/#\/schema\/person\/f113dd05751b9243bcc4b62d8f55bc4b","name":"adminfya","url":"https:\/\/www.feyalegria.org\/brasil\/author\/adminfya\/"}]}},"_links":{"self":[{"href":"https:\/\/www.feyalegria.org\/brasil\/wp-json\/wp\/v2\/posts\/26144","targetHints":{"allow":["GET"]}}],"collection":[{"href":"https:\/\/www.feyalegria.org\/brasil\/wp-json\/wp\/v2\/posts"}],"about":[{"href":"https:\/\/www.feyalegria.org\/brasil\/wp-json\/wp\/v2\/types\/post"}],"author":[{"embeddable":true,"href":"https:\/\/www.feyalegria.org\/brasil\/wp-json\/wp\/v2\/users\/2"}],"replies":[{"embeddable":true,"href":"https:\/\/www.feyalegria.org\/brasil\/wp-json\/wp\/v2\/comments?post=26144"}],"version-history":[{"count":0,"href":"https:\/\/www.feyalegria.org\/brasil\/wp-json\/wp\/v2\/posts\/26144\/revisions"}],"wp:featuredmedia":[{"embeddable":true,"href":"https:\/\/www.feyalegria.org\/brasil\/wp-json\/wp\/v2\/media\/26152"}],"wp:attachment":[{"href":"https:\/\/www.feyalegria.org\/brasil\/wp-json\/wp\/v2\/media?parent=26144"}],"wp:term":[{"taxonomy":"category","embeddable":true,"href":"https:\/\/www.feyalegria.org\/brasil\/wp-json\/wp\/v2\/categories?post=26144"},{"taxonomy":"post_tag","embeddable":true,"href":"https:\/\/www.feyalegria.org\/brasil\/wp-json\/wp\/v2\/tags?post=26144"},{"taxonomy":"post_folder","embeddable":true,"href":"https:\/\/www.feyalegria.org\/brasil\/wp-json\/wp\/v2\/post_folder?post=26144"}],"curies":[{"name":"wp","href":"https:\/\/api.w.org\/{rel}","templated":true}]}}