 {"id":26212,"date":"2022-06-27T11:57:49","date_gmt":"2022-06-27T14:57:49","guid":{"rendered":"https:\/\/www.feyalegria.org\/brasil\/?p=26212"},"modified":"2022-06-28T15:06:02","modified_gmt":"2022-06-28T18:06:02","slug":"materiais-fe-alegria-brasil-enviados-para-angola","status":"publish","type":"post","link":"https:\/\/www.feyalegria.org\/brasil\/materiais-fe-alegria-brasil-enviados-para-angola\/","title":{"rendered":"Materiais pedag\u00f3gicos de F\u00e9 e Alegria do Brasil s\u00e3o enviados a Angola"},"content":{"rendered":"<div class=\"wpb-content-wrapper\"><p>[vc_row][vc_column width=&#8221;1\/2&#8243;][vc_single_image image=&#8221;26215&#8243; alignment=&#8221;center&#8221;][\/vc_column][vc_column width=&#8221;1\/2&#8243;][vc_single_image image=&#8221;26214&#8243; alignment=&#8221;center&#8221;][\/vc_column][\/vc_row][vc_row][vc_column][vc_column_text]F\u00e9 e Alegria em Angola foi implantada recentemente e, para apoiar e capacitar os profissionais locais, a Funda\u00e7\u00e3o F\u00e9 e Alegria do Brasil forneceu \u00e0 nova sede africana materiais pedag\u00f3gicos autorais com foco na defesa dos direitos de crian\u00e7as e adolescentes.<\/p>\n<p>&nbsp;<\/p>\n<p><img loading=\"lazy\" decoding=\"async\" class=\"size-medium wp-image-26229 alignright\" src=\"https:\/\/d3pugrm67vf9n7.cloudfront.net\/wp-content\/uploads\/sites\/23\/2022\/06\/27184427\/WhatsApp-Image-2022-06-27-at-16.31.44-300x122.jpeg\" alt=\"\" width=\"300\" height=\"122\" srcset=\"https:\/\/d3pugrm67vf9n7.cloudfront.net\/wp-content\/uploads\/sites\/23\/2022\/06\/27184427\/WhatsApp-Image-2022-06-27-at-16.31.44-300x122.jpeg 300w, https:\/\/d3pugrm67vf9n7.cloudfront.net\/wp-content\/uploads\/sites\/23\/2022\/06\/27184427\/WhatsApp-Image-2022-06-27-at-16.31.44-1024x418.jpeg 1024w, https:\/\/d3pugrm67vf9n7.cloudfront.net\/wp-content\/uploads\/sites\/23\/2022\/06\/27184427\/WhatsApp-Image-2022-06-27-at-16.31.44-768x313.jpeg 768w, https:\/\/d3pugrm67vf9n7.cloudfront.net\/wp-content\/uploads\/sites\/23\/2022\/06\/27184427\/WhatsApp-Image-2022-06-27-at-16.31.44.jpeg 1280w\" sizes=\"auto, (max-width: 300px) 100vw, 300px\" \/>Para introduzir as premissas do movimento aos educadores(as) angolanos(as), o diretor-presidente da Funda\u00e7\u00e3o F\u00e9 e Alegria do Brasil, Pe. Ant\u00f4nio Tabosa, <em>SJ<\/em>, e o analista pedag\u00f3gico, Paulo Esp\u00edrito Santo, conduziram uma roda de conversa virtual sobre os princ\u00edpios e contextos da Educa\u00e7\u00e3o Popular, em conson\u00e2ncia com a Educa\u00e7\u00e3o Formal de crian\u00e7as e jovens, e do Mundo do Trabalho para a equipe de F\u00e9 e Alegria de Luanda, capital de Angola.<\/p>\n<p>&nbsp;<\/p>\n<p><img loading=\"lazy\" decoding=\"async\" class=\"size-medium wp-image-26213 alignleft\" src=\"https:\/\/d3pugrm67vf9n7.cloudfront.net\/wp-content\/uploads\/sites\/23\/2022\/06\/24142844\/F%C3%A9-e-Alegria-do-Brasil-em-Angola-300x225.jpeg\" alt=\"\" width=\"300\" height=\"225\" srcset=\"https:\/\/d3pugrm67vf9n7.cloudfront.net\/wp-content\/uploads\/sites\/23\/2022\/06\/24142844\/F%C3%A9-e-Alegria-do-Brasil-em-Angola-300x225.jpeg 300w, https:\/\/d3pugrm67vf9n7.cloudfront.net\/wp-content\/uploads\/sites\/23\/2022\/06\/24142844\/F%C3%A9-e-Alegria-do-Brasil-em-Angola-768x576.jpeg 768w, https:\/\/d3pugrm67vf9n7.cloudfront.net\/wp-content\/uploads\/sites\/23\/2022\/06\/24142844\/F%C3%A9-e-Alegria-do-Brasil-em-Angola.jpeg 879w\" sizes=\"auto, (max-width: 300px) 100vw, 300px\" \/>O diretor nacional da Associa\u00e7\u00e3o F\u00e9 e Alegria de Angola, Pe. Andr\u00e9 Herculano Samalambo, <em>SJ<\/em>, recebeu tamb\u00e9m documentos pedag\u00f3gicos de refer\u00eancia. Os materiais, que possibilitam uma atua\u00e7\u00e3o unificada, foram entregues em m\u00e3os pelo coordenador geral da Federa\u00e7\u00e3o Internacional, Pe. Carlos Fritzen, <em>SJ<\/em>, em sua visita ao pa\u00eds. Confira, abaixo, as publica\u00e7\u00f5es encaminhadas:<\/p>\n<p>&nbsp;<\/p>\n<ul>\n<li><strong>Pol\u00edtica Interna de Prote\u00e7\u00e3o aos Direitos da Crian\u00e7a e do Adolescente<\/strong><\/li>\n<\/ul>\n<p>Produzido pela Prov\u00edncia dos Jesu\u00edtas do Brasil, por meio da Funda\u00e7\u00e3o F\u00e9 e Alegria e da Rede Jesu\u00edta de Educa\u00e7\u00e3o B\u00e1sica (RJE), o documento oferece diretrizes para prevenir e conscientizar as equipes internas sobre abusos sexuais, psicol\u00f3gicos ou de poder. O conte\u00fado \u00e9 baseado na Constitui\u00e7\u00e3o Federal, no Estatuto da Crian\u00e7a e do Adolescente (ECA) e no C\u00f3digo Penal Brasileiro e tem como objetivo proteger a integridade f\u00edsica e psicol\u00f3gica de crian\u00e7as e adolescentes atendidos.<\/p>\n<p>&nbsp;<\/p>\n<ul>\n<li><strong>Credo Pedag\u00f3gico<\/strong><em> <strong>\u2013<\/strong><\/em><strong> Proposta Pedag\u00f3gica da Educa\u00e7\u00e3o Popular para as Inf\u00e2ncias<\/strong><\/li>\n<\/ul>\n<p>\u00c9 um documento elaborado em parceria com o Instituto de Inova\u00e7\u00e3o da Unisinos (Universidade do Vale do Rio dos Sinos), cujo prop\u00f3sito \u00e9 direcionar a a\u00e7\u00e3o pedag\u00f3gica nos primeiros anos das crian\u00e7as matriculadas nos Centros de Educa\u00e7\u00e3o Infantil.<\/p>\n<p>&nbsp;<\/p>\n<ul>\n<li><strong>Regimento Interno dos Centros de Educa\u00e7\u00e3o Infantil<\/strong><\/li>\n<\/ul>\n<p>Este material apresenta a proposta pedag\u00f3gica, os objetivos e as responsabilidades dos Centros de Educa\u00e7\u00e3o Infantil (CEIs) da Funda\u00e7\u00e3o F\u00e9 e Alegria. No documento tamb\u00e9m constam as normas com as organiza\u00e7\u00f5es administrativa, did\u00e1tica, pedag\u00f3gica e disciplinar e as diretrizes que devem ser implementadas e praticadas por toda a comunidade escolar.<\/p>\n<p><strong>\u00a0<\/strong><\/p>\n<p><strong>Sobre a Federa\u00e7\u00e3o Internacional F\u00e9 e Alegria<\/strong><\/p>\n<p>Movimento de Educa\u00e7\u00e3o Popular presente em 22 pa\u00edses, entre os quais o Brasil, que promove e defende o direito \u00e0 educa\u00e7\u00e3o de qualidade. A institui\u00e7\u00e3o foi criada em 1955 na cidade de Caracas, capital venezuelana, pelo jesu\u00edta Padre Jos\u00e9 Mar\u00eda V\u00e9laz juntamente com estudantes da Universidade Cat\u00f3lica Andr\u00e9s Bello, e apoiada por Abrah\u00e1n Reyes e Patricia Garc\u00eda, que cederam seu pequeno rancho para dar in\u00edcio \u00e0 primeira escola do movimento.[\/vc_column_text][vc_row_inner][vc_column_inner width=&#8221;1\/2&#8243;][\/vc_column_inner][vc_column_inner width=&#8221;1\/2&#8243;][\/vc_column_inner][\/vc_row_inner][\/vc_column][\/vc_row][vc_row][vc_column][\/vc_column][\/vc_row]<\/p>\n<\/div>","protected":false},"excerpt":{"rendered":"<p>[vc_row][vc_column width=&#8221;1\/2&#8243;][vc_single_image image=&#8221;26215&#8243; alignment=&#8221;center&#8221;][\/vc_column][vc_column width=&#8221;1\/2&#8243;][vc_single_image image=&#8221;26214&#8243; alignment=&#8221;center&#8221;][\/vc_column][\/vc_row][vc_row][vc_column][vc_column_text]F\u00e9 e Alegria em Angola foi implantada recentemente e, para apoiar e capacitar os profissionais locais, a Funda\u00e7\u00e3o F\u00e9 e Alegria do Brasil forneceu \u00e0 nova sede africana materiais pedag\u00f3gicos autorais com foco na defesa dos direitos de crian\u00e7as e adolescentes. &nbsp; Para introduzir as premissas do movimento aos<\/p>\n","protected":false},"author":2,"featured_media":26218,"comment_status":"closed","ping_status":"closed","sticky":false,"template":"","format":"standard","meta":{"_acf_changed":false,"footnotes":""},"categories":[432],"tags":[693,639,547,695,446,537],"post_folder":[],"class_list":["post-26212","post","type-post","status-publish","format-standard","has-post-thumbnail","hentry","category-noticias-pt","tag-angola","tag-credopedagogico","tag-direitoscriancaadolescente","tag-federacaointernacionalfya","tag-fya-pt","tag-fyabrasil"],"acf":[],"yoast_head":"<!-- This site is optimized with the Yoast SEO plugin v27.5 - https:\/\/yoast.com\/product\/yoast-seo-wordpress\/ -->\n<title>Materiais pedag\u00f3gicos de F\u00e9 e Alegria do Brasil s\u00e3o enviados a Angola - #SomosF\u00e9eAlegria en Brasil<\/title>\n<meta name=\"robots\" content=\"index, follow, max-snippet:-1, max-image-preview:large, max-video-preview:-1\" \/>\n<link rel=\"canonical\" href=\"https:\/\/www.feyalegria.org\/brasil\/materiais-fe-alegria-brasil-enviados-para-angola\/\" \/>\n<meta property=\"og:locale\" content=\"es_ES\" \/>\n<meta property=\"og:type\" content=\"article\" \/>\n<meta property=\"og:title\" content=\"Materiais pedag\u00f3gicos de F\u00e9 e Alegria do Brasil s\u00e3o enviados a Angola - #SomosF\u00e9eAlegria en Brasil\" \/>\n<meta property=\"og:description\" content=\"[vc_row][vc_column width=&#8221;1\/2&#8243;][vc_single_image image=&#8221;26215&#8243; alignment=&#8221;center&#8221;][\/vc_column][vc_column width=&#8221;1\/2&#8243;][vc_single_image image=&#8221;26214&#8243; alignment=&#8221;center&#8221;][\/vc_column][\/vc_row][vc_row][vc_column][vc_column_text]F\u00e9 e Alegria em Angola foi implantada recentemente e, para apoiar e capacitar os profissionais locais, a Funda\u00e7\u00e3o F\u00e9 e Alegria do Brasil forneceu \u00e0 nova sede africana materiais pedag\u00f3gicos autorais com foco na defesa dos direitos de crian\u00e7as e adolescentes. &nbsp; Para introduzir as premissas do movimento aos\" \/>\n<meta property=\"og:url\" content=\"https:\/\/www.feyalegria.org\/brasil\/materiais-fe-alegria-brasil-enviados-para-angola\/\" \/>\n<meta property=\"og:site_name\" content=\"#SomosF\u00e9eAlegria en Brasil\" \/>\n<meta property=\"article:published_time\" content=\"2022-06-27T14:57:49+00:00\" \/>\n<meta property=\"article:modified_time\" content=\"2022-06-28T18:06:02+00:00\" \/>\n<meta property=\"og:image\" content=\"https:\/\/d3pugrm67vf9n7.cloudfront.net\/wp-content\/uploads\/sites\/23\/2022\/06\/27115728\/Banner-FyA-Brasil-em-Angola.png\" \/>\n\t<meta property=\"og:image:width\" content=\"1000\" \/>\n\t<meta property=\"og:image:height\" content=\"500\" \/>\n\t<meta property=\"og:image:type\" content=\"image\/png\" \/>\n<meta name=\"author\" content=\"adminfya\" \/>\n<meta name=\"twitter:card\" content=\"summary_large_image\" \/>\n<meta name=\"twitter:label1\" content=\"Escrito por\" \/>\n\t<meta name=\"twitter:data1\" content=\"adminfya\" \/>\n\t<meta name=\"twitter:label2\" content=\"Tiempo de lectura\" \/>\n\t<meta name=\"twitter:data2\" content=\"3 minutos\" \/>\n<script type=\"application\/ld+json\" class=\"yoast-schema-graph\">{\"@context\":\"https:\\\/\\\/schema.org\",\"@graph\":[{\"@type\":\"Article\",\"@id\":\"https:\\\/\\\/www.feyalegria.org\\\/brasil\\\/materiais-fe-alegria-brasil-enviados-para-angola\\\/#article\",\"isPartOf\":{\"@id\":\"https:\\\/\\\/www.feyalegria.org\\\/brasil\\\/materiais-fe-alegria-brasil-enviados-para-angola\\\/\"},\"author\":{\"name\":\"adminfya\",\"@id\":\"https:\\\/\\\/www.feyalegria.org\\\/brasil\\\/#\\\/schema\\\/person\\\/f113dd05751b9243bcc4b62d8f55bc4b\"},\"headline\":\"Materiais pedag\u00f3gicos de F\u00e9 e Alegria do Brasil s\u00e3o enviados a Angola\",\"datePublished\":\"2022-06-27T14:57:49+00:00\",\"dateModified\":\"2022-06-28T18:06:02+00:00\",\"mainEntityOfPage\":{\"@id\":\"https:\\\/\\\/www.feyalegria.org\\\/brasil\\\/materiais-fe-alegria-brasil-enviados-para-angola\\\/\"},\"wordCount\":581,\"image\":{\"@id\":\"https:\\\/\\\/www.feyalegria.org\\\/brasil\\\/materiais-fe-alegria-brasil-enviados-para-angola\\\/#primaryimage\"},\"thumbnailUrl\":\"https:\\\/\\\/d3pugrm67vf9n7.cloudfront.net\\\/wp-content\\\/uploads\\\/sites\\\/23\\\/2022\\\/06\\\/27115728\\\/Banner-FyA-Brasil-em-Angola.png\",\"keywords\":[\"angola\",\"credopedagogico\",\"Direitoscrian\u00e7aadolescente\",\"federa\u00e7\u00e3ointernacionalfya\",\"FyA\",\"FyABrasil\"],\"articleSection\":[\"Noticias\"],\"inLanguage\":\"es-CO\"},{\"@type\":\"WebPage\",\"@id\":\"https:\\\/\\\/www.feyalegria.org\\\/brasil\\\/materiais-fe-alegria-brasil-enviados-para-angola\\\/\",\"url\":\"https:\\\/\\\/www.feyalegria.org\\\/brasil\\\/materiais-fe-alegria-brasil-enviados-para-angola\\\/\",\"name\":\"Materiais pedag\u00f3gicos de F\u00e9 e Alegria do Brasil s\u00e3o enviados a Angola - #SomosF\u00e9eAlegria en Brasil\",\"isPartOf\":{\"@id\":\"https:\\\/\\\/www.feyalegria.org\\\/brasil\\\/#website\"},\"primaryImageOfPage\":{\"@id\":\"https:\\\/\\\/www.feyalegria.org\\\/brasil\\\/materiais-fe-alegria-brasil-enviados-para-angola\\\/#primaryimage\"},\"image\":{\"@id\":\"https:\\\/\\\/www.feyalegria.org\\\/brasil\\\/materiais-fe-alegria-brasil-enviados-para-angola\\\/#primaryimage\"},\"thumbnailUrl\":\"https:\\\/\\\/d3pugrm67vf9n7.cloudfront.net\\\/wp-content\\\/uploads\\\/sites\\\/23\\\/2022\\\/06\\\/27115728\\\/Banner-FyA-Brasil-em-Angola.png\",\"datePublished\":\"2022-06-27T14:57:49+00:00\",\"dateModified\":\"2022-06-28T18:06:02+00:00\",\"author\":{\"@id\":\"https:\\\/\\\/www.feyalegria.org\\\/brasil\\\/#\\\/schema\\\/person\\\/f113dd05751b9243bcc4b62d8f55bc4b\"},\"inLanguage\":\"es-CO\",\"potentialAction\":[{\"@type\":\"ReadAction\",\"target\":[\"https:\\\/\\\/www.feyalegria.org\\\/brasil\\\/materiais-fe-alegria-brasil-enviados-para-angola\\\/\"]}]},{\"@type\":\"ImageObject\",\"inLanguage\":\"es-CO\",\"@id\":\"https:\\\/\\\/www.feyalegria.org\\\/brasil\\\/materiais-fe-alegria-brasil-enviados-para-angola\\\/#primaryimage\",\"url\":\"https:\\\/\\\/d3pugrm67vf9n7.cloudfront.net\\\/wp-content\\\/uploads\\\/sites\\\/23\\\/2022\\\/06\\\/27115728\\\/Banner-FyA-Brasil-em-Angola.png\",\"contentUrl\":\"https:\\\/\\\/d3pugrm67vf9n7.cloudfront.net\\\/wp-content\\\/uploads\\\/sites\\\/23\\\/2022\\\/06\\\/27115728\\\/Banner-FyA-Brasil-em-Angola.png\",\"width\":1000,\"height\":500},{\"@type\":\"WebSite\",\"@id\":\"https:\\\/\\\/www.feyalegria.org\\\/brasil\\\/#website\",\"url\":\"https:\\\/\\\/www.feyalegria.org\\\/brasil\\\/\",\"name\":\"#SomosF\u00e9eAlegria en Brasil\",\"description\":\"\",\"potentialAction\":[{\"@type\":\"SearchAction\",\"target\":{\"@type\":\"EntryPoint\",\"urlTemplate\":\"https:\\\/\\\/www.feyalegria.org\\\/brasil\\\/?s={search_term_string}\"},\"query-input\":{\"@type\":\"PropertyValueSpecification\",\"valueRequired\":true,\"valueName\":\"search_term_string\"}}],\"inLanguage\":\"es-CO\"},{\"@type\":\"Person\",\"@id\":\"https:\\\/\\\/www.feyalegria.org\\\/brasil\\\/#\\\/schema\\\/person\\\/f113dd05751b9243bcc4b62d8f55bc4b\",\"name\":\"adminfya\",\"url\":\"https:\\\/\\\/www.feyalegria.org\\\/brasil\\\/author\\\/adminfya\\\/\"}]}<\/script>\n<!-- \/ Yoast SEO plugin. -->","yoast_head_json":{"title":"Materiais pedag\u00f3gicos de F\u00e9 e Alegria do Brasil s\u00e3o enviados a Angola - #SomosF\u00e9eAlegria en Brasil","robots":{"index":"index","follow":"follow","max-snippet":"max-snippet:-1","max-image-preview":"max-image-preview:large","max-video-preview":"max-video-preview:-1"},"canonical":"https:\/\/www.feyalegria.org\/brasil\/materiais-fe-alegria-brasil-enviados-para-angola\/","og_locale":"es_ES","og_type":"article","og_title":"Materiais pedag\u00f3gicos de F\u00e9 e Alegria do Brasil s\u00e3o enviados a Angola - #SomosF\u00e9eAlegria en Brasil","og_description":"[vc_row][vc_column width=&#8221;1\/2&#8243;][vc_single_image image=&#8221;26215&#8243; alignment=&#8221;center&#8221;][\/vc_column][vc_column width=&#8221;1\/2&#8243;][vc_single_image image=&#8221;26214&#8243; alignment=&#8221;center&#8221;][\/vc_column][\/vc_row][vc_row][vc_column][vc_column_text]F\u00e9 e Alegria em Angola foi implantada recentemente e, para apoiar e capacitar os profissionais locais, a Funda\u00e7\u00e3o F\u00e9 e Alegria do Brasil forneceu \u00e0 nova sede africana materiais pedag\u00f3gicos autorais com foco na defesa dos direitos de crian\u00e7as e adolescentes. &nbsp; Para introduzir as premissas do movimento aos","og_url":"https:\/\/www.feyalegria.org\/brasil\/materiais-fe-alegria-brasil-enviados-para-angola\/","og_site_name":"#SomosF\u00e9eAlegria en Brasil","article_published_time":"2022-06-27T14:57:49+00:00","article_modified_time":"2022-06-28T18:06:02+00:00","og_image":[{"width":1000,"height":500,"url":"https:\/\/d3pugrm67vf9n7.cloudfront.net\/wp-content\/uploads\/sites\/23\/2022\/06\/27115728\/Banner-FyA-Brasil-em-Angola.png","type":"image\/png"}],"author":"adminfya","twitter_card":"summary_large_image","twitter_misc":{"Escrito por":"adminfya","Tiempo de lectura":"3 minutos"},"schema":{"@context":"https:\/\/schema.org","@graph":[{"@type":"Article","@id":"https:\/\/www.feyalegria.org\/brasil\/materiais-fe-alegria-brasil-enviados-para-angola\/#article","isPartOf":{"@id":"https:\/\/www.feyalegria.org\/brasil\/materiais-fe-alegria-brasil-enviados-para-angola\/"},"author":{"name":"adminfya","@id":"https:\/\/www.feyalegria.org\/brasil\/#\/schema\/person\/f113dd05751b9243bcc4b62d8f55bc4b"},"headline":"Materiais pedag\u00f3gicos de F\u00e9 e Alegria do Brasil s\u00e3o enviados a Angola","datePublished":"2022-06-27T14:57:49+00:00","dateModified":"2022-06-28T18:06:02+00:00","mainEntityOfPage":{"@id":"https:\/\/www.feyalegria.org\/brasil\/materiais-fe-alegria-brasil-enviados-para-angola\/"},"wordCount":581,"image":{"@id":"https:\/\/www.feyalegria.org\/brasil\/materiais-fe-alegria-brasil-enviados-para-angola\/#primaryimage"},"thumbnailUrl":"https:\/\/d3pugrm67vf9n7.cloudfront.net\/wp-content\/uploads\/sites\/23\/2022\/06\/27115728\/Banner-FyA-Brasil-em-Angola.png","keywords":["angola","credopedagogico","Direitoscrian\u00e7aadolescente","federa\u00e7\u00e3ointernacionalfya","FyA","FyABrasil"],"articleSection":["Noticias"],"inLanguage":"es-CO"},{"@type":"WebPage","@id":"https:\/\/www.feyalegria.org\/brasil\/materiais-fe-alegria-brasil-enviados-para-angola\/","url":"https:\/\/www.feyalegria.org\/brasil\/materiais-fe-alegria-brasil-enviados-para-angola\/","name":"Materiais pedag\u00f3gicos de F\u00e9 e Alegria do Brasil s\u00e3o enviados a Angola - #SomosF\u00e9eAlegria en Brasil","isPartOf":{"@id":"https:\/\/www.feyalegria.org\/brasil\/#website"},"primaryImageOfPage":{"@id":"https:\/\/www.feyalegria.org\/brasil\/materiais-fe-alegria-brasil-enviados-para-angola\/#primaryimage"},"image":{"@id":"https:\/\/www.feyalegria.org\/brasil\/materiais-fe-alegria-brasil-enviados-para-angola\/#primaryimage"},"thumbnailUrl":"https:\/\/d3pugrm67vf9n7.cloudfront.net\/wp-content\/uploads\/sites\/23\/2022\/06\/27115728\/Banner-FyA-Brasil-em-Angola.png","datePublished":"2022-06-27T14:57:49+00:00","dateModified":"2022-06-28T18:06:02+00:00","author":{"@id":"https:\/\/www.feyalegria.org\/brasil\/#\/schema\/person\/f113dd05751b9243bcc4b62d8f55bc4b"},"inLanguage":"es-CO","potentialAction":[{"@type":"ReadAction","target":["https:\/\/www.feyalegria.org\/brasil\/materiais-fe-alegria-brasil-enviados-para-angola\/"]}]},{"@type":"ImageObject","inLanguage":"es-CO","@id":"https:\/\/www.feyalegria.org\/brasil\/materiais-fe-alegria-brasil-enviados-para-angola\/#primaryimage","url":"https:\/\/d3pugrm67vf9n7.cloudfront.net\/wp-content\/uploads\/sites\/23\/2022\/06\/27115728\/Banner-FyA-Brasil-em-Angola.png","contentUrl":"https:\/\/d3pugrm67vf9n7.cloudfront.net\/wp-content\/uploads\/sites\/23\/2022\/06\/27115728\/Banner-FyA-Brasil-em-Angola.png","width":1000,"height":500},{"@type":"WebSite","@id":"https:\/\/www.feyalegria.org\/brasil\/#website","url":"https:\/\/www.feyalegria.org\/brasil\/","name":"#SomosF\u00e9eAlegria en Brasil","description":"","potentialAction":[{"@type":"SearchAction","target":{"@type":"EntryPoint","urlTemplate":"https:\/\/www.feyalegria.org\/brasil\/?s={search_term_string}"},"query-input":{"@type":"PropertyValueSpecification","valueRequired":true,"valueName":"search_term_string"}}],"inLanguage":"es-CO"},{"@type":"Person","@id":"https:\/\/www.feyalegria.org\/brasil\/#\/schema\/person\/f113dd05751b9243bcc4b62d8f55bc4b","name":"adminfya","url":"https:\/\/www.feyalegria.org\/brasil\/author\/adminfya\/"}]}},"_links":{"self":[{"href":"https:\/\/www.feyalegria.org\/brasil\/wp-json\/wp\/v2\/posts\/26212","targetHints":{"allow":["GET"]}}],"collection":[{"href":"https:\/\/www.feyalegria.org\/brasil\/wp-json\/wp\/v2\/posts"}],"about":[{"href":"https:\/\/www.feyalegria.org\/brasil\/wp-json\/wp\/v2\/types\/post"}],"author":[{"embeddable":true,"href":"https:\/\/www.feyalegria.org\/brasil\/wp-json\/wp\/v2\/users\/2"}],"replies":[{"embeddable":true,"href":"https:\/\/www.feyalegria.org\/brasil\/wp-json\/wp\/v2\/comments?post=26212"}],"version-history":[{"count":0,"href":"https:\/\/www.feyalegria.org\/brasil\/wp-json\/wp\/v2\/posts\/26212\/revisions"}],"wp:featuredmedia":[{"embeddable":true,"href":"https:\/\/www.feyalegria.org\/brasil\/wp-json\/wp\/v2\/media\/26218"}],"wp:attachment":[{"href":"https:\/\/www.feyalegria.org\/brasil\/wp-json\/wp\/v2\/media?parent=26212"}],"wp:term":[{"taxonomy":"category","embeddable":true,"href":"https:\/\/www.feyalegria.org\/brasil\/wp-json\/wp\/v2\/categories?post=26212"},{"taxonomy":"post_tag","embeddable":true,"href":"https:\/\/www.feyalegria.org\/brasil\/wp-json\/wp\/v2\/tags?post=26212"},{"taxonomy":"post_folder","embeddable":true,"href":"https:\/\/www.feyalegria.org\/brasil\/wp-json\/wp\/v2\/post_folder?post=26212"}],"curies":[{"name":"wp","href":"https:\/\/api.w.org\/{rel}","templated":true}]}}