 {"id":26248,"date":"2022-06-28T19:15:12","date_gmt":"2022-06-28T22:15:12","guid":{"rendered":"https:\/\/www.feyalegria.org\/brasil\/?p=26248"},"modified":"2022-06-29T17:57:13","modified_gmt":"2022-06-29T20:57:13","slug":"fya-manaus-e-recife-trocam-experiencias","status":"publish","type":"post","link":"https:\/\/www.feyalegria.org\/brasil\/fya-manaus-e-recife-trocam-experiencias\/","title":{"rendered":"Unidades de F\u00e9 e Alegria em Manaus e Recife trocam experi\u00eancias"},"content":{"rendered":"<div class=\"wpb-content-wrapper\"><p>[vc_row][vc_column][vc_column_text]Nos dias 14 e 15 de junho, a Ir. M\u00aa Cleide Nascimento, coordenadora do Centro Social de Educa\u00e7\u00e3o e Cultura Grande Vit\u00f3ria, unidade de F\u00e9 e Alegria em Manaus, realizou uma visita \u00e0 unidade recifense, F\u00e9 e Alegria Pernambuco. O objetivo do encontro foi a troca de experi\u00eancias e de conhecimentos das a\u00e7\u00f5es realizadas nos centros sociais.<\/p>\n<p>&nbsp;<\/p>\n<p>Durante a visita, a equipe de Recife compartilhou \u00e0 coordenadora manauara as metodologias e os instrumentais utilizados no dia a dia da unidade e apresentou os principais projetos desenvolvidos, com destaque para Servi\u00e7o de Conviv\u00eancia e Fortalecimento de V\u00ednculos (SCFV), Trajet\u00f3rias para o primeiro trabalho e Programa de Aprendizagem Profissional.<\/p>\n<p>&nbsp;<\/p>\n<p>O SCFV, inclusive, foi um dos principais assuntos divididos: o trabalho em comum ofertado por ambas as unidades busca desenvolver o sentimento de pertencimento e identidade no atendido, por meio de a\u00e7\u00f5es educacionais, art\u00edsticas, culturais, entre outras. Alinhado a esse trabalho, o Centro Social Grande Vit\u00f3ria, em Manaus, realiza o Projeto Apoema, conjunto de a\u00e7\u00f5es socioeducativas voltadas para crian\u00e7as e adolescentes de 6 a 14 anos, que tamb\u00e9m foi pauta na troca de experi\u00eancias com F\u00e9 e Alegria Pernambuco.<\/p>\n<p>&nbsp;<\/p>\n<p><img loading=\"lazy\" decoding=\"async\" class=\"wp-image-26250 alignleft\" src=\"https:\/\/d3pugrm67vf9n7.cloudfront.net\/wp-content\/uploads\/sites\/23\/2022\/06\/28191314\/Manaus-e-PE-300x150.png\" alt=\"\" width=\"248\" height=\"124\" srcset=\"https:\/\/d3pugrm67vf9n7.cloudfront.net\/wp-content\/uploads\/sites\/23\/2022\/06\/28191314\/Manaus-e-PE-300x150.png 300w, https:\/\/d3pugrm67vf9n7.cloudfront.net\/wp-content\/uploads\/sites\/23\/2022\/06\/28191314\/Manaus-e-PE-768x384.png 768w, https:\/\/d3pugrm67vf9n7.cloudfront.net\/wp-content\/uploads\/sites\/23\/2022\/06\/28191314\/Manaus-e-PE.png 1000w\" sizes=\"auto, (max-width: 248px) 100vw, 248px\" \/>\u201c<em>Realizar interc\u00e2mbios como esses s\u00e3o de extrema import\u00e2ncia para garantir um novo olhar sobre o trabalho dos centros sociais, refletir sobre as estrat\u00e9gias de atendimento e aprimorar a motiva\u00e7\u00e3o da equipe<\/em>\u201d, refor\u00e7a Catarina Santana, coordenadora de F\u00e9 e Alegria Pernambuco.<\/p>\n<p>&nbsp;<\/p>\n<p><em>\u201cEsta visita se traduz como grande riqueza por ter proporcionado o di\u00e1logo sobre a din\u00e2mica socioeducativa e assistencial das duas unidades. Meu agradecimento aos colaboradores de F\u00e9 e Alegria de Recife que foram muito sol\u00edcitos durante a minha visita\u201d,\u00a0<\/em>elogia a coordenadora de F\u00e9 e Alegria em Manaus, Maria Cleide Nascimento.[\/vc_column_text][\/vc_column][\/vc_row][vc_row][vc_column][\/vc_column][\/vc_row]<\/p>\n<\/div>","protected":false},"excerpt":{"rendered":"<p>[vc_row][vc_column][vc_column_text]Nos dias 14 e 15 de junho, a Ir. M\u00aa Cleide Nascimento, coordenadora do Centro Social de Educa\u00e7\u00e3o e Cultura Grande Vit\u00f3ria, unidade de F\u00e9 e Alegria em Manaus, realizou uma visita \u00e0 unidade recifense, F\u00e9 e Alegria Pernambuco. O objetivo do encontro foi a troca de experi\u00eancias e de conhecimentos das a\u00e7\u00f5es realizadas nos<\/p>\n","protected":false},"author":2,"featured_media":26250,"comment_status":"closed","ping_status":"closed","sticky":false,"template":"","format":"standard","meta":{"_acf_changed":false,"footnotes":""},"categories":[432],"tags":[547,446,436,675,501,629,491],"post_folder":[],"class_list":["post-26248","post","type-post","status-publish","format-standard","has-post-thumbnail","hentry","category-noticias-pt","tag-direitoscriancaadolescente","tag-fya-pt","tag-manaus-pt","tag-promocaosocial","tag-recife","tag-trajetoriasprimeirotrabalho","tag-unidades"],"acf":[],"yoast_head":"<!-- This site is optimized with the Yoast SEO plugin v27.5 - https:\/\/yoast.com\/product\/yoast-seo-wordpress\/ -->\n<title>Unidades de F\u00e9 e Alegria em Manaus e Recife trocam experi\u00eancias - #SomosF\u00e9eAlegria en Brasil<\/title>\n<meta name=\"robots\" content=\"index, follow, max-snippet:-1, max-image-preview:large, max-video-preview:-1\" \/>\n<link rel=\"canonical\" href=\"https:\/\/www.feyalegria.org\/brasil\/fya-manaus-e-recife-trocam-experiencias\/\" \/>\n<meta property=\"og:locale\" content=\"es_ES\" \/>\n<meta property=\"og:type\" content=\"article\" \/>\n<meta property=\"og:title\" content=\"Unidades de F\u00e9 e Alegria em Manaus e Recife trocam experi\u00eancias - #SomosF\u00e9eAlegria en Brasil\" \/>\n<meta property=\"og:description\" content=\"[vc_row][vc_column][vc_column_text]Nos dias 14 e 15 de junho, a Ir. M\u00aa Cleide Nascimento, coordenadora do Centro Social de Educa\u00e7\u00e3o e Cultura Grande Vit\u00f3ria, unidade de F\u00e9 e Alegria em Manaus, realizou uma visita \u00e0 unidade recifense, F\u00e9 e Alegria Pernambuco. O objetivo do encontro foi a troca de experi\u00eancias e de conhecimentos das a\u00e7\u00f5es realizadas nos\" \/>\n<meta property=\"og:url\" content=\"https:\/\/www.feyalegria.org\/brasil\/fya-manaus-e-recife-trocam-experiencias\/\" \/>\n<meta property=\"og:site_name\" content=\"#SomosF\u00e9eAlegria en Brasil\" \/>\n<meta property=\"article:published_time\" content=\"2022-06-28T22:15:12+00:00\" \/>\n<meta property=\"article:modified_time\" content=\"2022-06-29T20:57:13+00:00\" \/>\n<meta property=\"og:image\" content=\"https:\/\/d3pugrm67vf9n7.cloudfront.net\/wp-content\/uploads\/sites\/23\/2022\/06\/28191314\/Manaus-e-PE.png\" \/>\n\t<meta property=\"og:image:width\" content=\"1000\" \/>\n\t<meta property=\"og:image:height\" content=\"500\" \/>\n\t<meta property=\"og:image:type\" content=\"image\/png\" \/>\n<meta name=\"author\" content=\"adminfya\" \/>\n<meta name=\"twitter:card\" content=\"summary_large_image\" \/>\n<meta name=\"twitter:label1\" content=\"Escrito por\" \/>\n\t<meta name=\"twitter:data1\" content=\"adminfya\" \/>\n\t<meta name=\"twitter:label2\" content=\"Tiempo de lectura\" \/>\n\t<meta name=\"twitter:data2\" content=\"2 minutos\" \/>\n<script type=\"application\/ld+json\" class=\"yoast-schema-graph\">{\"@context\":\"https:\\\/\\\/schema.org\",\"@graph\":[{\"@type\":\"Article\",\"@id\":\"https:\\\/\\\/www.feyalegria.org\\\/brasil\\\/fya-manaus-e-recife-trocam-experiencias\\\/#article\",\"isPartOf\":{\"@id\":\"https:\\\/\\\/www.feyalegria.org\\\/brasil\\\/fya-manaus-e-recife-trocam-experiencias\\\/\"},\"author\":{\"name\":\"adminfya\",\"@id\":\"https:\\\/\\\/www.feyalegria.org\\\/brasil\\\/#\\\/schema\\\/person\\\/f113dd05751b9243bcc4b62d8f55bc4b\"},\"headline\":\"Unidades de F\u00e9 e Alegria em Manaus e Recife trocam experi\u00eancias\",\"datePublished\":\"2022-06-28T22:15:12+00:00\",\"dateModified\":\"2022-06-29T20:57:13+00:00\",\"mainEntityOfPage\":{\"@id\":\"https:\\\/\\\/www.feyalegria.org\\\/brasil\\\/fya-manaus-e-recife-trocam-experiencias\\\/\"},\"wordCount\":333,\"image\":{\"@id\":\"https:\\\/\\\/www.feyalegria.org\\\/brasil\\\/fya-manaus-e-recife-trocam-experiencias\\\/#primaryimage\"},\"thumbnailUrl\":\"https:\\\/\\\/d3pugrm67vf9n7.cloudfront.net\\\/wp-content\\\/uploads\\\/sites\\\/23\\\/2022\\\/06\\\/28191314\\\/Manaus-e-PE.png\",\"keywords\":[\"Direitoscrian\u00e7aadolescente\",\"FyA\",\"Manaus\",\"promo\u00e7\u00e3osocial\",\"recife\",\"trajetoriasprimeirotrabalho\",\"unidades\"],\"articleSection\":[\"Noticias\"],\"inLanguage\":\"es-CO\"},{\"@type\":\"WebPage\",\"@id\":\"https:\\\/\\\/www.feyalegria.org\\\/brasil\\\/fya-manaus-e-recife-trocam-experiencias\\\/\",\"url\":\"https:\\\/\\\/www.feyalegria.org\\\/brasil\\\/fya-manaus-e-recife-trocam-experiencias\\\/\",\"name\":\"Unidades de F\u00e9 e Alegria em Manaus e Recife trocam experi\u00eancias - #SomosF\u00e9eAlegria en Brasil\",\"isPartOf\":{\"@id\":\"https:\\\/\\\/www.feyalegria.org\\\/brasil\\\/#website\"},\"primaryImageOfPage\":{\"@id\":\"https:\\\/\\\/www.feyalegria.org\\\/brasil\\\/fya-manaus-e-recife-trocam-experiencias\\\/#primaryimage\"},\"image\":{\"@id\":\"https:\\\/\\\/www.feyalegria.org\\\/brasil\\\/fya-manaus-e-recife-trocam-experiencias\\\/#primaryimage\"},\"thumbnailUrl\":\"https:\\\/\\\/d3pugrm67vf9n7.cloudfront.net\\\/wp-content\\\/uploads\\\/sites\\\/23\\\/2022\\\/06\\\/28191314\\\/Manaus-e-PE.png\",\"datePublished\":\"2022-06-28T22:15:12+00:00\",\"dateModified\":\"2022-06-29T20:57:13+00:00\",\"author\":{\"@id\":\"https:\\\/\\\/www.feyalegria.org\\\/brasil\\\/#\\\/schema\\\/person\\\/f113dd05751b9243bcc4b62d8f55bc4b\"},\"inLanguage\":\"es-CO\",\"potentialAction\":[{\"@type\":\"ReadAction\",\"target\":[\"https:\\\/\\\/www.feyalegria.org\\\/brasil\\\/fya-manaus-e-recife-trocam-experiencias\\\/\"]}]},{\"@type\":\"ImageObject\",\"inLanguage\":\"es-CO\",\"@id\":\"https:\\\/\\\/www.feyalegria.org\\\/brasil\\\/fya-manaus-e-recife-trocam-experiencias\\\/#primaryimage\",\"url\":\"https:\\\/\\\/d3pugrm67vf9n7.cloudfront.net\\\/wp-content\\\/uploads\\\/sites\\\/23\\\/2022\\\/06\\\/28191314\\\/Manaus-e-PE.png\",\"contentUrl\":\"https:\\\/\\\/d3pugrm67vf9n7.cloudfront.net\\\/wp-content\\\/uploads\\\/sites\\\/23\\\/2022\\\/06\\\/28191314\\\/Manaus-e-PE.png\",\"width\":1000,\"height\":500},{\"@type\":\"WebSite\",\"@id\":\"https:\\\/\\\/www.feyalegria.org\\\/brasil\\\/#website\",\"url\":\"https:\\\/\\\/www.feyalegria.org\\\/brasil\\\/\",\"name\":\"#SomosF\u00e9eAlegria en Brasil\",\"description\":\"\",\"potentialAction\":[{\"@type\":\"SearchAction\",\"target\":{\"@type\":\"EntryPoint\",\"urlTemplate\":\"https:\\\/\\\/www.feyalegria.org\\\/brasil\\\/?s={search_term_string}\"},\"query-input\":{\"@type\":\"PropertyValueSpecification\",\"valueRequired\":true,\"valueName\":\"search_term_string\"}}],\"inLanguage\":\"es-CO\"},{\"@type\":\"Person\",\"@id\":\"https:\\\/\\\/www.feyalegria.org\\\/brasil\\\/#\\\/schema\\\/person\\\/f113dd05751b9243bcc4b62d8f55bc4b\",\"name\":\"adminfya\",\"url\":\"https:\\\/\\\/www.feyalegria.org\\\/brasil\\\/author\\\/adminfya\\\/\"}]}<\/script>\n<!-- \/ Yoast SEO plugin. -->","yoast_head_json":{"title":"Unidades de F\u00e9 e Alegria em Manaus e Recife trocam experi\u00eancias - #SomosF\u00e9eAlegria en Brasil","robots":{"index":"index","follow":"follow","max-snippet":"max-snippet:-1","max-image-preview":"max-image-preview:large","max-video-preview":"max-video-preview:-1"},"canonical":"https:\/\/www.feyalegria.org\/brasil\/fya-manaus-e-recife-trocam-experiencias\/","og_locale":"es_ES","og_type":"article","og_title":"Unidades de F\u00e9 e Alegria em Manaus e Recife trocam experi\u00eancias - #SomosF\u00e9eAlegria en Brasil","og_description":"[vc_row][vc_column][vc_column_text]Nos dias 14 e 15 de junho, a Ir. M\u00aa Cleide Nascimento, coordenadora do Centro Social de Educa\u00e7\u00e3o e Cultura Grande Vit\u00f3ria, unidade de F\u00e9 e Alegria em Manaus, realizou uma visita \u00e0 unidade recifense, F\u00e9 e Alegria Pernambuco. O objetivo do encontro foi a troca de experi\u00eancias e de conhecimentos das a\u00e7\u00f5es realizadas nos","og_url":"https:\/\/www.feyalegria.org\/brasil\/fya-manaus-e-recife-trocam-experiencias\/","og_site_name":"#SomosF\u00e9eAlegria en Brasil","article_published_time":"2022-06-28T22:15:12+00:00","article_modified_time":"2022-06-29T20:57:13+00:00","og_image":[{"width":1000,"height":500,"url":"https:\/\/d3pugrm67vf9n7.cloudfront.net\/wp-content\/uploads\/sites\/23\/2022\/06\/28191314\/Manaus-e-PE.png","type":"image\/png"}],"author":"adminfya","twitter_card":"summary_large_image","twitter_misc":{"Escrito por":"adminfya","Tiempo de lectura":"2 minutos"},"schema":{"@context":"https:\/\/schema.org","@graph":[{"@type":"Article","@id":"https:\/\/www.feyalegria.org\/brasil\/fya-manaus-e-recife-trocam-experiencias\/#article","isPartOf":{"@id":"https:\/\/www.feyalegria.org\/brasil\/fya-manaus-e-recife-trocam-experiencias\/"},"author":{"name":"adminfya","@id":"https:\/\/www.feyalegria.org\/brasil\/#\/schema\/person\/f113dd05751b9243bcc4b62d8f55bc4b"},"headline":"Unidades de F\u00e9 e Alegria em Manaus e Recife trocam experi\u00eancias","datePublished":"2022-06-28T22:15:12+00:00","dateModified":"2022-06-29T20:57:13+00:00","mainEntityOfPage":{"@id":"https:\/\/www.feyalegria.org\/brasil\/fya-manaus-e-recife-trocam-experiencias\/"},"wordCount":333,"image":{"@id":"https:\/\/www.feyalegria.org\/brasil\/fya-manaus-e-recife-trocam-experiencias\/#primaryimage"},"thumbnailUrl":"https:\/\/d3pugrm67vf9n7.cloudfront.net\/wp-content\/uploads\/sites\/23\/2022\/06\/28191314\/Manaus-e-PE.png","keywords":["Direitoscrian\u00e7aadolescente","FyA","Manaus","promo\u00e7\u00e3osocial","recife","trajetoriasprimeirotrabalho","unidades"],"articleSection":["Noticias"],"inLanguage":"es-CO"},{"@type":"WebPage","@id":"https:\/\/www.feyalegria.org\/brasil\/fya-manaus-e-recife-trocam-experiencias\/","url":"https:\/\/www.feyalegria.org\/brasil\/fya-manaus-e-recife-trocam-experiencias\/","name":"Unidades de F\u00e9 e Alegria em Manaus e Recife trocam experi\u00eancias - #SomosF\u00e9eAlegria en Brasil","isPartOf":{"@id":"https:\/\/www.feyalegria.org\/brasil\/#website"},"primaryImageOfPage":{"@id":"https:\/\/www.feyalegria.org\/brasil\/fya-manaus-e-recife-trocam-experiencias\/#primaryimage"},"image":{"@id":"https:\/\/www.feyalegria.org\/brasil\/fya-manaus-e-recife-trocam-experiencias\/#primaryimage"},"thumbnailUrl":"https:\/\/d3pugrm67vf9n7.cloudfront.net\/wp-content\/uploads\/sites\/23\/2022\/06\/28191314\/Manaus-e-PE.png","datePublished":"2022-06-28T22:15:12+00:00","dateModified":"2022-06-29T20:57:13+00:00","author":{"@id":"https:\/\/www.feyalegria.org\/brasil\/#\/schema\/person\/f113dd05751b9243bcc4b62d8f55bc4b"},"inLanguage":"es-CO","potentialAction":[{"@type":"ReadAction","target":["https:\/\/www.feyalegria.org\/brasil\/fya-manaus-e-recife-trocam-experiencias\/"]}]},{"@type":"ImageObject","inLanguage":"es-CO","@id":"https:\/\/www.feyalegria.org\/brasil\/fya-manaus-e-recife-trocam-experiencias\/#primaryimage","url":"https:\/\/d3pugrm67vf9n7.cloudfront.net\/wp-content\/uploads\/sites\/23\/2022\/06\/28191314\/Manaus-e-PE.png","contentUrl":"https:\/\/d3pugrm67vf9n7.cloudfront.net\/wp-content\/uploads\/sites\/23\/2022\/06\/28191314\/Manaus-e-PE.png","width":1000,"height":500},{"@type":"WebSite","@id":"https:\/\/www.feyalegria.org\/brasil\/#website","url":"https:\/\/www.feyalegria.org\/brasil\/","name":"#SomosF\u00e9eAlegria en Brasil","description":"","potentialAction":[{"@type":"SearchAction","target":{"@type":"EntryPoint","urlTemplate":"https:\/\/www.feyalegria.org\/brasil\/?s={search_term_string}"},"query-input":{"@type":"PropertyValueSpecification","valueRequired":true,"valueName":"search_term_string"}}],"inLanguage":"es-CO"},{"@type":"Person","@id":"https:\/\/www.feyalegria.org\/brasil\/#\/schema\/person\/f113dd05751b9243bcc4b62d8f55bc4b","name":"adminfya","url":"https:\/\/www.feyalegria.org\/brasil\/author\/adminfya\/"}]}},"_links":{"self":[{"href":"https:\/\/www.feyalegria.org\/brasil\/wp-json\/wp\/v2\/posts\/26248","targetHints":{"allow":["GET"]}}],"collection":[{"href":"https:\/\/www.feyalegria.org\/brasil\/wp-json\/wp\/v2\/posts"}],"about":[{"href":"https:\/\/www.feyalegria.org\/brasil\/wp-json\/wp\/v2\/types\/post"}],"author":[{"embeddable":true,"href":"https:\/\/www.feyalegria.org\/brasil\/wp-json\/wp\/v2\/users\/2"}],"replies":[{"embeddable":true,"href":"https:\/\/www.feyalegria.org\/brasil\/wp-json\/wp\/v2\/comments?post=26248"}],"version-history":[{"count":0,"href":"https:\/\/www.feyalegria.org\/brasil\/wp-json\/wp\/v2\/posts\/26248\/revisions"}],"wp:featuredmedia":[{"embeddable":true,"href":"https:\/\/www.feyalegria.org\/brasil\/wp-json\/wp\/v2\/media\/26250"}],"wp:attachment":[{"href":"https:\/\/www.feyalegria.org\/brasil\/wp-json\/wp\/v2\/media?parent=26248"}],"wp:term":[{"taxonomy":"category","embeddable":true,"href":"https:\/\/www.feyalegria.org\/brasil\/wp-json\/wp\/v2\/categories?post=26248"},{"taxonomy":"post_tag","embeddable":true,"href":"https:\/\/www.feyalegria.org\/brasil\/wp-json\/wp\/v2\/tags?post=26248"},{"taxonomy":"post_folder","embeddable":true,"href":"https:\/\/www.feyalegria.org\/brasil\/wp-json\/wp\/v2\/post_folder?post=26248"}],"curies":[{"name":"wp","href":"https:\/\/api.w.org\/{rel}","templated":true}]}}