 {"id":26602,"date":"2022-08-23T11:58:38","date_gmt":"2022-08-23T14:58:38","guid":{"rendered":"https:\/\/www.feyalegria.org\/brasil\/?p=26602"},"modified":"2022-08-23T17:05:12","modified_gmt":"2022-08-23T20:05:12","slug":"diretor-fya-apresenta-pesquisa-setor-filantropico","status":"publish","type":"post","link":"https:\/\/www.feyalegria.org\/brasil\/diretor-fya-apresenta-pesquisa-setor-filantropico\/","title":{"rendered":"Diretor-presidente de F\u00e9 e Alegria apresenta evento sobre pesquisa do setor filantr\u00f3pico"},"content":{"rendered":"<div class=\"wpb-content-wrapper\"><p>[vc_row content_placement=&#8221;middle&#8221;][vc_column width=&#8221;1\/3&#8243;][vc_single_image image=&#8221;26603&#8243; img_size=&#8221;&#8221; alignment=&#8221;center&#8221; onclick=&#8221;link_image&#8221;][\/vc_column][vc_column width=&#8221;2\/3&#8243;][vc_column_text]No \u00faltimo dia 18, foi realizado evento de apresenta\u00e7\u00e3o da terceira edi\u00e7\u00e3o da pesquisa \u201cA Contrapartida do Setor Filantr\u00f3pico no Brasil\u201d, promovido pelo F\u00f3rum Nacional das Institui\u00e7\u00f5es Filantr\u00f3picas (Fonif), com apoio da DOM Strategy Partners e auditoria da AUDISA. Sediado no Teatro do CIEE, em S\u00e3o Paulo (SP), o encontro foi mediado pelo diretor-presidente da Funda\u00e7\u00e3o F\u00e9 e Alegria do Brasil, Pe. Antonio Tabosa, <em>SJ<\/em>, e teve como objetivo identificar as institui\u00e7\u00f5es atuantes do terceiro setor no pa\u00eds e mensurar dados sobre imunidade tribut\u00e1ria que retorna em benef\u00edcios \u00e0 sociedade<em>. <\/em>[\/vc_column_text][\/vc_column][\/vc_row][vc_row content_placement=&#8221;middle&#8221;][vc_column][vc_column_text]O estudo ressaltou os impactos positivos do terceiro setor, como sua capilaridade no pa\u00eds. Em 2020, foram identificadas 27.384 institui\u00e7\u00f5es filantr\u00f3picas registradas com a Certifica\u00e7\u00e3o de Entidades Beneficentes de Assist\u00eancia Social (CEBAS) e que est\u00e3o dispon\u00edveis a 89% da popula\u00e7\u00e3o brasileira. Desse total, 23% representam associa\u00e7\u00f5es ligadas \u00e0 defesa de direitos sociais, 10% correspondem a atividades como o Servi\u00e7o de Conviv\u00eancia e Fortalecimento de V\u00ednculos, e a porcentagem restante equivale a mais de 100 outras categorias registradas, tais como Sa\u00fade, Educa\u00e7\u00e3o Infantil, Entidades Confessionais, entre outras.<\/p>\n<p>&nbsp;<\/p>\n<p>Outro tema de destaque da apresenta\u00e7\u00e3o foi a imunidade fiscal, concedida \u00e0s entidades sem fins lucrativos que comprovem, no m\u00ednimo, 20% da sua capacidade em atendimentos gratuitos. De acordo com a pesquisa, a cada 1 real de isen\u00e7\u00e3o, 9,79 reais s\u00e3o devolvidos \u00e0 popula\u00e7\u00e3o em forma de servi\u00e7os de relev\u00e2ncia social. No caso da Funda\u00e7\u00e3o F\u00e9 e Alegria do Brasil, obra da Companhia de Jesus no pa\u00eds, a cada 1 real de imunidade tribut\u00e1ria foram investidos 8,40 reais em projetos de Educa\u00e7\u00e3o e de Assist\u00eancia Social, que visam fortalecer a estrutura familiar e desenvolver a autonomia dos atendidos.[\/vc_column_text][\/vc_column][\/vc_row][vc_row][vc_column width=&#8221;1\/2&#8243;][vc_column_text]\u201cFico impressionado com todo o trabalho filantr\u00f3pico realizado por n\u00f3s. H\u00e1 muitos desafios pela frente e temos que ficar atentos \u00e0 legisla\u00e7\u00e3o. Por isso, precisamos ressaltar que estamos aqui para somar e o quanto o setor filantr\u00f3pico \u00e9 aliado do Estado, pois tudo o que realizamos retorna \u00e0 sociedade\u201d, ponderou o jesu\u00edta Pe. Tabosa, que tamb\u00e9m \u00e9 vice-presidente do FONIF.<\/p>\n<p>[\/vc_column_text][\/vc_column][vc_column width=&#8221;1\/2&#8243;][vc_single_image image=&#8221;26604&#8243; img_size=&#8221;&#8221; add_caption=&#8221;yes&#8221; alignment=&#8221;center&#8221; onclick=&#8221;link_image&#8221;][\/vc_column][\/vc_row][vc_row][vc_column]<a href=\"https:\/\/materiais.fonif.org.br\/pesquisa-mais-filantropia\" title=\"Clique aqui e acesse a pesquisa \u201cA Contrapartida do Setor Filantr\u00f3pico no Brasil\u201d \"  data-id=\"mpc_button-4569f32e974fc61\" class=\"mpc-button mpc-init mpc-transition mpc-typography--default \" ><div class=\"mpc-button__content mpc-effect-type--stay mpc-effect-side--right\"><span class=\"mpc-button__title mpc-transition\">Clique aqui e acesse a pesquisa \u201cA Contrapartida do Setor Filantr\u00f3pico no Brasil\u201d<\/span><i class=\"mpc-button__icon mpc-transition  fa fa-angle-double-down\"><\/i><\/div><div class=\"mpc-button__background mpc-transition mpc-effect-type--fade mpc-effect-side--in\"><\/div><\/a>[\/vc_column][\/vc_row]<\/p>\n<\/div>","protected":false},"excerpt":{"rendered":"<p>[vc_row content_placement=&#8221;middle&#8221;][vc_column width=&#8221;1\/3&#8243;][vc_single_image image=&#8221;26603&#8243; img_size=&#8221;&#8221; alignment=&#8221;center&#8221; onclick=&#8221;link_image&#8221;][\/vc_column][vc_column width=&#8221;2\/3&#8243;][vc_column_text]No \u00faltimo dia 18, foi realizado evento de apresenta\u00e7\u00e3o da terceira edi\u00e7\u00e3o da pesquisa \u201cA Contrapartida do Setor Filantr\u00f3pico no Brasil\u201d, promovido pelo F\u00f3rum Nacional das Institui\u00e7\u00f5es Filantr\u00f3picas (Fonif), com apoio da DOM Strategy Partners e auditoria da AUDISA. Sediado no Teatro do CIEE, em S\u00e3o Paulo (SP),<\/p>\n","protected":false},"author":2,"featured_media":26605,"comment_status":"closed","ping_status":"closed","sticky":false,"template":"","format":"standard","meta":{"_acf_changed":false,"footnotes":""},"categories":[432],"tags":[549,412,537],"post_folder":[],"class_list":["post-26602","post","type-post","status-publish","format-standard","has-post-thumbnail","hentry","category-noticias-pt","tag-fonif","tag-fya","tag-fyabrasil"],"acf":[],"yoast_head":"<!-- This site is optimized with the Yoast SEO plugin v27.5 - https:\/\/yoast.com\/product\/yoast-seo-wordpress\/ -->\n<title>Diretor-presidente de F\u00e9 e Alegria apresenta evento sobre pesquisa do setor filantr\u00f3pico - #SomosF\u00e9eAlegria en Brasil<\/title>\n<meta name=\"robots\" content=\"index, follow, max-snippet:-1, max-image-preview:large, max-video-preview:-1\" \/>\n<link rel=\"canonical\" href=\"https:\/\/www.feyalegria.org\/brasil\/diretor-fya-apresenta-pesquisa-setor-filantropico\/\" \/>\n<meta property=\"og:locale\" content=\"es_ES\" \/>\n<meta property=\"og:type\" content=\"article\" \/>\n<meta property=\"og:title\" content=\"Diretor-presidente de F\u00e9 e Alegria apresenta evento sobre pesquisa do setor filantr\u00f3pico - #SomosF\u00e9eAlegria en Brasil\" \/>\n<meta property=\"og:description\" content=\"[vc_row content_placement=&#8221;middle&#8221;][vc_column width=&#8221;1\/3&#8243;][vc_single_image image=&#8221;26603&#8243; img_size=&#8221;&#8221; alignment=&#8221;center&#8221; onclick=&#8221;link_image&#8221;][\/vc_column][vc_column width=&#8221;2\/3&#8243;][vc_column_text]No \u00faltimo dia 18, foi realizado evento de apresenta\u00e7\u00e3o da terceira edi\u00e7\u00e3o da pesquisa \u201cA Contrapartida do Setor Filantr\u00f3pico no Brasil\u201d, promovido pelo F\u00f3rum Nacional das Institui\u00e7\u00f5es Filantr\u00f3picas (Fonif), com apoio da DOM Strategy Partners e auditoria da AUDISA. Sediado no Teatro do CIEE, em S\u00e3o Paulo (SP),\" \/>\n<meta property=\"og:url\" content=\"https:\/\/www.feyalegria.org\/brasil\/diretor-fya-apresenta-pesquisa-setor-filantropico\/\" \/>\n<meta property=\"og:site_name\" content=\"#SomosF\u00e9eAlegria en Brasil\" \/>\n<meta property=\"article:published_time\" content=\"2022-08-23T14:58:38+00:00\" \/>\n<meta property=\"article:modified_time\" content=\"2022-08-23T20:05:12+00:00\" \/>\n<meta property=\"og:image\" content=\"https:\/\/d3pugrm67vf9n7.cloudfront.net\/wp-content\/uploads\/sites\/23\/2022\/08\/22183503\/Banner-FONIF.png\" \/>\n\t<meta property=\"og:image:width\" content=\"1000\" \/>\n\t<meta property=\"og:image:height\" content=\"500\" \/>\n\t<meta property=\"og:image:type\" content=\"image\/png\" \/>\n<meta name=\"author\" content=\"adminfya\" \/>\n<meta name=\"twitter:card\" content=\"summary_large_image\" \/>\n<meta name=\"twitter:label1\" content=\"Escrito por\" \/>\n\t<meta name=\"twitter:data1\" content=\"adminfya\" \/>\n\t<meta name=\"twitter:label2\" content=\"Tiempo de lectura\" \/>\n\t<meta name=\"twitter:data2\" content=\"3 minutos\" \/>\n<script type=\"application\/ld+json\" class=\"yoast-schema-graph\">{\"@context\":\"https:\\\/\\\/schema.org\",\"@graph\":[{\"@type\":\"Article\",\"@id\":\"https:\\\/\\\/www.feyalegria.org\\\/brasil\\\/diretor-fya-apresenta-pesquisa-setor-filantropico\\\/#article\",\"isPartOf\":{\"@id\":\"https:\\\/\\\/www.feyalegria.org\\\/brasil\\\/diretor-fya-apresenta-pesquisa-setor-filantropico\\\/\"},\"author\":{\"name\":\"adminfya\",\"@id\":\"https:\\\/\\\/www.feyalegria.org\\\/brasil\\\/#\\\/schema\\\/person\\\/f113dd05751b9243bcc4b62d8f55bc4b\"},\"headline\":\"Diretor-presidente de F\u00e9 e Alegria apresenta evento sobre pesquisa do setor filantr\u00f3pico\",\"datePublished\":\"2022-08-23T14:58:38+00:00\",\"dateModified\":\"2022-08-23T20:05:12+00:00\",\"mainEntityOfPage\":{\"@id\":\"https:\\\/\\\/www.feyalegria.org\\\/brasil\\\/diretor-fya-apresenta-pesquisa-setor-filantropico\\\/\"},\"wordCount\":565,\"image\":{\"@id\":\"https:\\\/\\\/www.feyalegria.org\\\/brasil\\\/diretor-fya-apresenta-pesquisa-setor-filantropico\\\/#primaryimage\"},\"thumbnailUrl\":\"https:\\\/\\\/d3pugrm67vf9n7.cloudfront.net\\\/wp-content\\\/uploads\\\/sites\\\/23\\\/2022\\\/08\\\/22183503\\\/Banner-FONIF.png\",\"keywords\":[\"FONIF\",\"FyA\",\"FyABrasil\"],\"articleSection\":[\"Noticias\"],\"inLanguage\":\"es-CO\"},{\"@type\":\"WebPage\",\"@id\":\"https:\\\/\\\/www.feyalegria.org\\\/brasil\\\/diretor-fya-apresenta-pesquisa-setor-filantropico\\\/\",\"url\":\"https:\\\/\\\/www.feyalegria.org\\\/brasil\\\/diretor-fya-apresenta-pesquisa-setor-filantropico\\\/\",\"name\":\"Diretor-presidente de F\u00e9 e Alegria apresenta evento sobre pesquisa do setor filantr\u00f3pico - #SomosF\u00e9eAlegria en Brasil\",\"isPartOf\":{\"@id\":\"https:\\\/\\\/www.feyalegria.org\\\/brasil\\\/#website\"},\"primaryImageOfPage\":{\"@id\":\"https:\\\/\\\/www.feyalegria.org\\\/brasil\\\/diretor-fya-apresenta-pesquisa-setor-filantropico\\\/#primaryimage\"},\"image\":{\"@id\":\"https:\\\/\\\/www.feyalegria.org\\\/brasil\\\/diretor-fya-apresenta-pesquisa-setor-filantropico\\\/#primaryimage\"},\"thumbnailUrl\":\"https:\\\/\\\/d3pugrm67vf9n7.cloudfront.net\\\/wp-content\\\/uploads\\\/sites\\\/23\\\/2022\\\/08\\\/22183503\\\/Banner-FONIF.png\",\"datePublished\":\"2022-08-23T14:58:38+00:00\",\"dateModified\":\"2022-08-23T20:05:12+00:00\",\"author\":{\"@id\":\"https:\\\/\\\/www.feyalegria.org\\\/brasil\\\/#\\\/schema\\\/person\\\/f113dd05751b9243bcc4b62d8f55bc4b\"},\"inLanguage\":\"es-CO\",\"potentialAction\":[{\"@type\":\"ReadAction\",\"target\":[\"https:\\\/\\\/www.feyalegria.org\\\/brasil\\\/diretor-fya-apresenta-pesquisa-setor-filantropico\\\/\"]}]},{\"@type\":\"ImageObject\",\"inLanguage\":\"es-CO\",\"@id\":\"https:\\\/\\\/www.feyalegria.org\\\/brasil\\\/diretor-fya-apresenta-pesquisa-setor-filantropico\\\/#primaryimage\",\"url\":\"https:\\\/\\\/d3pugrm67vf9n7.cloudfront.net\\\/wp-content\\\/uploads\\\/sites\\\/23\\\/2022\\\/08\\\/22183503\\\/Banner-FONIF.png\",\"contentUrl\":\"https:\\\/\\\/d3pugrm67vf9n7.cloudfront.net\\\/wp-content\\\/uploads\\\/sites\\\/23\\\/2022\\\/08\\\/22183503\\\/Banner-FONIF.png\",\"width\":1000,\"height\":500},{\"@type\":\"WebSite\",\"@id\":\"https:\\\/\\\/www.feyalegria.org\\\/brasil\\\/#website\",\"url\":\"https:\\\/\\\/www.feyalegria.org\\\/brasil\\\/\",\"name\":\"#SomosF\u00e9eAlegria en Brasil\",\"description\":\"\",\"potentialAction\":[{\"@type\":\"SearchAction\",\"target\":{\"@type\":\"EntryPoint\",\"urlTemplate\":\"https:\\\/\\\/www.feyalegria.org\\\/brasil\\\/?s={search_term_string}\"},\"query-input\":{\"@type\":\"PropertyValueSpecification\",\"valueRequired\":true,\"valueName\":\"search_term_string\"}}],\"inLanguage\":\"es-CO\"},{\"@type\":\"Person\",\"@id\":\"https:\\\/\\\/www.feyalegria.org\\\/brasil\\\/#\\\/schema\\\/person\\\/f113dd05751b9243bcc4b62d8f55bc4b\",\"name\":\"adminfya\",\"url\":\"https:\\\/\\\/www.feyalegria.org\\\/brasil\\\/author\\\/adminfya\\\/\"}]}<\/script>\n<!-- \/ Yoast SEO plugin. -->","yoast_head_json":{"title":"Diretor-presidente de F\u00e9 e Alegria apresenta evento sobre pesquisa do setor filantr\u00f3pico - #SomosF\u00e9eAlegria en Brasil","robots":{"index":"index","follow":"follow","max-snippet":"max-snippet:-1","max-image-preview":"max-image-preview:large","max-video-preview":"max-video-preview:-1"},"canonical":"https:\/\/www.feyalegria.org\/brasil\/diretor-fya-apresenta-pesquisa-setor-filantropico\/","og_locale":"es_ES","og_type":"article","og_title":"Diretor-presidente de F\u00e9 e Alegria apresenta evento sobre pesquisa do setor filantr\u00f3pico - #SomosF\u00e9eAlegria en Brasil","og_description":"[vc_row content_placement=&#8221;middle&#8221;][vc_column width=&#8221;1\/3&#8243;][vc_single_image image=&#8221;26603&#8243; img_size=&#8221;&#8221; alignment=&#8221;center&#8221; onclick=&#8221;link_image&#8221;][\/vc_column][vc_column width=&#8221;2\/3&#8243;][vc_column_text]No \u00faltimo dia 18, foi realizado evento de apresenta\u00e7\u00e3o da terceira edi\u00e7\u00e3o da pesquisa \u201cA Contrapartida do Setor Filantr\u00f3pico no Brasil\u201d, promovido pelo F\u00f3rum Nacional das Institui\u00e7\u00f5es Filantr\u00f3picas (Fonif), com apoio da DOM Strategy Partners e auditoria da AUDISA. Sediado no Teatro do CIEE, em S\u00e3o Paulo (SP),","og_url":"https:\/\/www.feyalegria.org\/brasil\/diretor-fya-apresenta-pesquisa-setor-filantropico\/","og_site_name":"#SomosF\u00e9eAlegria en Brasil","article_published_time":"2022-08-23T14:58:38+00:00","article_modified_time":"2022-08-23T20:05:12+00:00","og_image":[{"width":1000,"height":500,"url":"https:\/\/d3pugrm67vf9n7.cloudfront.net\/wp-content\/uploads\/sites\/23\/2022\/08\/22183503\/Banner-FONIF.png","type":"image\/png"}],"author":"adminfya","twitter_card":"summary_large_image","twitter_misc":{"Escrito por":"adminfya","Tiempo de lectura":"3 minutos"},"schema":{"@context":"https:\/\/schema.org","@graph":[{"@type":"Article","@id":"https:\/\/www.feyalegria.org\/brasil\/diretor-fya-apresenta-pesquisa-setor-filantropico\/#article","isPartOf":{"@id":"https:\/\/www.feyalegria.org\/brasil\/diretor-fya-apresenta-pesquisa-setor-filantropico\/"},"author":{"name":"adminfya","@id":"https:\/\/www.feyalegria.org\/brasil\/#\/schema\/person\/f113dd05751b9243bcc4b62d8f55bc4b"},"headline":"Diretor-presidente de F\u00e9 e Alegria apresenta evento sobre pesquisa do setor filantr\u00f3pico","datePublished":"2022-08-23T14:58:38+00:00","dateModified":"2022-08-23T20:05:12+00:00","mainEntityOfPage":{"@id":"https:\/\/www.feyalegria.org\/brasil\/diretor-fya-apresenta-pesquisa-setor-filantropico\/"},"wordCount":565,"image":{"@id":"https:\/\/www.feyalegria.org\/brasil\/diretor-fya-apresenta-pesquisa-setor-filantropico\/#primaryimage"},"thumbnailUrl":"https:\/\/d3pugrm67vf9n7.cloudfront.net\/wp-content\/uploads\/sites\/23\/2022\/08\/22183503\/Banner-FONIF.png","keywords":["FONIF","FyA","FyABrasil"],"articleSection":["Noticias"],"inLanguage":"es-CO"},{"@type":"WebPage","@id":"https:\/\/www.feyalegria.org\/brasil\/diretor-fya-apresenta-pesquisa-setor-filantropico\/","url":"https:\/\/www.feyalegria.org\/brasil\/diretor-fya-apresenta-pesquisa-setor-filantropico\/","name":"Diretor-presidente de F\u00e9 e Alegria apresenta evento sobre pesquisa do setor filantr\u00f3pico - #SomosF\u00e9eAlegria en Brasil","isPartOf":{"@id":"https:\/\/www.feyalegria.org\/brasil\/#website"},"primaryImageOfPage":{"@id":"https:\/\/www.feyalegria.org\/brasil\/diretor-fya-apresenta-pesquisa-setor-filantropico\/#primaryimage"},"image":{"@id":"https:\/\/www.feyalegria.org\/brasil\/diretor-fya-apresenta-pesquisa-setor-filantropico\/#primaryimage"},"thumbnailUrl":"https:\/\/d3pugrm67vf9n7.cloudfront.net\/wp-content\/uploads\/sites\/23\/2022\/08\/22183503\/Banner-FONIF.png","datePublished":"2022-08-23T14:58:38+00:00","dateModified":"2022-08-23T20:05:12+00:00","author":{"@id":"https:\/\/www.feyalegria.org\/brasil\/#\/schema\/person\/f113dd05751b9243bcc4b62d8f55bc4b"},"inLanguage":"es-CO","potentialAction":[{"@type":"ReadAction","target":["https:\/\/www.feyalegria.org\/brasil\/diretor-fya-apresenta-pesquisa-setor-filantropico\/"]}]},{"@type":"ImageObject","inLanguage":"es-CO","@id":"https:\/\/www.feyalegria.org\/brasil\/diretor-fya-apresenta-pesquisa-setor-filantropico\/#primaryimage","url":"https:\/\/d3pugrm67vf9n7.cloudfront.net\/wp-content\/uploads\/sites\/23\/2022\/08\/22183503\/Banner-FONIF.png","contentUrl":"https:\/\/d3pugrm67vf9n7.cloudfront.net\/wp-content\/uploads\/sites\/23\/2022\/08\/22183503\/Banner-FONIF.png","width":1000,"height":500},{"@type":"WebSite","@id":"https:\/\/www.feyalegria.org\/brasil\/#website","url":"https:\/\/www.feyalegria.org\/brasil\/","name":"#SomosF\u00e9eAlegria en Brasil","description":"","potentialAction":[{"@type":"SearchAction","target":{"@type":"EntryPoint","urlTemplate":"https:\/\/www.feyalegria.org\/brasil\/?s={search_term_string}"},"query-input":{"@type":"PropertyValueSpecification","valueRequired":true,"valueName":"search_term_string"}}],"inLanguage":"es-CO"},{"@type":"Person","@id":"https:\/\/www.feyalegria.org\/brasil\/#\/schema\/person\/f113dd05751b9243bcc4b62d8f55bc4b","name":"adminfya","url":"https:\/\/www.feyalegria.org\/brasil\/author\/adminfya\/"}]}},"_links":{"self":[{"href":"https:\/\/www.feyalegria.org\/brasil\/wp-json\/wp\/v2\/posts\/26602","targetHints":{"allow":["GET"]}}],"collection":[{"href":"https:\/\/www.feyalegria.org\/brasil\/wp-json\/wp\/v2\/posts"}],"about":[{"href":"https:\/\/www.feyalegria.org\/brasil\/wp-json\/wp\/v2\/types\/post"}],"author":[{"embeddable":true,"href":"https:\/\/www.feyalegria.org\/brasil\/wp-json\/wp\/v2\/users\/2"}],"replies":[{"embeddable":true,"href":"https:\/\/www.feyalegria.org\/brasil\/wp-json\/wp\/v2\/comments?post=26602"}],"version-history":[{"count":0,"href":"https:\/\/www.feyalegria.org\/brasil\/wp-json\/wp\/v2\/posts\/26602\/revisions"}],"wp:featuredmedia":[{"embeddable":true,"href":"https:\/\/www.feyalegria.org\/brasil\/wp-json\/wp\/v2\/media\/26605"}],"wp:attachment":[{"href":"https:\/\/www.feyalegria.org\/brasil\/wp-json\/wp\/v2\/media?parent=26602"}],"wp:term":[{"taxonomy":"category","embeddable":true,"href":"https:\/\/www.feyalegria.org\/brasil\/wp-json\/wp\/v2\/categories?post=26602"},{"taxonomy":"post_tag","embeddable":true,"href":"https:\/\/www.feyalegria.org\/brasil\/wp-json\/wp\/v2\/tags?post=26602"},{"taxonomy":"post_folder","embeddable":true,"href":"https:\/\/www.feyalegria.org\/brasil\/wp-json\/wp\/v2\/post_folder?post=26602"}],"curies":[{"name":"wp","href":"https:\/\/api.w.org\/{rel}","templated":true}]}}