 {"id":26732,"date":"2022-10-27T18:35:22","date_gmt":"2022-10-27T21:35:22","guid":{"rendered":"https:\/\/www.feyalegria.org\/brasil\/?p=26732"},"modified":"2022-11-07T15:42:00","modified_gmt":"2022-11-07T18:42:00","slug":"confya-a-educacao-transformando-vidas","status":"publish","type":"post","link":"https:\/\/www.feyalegria.org\/brasil\/confya-a-educacao-transformando-vidas\/","title":{"rendered":"ConFYA: a Educa\u00e7\u00e3o transformando vidas"},"content":{"rendered":"<div class=\"wpb-content-wrapper\"><p>[vc_row][vc_column][vc_column_text]<\/p>\n<p class=\"p1\">O poder transformador da Educa\u00e7\u00e3o motivou antigos alunos do Col\u00e9gio S\u00e3o Lu\u00eds (CSL) para o encontro <i>Juntos ConFYA<\/i>, realizado na \u00faltima ter\u00e7a-feira (25), em S\u00e3o Paulo (SP). A convite da Prov\u00edncia dos Jesu\u00edtas do Brasil e da Federa\u00e7\u00e3o Internacional F\u00e9 e Alegria, eles puderam conhecer um pouco do importante trabalho realizado por este movimento que se dedica \u00e0 Educa\u00e7\u00e3o Popular e \u00e0 Promo\u00e7\u00e3o Social no Brasil e no mundo. Essa a\u00e7\u00e3o contou ainda com o apoio da ASIA (Associa\u00e7\u00e3o dos Antigos Alunos dos Padres Jesu\u00edtas) e do pr\u00f3prio CSL, que cedeu o espa\u00e7o para o evento.<\/p>\n<p>&nbsp;<\/p>\n<p class=\"p1\">Os antigos alunos foram acolhidos pelo Provincial do Brasil, Pe. Mieczyslaw Smyda, <i>SJ<\/i>, que se lembrou de quando foi reitor do col\u00e9gio e destacou a import\u00e2ncia que a Educa\u00e7\u00e3o tem para a Companhia de Jesus. Ele salientou ainda a miss\u00e3o dos jesu\u00edtas de levar ensino de qualidade \u00e0s popula\u00e7\u00f5es em situa\u00e7\u00e3o de vulnerabilidade, que tem em F\u00e9 e Alegria seu grande exemplo, e, por fim, convidou aos presentes a se engajarem nesse movimento, para que possa ser ampliado o n\u00famero de atendimentos.<\/p>\n<p>&nbsp;<\/p>\n<p class=\"p1\">Em seguida, o Coordenador-Geral da Federa\u00e7\u00e3o Internacional F\u00e9 e Alegria, Pe. Carlos Fritzen, <i>SJ<\/i>, relembrou o surgimento da institui\u00e7\u00e3o em Caracas, na Venezuela, h\u00e1 65 anos, por iniciativa do Pe. Jos\u00e9 Mar\u00eda V\u00e9laz, <i>SJ<\/i>, com a colabora\u00e7\u00e3o de estudantes jesu\u00edtas e de um casal venezuelano que cedeu a pr\u00f3pria cada para a instala\u00e7\u00e3o da primeira escola do movimento.<\/p>\n<p>&nbsp;<\/p>\n<p class=\"p1\">Atualmente, a institui\u00e7\u00e3o atende mais de 1 milh\u00e3o de pessoas em mais de 1.600 localidades do mundo. No Brasil, a Funda\u00e7\u00e3o F\u00e9 e Alegria est\u00e1 presente em 18 cidades de 14 estados. Ao todo, s\u00e3o mais de 8,5 mil atendidos diretos e de 22 mil indiretos.<\/p>\n<p>&nbsp;<\/p>\n<p class=\"p1\">Quem trouxe mais informa\u00e7\u00f5es sobre o trabalho desenvolvido no Brasil foi o Pe. Ant\u00f4nio Tabosa, <i>SJ<\/i>, Diretor-Presidente da Funda\u00e7\u00e3o no pa\u00eds. Emocionado e emocionando o p\u00fablico presente, o jesu\u00edta contou como F\u00e9 e Alegria tem transformado a vida de milhares de crian\u00e7as, adolescentes, jovens e suas fam\u00edlias em v\u00e1rias regi\u00f5es brasileiras.<\/p>\n<p>&nbsp;<\/p>\n<p class=\"p1\">Em seguida, foi a vez de Emily Karen de Souza Vieira, antiga educanda de F\u00e9 e Alegria, compartilhar sua hist\u00f3ria e de como a educa\u00e7\u00e3o oferecida pela institui\u00e7\u00e3o tornou-se fundamental para abrir novas perspectivas para sua vida, como a possibilidade de aprender a tocar um instrumento musical.<\/p>\n<p>&nbsp;<\/p>\n<p class=\"p1\">O outro depoimento emocionante foi o de Ilaine Abigail Paheco Mujica, venezuelana, tamb\u00e9m atendida por F\u00e9 e Alegria por meio da atua\u00e7\u00e3o com migrantes. Fugindo da crise humanit\u00e1ria e econ\u00f4mica em seu pa\u00eds, Ilane foi acolhida por F\u00e9 e Alegria, que, al\u00e9m da hospedagem, viabilizou sua reinser\u00e7\u00e3o social e de sua fam\u00edlia. Hoje, ela trabalha como bab\u00e1 e seu filho adolescente \u00e9 um dos alunos do ensino m\u00e9dio noturno do Col\u00e9gio S\u00e3o Lu\u00eds. A hist\u00f3ria de Ilaine com F\u00e9 e Alegria antecede o atendimento em territ\u00f3rio brasileiro. Ela \u00e9 antiga educanda de uma das escolas da institui\u00e7\u00e3o em seu pa\u00eds.<\/p>\n<p>&nbsp;<\/p>\n<p class=\"p1\">Participaram tamb\u00e9m deste momento de apoio \u00e0 F\u00e9 e Alegria o Superior dos Jesu\u00edtas do N\u00facleo Apost\u00f3lico Bahia, Pe. Alexandre Raimundo de Souza, <i>SJ<\/i>, o Diretor da Rede Jesu\u00edta de Educa\u00e7\u00e3o B\u00e1sica (RJE), professor Fernando Guidini, e alguns representantes do Conselho de Diretores e Diretoras Nacionais de F\u00e9 e Alegria, encontro internacional realizado em S\u00e3o Paulo, de 24 a 28 de outubro. Entre os antigos alunos, estiveram presentes desembargadores, ju\u00edzes, advogados e jornalistas que abriram seus cora\u00e7\u00f5es para colaborar com F\u00e9 e Alegria. Hoje, a entidade busca doadores (pessoas f\u00edsicas e jur\u00eddicas) para manter e ampliar os projetos e servi\u00e7os oferecidos no Brasil e no mundo.<\/p>\n<p>&nbsp;<\/p>\n<p class=\"p1\">Para encerrar a noite, os antigos alunos foram convidados pelo diretor-geral do CSL, Pe. Edison de Lima, SJ, para visitarem as novas depend\u00eancias do Col\u00e9gio, matando a saudade dos colegas e dos antigos professores, como o \u201cTio Guedes\u201d e Paulo Moregola.<\/p>\n<p>[\/vc_column_text][\/vc_column][\/vc_row][vc_row][vc_column][vc_gallery type=&#8221;image_grid&#8221; images=&#8221;26741,26742,26750,26748,26747,26743,26736,26738,26739,26740,26757,26758,26764,26765,26766,26767,26768,26769,26770,26771,26772,26773&#8243;][\/vc_column][\/vc_row]<\/p>\n<\/div>","protected":false},"excerpt":{"rendered":"<p>[vc_row][vc_column][vc_column_text] O poder transformador da Educa\u00e7\u00e3o motivou antigos alunos do Col\u00e9gio S\u00e3o Lu\u00eds (CSL) para o encontro Juntos ConFYA, realizado na \u00faltima ter\u00e7a-feira (25), em S\u00e3o Paulo (SP). A convite da Prov\u00edncia dos Jesu\u00edtas do Brasil e da Federa\u00e7\u00e3o Internacional F\u00e9 e Alegria, eles puderam conhecer um pouco do importante trabalho realizado por este movimento<\/p>\n","protected":false},"author":2,"featured_media":26733,"comment_status":"open","ping_status":"open","sticky":false,"template":"","format":"standard","meta":{"_acf_changed":false,"footnotes":""},"categories":[183,432],"tags":[760,408,412],"post_folder":[],"class_list":["post-26732","post","type-post","status-publish","format-standard","has-post-thumbnail","hentry","category-noticias","category-noticias-pt","tag-confya","tag-fe-e-alegria","tag-fya"],"acf":[],"yoast_head":"<!-- This site is optimized with the Yoast SEO plugin v27.5 - https:\/\/yoast.com\/product\/yoast-seo-wordpress\/ -->\n<title>ConFYA: a Educa\u00e7\u00e3o transformando vidas - #SomosF\u00e9eAlegria en Brasil<\/title>\n<meta name=\"robots\" content=\"index, follow, max-snippet:-1, max-image-preview:large, max-video-preview:-1\" \/>\n<link rel=\"canonical\" href=\"https:\/\/www.feyalegria.org\/brasil\/confya-a-educacao-transformando-vidas\/\" \/>\n<meta property=\"og:locale\" content=\"es_ES\" \/>\n<meta property=\"og:type\" content=\"article\" \/>\n<meta property=\"og:title\" content=\"ConFYA: a Educa\u00e7\u00e3o transformando vidas - #SomosF\u00e9eAlegria en Brasil\" \/>\n<meta property=\"og:description\" content=\"[vc_row][vc_column][vc_column_text] O poder transformador da Educa\u00e7\u00e3o motivou antigos alunos do Col\u00e9gio S\u00e3o Lu\u00eds (CSL) para o encontro Juntos ConFYA, realizado na \u00faltima ter\u00e7a-feira (25), em S\u00e3o Paulo (SP). A convite da Prov\u00edncia dos Jesu\u00edtas do Brasil e da Federa\u00e7\u00e3o Internacional F\u00e9 e Alegria, eles puderam conhecer um pouco do importante trabalho realizado por este movimento\" \/>\n<meta property=\"og:url\" content=\"https:\/\/www.feyalegria.org\/brasil\/confya-a-educacao-transformando-vidas\/\" \/>\n<meta property=\"og:site_name\" content=\"#SomosF\u00e9eAlegria en Brasil\" \/>\n<meta property=\"article:published_time\" content=\"2022-10-27T21:35:22+00:00\" \/>\n<meta property=\"article:modified_time\" content=\"2022-11-07T18:42:00+00:00\" \/>\n<meta property=\"og:image\" content=\"https:\/\/d3pugrm67vf9n7.cloudfront.net\/wp-content\/uploads\/sites\/23\/2022\/10\/27183440\/banner-tabosa-1200x565-1.jpg\" \/>\n\t<meta property=\"og:image:width\" content=\"1200\" \/>\n\t<meta property=\"og:image:height\" content=\"565\" \/>\n\t<meta property=\"og:image:type\" content=\"image\/jpeg\" \/>\n<meta name=\"author\" content=\"adminfya\" \/>\n<meta name=\"twitter:card\" content=\"summary_large_image\" \/>\n<meta name=\"twitter:label1\" content=\"Escrito por\" \/>\n\t<meta name=\"twitter:data1\" content=\"adminfya\" \/>\n\t<meta name=\"twitter:label2\" content=\"Tiempo de lectura\" \/>\n\t<meta name=\"twitter:data2\" content=\"4 minutos\" \/>\n<script type=\"application\/ld+json\" class=\"yoast-schema-graph\">{\"@context\":\"https:\\\/\\\/schema.org\",\"@graph\":[{\"@type\":\"Article\",\"@id\":\"https:\\\/\\\/www.feyalegria.org\\\/brasil\\\/confya-a-educacao-transformando-vidas\\\/#article\",\"isPartOf\":{\"@id\":\"https:\\\/\\\/www.feyalegria.org\\\/brasil\\\/confya-a-educacao-transformando-vidas\\\/\"},\"author\":{\"name\":\"adminfya\",\"@id\":\"https:\\\/\\\/www.feyalegria.org\\\/brasil\\\/#\\\/schema\\\/person\\\/f113dd05751b9243bcc4b62d8f55bc4b\"},\"headline\":\"ConFYA: a Educa\u00e7\u00e3o transformando vidas\",\"datePublished\":\"2022-10-27T21:35:22+00:00\",\"dateModified\":\"2022-11-07T18:42:00+00:00\",\"mainEntityOfPage\":{\"@id\":\"https:\\\/\\\/www.feyalegria.org\\\/brasil\\\/confya-a-educacao-transformando-vidas\\\/\"},\"wordCount\":734,\"commentCount\":0,\"image\":{\"@id\":\"https:\\\/\\\/www.feyalegria.org\\\/brasil\\\/confya-a-educacao-transformando-vidas\\\/#primaryimage\"},\"thumbnailUrl\":\"https:\\\/\\\/d3pugrm67vf9n7.cloudfront.net\\\/wp-content\\\/uploads\\\/sites\\\/23\\\/2022\\\/10\\\/27183440\\\/banner-tabosa-1200x565-1.jpg\",\"keywords\":[\"ConFYA\",\"F\u00e9 e Alegria\",\"FyA\"],\"articleSection\":[\"Noticias\",\"Noticias\"],\"inLanguage\":\"es-CO\",\"potentialAction\":[{\"@type\":\"CommentAction\",\"name\":\"Comment\",\"target\":[\"https:\\\/\\\/www.feyalegria.org\\\/brasil\\\/confya-a-educacao-transformando-vidas\\\/#respond\"]}]},{\"@type\":\"WebPage\",\"@id\":\"https:\\\/\\\/www.feyalegria.org\\\/brasil\\\/confya-a-educacao-transformando-vidas\\\/\",\"url\":\"https:\\\/\\\/www.feyalegria.org\\\/brasil\\\/confya-a-educacao-transformando-vidas\\\/\",\"name\":\"ConFYA: a Educa\u00e7\u00e3o transformando vidas - #SomosF\u00e9eAlegria en Brasil\",\"isPartOf\":{\"@id\":\"https:\\\/\\\/www.feyalegria.org\\\/brasil\\\/#website\"},\"primaryImageOfPage\":{\"@id\":\"https:\\\/\\\/www.feyalegria.org\\\/brasil\\\/confya-a-educacao-transformando-vidas\\\/#primaryimage\"},\"image\":{\"@id\":\"https:\\\/\\\/www.feyalegria.org\\\/brasil\\\/confya-a-educacao-transformando-vidas\\\/#primaryimage\"},\"thumbnailUrl\":\"https:\\\/\\\/d3pugrm67vf9n7.cloudfront.net\\\/wp-content\\\/uploads\\\/sites\\\/23\\\/2022\\\/10\\\/27183440\\\/banner-tabosa-1200x565-1.jpg\",\"datePublished\":\"2022-10-27T21:35:22+00:00\",\"dateModified\":\"2022-11-07T18:42:00+00:00\",\"author\":{\"@id\":\"https:\\\/\\\/www.feyalegria.org\\\/brasil\\\/#\\\/schema\\\/person\\\/f113dd05751b9243bcc4b62d8f55bc4b\"},\"inLanguage\":\"es-CO\",\"potentialAction\":[{\"@type\":\"ReadAction\",\"target\":[\"https:\\\/\\\/www.feyalegria.org\\\/brasil\\\/confya-a-educacao-transformando-vidas\\\/\"]}]},{\"@type\":\"ImageObject\",\"inLanguage\":\"es-CO\",\"@id\":\"https:\\\/\\\/www.feyalegria.org\\\/brasil\\\/confya-a-educacao-transformando-vidas\\\/#primaryimage\",\"url\":\"https:\\\/\\\/d3pugrm67vf9n7.cloudfront.net\\\/wp-content\\\/uploads\\\/sites\\\/23\\\/2022\\\/10\\\/27183440\\\/banner-tabosa-1200x565-1.jpg\",\"contentUrl\":\"https:\\\/\\\/d3pugrm67vf9n7.cloudfront.net\\\/wp-content\\\/uploads\\\/sites\\\/23\\\/2022\\\/10\\\/27183440\\\/banner-tabosa-1200x565-1.jpg\",\"width\":1200,\"height\":565},{\"@type\":\"WebSite\",\"@id\":\"https:\\\/\\\/www.feyalegria.org\\\/brasil\\\/#website\",\"url\":\"https:\\\/\\\/www.feyalegria.org\\\/brasil\\\/\",\"name\":\"#SomosF\u00e9eAlegria en Brasil\",\"description\":\"\",\"potentialAction\":[{\"@type\":\"SearchAction\",\"target\":{\"@type\":\"EntryPoint\",\"urlTemplate\":\"https:\\\/\\\/www.feyalegria.org\\\/brasil\\\/?s={search_term_string}\"},\"query-input\":{\"@type\":\"PropertyValueSpecification\",\"valueRequired\":true,\"valueName\":\"search_term_string\"}}],\"inLanguage\":\"es-CO\"},{\"@type\":\"Person\",\"@id\":\"https:\\\/\\\/www.feyalegria.org\\\/brasil\\\/#\\\/schema\\\/person\\\/f113dd05751b9243bcc4b62d8f55bc4b\",\"name\":\"adminfya\",\"url\":\"https:\\\/\\\/www.feyalegria.org\\\/brasil\\\/author\\\/adminfya\\\/\"}]}<\/script>\n<!-- \/ Yoast SEO plugin. -->","yoast_head_json":{"title":"ConFYA: a Educa\u00e7\u00e3o transformando vidas - #SomosF\u00e9eAlegria en Brasil","robots":{"index":"index","follow":"follow","max-snippet":"max-snippet:-1","max-image-preview":"max-image-preview:large","max-video-preview":"max-video-preview:-1"},"canonical":"https:\/\/www.feyalegria.org\/brasil\/confya-a-educacao-transformando-vidas\/","og_locale":"es_ES","og_type":"article","og_title":"ConFYA: a Educa\u00e7\u00e3o transformando vidas - #SomosF\u00e9eAlegria en Brasil","og_description":"[vc_row][vc_column][vc_column_text] O poder transformador da Educa\u00e7\u00e3o motivou antigos alunos do Col\u00e9gio S\u00e3o Lu\u00eds (CSL) para o encontro Juntos ConFYA, realizado na \u00faltima ter\u00e7a-feira (25), em S\u00e3o Paulo (SP). A convite da Prov\u00edncia dos Jesu\u00edtas do Brasil e da Federa\u00e7\u00e3o Internacional F\u00e9 e Alegria, eles puderam conhecer um pouco do importante trabalho realizado por este movimento","og_url":"https:\/\/www.feyalegria.org\/brasil\/confya-a-educacao-transformando-vidas\/","og_site_name":"#SomosF\u00e9eAlegria en Brasil","article_published_time":"2022-10-27T21:35:22+00:00","article_modified_time":"2022-11-07T18:42:00+00:00","og_image":[{"width":1200,"height":565,"url":"https:\/\/d3pugrm67vf9n7.cloudfront.net\/wp-content\/uploads\/sites\/23\/2022\/10\/27183440\/banner-tabosa-1200x565-1.jpg","type":"image\/jpeg"}],"author":"adminfya","twitter_card":"summary_large_image","twitter_misc":{"Escrito por":"adminfya","Tiempo de lectura":"4 minutos"},"schema":{"@context":"https:\/\/schema.org","@graph":[{"@type":"Article","@id":"https:\/\/www.feyalegria.org\/brasil\/confya-a-educacao-transformando-vidas\/#article","isPartOf":{"@id":"https:\/\/www.feyalegria.org\/brasil\/confya-a-educacao-transformando-vidas\/"},"author":{"name":"adminfya","@id":"https:\/\/www.feyalegria.org\/brasil\/#\/schema\/person\/f113dd05751b9243bcc4b62d8f55bc4b"},"headline":"ConFYA: a Educa\u00e7\u00e3o transformando vidas","datePublished":"2022-10-27T21:35:22+00:00","dateModified":"2022-11-07T18:42:00+00:00","mainEntityOfPage":{"@id":"https:\/\/www.feyalegria.org\/brasil\/confya-a-educacao-transformando-vidas\/"},"wordCount":734,"commentCount":0,"image":{"@id":"https:\/\/www.feyalegria.org\/brasil\/confya-a-educacao-transformando-vidas\/#primaryimage"},"thumbnailUrl":"https:\/\/d3pugrm67vf9n7.cloudfront.net\/wp-content\/uploads\/sites\/23\/2022\/10\/27183440\/banner-tabosa-1200x565-1.jpg","keywords":["ConFYA","F\u00e9 e Alegria","FyA"],"articleSection":["Noticias","Noticias"],"inLanguage":"es-CO","potentialAction":[{"@type":"CommentAction","name":"Comment","target":["https:\/\/www.feyalegria.org\/brasil\/confya-a-educacao-transformando-vidas\/#respond"]}]},{"@type":"WebPage","@id":"https:\/\/www.feyalegria.org\/brasil\/confya-a-educacao-transformando-vidas\/","url":"https:\/\/www.feyalegria.org\/brasil\/confya-a-educacao-transformando-vidas\/","name":"ConFYA: a Educa\u00e7\u00e3o transformando vidas - #SomosF\u00e9eAlegria en Brasil","isPartOf":{"@id":"https:\/\/www.feyalegria.org\/brasil\/#website"},"primaryImageOfPage":{"@id":"https:\/\/www.feyalegria.org\/brasil\/confya-a-educacao-transformando-vidas\/#primaryimage"},"image":{"@id":"https:\/\/www.feyalegria.org\/brasil\/confya-a-educacao-transformando-vidas\/#primaryimage"},"thumbnailUrl":"https:\/\/d3pugrm67vf9n7.cloudfront.net\/wp-content\/uploads\/sites\/23\/2022\/10\/27183440\/banner-tabosa-1200x565-1.jpg","datePublished":"2022-10-27T21:35:22+00:00","dateModified":"2022-11-07T18:42:00+00:00","author":{"@id":"https:\/\/www.feyalegria.org\/brasil\/#\/schema\/person\/f113dd05751b9243bcc4b62d8f55bc4b"},"inLanguage":"es-CO","potentialAction":[{"@type":"ReadAction","target":["https:\/\/www.feyalegria.org\/brasil\/confya-a-educacao-transformando-vidas\/"]}]},{"@type":"ImageObject","inLanguage":"es-CO","@id":"https:\/\/www.feyalegria.org\/brasil\/confya-a-educacao-transformando-vidas\/#primaryimage","url":"https:\/\/d3pugrm67vf9n7.cloudfront.net\/wp-content\/uploads\/sites\/23\/2022\/10\/27183440\/banner-tabosa-1200x565-1.jpg","contentUrl":"https:\/\/d3pugrm67vf9n7.cloudfront.net\/wp-content\/uploads\/sites\/23\/2022\/10\/27183440\/banner-tabosa-1200x565-1.jpg","width":1200,"height":565},{"@type":"WebSite","@id":"https:\/\/www.feyalegria.org\/brasil\/#website","url":"https:\/\/www.feyalegria.org\/brasil\/","name":"#SomosF\u00e9eAlegria en Brasil","description":"","potentialAction":[{"@type":"SearchAction","target":{"@type":"EntryPoint","urlTemplate":"https:\/\/www.feyalegria.org\/brasil\/?s={search_term_string}"},"query-input":{"@type":"PropertyValueSpecification","valueRequired":true,"valueName":"search_term_string"}}],"inLanguage":"es-CO"},{"@type":"Person","@id":"https:\/\/www.feyalegria.org\/brasil\/#\/schema\/person\/f113dd05751b9243bcc4b62d8f55bc4b","name":"adminfya","url":"https:\/\/www.feyalegria.org\/brasil\/author\/adminfya\/"}]}},"_links":{"self":[{"href":"https:\/\/www.feyalegria.org\/brasil\/wp-json\/wp\/v2\/posts\/26732","targetHints":{"allow":["GET"]}}],"collection":[{"href":"https:\/\/www.feyalegria.org\/brasil\/wp-json\/wp\/v2\/posts"}],"about":[{"href":"https:\/\/www.feyalegria.org\/brasil\/wp-json\/wp\/v2\/types\/post"}],"author":[{"embeddable":true,"href":"https:\/\/www.feyalegria.org\/brasil\/wp-json\/wp\/v2\/users\/2"}],"replies":[{"embeddable":true,"href":"https:\/\/www.feyalegria.org\/brasil\/wp-json\/wp\/v2\/comments?post=26732"}],"version-history":[{"count":0,"href":"https:\/\/www.feyalegria.org\/brasil\/wp-json\/wp\/v2\/posts\/26732\/revisions"}],"wp:featuredmedia":[{"embeddable":true,"href":"https:\/\/www.feyalegria.org\/brasil\/wp-json\/wp\/v2\/media\/26733"}],"wp:attachment":[{"href":"https:\/\/www.feyalegria.org\/brasil\/wp-json\/wp\/v2\/media?parent=26732"}],"wp:term":[{"taxonomy":"category","embeddable":true,"href":"https:\/\/www.feyalegria.org\/brasil\/wp-json\/wp\/v2\/categories?post=26732"},{"taxonomy":"post_tag","embeddable":true,"href":"https:\/\/www.feyalegria.org\/brasil\/wp-json\/wp\/v2\/tags?post=26732"},{"taxonomy":"post_folder","embeddable":true,"href":"https:\/\/www.feyalegria.org\/brasil\/wp-json\/wp\/v2\/post_folder?post=26732"}],"curies":[{"name":"wp","href":"https:\/\/api.w.org\/{rel}","templated":true}]}}