{"id":26982,"date":"2023-01-03T16:18:26","date_gmt":"2023-01-03T19:18:26","guid":{"rendered":"https:\/\/www.feyalegria.org\/brasil\/?p=26982"},"modified":"2023-01-12T16:26:35","modified_gmt":"2023-01-12T19:26:35","slug":"fya-palhoca-certificacao-selo-social","status":"publish","type":"post","link":"https:\/\/www.feyalegria.org\/brasil\/fya-palhoca-certificacao-selo-social\/","title":{"rendered":"F\u00e9 e Alegria de Palho\u00e7a (SC) recebe certifica\u00e7\u00e3o Selo Social"},"content":{"rendered":"<div class=\"wpb-content-wrapper\"><p>[vc_row][vc_column][vc_column_text]<\/p>\n<div id=\"attachment_26988\" style=\"width: 310px\" class=\"wp-caption alignleft\"><img loading=\"lazy\" decoding=\"async\" aria-describedby=\"caption-attachment-26988\" class=\"size-medium wp-image-26988\" src=\"https:\/\/d3pugrm67vf9n7.cloudfront.net\/wp-content\/uploads\/sites\/23\/2023\/01\/03160522\/Selo-Social-Palho%C3%A7a-1-1-300x225.jpeg\" alt=\"\" width=\"300\" height=\"225\" srcset=\"https:\/\/d3pugrm67vf9n7.cloudfront.net\/wp-content\/uploads\/sites\/23\/2023\/01\/03160522\/Selo-Social-Palho%C3%A7a-1-1-300x225.jpeg 300w, https:\/\/d3pugrm67vf9n7.cloudfront.net\/wp-content\/uploads\/sites\/23\/2023\/01\/03160522\/Selo-Social-Palho%C3%A7a-1-1-1024x766.jpeg 1024w, https:\/\/d3pugrm67vf9n7.cloudfront.net\/wp-content\/uploads\/sites\/23\/2023\/01\/03160522\/Selo-Social-Palho%C3%A7a-1-1-768x575.jpeg 768w, https:\/\/d3pugrm67vf9n7.cloudfront.net\/wp-content\/uploads\/sites\/23\/2023\/01\/03160522\/Selo-Social-Palho%C3%A7a-1-1.jpeg 1280w\" sizes=\"auto, (max-width: 300px) 100vw, 300px\" \/><p id=\"caption-attachment-26988\" class=\"wp-caption-text\">Da esquerda para a direita: Maur\u00edcio Roque da Silva (Secret\u00e1rio de Assist\u00eancia Social de Palho\u00e7a), Aline Rocha (Representante da Pedra Branca Cidade Criativa), Renada Ikeda (F\u00e9 e Alegria Palho\u00e7a), Eduardo Freccia (Prefeito de Palho\u00e7a) e Amaro Jos\u00e9 da Silva Jr. (Vice- Prefeito de Palho\u00e7a).<\/p><\/div>\n<p>O Centro de Educa\u00e7\u00e3o Infantil Jardim Laranjeiras, unidade de F\u00e9 e Alegria em Palho\u00e7a (SC), foi certificado com o Selo Social. Promovida pelo Instituto de mesmo nome, a iniciativa reconhece institui\u00e7\u00f5es de impacto social, com base nos 17 Objetivos de Desenvolvimento Sustent\u00e1vel (ODS), definidos na Agenda 2030 da Organiza\u00e7\u00e3o das Na\u00e7\u00f5es Unidas (ONU). A unidade, que oferece Educa\u00e7\u00e3o Infantil para crian\u00e7as em situa\u00e7\u00e3o de vulnerabilidade, est\u00e1 alinhada aos ODS 3 (Sa\u00fade e Bem-Estar) e 4 (Educa\u00e7\u00e3o de Qualidade).<\/p>\n<p>&nbsp;<\/p>\n<p>De acordo com Renata Ikeda, diretora da unidade de Palho\u00e7a, a certifica\u00e7\u00e3o \u00e9 de grande relev\u00e2ncia para a institui\u00e7\u00e3o n\u00e3o s\u00f3 pelo reconhecimento do trabalho alinhado aos ODS, mas tamb\u00e9m por ter possibilitado um relacionamento mais pr\u00f3ximo com outras institui\u00e7\u00f5es, com o poder p\u00fablico e com empresas locais. Isso porque, para conseguir a certifica\u00e7\u00e3o, a unidade esteve, ao longo de 2022, em encontros presenciais com os demais participantes, al\u00e9m de contar com a assessoria individual do Instituto.<\/p>\n<p>&nbsp;<\/p>\n<p>\u201cExistem muitos empres\u00e1rios com interesse em financiar e apoiar projetos voltados \u00e0 sustentabilidade ambiental, sa\u00fade etc. Ent\u00e3o foi muito importante a gente conhecer essas empresas\u201d, ressalta Renata. \u201cJ\u00e1 colocamos a placa da certifica\u00e7\u00e3o na entrada da institui\u00e7\u00e3o, para todos verem que trabalhamos com esses objetivos de desenvolvimento sustent\u00e1vel\u201d, complementa.<\/p>\n<p>&nbsp;<\/p>\n<p><strong>Semeando Sa\u00fade<\/strong><\/p>\n<p>&nbsp;<\/p>\n<p>Para fazer a sua inscri\u00e7\u00e3o no Selo Social, a unidade de Palho\u00e7a escolheu um projeto relacionado, ao mesmo tempo, \u00e0 educa\u00e7\u00e3o e \u00e0 alimenta\u00e7\u00e3o das crian\u00e7as atendidas. Chamado Semeando Sa\u00fade, o trabalho consistiu na cria\u00e7\u00e3o de uma horta para que elas pudessem ter contato direto com a terra e comer o que plantaram.<\/p>\n<div id=\"attachment_26989\" style=\"width: 310px\" class=\"wp-caption alignright\"><img loading=\"lazy\" decoding=\"async\" aria-describedby=\"caption-attachment-26989\" class=\"size-medium wp-image-26989\" src=\"https:\/\/d3pugrm67vf9n7.cloudfront.net\/wp-content\/uploads\/sites\/23\/2023\/01\/03160527\/Projeto-Semeando-Sa%C3%BAde-4-300x225.jpeg\" alt=\"\" width=\"300\" height=\"225\" srcset=\"https:\/\/d3pugrm67vf9n7.cloudfront.net\/wp-content\/uploads\/sites\/23\/2023\/01\/03160527\/Projeto-Semeando-Sa%C3%BAde-4-300x225.jpeg 300w, https:\/\/d3pugrm67vf9n7.cloudfront.net\/wp-content\/uploads\/sites\/23\/2023\/01\/03160527\/Projeto-Semeando-Sa%C3%BAde-4-1024x768.jpeg 1024w, https:\/\/d3pugrm67vf9n7.cloudfront.net\/wp-content\/uploads\/sites\/23\/2023\/01\/03160527\/Projeto-Semeando-Sa%C3%BAde-4-768x576.jpeg 768w, https:\/\/d3pugrm67vf9n7.cloudfront.net\/wp-content\/uploads\/sites\/23\/2023\/01\/03160527\/Projeto-Semeando-Sa%C3%BAde-4-1536x1152.jpeg 1536w, https:\/\/d3pugrm67vf9n7.cloudfront.net\/wp-content\/uploads\/sites\/23\/2023\/01\/03160527\/Projeto-Semeando-Sa%C3%BAde-4.jpeg 1600w\" sizes=\"auto, (max-width: 300px) 100vw, 300px\" \/><p id=\"caption-attachment-26989\" class=\"wp-caption-text\">Crian\u00e7as na horta do Projeto Semeando Sa\u00fade<\/p><\/div>\n<p>&nbsp;<\/p>\n<p>O objetivo, segundo Renata, foi estimular a alimenta\u00e7\u00e3o saud\u00e1vel e promover a educa\u00e7\u00e3o ambiental. \u201cPercebemos que as crian\u00e7as n\u00e3o queriam comida misturada e n\u00e3o tinham o h\u00e1bito de comer legumes e verduras\u201d, conta a diretora. Com a horta, elas puderam aprender a plantar e acompanhar o crescimento das hortali\u00e7as para, depois, consumir aquilo que ajudaram a cultivar.<\/p>\n<p>&nbsp;<\/p>\n<p>\u201cIsso trouxe um impacto positivo, pois as crian\u00e7as adquiriram outros h\u00e1bitos e tiveram muito prazer em comer aquilo que plantaram, al\u00e9m de aprender mais sobre o respeito \u00e0 natureza e entender a import\u00e2ncia de consumir alimentos org\u00e2nicos\u201d, finaliza Renata.<\/p>\n<p>&nbsp;<\/p>\n<p><strong><img loading=\"lazy\" decoding=\"async\" class=\"alignleft size-medium wp-image-26999\" src=\"https:\/\/d3pugrm67vf9n7.cloudfront.net\/wp-content\/uploads\/sites\/23\/2023\/01\/03173133\/Selo-Social-300x190.png\" alt=\"\" width=\"300\" height=\"190\" srcset=\"https:\/\/d3pugrm67vf9n7.cloudfront.net\/wp-content\/uploads\/sites\/23\/2023\/01\/03173133\/Selo-Social-300x190.png 300w, https:\/\/d3pugrm67vf9n7.cloudfront.net\/wp-content\/uploads\/sites\/23\/2023\/01\/03173133\/Selo-Social-1024x649.png 1024w, https:\/\/d3pugrm67vf9n7.cloudfront.net\/wp-content\/uploads\/sites\/23\/2023\/01\/03173133\/Selo-Social-768x487.png 768w, https:\/\/d3pugrm67vf9n7.cloudfront.net\/wp-content\/uploads\/sites\/23\/2023\/01\/03173133\/Selo-Social.png 1136w\" sizes=\"auto, (max-width: 300px) 100vw, 300px\" \/>O Selo Social<\/strong><\/p>\n<p>&nbsp;<\/p>\n<p>O Selo Social j\u00e1 reconheceu mais de 12 mil impactos sociais, em 20 munic\u00edpios brasileiros. Em Palho\u00e7a, 29 institui\u00e7\u00f5es conclu\u00edram as etapas do Programa em 2022, e o Instituto contemplou 159 impactos sociais, de 62 projetos desenvolvidos por \u00f3rg\u00e3os p\u00fablicos, empresas e organiza\u00e7\u00f5es n\u00e3o governamentais.<\/p>\n<p>&nbsp;<\/p>\n<p>Para viabilizar o Programa na cidade, o Selo Social realizou articula\u00e7\u00e3o com a Associa\u00e7\u00e3o Empresarial de Palho\u00e7a (Acip) e contou com o patroc\u00ednio de empresas como Rede Salesiana Brasil, Eurotec Nutrition, Pedra Branca Cidade Criativa, Komeco, Quantum Engenharia e Shopping ViaCatarina.[\/vc_column_text][\/vc_column][\/vc_row]<\/p>\n<\/div>","protected":false},"excerpt":{"rendered":"<p>[vc_row][vc_column][vc_column_text] O Centro de Educa\u00e7\u00e3o Infantil Jardim Laranjeiras, unidade de F\u00e9 e Alegria em Palho\u00e7a (SC), foi certificado com o Selo Social. Promovida pelo Instituto de mesmo nome, a iniciativa reconhece institui\u00e7\u00f5es de impacto social, com base nos 17 Objetivos de Desenvolvimento Sustent\u00e1vel (ODS), definidos na Agenda 2030 da Organiza\u00e7\u00e3o das Na\u00e7\u00f5es Unidas (ONU). A<\/p>\n","protected":false},"author":2,"featured_media":26986,"comment_status":"open","ping_status":"open","sticky":false,"template":"","format":"standard","meta":{"_acf_changed":false,"footnotes":""},"categories":[432],"tags":[667,408,525],"post_folder":[],"class_list":["post-26982","post","type-post","status-publish","format-standard","has-post-thumbnail","hentry","category-noticias-pt","tag-educacao","tag-fe-e-alegria","tag-palhoca"],"acf":[],"yoast_head":"<!-- This site is optimized with the Yoast SEO plugin v27.5 - https:\/\/yoast.com\/product\/yoast-seo-wordpress\/ -->\n<title>F\u00e9 e Alegria de Palho\u00e7a (SC) recebe certifica\u00e7\u00e3o Selo Social - #SomosF\u00e9eAlegria en Brasil<\/title>\n<meta name=\"robots\" content=\"index, follow, max-snippet:-1, max-image-preview:large, max-video-preview:-1\" \/>\n<link rel=\"canonical\" href=\"https:\/\/www.feyalegria.org\/brasil\/fya-palhoca-certificacao-selo-social\/\" \/>\n<meta property=\"og:locale\" content=\"es_ES\" \/>\n<meta property=\"og:type\" content=\"article\" \/>\n<meta property=\"og:title\" content=\"F\u00e9 e Alegria de Palho\u00e7a (SC) recebe certifica\u00e7\u00e3o Selo Social - #SomosF\u00e9eAlegria en Brasil\" \/>\n<meta property=\"og:description\" content=\"[vc_row][vc_column][vc_column_text] O Centro de Educa\u00e7\u00e3o Infantil Jardim Laranjeiras, unidade de F\u00e9 e Alegria em Palho\u00e7a (SC), foi certificado com o Selo Social. Promovida pelo Instituto de mesmo nome, a iniciativa reconhece institui\u00e7\u00f5es de impacto social, com base nos 17 Objetivos de Desenvolvimento Sustent\u00e1vel (ODS), definidos na Agenda 2030 da Organiza\u00e7\u00e3o das Na\u00e7\u00f5es Unidas (ONU). A\" \/>\n<meta property=\"og:url\" content=\"https:\/\/www.feyalegria.org\/brasil\/fya-palhoca-certificacao-selo-social\/\" \/>\n<meta property=\"og:site_name\" content=\"#SomosF\u00e9eAlegria en Brasil\" \/>\n<meta property=\"article:published_time\" content=\"2023-01-03T19:18:26+00:00\" \/>\n<meta property=\"article:modified_time\" content=\"2023-01-12T19:26:35+00:00\" \/>\n<meta property=\"og:image\" content=\"https:\/\/d3pugrm67vf9n7.cloudfront.net\/wp-content\/uploads\/sites\/23\/2023\/01\/03160106\/Banner-Selo-Social-Palhoca.jpg\" \/>\n\t<meta property=\"og:image:width\" content=\"1200\" \/>\n\t<meta property=\"og:image:height\" content=\"565\" \/>\n\t<meta property=\"og:image:type\" content=\"image\/jpeg\" \/>\n<meta name=\"author\" content=\"adminfya\" \/>\n<meta name=\"twitter:card\" content=\"summary_large_image\" \/>\n<meta name=\"twitter:label1\" content=\"Escrito por\" \/>\n\t<meta name=\"twitter:data1\" content=\"adminfya\" \/>\n\t<meta name=\"twitter:label2\" content=\"Tiempo de lectura\" \/>\n\t<meta name=\"twitter:data2\" content=\"3 minutos\" \/>\n<script type=\"application\/ld+json\" class=\"yoast-schema-graph\">{\"@context\":\"https:\\\/\\\/schema.org\",\"@graph\":[{\"@type\":\"Article\",\"@id\":\"https:\\\/\\\/www.feyalegria.org\\\/brasil\\\/fya-palhoca-certificacao-selo-social\\\/#article\",\"isPartOf\":{\"@id\":\"https:\\\/\\\/www.feyalegria.org\\\/brasil\\\/fya-palhoca-certificacao-selo-social\\\/\"},\"author\":{\"name\":\"adminfya\",\"@id\":\"https:\\\/\\\/www.feyalegria.org\\\/brasil\\\/#\\\/schema\\\/person\\\/f113dd05751b9243bcc4b62d8f55bc4b\"},\"headline\":\"F\u00e9 e Alegria de Palho\u00e7a (SC) recebe certifica\u00e7\u00e3o Selo Social\",\"datePublished\":\"2023-01-03T19:18:26+00:00\",\"dateModified\":\"2023-01-12T19:26:35+00:00\",\"mainEntityOfPage\":{\"@id\":\"https:\\\/\\\/www.feyalegria.org\\\/brasil\\\/fya-palhoca-certificacao-selo-social\\\/\"},\"wordCount\":598,\"commentCount\":0,\"image\":{\"@id\":\"https:\\\/\\\/www.feyalegria.org\\\/brasil\\\/fya-palhoca-certificacao-selo-social\\\/#primaryimage\"},\"thumbnailUrl\":\"https:\\\/\\\/d3pugrm67vf9n7.cloudfront.net\\\/wp-content\\\/uploads\\\/sites\\\/23\\\/2023\\\/01\\\/03160106\\\/Banner-Selo-Social-Palhoca.jpg\",\"keywords\":[\"educa\u00e7\u00e3o\",\"F\u00e9 e Alegria\",\"palho\u00e7a\"],\"articleSection\":[\"Noticias\"],\"inLanguage\":\"es-CO\",\"potentialAction\":[{\"@type\":\"CommentAction\",\"name\":\"Comment\",\"target\":[\"https:\\\/\\\/www.feyalegria.org\\\/brasil\\\/fya-palhoca-certificacao-selo-social\\\/#respond\"]}]},{\"@type\":\"WebPage\",\"@id\":\"https:\\\/\\\/www.feyalegria.org\\\/brasil\\\/fya-palhoca-certificacao-selo-social\\\/\",\"url\":\"https:\\\/\\\/www.feyalegria.org\\\/brasil\\\/fya-palhoca-certificacao-selo-social\\\/\",\"name\":\"F\u00e9 e Alegria de Palho\u00e7a (SC) recebe certifica\u00e7\u00e3o Selo Social - #SomosF\u00e9eAlegria en Brasil\",\"isPartOf\":{\"@id\":\"https:\\\/\\\/www.feyalegria.org\\\/brasil\\\/#website\"},\"primaryImageOfPage\":{\"@id\":\"https:\\\/\\\/www.feyalegria.org\\\/brasil\\\/fya-palhoca-certificacao-selo-social\\\/#primaryimage\"},\"image\":{\"@id\":\"https:\\\/\\\/www.feyalegria.org\\\/brasil\\\/fya-palhoca-certificacao-selo-social\\\/#primaryimage\"},\"thumbnailUrl\":\"https:\\\/\\\/d3pugrm67vf9n7.cloudfront.net\\\/wp-content\\\/uploads\\\/sites\\\/23\\\/2023\\\/01\\\/03160106\\\/Banner-Selo-Social-Palhoca.jpg\",\"datePublished\":\"2023-01-03T19:18:26+00:00\",\"dateModified\":\"2023-01-12T19:26:35+00:00\",\"author\":{\"@id\":\"https:\\\/\\\/www.feyalegria.org\\\/brasil\\\/#\\\/schema\\\/person\\\/f113dd05751b9243bcc4b62d8f55bc4b\"},\"inLanguage\":\"es-CO\",\"potentialAction\":[{\"@type\":\"ReadAction\",\"target\":[\"https:\\\/\\\/www.feyalegria.org\\\/brasil\\\/fya-palhoca-certificacao-selo-social\\\/\"]}]},{\"@type\":\"ImageObject\",\"inLanguage\":\"es-CO\",\"@id\":\"https:\\\/\\\/www.feyalegria.org\\\/brasil\\\/fya-palhoca-certificacao-selo-social\\\/#primaryimage\",\"url\":\"https:\\\/\\\/d3pugrm67vf9n7.cloudfront.net\\\/wp-content\\\/uploads\\\/sites\\\/23\\\/2023\\\/01\\\/03160106\\\/Banner-Selo-Social-Palhoca.jpg\",\"contentUrl\":\"https:\\\/\\\/d3pugrm67vf9n7.cloudfront.net\\\/wp-content\\\/uploads\\\/sites\\\/23\\\/2023\\\/01\\\/03160106\\\/Banner-Selo-Social-Palhoca.jpg\",\"width\":1200,\"height\":565},{\"@type\":\"WebSite\",\"@id\":\"https:\\\/\\\/www.feyalegria.org\\\/brasil\\\/#website\",\"url\":\"https:\\\/\\\/www.feyalegria.org\\\/brasil\\\/\",\"name\":\"#SomosF\u00e9eAlegria en Brasil\",\"description\":\"\",\"potentialAction\":[{\"@type\":\"SearchAction\",\"target\":{\"@type\":\"EntryPoint\",\"urlTemplate\":\"https:\\\/\\\/www.feyalegria.org\\\/brasil\\\/?s={search_term_string}\"},\"query-input\":{\"@type\":\"PropertyValueSpecification\",\"valueRequired\":true,\"valueName\":\"search_term_string\"}}],\"inLanguage\":\"es-CO\"},{\"@type\":\"Person\",\"@id\":\"https:\\\/\\\/www.feyalegria.org\\\/brasil\\\/#\\\/schema\\\/person\\\/f113dd05751b9243bcc4b62d8f55bc4b\",\"name\":\"adminfya\",\"url\":\"https:\\\/\\\/www.feyalegria.org\\\/brasil\\\/author\\\/adminfya\\\/\"}]}<\/script>\n<!-- \/ Yoast SEO plugin. -->","yoast_head_json":{"title":"F\u00e9 e Alegria de Palho\u00e7a (SC) recebe certifica\u00e7\u00e3o Selo Social - #SomosF\u00e9eAlegria en Brasil","robots":{"index":"index","follow":"follow","max-snippet":"max-snippet:-1","max-image-preview":"max-image-preview:large","max-video-preview":"max-video-preview:-1"},"canonical":"https:\/\/www.feyalegria.org\/brasil\/fya-palhoca-certificacao-selo-social\/","og_locale":"es_ES","og_type":"article","og_title":"F\u00e9 e Alegria de Palho\u00e7a (SC) recebe certifica\u00e7\u00e3o Selo Social - #SomosF\u00e9eAlegria en Brasil","og_description":"[vc_row][vc_column][vc_column_text] O Centro de Educa\u00e7\u00e3o Infantil Jardim Laranjeiras, unidade de F\u00e9 e Alegria em Palho\u00e7a (SC), foi certificado com o Selo Social. Promovida pelo Instituto de mesmo nome, a iniciativa reconhece institui\u00e7\u00f5es de impacto social, com base nos 17 Objetivos de Desenvolvimento Sustent\u00e1vel (ODS), definidos na Agenda 2030 da Organiza\u00e7\u00e3o das Na\u00e7\u00f5es Unidas (ONU). A","og_url":"https:\/\/www.feyalegria.org\/brasil\/fya-palhoca-certificacao-selo-social\/","og_site_name":"#SomosF\u00e9eAlegria en Brasil","article_published_time":"2023-01-03T19:18:26+00:00","article_modified_time":"2023-01-12T19:26:35+00:00","og_image":[{"width":1200,"height":565,"url":"https:\/\/d3pugrm67vf9n7.cloudfront.net\/wp-content\/uploads\/sites\/23\/2023\/01\/03160106\/Banner-Selo-Social-Palhoca.jpg","type":"image\/jpeg"}],"author":"adminfya","twitter_card":"summary_large_image","twitter_misc":{"Escrito por":"adminfya","Tiempo de lectura":"3 minutos"},"schema":{"@context":"https:\/\/schema.org","@graph":[{"@type":"Article","@id":"https:\/\/www.feyalegria.org\/brasil\/fya-palhoca-certificacao-selo-social\/#article","isPartOf":{"@id":"https:\/\/www.feyalegria.org\/brasil\/fya-palhoca-certificacao-selo-social\/"},"author":{"name":"adminfya","@id":"https:\/\/www.feyalegria.org\/brasil\/#\/schema\/person\/f113dd05751b9243bcc4b62d8f55bc4b"},"headline":"F\u00e9 e Alegria de Palho\u00e7a (SC) recebe certifica\u00e7\u00e3o Selo Social","datePublished":"2023-01-03T19:18:26+00:00","dateModified":"2023-01-12T19:26:35+00:00","mainEntityOfPage":{"@id":"https:\/\/www.feyalegria.org\/brasil\/fya-palhoca-certificacao-selo-social\/"},"wordCount":598,"commentCount":0,"image":{"@id":"https:\/\/www.feyalegria.org\/brasil\/fya-palhoca-certificacao-selo-social\/#primaryimage"},"thumbnailUrl":"https:\/\/d3pugrm67vf9n7.cloudfront.net\/wp-content\/uploads\/sites\/23\/2023\/01\/03160106\/Banner-Selo-Social-Palhoca.jpg","keywords":["educa\u00e7\u00e3o","F\u00e9 e Alegria","palho\u00e7a"],"articleSection":["Noticias"],"inLanguage":"es-CO","potentialAction":[{"@type":"CommentAction","name":"Comment","target":["https:\/\/www.feyalegria.org\/brasil\/fya-palhoca-certificacao-selo-social\/#respond"]}]},{"@type":"WebPage","@id":"https:\/\/www.feyalegria.org\/brasil\/fya-palhoca-certificacao-selo-social\/","url":"https:\/\/www.feyalegria.org\/brasil\/fya-palhoca-certificacao-selo-social\/","name":"F\u00e9 e Alegria de Palho\u00e7a (SC) recebe certifica\u00e7\u00e3o Selo Social - #SomosF\u00e9eAlegria en Brasil","isPartOf":{"@id":"https:\/\/www.feyalegria.org\/brasil\/#website"},"primaryImageOfPage":{"@id":"https:\/\/www.feyalegria.org\/brasil\/fya-palhoca-certificacao-selo-social\/#primaryimage"},"image":{"@id":"https:\/\/www.feyalegria.org\/brasil\/fya-palhoca-certificacao-selo-social\/#primaryimage"},"thumbnailUrl":"https:\/\/d3pugrm67vf9n7.cloudfront.net\/wp-content\/uploads\/sites\/23\/2023\/01\/03160106\/Banner-Selo-Social-Palhoca.jpg","datePublished":"2023-01-03T19:18:26+00:00","dateModified":"2023-01-12T19:26:35+00:00","author":{"@id":"https:\/\/www.feyalegria.org\/brasil\/#\/schema\/person\/f113dd05751b9243bcc4b62d8f55bc4b"},"inLanguage":"es-CO","potentialAction":[{"@type":"ReadAction","target":["https:\/\/www.feyalegria.org\/brasil\/fya-palhoca-certificacao-selo-social\/"]}]},{"@type":"ImageObject","inLanguage":"es-CO","@id":"https:\/\/www.feyalegria.org\/brasil\/fya-palhoca-certificacao-selo-social\/#primaryimage","url":"https:\/\/d3pugrm67vf9n7.cloudfront.net\/wp-content\/uploads\/sites\/23\/2023\/01\/03160106\/Banner-Selo-Social-Palhoca.jpg","contentUrl":"https:\/\/d3pugrm67vf9n7.cloudfront.net\/wp-content\/uploads\/sites\/23\/2023\/01\/03160106\/Banner-Selo-Social-Palhoca.jpg","width":1200,"height":565},{"@type":"WebSite","@id":"https:\/\/www.feyalegria.org\/brasil\/#website","url":"https:\/\/www.feyalegria.org\/brasil\/","name":"#SomosF\u00e9eAlegria en Brasil","description":"","potentialAction":[{"@type":"SearchAction","target":{"@type":"EntryPoint","urlTemplate":"https:\/\/www.feyalegria.org\/brasil\/?s={search_term_string}"},"query-input":{"@type":"PropertyValueSpecification","valueRequired":true,"valueName":"search_term_string"}}],"inLanguage":"es-CO"},{"@type":"Person","@id":"https:\/\/www.feyalegria.org\/brasil\/#\/schema\/person\/f113dd05751b9243bcc4b62d8f55bc4b","name":"adminfya","url":"https:\/\/www.feyalegria.org\/brasil\/author\/adminfya\/"}]}},"_links":{"self":[{"href":"https:\/\/www.feyalegria.org\/brasil\/wp-json\/wp\/v2\/posts\/26982","targetHints":{"allow":["GET"]}}],"collection":[{"href":"https:\/\/www.feyalegria.org\/brasil\/wp-json\/wp\/v2\/posts"}],"about":[{"href":"https:\/\/www.feyalegria.org\/brasil\/wp-json\/wp\/v2\/types\/post"}],"author":[{"embeddable":true,"href":"https:\/\/www.feyalegria.org\/brasil\/wp-json\/wp\/v2\/users\/2"}],"replies":[{"embeddable":true,"href":"https:\/\/www.feyalegria.org\/brasil\/wp-json\/wp\/v2\/comments?post=26982"}],"version-history":[{"count":0,"href":"https:\/\/www.feyalegria.org\/brasil\/wp-json\/wp\/v2\/posts\/26982\/revisions"}],"wp:featuredmedia":[{"embeddable":true,"href":"https:\/\/www.feyalegria.org\/brasil\/wp-json\/wp\/v2\/media\/26986"}],"wp:attachment":[{"href":"https:\/\/www.feyalegria.org\/brasil\/wp-json\/wp\/v2\/media?parent=26982"}],"wp:term":[{"taxonomy":"category","embeddable":true,"href":"https:\/\/www.feyalegria.org\/brasil\/wp-json\/wp\/v2\/categories?post=26982"},{"taxonomy":"post_tag","embeddable":true,"href":"https:\/\/www.feyalegria.org\/brasil\/wp-json\/wp\/v2\/tags?post=26982"},{"taxonomy":"post_folder","embeddable":true,"href":"https:\/\/www.feyalegria.org\/brasil\/wp-json\/wp\/v2\/post_folder?post=26982"}],"curies":[{"name":"wp","href":"https:\/\/api.w.org\/{rel}","templated":true}]}}