 {"id":27098,"date":"2023-03-28T16:59:57","date_gmt":"2023-03-28T19:59:57","guid":{"rendered":"https:\/\/www.feyalegria.org\/brasil\/?p=27098"},"modified":"2023-03-28T17:42:21","modified_gmt":"2023-03-28T20:42:21","slug":"exposicao-do-servico-familia-acolhedora-reune-fotografias-do-cotidiano-de-criancas-e-adolescentes-em-acolhimentos-de-vitoria-es","status":"publish","type":"post","link":"https:\/\/www.feyalegria.org\/brasil\/exposicao-do-servico-familia-acolhedora-reune-fotografias-do-cotidiano-de-criancas-e-adolescentes-em-acolhimentos-de-vitoria-es\/","title":{"rendered":"Exposi\u00e7\u00e3o re\u00fane fotografias do cotidiano de crian\u00e7as e adolescentes em acolhimentos de Vit\u00f3ria (ES)"},"content":{"rendered":"<p><span style=\"font-weight: 400\"><img loading=\"lazy\" decoding=\"async\" class=\"wp-image-27099 alignleft\" src=\"https:\/\/d3pugrm67vf9n7.cloudfront.net\/wp-content\/uploads\/sites\/23\/2023\/03\/28165522\/card-unique-mall-1.png\" alt=\"\" width=\"262\" height=\"253\" data-wp-editing=\"1\" \/>O Servi\u00e7o Fam\u00edlia Acolhedora (SFA) realiza a partir de hoje (28 de mar\u00e7o), em Vit\u00f3ria (ES), a exposi\u00e7\u00e3o fotogr\u00e1fica itinerante \u201cOlhos que Acolhem\u201d. Ao trazer cenas do cotidiano de crian\u00e7as e adolescentes de acolhimentos no munic\u00edpio, a mostra tem por objetivo sensibilizar e despertar nos visitantes o interesse em conhecer o acolhimento familiar. Fam\u00edlia Acolhedora \u00e9 um servi\u00e7o oferecido pela Prefeitura de Vit\u00f3ria, por meio da Secretaria de Assist\u00eancia Social, e executado pela Funda\u00e7\u00e3o F\u00e9 e Alegria.<\/span><\/p>\n<p><span style=\"font-weight: 400\">A exposi\u00e7\u00e3o faz parte da campanha de divulga\u00e7\u00e3o do Servi\u00e7o, iniciada em agosto de 2022, e que pretende torn\u00e1-lo mais conhecido para, por meio da sensibiliza\u00e7\u00e3o, agregar fam\u00edlias e parceiros. Ao falar sobre a import\u00e2ncia do evento, o Coordenador Regional da Funda\u00e7\u00e3o F\u00e9 e Alegria no Esp\u00edrito Santo, Vilmar Burzlaff, cita a m\u00e1xima\u00a0 \u201cuma imagem vale mais do que mil palavras\u201d. \u201cToda a prepara\u00e7\u00e3o e montagem da exposi\u00e7\u00e3o foram realizadas com muito cuidado e zelo para entregar as melhores imagens aos mun\u00edcipes. S\u00f3 tenho gratid\u00e3o \u00e0s equipes envolvidas e aos parceiros\u201d, comenta.<\/span><\/p>\n<p><span style=\"font-weight: 400\">A fot\u00f3grafa Tatiana Pezzin, que captou as imagens para a exposi\u00e7\u00e3o, espera mostrar em imagens os momentos vividos junto \u00e0s crian\u00e7as e aos adolescentes acolhidos e carrega consigo o desejo de transformar para melhor a vida de cada um deles. \u201c\u2018Olhos que acolhem\u2019 traz esperan\u00e7a para muitas crian\u00e7as que buscam um lar e uma fam\u00edlia que abrace cada cora\u00e7\u00e3o que necessita de amor e afeto.\u201d<\/span><\/p>\n<p><span style=\"font-weight: 400\">Segundo Cristiane Bronzoni, Coordenadora do SFA de Vit\u00f3ria, a exposi\u00e7\u00e3o ser\u00e1 um divisor de \u00e1guas para o servi\u00e7o, devido \u00e0 visibilidade e \u00e0 sensibiliza\u00e7\u00e3o de novas fam\u00edlias acolhedoras. \u201cOferecer cuidado e afeto individualizados a uma crian\u00e7a ou a um adolescente far\u00e1 toda a diferen\u00e7a na hist\u00f3ria de vida dele ou dela, e isso \u00e9 o que nos move todos os dias\u201d, ressalta.<\/span><\/p>\n<p><span style=\"font-weight: 400\">A exposi\u00e7\u00e3o acontece no Shopping Unique Mall, em Vit\u00f3ria, a partir do dia 28 de mar\u00e7o, \u00e0s 17h. E poder\u00e1 ser vista at\u00e9 01 de abril, das 9h \u00e0s 19h, e, no s\u00e1bado, das 9h \u00e0s 12h. A abertura contar\u00e1 com a participa\u00e7\u00e3o de autoridades, trabalhadores da assist\u00eancia social, fam\u00edlias acolhedoras e lideran\u00e7as locais. Na ocasi\u00e3o, os visitantes poder\u00e3o ainda assistir a uma apresenta\u00e7\u00e3o cultural de crian\u00e7as e adolescentes do Servi\u00e7o de Conviv\u00eancia e Fortalecimento de V\u00ednculos Cajun do munic\u00edpio de Vit\u00f3ria.\u00a0<\/span><\/p>\n<p>&nbsp;<\/p>\n<p><b>Sobre o Servi\u00e7o Fam\u00edlia Acolhedora<\/b><\/p>\n<p><span style=\"font-weight: 400\">O Servi\u00e7o Fam\u00edlia Acolhedora (SFA) dedica-se a crian\u00e7as e adolescentes afastados de seus lares por medida de prote\u00e7\u00e3o. Quando a fam\u00edlia de origem est\u00e1 fragilizada para cuidar deles e proteg\u00ea-los, ao inv\u00e9s de irem para o acolhimento institucional, eles ficam temporariamente na resid\u00eancia de uma fam\u00edlia previamente cadastrada, at\u00e9 que a equipe t\u00e9cnica do Servi\u00e7o, em conjunto com a justi\u00e7a, fa\u00e7a os encaminhamentos necess\u00e1rios para o retorno ao lar de origem ou, ent\u00e3o, para a ado\u00e7\u00e3o.<\/span><\/p>\n<p><span style=\"font-weight: 400\">Podem se tornar uma fam\u00edlia acolhedora pessoas acima de 25 anos, que residam no munic\u00edpio de Vit\u00f3ria e estejam dispostas a oferecer cuidado, afeto e prote\u00e7\u00e3o. O acolhimento \u00e9 tempor\u00e1rio, feito voluntariamente, por meio de um Termo de Guarda Provis\u00f3ria, emitido pela autoridade judici\u00e1ria para a fam\u00edlia acolhedora cadastrada e capacitada para a fun\u00e7\u00e3o.\u00a0<\/span><\/p>\n<p><span style=\"font-weight: 400\">S\u00e3o acolhidas crian\u00e7as e adolescentes, de zero a 18 anos incompletos, por meio de medida protetiva determinada judicialmente, quando esgotadas todas as possibilidades de estar com a fam\u00edlia de origem<\/span><i><span style=\"font-weight: 400\">. <\/span><\/i><span style=\"font-weight: 400\">Durante o acolhimento no Servi\u00e7o, a fam\u00edlia acolhedora \u00e9 respons\u00e1vel por assegurar os cuidados de sa\u00fade, educa\u00e7\u00e3o e alimenta\u00e7\u00e3o, al\u00e9m de proteger e proporcionar afeto \u00e0 crian\u00e7a ou adolescente acolhido.\u00a0<\/span><\/p>\n<p><i><span style=\"font-weight: 400\">Conhe\u00e7a o Servi\u00e7o Fam\u00edlia Acolhedora Vit\u00f3ria pelo site www.familiaacolhedoravitoria.org ou ligue (27) 99742-9658 ou 2142-8121.<\/span><\/i><\/p>\n","protected":false},"excerpt":{"rendered":"<p>O Servi\u00e7o Fam\u00edlia Acolhedora (SFA) realiza a partir de hoje (28 de mar\u00e7o), em Vit\u00f3ria (ES), a exposi\u00e7\u00e3o fotogr\u00e1fica itinerante \u201cOlhos que Acolhem\u201d. Ao trazer cenas do cotidiano de crian\u00e7as e adolescentes de acolhimentos no munic\u00edpio, a mostra tem por objetivo sensibilizar e despertar nos visitantes o interesse em conhecer o acolhimento familiar. Fam\u00edlia Acolhedora<\/p>\n","protected":false},"author":79,"featured_media":27105,"comment_status":"open","ping_status":"open","sticky":false,"template":"","format":"standard","meta":{"_acf_changed":false,"footnotes":""},"categories":[432],"tags":[],"post_folder":[],"class_list":["post-27098","post","type-post","status-publish","format-standard","has-post-thumbnail","hentry","category-noticias-pt"],"acf":[],"yoast_head":"<!-- This site is optimized with the Yoast SEO plugin v27.5 - https:\/\/yoast.com\/product\/yoast-seo-wordpress\/ -->\n<title>Exposi\u00e7\u00e3o re\u00fane fotografias do cotidiano de crian\u00e7as e adolescentes em acolhimentos de Vit\u00f3ria (ES) - #SomosF\u00e9eAlegria en Brasil<\/title>\n<meta name=\"robots\" content=\"index, follow, max-snippet:-1, max-image-preview:large, max-video-preview:-1\" \/>\n<link rel=\"canonical\" href=\"https:\/\/www.feyalegria.org\/brasil\/exposicao-do-servico-familia-acolhedora-reune-fotografias-do-cotidiano-de-criancas-e-adolescentes-em-acolhimentos-de-vitoria-es\/\" \/>\n<meta property=\"og:locale\" content=\"es_ES\" \/>\n<meta property=\"og:type\" content=\"article\" \/>\n<meta property=\"og:title\" content=\"Exposi\u00e7\u00e3o re\u00fane fotografias do cotidiano de crian\u00e7as e adolescentes em acolhimentos de Vit\u00f3ria (ES) - #SomosF\u00e9eAlegria en Brasil\" \/>\n<meta property=\"og:description\" content=\"O Servi\u00e7o Fam\u00edlia Acolhedora (SFA) realiza a partir de hoje (28 de mar\u00e7o), em Vit\u00f3ria (ES), a exposi\u00e7\u00e3o fotogr\u00e1fica itinerante \u201cOlhos que Acolhem\u201d. Ao trazer cenas do cotidiano de crian\u00e7as e adolescentes de acolhimentos no munic\u00edpio, a mostra tem por objetivo sensibilizar e despertar nos visitantes o interesse em conhecer o acolhimento familiar. Fam\u00edlia Acolhedora\" \/>\n<meta property=\"og:url\" content=\"https:\/\/www.feyalegria.org\/brasil\/exposicao-do-servico-familia-acolhedora-reune-fotografias-do-cotidiano-de-criancas-e-adolescentes-em-acolhimentos-de-vitoria-es\/\" \/>\n<meta property=\"og:site_name\" content=\"#SomosF\u00e9eAlegria en Brasil\" \/>\n<meta property=\"article:published_time\" content=\"2023-03-28T19:59:57+00:00\" \/>\n<meta property=\"article:modified_time\" content=\"2023-03-28T20:42:21+00:00\" \/>\n<meta property=\"og:image\" content=\"https:\/\/d3pugrm67vf9n7.cloudfront.net\/wp-content\/uploads\/sites\/23\/2023\/03\/28174159\/MicrosoftTeams-image-25.png\" \/>\n\t<meta property=\"og:image:width\" content=\"1001\" \/>\n\t<meta property=\"og:image:height\" content=\"501\" \/>\n\t<meta property=\"og:image:type\" content=\"image\/png\" \/>\n<meta name=\"author\" content=\"adminbr07\" \/>\n<meta name=\"twitter:card\" content=\"summary_large_image\" \/>\n<meta name=\"twitter:label1\" content=\"Escrito por\" \/>\n\t<meta name=\"twitter:data1\" content=\"adminbr07\" \/>\n\t<meta name=\"twitter:label2\" content=\"Tiempo de lectura\" \/>\n\t<meta name=\"twitter:data2\" content=\"3 minutos\" \/>\n<script type=\"application\/ld+json\" class=\"yoast-schema-graph\">{\"@context\":\"https:\\\/\\\/schema.org\",\"@graph\":[{\"@type\":\"Article\",\"@id\":\"https:\\\/\\\/www.feyalegria.org\\\/brasil\\\/exposicao-do-servico-familia-acolhedora-reune-fotografias-do-cotidiano-de-criancas-e-adolescentes-em-acolhimentos-de-vitoria-es\\\/#article\",\"isPartOf\":{\"@id\":\"https:\\\/\\\/www.feyalegria.org\\\/brasil\\\/exposicao-do-servico-familia-acolhedora-reune-fotografias-do-cotidiano-de-criancas-e-adolescentes-em-acolhimentos-de-vitoria-es\\\/\"},\"author\":{\"name\":\"adminbr07\",\"@id\":\"https:\\\/\\\/www.feyalegria.org\\\/brasil\\\/#\\\/schema\\\/person\\\/8254348e127aa6ed3db70f51e039cb97\"},\"headline\":\"Exposi\u00e7\u00e3o re\u00fane fotografias do cotidiano de crian\u00e7as e adolescentes em acolhimentos de Vit\u00f3ria (ES)\",\"datePublished\":\"2023-03-28T19:59:57+00:00\",\"dateModified\":\"2023-03-28T20:42:21+00:00\",\"mainEntityOfPage\":{\"@id\":\"https:\\\/\\\/www.feyalegria.org\\\/brasil\\\/exposicao-do-servico-familia-acolhedora-reune-fotografias-do-cotidiano-de-criancas-e-adolescentes-em-acolhimentos-de-vitoria-es\\\/\"},\"wordCount\":696,\"commentCount\":0,\"image\":{\"@id\":\"https:\\\/\\\/www.feyalegria.org\\\/brasil\\\/exposicao-do-servico-familia-acolhedora-reune-fotografias-do-cotidiano-de-criancas-e-adolescentes-em-acolhimentos-de-vitoria-es\\\/#primaryimage\"},\"thumbnailUrl\":\"https:\\\/\\\/d3pugrm67vf9n7.cloudfront.net\\\/wp-content\\\/uploads\\\/sites\\\/23\\\/2023\\\/03\\\/28174159\\\/MicrosoftTeams-image-25.png\",\"articleSection\":[\"Noticias\"],\"inLanguage\":\"es-CO\",\"potentialAction\":[{\"@type\":\"CommentAction\",\"name\":\"Comment\",\"target\":[\"https:\\\/\\\/www.feyalegria.org\\\/brasil\\\/exposicao-do-servico-familia-acolhedora-reune-fotografias-do-cotidiano-de-criancas-e-adolescentes-em-acolhimentos-de-vitoria-es\\\/#respond\"]}]},{\"@type\":\"WebPage\",\"@id\":\"https:\\\/\\\/www.feyalegria.org\\\/brasil\\\/exposicao-do-servico-familia-acolhedora-reune-fotografias-do-cotidiano-de-criancas-e-adolescentes-em-acolhimentos-de-vitoria-es\\\/\",\"url\":\"https:\\\/\\\/www.feyalegria.org\\\/brasil\\\/exposicao-do-servico-familia-acolhedora-reune-fotografias-do-cotidiano-de-criancas-e-adolescentes-em-acolhimentos-de-vitoria-es\\\/\",\"name\":\"Exposi\u00e7\u00e3o re\u00fane fotografias do cotidiano de crian\u00e7as e adolescentes em acolhimentos de Vit\u00f3ria (ES) - #SomosF\u00e9eAlegria en Brasil\",\"isPartOf\":{\"@id\":\"https:\\\/\\\/www.feyalegria.org\\\/brasil\\\/#website\"},\"primaryImageOfPage\":{\"@id\":\"https:\\\/\\\/www.feyalegria.org\\\/brasil\\\/exposicao-do-servico-familia-acolhedora-reune-fotografias-do-cotidiano-de-criancas-e-adolescentes-em-acolhimentos-de-vitoria-es\\\/#primaryimage\"},\"image\":{\"@id\":\"https:\\\/\\\/www.feyalegria.org\\\/brasil\\\/exposicao-do-servico-familia-acolhedora-reune-fotografias-do-cotidiano-de-criancas-e-adolescentes-em-acolhimentos-de-vitoria-es\\\/#primaryimage\"},\"thumbnailUrl\":\"https:\\\/\\\/d3pugrm67vf9n7.cloudfront.net\\\/wp-content\\\/uploads\\\/sites\\\/23\\\/2023\\\/03\\\/28174159\\\/MicrosoftTeams-image-25.png\",\"datePublished\":\"2023-03-28T19:59:57+00:00\",\"dateModified\":\"2023-03-28T20:42:21+00:00\",\"author\":{\"@id\":\"https:\\\/\\\/www.feyalegria.org\\\/brasil\\\/#\\\/schema\\\/person\\\/8254348e127aa6ed3db70f51e039cb97\"},\"inLanguage\":\"es-CO\",\"potentialAction\":[{\"@type\":\"ReadAction\",\"target\":[\"https:\\\/\\\/www.feyalegria.org\\\/brasil\\\/exposicao-do-servico-familia-acolhedora-reune-fotografias-do-cotidiano-de-criancas-e-adolescentes-em-acolhimentos-de-vitoria-es\\\/\"]}]},{\"@type\":\"ImageObject\",\"inLanguage\":\"es-CO\",\"@id\":\"https:\\\/\\\/www.feyalegria.org\\\/brasil\\\/exposicao-do-servico-familia-acolhedora-reune-fotografias-do-cotidiano-de-criancas-e-adolescentes-em-acolhimentos-de-vitoria-es\\\/#primaryimage\",\"url\":\"https:\\\/\\\/d3pugrm67vf9n7.cloudfront.net\\\/wp-content\\\/uploads\\\/sites\\\/23\\\/2023\\\/03\\\/28174159\\\/MicrosoftTeams-image-25.png\",\"contentUrl\":\"https:\\\/\\\/d3pugrm67vf9n7.cloudfront.net\\\/wp-content\\\/uploads\\\/sites\\\/23\\\/2023\\\/03\\\/28174159\\\/MicrosoftTeams-image-25.png\",\"width\":1001,\"height\":501},{\"@type\":\"WebSite\",\"@id\":\"https:\\\/\\\/www.feyalegria.org\\\/brasil\\\/#website\",\"url\":\"https:\\\/\\\/www.feyalegria.org\\\/brasil\\\/\",\"name\":\"#SomosF\u00e9eAlegria en Brasil\",\"description\":\"\",\"potentialAction\":[{\"@type\":\"SearchAction\",\"target\":{\"@type\":\"EntryPoint\",\"urlTemplate\":\"https:\\\/\\\/www.feyalegria.org\\\/brasil\\\/?s={search_term_string}\"},\"query-input\":{\"@type\":\"PropertyValueSpecification\",\"valueRequired\":true,\"valueName\":\"search_term_string\"}}],\"inLanguage\":\"es-CO\"},{\"@type\":\"Person\",\"@id\":\"https:\\\/\\\/www.feyalegria.org\\\/brasil\\\/#\\\/schema\\\/person\\\/8254348e127aa6ed3db70f51e039cb97\",\"name\":\"adminbr07\",\"url\":\"https:\\\/\\\/www.feyalegria.org\\\/brasil\\\/author\\\/adminbr07\\\/\"}]}<\/script>\n<!-- \/ Yoast SEO plugin. -->","yoast_head_json":{"title":"Exposi\u00e7\u00e3o re\u00fane fotografias do cotidiano de crian\u00e7as e adolescentes em acolhimentos de Vit\u00f3ria (ES) - #SomosF\u00e9eAlegria en Brasil","robots":{"index":"index","follow":"follow","max-snippet":"max-snippet:-1","max-image-preview":"max-image-preview:large","max-video-preview":"max-video-preview:-1"},"canonical":"https:\/\/www.feyalegria.org\/brasil\/exposicao-do-servico-familia-acolhedora-reune-fotografias-do-cotidiano-de-criancas-e-adolescentes-em-acolhimentos-de-vitoria-es\/","og_locale":"es_ES","og_type":"article","og_title":"Exposi\u00e7\u00e3o re\u00fane fotografias do cotidiano de crian\u00e7as e adolescentes em acolhimentos de Vit\u00f3ria (ES) - #SomosF\u00e9eAlegria en Brasil","og_description":"O Servi\u00e7o Fam\u00edlia Acolhedora (SFA) realiza a partir de hoje (28 de mar\u00e7o), em Vit\u00f3ria (ES), a exposi\u00e7\u00e3o fotogr\u00e1fica itinerante \u201cOlhos que Acolhem\u201d. Ao trazer cenas do cotidiano de crian\u00e7as e adolescentes de acolhimentos no munic\u00edpio, a mostra tem por objetivo sensibilizar e despertar nos visitantes o interesse em conhecer o acolhimento familiar. Fam\u00edlia Acolhedora","og_url":"https:\/\/www.feyalegria.org\/brasil\/exposicao-do-servico-familia-acolhedora-reune-fotografias-do-cotidiano-de-criancas-e-adolescentes-em-acolhimentos-de-vitoria-es\/","og_site_name":"#SomosF\u00e9eAlegria en Brasil","article_published_time":"2023-03-28T19:59:57+00:00","article_modified_time":"2023-03-28T20:42:21+00:00","og_image":[{"width":1001,"height":501,"url":"https:\/\/d3pugrm67vf9n7.cloudfront.net\/wp-content\/uploads\/sites\/23\/2023\/03\/28174159\/MicrosoftTeams-image-25.png","type":"image\/png"}],"author":"adminbr07","twitter_card":"summary_large_image","twitter_misc":{"Escrito por":"adminbr07","Tiempo de lectura":"3 minutos"},"schema":{"@context":"https:\/\/schema.org","@graph":[{"@type":"Article","@id":"https:\/\/www.feyalegria.org\/brasil\/exposicao-do-servico-familia-acolhedora-reune-fotografias-do-cotidiano-de-criancas-e-adolescentes-em-acolhimentos-de-vitoria-es\/#article","isPartOf":{"@id":"https:\/\/www.feyalegria.org\/brasil\/exposicao-do-servico-familia-acolhedora-reune-fotografias-do-cotidiano-de-criancas-e-adolescentes-em-acolhimentos-de-vitoria-es\/"},"author":{"name":"adminbr07","@id":"https:\/\/www.feyalegria.org\/brasil\/#\/schema\/person\/8254348e127aa6ed3db70f51e039cb97"},"headline":"Exposi\u00e7\u00e3o re\u00fane fotografias do cotidiano de crian\u00e7as e adolescentes em acolhimentos de Vit\u00f3ria (ES)","datePublished":"2023-03-28T19:59:57+00:00","dateModified":"2023-03-28T20:42:21+00:00","mainEntityOfPage":{"@id":"https:\/\/www.feyalegria.org\/brasil\/exposicao-do-servico-familia-acolhedora-reune-fotografias-do-cotidiano-de-criancas-e-adolescentes-em-acolhimentos-de-vitoria-es\/"},"wordCount":696,"commentCount":0,"image":{"@id":"https:\/\/www.feyalegria.org\/brasil\/exposicao-do-servico-familia-acolhedora-reune-fotografias-do-cotidiano-de-criancas-e-adolescentes-em-acolhimentos-de-vitoria-es\/#primaryimage"},"thumbnailUrl":"https:\/\/d3pugrm67vf9n7.cloudfront.net\/wp-content\/uploads\/sites\/23\/2023\/03\/28174159\/MicrosoftTeams-image-25.png","articleSection":["Noticias"],"inLanguage":"es-CO","potentialAction":[{"@type":"CommentAction","name":"Comment","target":["https:\/\/www.feyalegria.org\/brasil\/exposicao-do-servico-familia-acolhedora-reune-fotografias-do-cotidiano-de-criancas-e-adolescentes-em-acolhimentos-de-vitoria-es\/#respond"]}]},{"@type":"WebPage","@id":"https:\/\/www.feyalegria.org\/brasil\/exposicao-do-servico-familia-acolhedora-reune-fotografias-do-cotidiano-de-criancas-e-adolescentes-em-acolhimentos-de-vitoria-es\/","url":"https:\/\/www.feyalegria.org\/brasil\/exposicao-do-servico-familia-acolhedora-reune-fotografias-do-cotidiano-de-criancas-e-adolescentes-em-acolhimentos-de-vitoria-es\/","name":"Exposi\u00e7\u00e3o re\u00fane fotografias do cotidiano de crian\u00e7as e adolescentes em acolhimentos de Vit\u00f3ria (ES) - #SomosF\u00e9eAlegria en Brasil","isPartOf":{"@id":"https:\/\/www.feyalegria.org\/brasil\/#website"},"primaryImageOfPage":{"@id":"https:\/\/www.feyalegria.org\/brasil\/exposicao-do-servico-familia-acolhedora-reune-fotografias-do-cotidiano-de-criancas-e-adolescentes-em-acolhimentos-de-vitoria-es\/#primaryimage"},"image":{"@id":"https:\/\/www.feyalegria.org\/brasil\/exposicao-do-servico-familia-acolhedora-reune-fotografias-do-cotidiano-de-criancas-e-adolescentes-em-acolhimentos-de-vitoria-es\/#primaryimage"},"thumbnailUrl":"https:\/\/d3pugrm67vf9n7.cloudfront.net\/wp-content\/uploads\/sites\/23\/2023\/03\/28174159\/MicrosoftTeams-image-25.png","datePublished":"2023-03-28T19:59:57+00:00","dateModified":"2023-03-28T20:42:21+00:00","author":{"@id":"https:\/\/www.feyalegria.org\/brasil\/#\/schema\/person\/8254348e127aa6ed3db70f51e039cb97"},"inLanguage":"es-CO","potentialAction":[{"@type":"ReadAction","target":["https:\/\/www.feyalegria.org\/brasil\/exposicao-do-servico-familia-acolhedora-reune-fotografias-do-cotidiano-de-criancas-e-adolescentes-em-acolhimentos-de-vitoria-es\/"]}]},{"@type":"ImageObject","inLanguage":"es-CO","@id":"https:\/\/www.feyalegria.org\/brasil\/exposicao-do-servico-familia-acolhedora-reune-fotografias-do-cotidiano-de-criancas-e-adolescentes-em-acolhimentos-de-vitoria-es\/#primaryimage","url":"https:\/\/d3pugrm67vf9n7.cloudfront.net\/wp-content\/uploads\/sites\/23\/2023\/03\/28174159\/MicrosoftTeams-image-25.png","contentUrl":"https:\/\/d3pugrm67vf9n7.cloudfront.net\/wp-content\/uploads\/sites\/23\/2023\/03\/28174159\/MicrosoftTeams-image-25.png","width":1001,"height":501},{"@type":"WebSite","@id":"https:\/\/www.feyalegria.org\/brasil\/#website","url":"https:\/\/www.feyalegria.org\/brasil\/","name":"#SomosF\u00e9eAlegria en Brasil","description":"","potentialAction":[{"@type":"SearchAction","target":{"@type":"EntryPoint","urlTemplate":"https:\/\/www.feyalegria.org\/brasil\/?s={search_term_string}"},"query-input":{"@type":"PropertyValueSpecification","valueRequired":true,"valueName":"search_term_string"}}],"inLanguage":"es-CO"},{"@type":"Person","@id":"https:\/\/www.feyalegria.org\/brasil\/#\/schema\/person\/8254348e127aa6ed3db70f51e039cb97","name":"adminbr07","url":"https:\/\/www.feyalegria.org\/brasil\/author\/adminbr07\/"}]}},"_links":{"self":[{"href":"https:\/\/www.feyalegria.org\/brasil\/wp-json\/wp\/v2\/posts\/27098","targetHints":{"allow":["GET"]}}],"collection":[{"href":"https:\/\/www.feyalegria.org\/brasil\/wp-json\/wp\/v2\/posts"}],"about":[{"href":"https:\/\/www.feyalegria.org\/brasil\/wp-json\/wp\/v2\/types\/post"}],"author":[{"embeddable":true,"href":"https:\/\/www.feyalegria.org\/brasil\/wp-json\/wp\/v2\/users\/79"}],"replies":[{"embeddable":true,"href":"https:\/\/www.feyalegria.org\/brasil\/wp-json\/wp\/v2\/comments?post=27098"}],"version-history":[{"count":0,"href":"https:\/\/www.feyalegria.org\/brasil\/wp-json\/wp\/v2\/posts\/27098\/revisions"}],"wp:featuredmedia":[{"embeddable":true,"href":"https:\/\/www.feyalegria.org\/brasil\/wp-json\/wp\/v2\/media\/27105"}],"wp:attachment":[{"href":"https:\/\/www.feyalegria.org\/brasil\/wp-json\/wp\/v2\/media?parent=27098"}],"wp:term":[{"taxonomy":"category","embeddable":true,"href":"https:\/\/www.feyalegria.org\/brasil\/wp-json\/wp\/v2\/categories?post=27098"},{"taxonomy":"post_tag","embeddable":true,"href":"https:\/\/www.feyalegria.org\/brasil\/wp-json\/wp\/v2\/tags?post=27098"},{"taxonomy":"post_folder","embeddable":true,"href":"https:\/\/www.feyalegria.org\/brasil\/wp-json\/wp\/v2\/post_folder?post=27098"}],"curies":[{"name":"wp","href":"https:\/\/api.w.org\/{rel}","templated":true}]}}