 {"id":27107,"date":"2023-03-31T10:17:22","date_gmt":"2023-03-31T13:17:22","guid":{"rendered":"https:\/\/www.feyalegria.org\/brasil\/?p=27107"},"modified":"2023-03-31T10:17:22","modified_gmt":"2023-03-31T13:17:22","slug":"transforme-seu-imposto-em-educacao-e-esperanca","status":"publish","type":"post","link":"https:\/\/www.feyalegria.org\/brasil\/transforme-seu-imposto-em-educacao-e-esperanca\/","title":{"rendered":"Destine at\u00e9 3% do IR 2023 para F\u00e9 e Alegria e transforme seu imposto em educa\u00e7\u00e3o e esperan\u00e7a"},"content":{"rendered":"<p><span style=\"font-weight: 400\">Voc\u00ea sabia que \u00e9 poss\u00edvel destinar at\u00e9 3% do Imposto de Renda devido para projetos sociais? Sim, h\u00e1 essa possibilidade\u00a0 desde que voc\u00ea opte pela declara\u00e7\u00e3o no modelo completo, lan\u00e7ando todos os seus rendimentos, e deixando a doa\u00e7\u00e3o para o final do preenchimento da declara\u00e7\u00e3o. Dessa forma, voc\u00ea ajuda uma causa social sem gastar absolutamente nada por isso.<\/span><\/p>\n<p>&nbsp;<\/p>\n<p><span style=\"font-weight: 400\">Neste ano, h\u00e1 quatro unidades de F\u00e9 e Alegria que contam com projetos educativos aprovados pelos respectivos Conselhos Municipais dos Direitos da Crian\u00e7a e do Adolescente e que poder\u00e3o se beneficiar desse incentivo, nas cidades de Cariacica (ES), Montes Claros (MG), Porto Alegre (RS) e Recife (PE). Os recursos arrecadados ser\u00e3o usados para a manuten\u00e7\u00e3o de programas e a\u00e7\u00f5es de inclus\u00e3o e desenvolvimento de crian\u00e7as e adolescentes em situa\u00e7\u00e3o de vulnerabilidade social.<\/span><span style=\"font-weight: 400\"><\/p>\n<p><\/span><\/p>\n<p><span style=\"font-weight: 400\">Convidamos voc\u00ea a participar desta iniciativa! Para saber como doar, acesse o site <\/span><a href=\"https:\/\/fealegria.abraceumacausa.com.br\/\"><span style=\"font-weight: 400\">fealegria.abraceumacausa.com.br<\/span><\/a><span style=\"font-weight: 400\"> e siga o passo a passo, escolhendo a unidade com a qual pretende contribuir. \u00c9 muito simples!<\/span><\/p>\n<p>&nbsp;<\/p>\n<p><span style=\"font-weight: 400\">Ajude F\u00e9 e Alegria e tenha a certeza de que sua contribui\u00e7\u00e3o mudar\u00e1 a vida de diversas crian\u00e7as, adolescentes, suas fam\u00edlias e comunidades. Seu IR pode ser Educa\u00e7\u00e3o e Esperan\u00e7a!<\/span><\/p>\n<p>&nbsp;<\/p>\n<p><span style=\"font-weight: 400\">Ficou com alguma d\u00favida? Entre em contato conosco:<\/span><\/p>\n<p><span style=\"font-weight: 400\">WhatsApp: (11) 99892-2541<\/span><\/p>\n<p><span style=\"font-weight: 400\">E-mail: <\/span><a href=\"mailto:mobilizacao@fealegria.org.br\"><span style=\"font-weight: 400\">mobilizacao@fealegria.org.br<\/span><\/a><\/p>\n","protected":false},"excerpt":{"rendered":"<p>Voc\u00ea sabia que \u00e9 poss\u00edvel destinar at\u00e9 3% do Imposto de Renda devido para projetos sociais? Sim, h\u00e1 essa possibilidade\u00a0 desde que voc\u00ea opte pela declara\u00e7\u00e3o no modelo completo, lan\u00e7ando todos os seus rendimentos, e deixando a doa\u00e7\u00e3o para o final do preenchimento da declara\u00e7\u00e3o. Dessa forma, voc\u00ea ajuda uma causa social sem gastar absolutamente<\/p>\n","protected":false},"author":79,"featured_media":27108,"comment_status":"open","ping_status":"open","sticky":false,"template":"","format":"standard","meta":{"_acf_changed":false,"footnotes":""},"categories":[183,432],"tags":[],"post_folder":[],"class_list":["post-27107","post","type-post","status-publish","format-standard","has-post-thumbnail","hentry","category-noticias","category-noticias-pt"],"acf":[],"yoast_head":"<!-- This site is optimized with the Yoast SEO plugin v27.5 - https:\/\/yoast.com\/product\/yoast-seo-wordpress\/ -->\n<title>Destine at\u00e9 3% do IR 2023 para F\u00e9 e Alegria e transforme seu imposto em educa\u00e7\u00e3o e esperan\u00e7a - #SomosF\u00e9eAlegria en Brasil<\/title>\n<meta name=\"robots\" content=\"index, follow, max-snippet:-1, max-image-preview:large, max-video-preview:-1\" \/>\n<link rel=\"canonical\" href=\"https:\/\/www.feyalegria.org\/brasil\/transforme-seu-imposto-em-educacao-e-esperanca\/\" \/>\n<meta property=\"og:locale\" content=\"es_ES\" \/>\n<meta property=\"og:type\" content=\"article\" \/>\n<meta property=\"og:title\" content=\"Destine at\u00e9 3% do IR 2023 para F\u00e9 e Alegria e transforme seu imposto em educa\u00e7\u00e3o e esperan\u00e7a - #SomosF\u00e9eAlegria en Brasil\" \/>\n<meta property=\"og:description\" content=\"Voc\u00ea sabia que \u00e9 poss\u00edvel destinar at\u00e9 3% do Imposto de Renda devido para projetos sociais? Sim, h\u00e1 essa possibilidade\u00a0 desde que voc\u00ea opte pela declara\u00e7\u00e3o no modelo completo, lan\u00e7ando todos os seus rendimentos, e deixando a doa\u00e7\u00e3o para o final do preenchimento da declara\u00e7\u00e3o. Dessa forma, voc\u00ea ajuda uma causa social sem gastar absolutamente\" \/>\n<meta property=\"og:url\" content=\"https:\/\/www.feyalegria.org\/brasil\/transforme-seu-imposto-em-educacao-e-esperanca\/\" \/>\n<meta property=\"og:site_name\" content=\"#SomosF\u00e9eAlegria en Brasil\" \/>\n<meta property=\"article:published_time\" content=\"2023-03-31T13:17:22+00:00\" \/>\n<meta property=\"og:image\" content=\"https:\/\/d3pugrm67vf9n7.cloudfront.net\/wp-content\/uploads\/sites\/23\/2023\/03\/31101635\/IR-2023-banner-home.jpg\" \/>\n\t<meta property=\"og:image:width\" content=\"1000\" \/>\n\t<meta property=\"og:image:height\" content=\"500\" \/>\n\t<meta property=\"og:image:type\" content=\"image\/jpeg\" \/>\n<meta name=\"author\" content=\"adminbr07\" \/>\n<meta name=\"twitter:card\" content=\"summary_large_image\" \/>\n<meta name=\"twitter:label1\" content=\"Escrito por\" \/>\n\t<meta name=\"twitter:data1\" content=\"adminbr07\" \/>\n\t<meta name=\"twitter:label2\" content=\"Tiempo de lectura\" \/>\n\t<meta name=\"twitter:data2\" content=\"1 minuto\" \/>\n<script type=\"application\/ld+json\" class=\"yoast-schema-graph\">{\"@context\":\"https:\\\/\\\/schema.org\",\"@graph\":[{\"@type\":\"Article\",\"@id\":\"https:\\\/\\\/www.feyalegria.org\\\/brasil\\\/transforme-seu-imposto-em-educacao-e-esperanca\\\/#article\",\"isPartOf\":{\"@id\":\"https:\\\/\\\/www.feyalegria.org\\\/brasil\\\/transforme-seu-imposto-em-educacao-e-esperanca\\\/\"},\"author\":{\"name\":\"adminbr07\",\"@id\":\"https:\\\/\\\/www.feyalegria.org\\\/brasil\\\/#\\\/schema\\\/person\\\/8254348e127aa6ed3db70f51e039cb97\"},\"headline\":\"Destine at\u00e9 3% do IR 2023 para F\u00e9 e Alegria e transforme seu imposto em educa\u00e7\u00e3o e esperan\u00e7a\",\"datePublished\":\"2023-03-31T13:17:22+00:00\",\"mainEntityOfPage\":{\"@id\":\"https:\\\/\\\/www.feyalegria.org\\\/brasil\\\/transforme-seu-imposto-em-educacao-e-esperanca\\\/\"},\"wordCount\":246,\"commentCount\":0,\"image\":{\"@id\":\"https:\\\/\\\/www.feyalegria.org\\\/brasil\\\/transforme-seu-imposto-em-educacao-e-esperanca\\\/#primaryimage\"},\"thumbnailUrl\":\"https:\\\/\\\/d3pugrm67vf9n7.cloudfront.net\\\/wp-content\\\/uploads\\\/sites\\\/23\\\/2023\\\/03\\\/31101635\\\/IR-2023-banner-home.jpg\",\"articleSection\":[\"Noticias\",\"Noticias\"],\"inLanguage\":\"es-CO\",\"potentialAction\":[{\"@type\":\"CommentAction\",\"name\":\"Comment\",\"target\":[\"https:\\\/\\\/www.feyalegria.org\\\/brasil\\\/transforme-seu-imposto-em-educacao-e-esperanca\\\/#respond\"]}]},{\"@type\":\"WebPage\",\"@id\":\"https:\\\/\\\/www.feyalegria.org\\\/brasil\\\/transforme-seu-imposto-em-educacao-e-esperanca\\\/\",\"url\":\"https:\\\/\\\/www.feyalegria.org\\\/brasil\\\/transforme-seu-imposto-em-educacao-e-esperanca\\\/\",\"name\":\"Destine at\u00e9 3% do IR 2023 para F\u00e9 e Alegria e transforme seu imposto em educa\u00e7\u00e3o e esperan\u00e7a - #SomosF\u00e9eAlegria en Brasil\",\"isPartOf\":{\"@id\":\"https:\\\/\\\/www.feyalegria.org\\\/brasil\\\/#website\"},\"primaryImageOfPage\":{\"@id\":\"https:\\\/\\\/www.feyalegria.org\\\/brasil\\\/transforme-seu-imposto-em-educacao-e-esperanca\\\/#primaryimage\"},\"image\":{\"@id\":\"https:\\\/\\\/www.feyalegria.org\\\/brasil\\\/transforme-seu-imposto-em-educacao-e-esperanca\\\/#primaryimage\"},\"thumbnailUrl\":\"https:\\\/\\\/d3pugrm67vf9n7.cloudfront.net\\\/wp-content\\\/uploads\\\/sites\\\/23\\\/2023\\\/03\\\/31101635\\\/IR-2023-banner-home.jpg\",\"datePublished\":\"2023-03-31T13:17:22+00:00\",\"author\":{\"@id\":\"https:\\\/\\\/www.feyalegria.org\\\/brasil\\\/#\\\/schema\\\/person\\\/8254348e127aa6ed3db70f51e039cb97\"},\"inLanguage\":\"es-CO\",\"potentialAction\":[{\"@type\":\"ReadAction\",\"target\":[\"https:\\\/\\\/www.feyalegria.org\\\/brasil\\\/transforme-seu-imposto-em-educacao-e-esperanca\\\/\"]}]},{\"@type\":\"ImageObject\",\"inLanguage\":\"es-CO\",\"@id\":\"https:\\\/\\\/www.feyalegria.org\\\/brasil\\\/transforme-seu-imposto-em-educacao-e-esperanca\\\/#primaryimage\",\"url\":\"https:\\\/\\\/d3pugrm67vf9n7.cloudfront.net\\\/wp-content\\\/uploads\\\/sites\\\/23\\\/2023\\\/03\\\/31101635\\\/IR-2023-banner-home.jpg\",\"contentUrl\":\"https:\\\/\\\/d3pugrm67vf9n7.cloudfront.net\\\/wp-content\\\/uploads\\\/sites\\\/23\\\/2023\\\/03\\\/31101635\\\/IR-2023-banner-home.jpg\",\"width\":1000,\"height\":500},{\"@type\":\"WebSite\",\"@id\":\"https:\\\/\\\/www.feyalegria.org\\\/brasil\\\/#website\",\"url\":\"https:\\\/\\\/www.feyalegria.org\\\/brasil\\\/\",\"name\":\"#SomosF\u00e9eAlegria en Brasil\",\"description\":\"\",\"potentialAction\":[{\"@type\":\"SearchAction\",\"target\":{\"@type\":\"EntryPoint\",\"urlTemplate\":\"https:\\\/\\\/www.feyalegria.org\\\/brasil\\\/?s={search_term_string}\"},\"query-input\":{\"@type\":\"PropertyValueSpecification\",\"valueRequired\":true,\"valueName\":\"search_term_string\"}}],\"inLanguage\":\"es-CO\"},{\"@type\":\"Person\",\"@id\":\"https:\\\/\\\/www.feyalegria.org\\\/brasil\\\/#\\\/schema\\\/person\\\/8254348e127aa6ed3db70f51e039cb97\",\"name\":\"adminbr07\",\"url\":\"https:\\\/\\\/www.feyalegria.org\\\/brasil\\\/author\\\/adminbr07\\\/\"}]}<\/script>\n<!-- \/ Yoast SEO plugin. -->","yoast_head_json":{"title":"Destine at\u00e9 3% do IR 2023 para F\u00e9 e Alegria e transforme seu imposto em educa\u00e7\u00e3o e esperan\u00e7a - #SomosF\u00e9eAlegria en Brasil","robots":{"index":"index","follow":"follow","max-snippet":"max-snippet:-1","max-image-preview":"max-image-preview:large","max-video-preview":"max-video-preview:-1"},"canonical":"https:\/\/www.feyalegria.org\/brasil\/transforme-seu-imposto-em-educacao-e-esperanca\/","og_locale":"es_ES","og_type":"article","og_title":"Destine at\u00e9 3% do IR 2023 para F\u00e9 e Alegria e transforme seu imposto em educa\u00e7\u00e3o e esperan\u00e7a - #SomosF\u00e9eAlegria en Brasil","og_description":"Voc\u00ea sabia que \u00e9 poss\u00edvel destinar at\u00e9 3% do Imposto de Renda devido para projetos sociais? Sim, h\u00e1 essa possibilidade\u00a0 desde que voc\u00ea opte pela declara\u00e7\u00e3o no modelo completo, lan\u00e7ando todos os seus rendimentos, e deixando a doa\u00e7\u00e3o para o final do preenchimento da declara\u00e7\u00e3o. Dessa forma, voc\u00ea ajuda uma causa social sem gastar absolutamente","og_url":"https:\/\/www.feyalegria.org\/brasil\/transforme-seu-imposto-em-educacao-e-esperanca\/","og_site_name":"#SomosF\u00e9eAlegria en Brasil","article_published_time":"2023-03-31T13:17:22+00:00","og_image":[{"width":1000,"height":500,"url":"https:\/\/d3pugrm67vf9n7.cloudfront.net\/wp-content\/uploads\/sites\/23\/2023\/03\/31101635\/IR-2023-banner-home.jpg","type":"image\/jpeg"}],"author":"adminbr07","twitter_card":"summary_large_image","twitter_misc":{"Escrito por":"adminbr07","Tiempo de lectura":"1 minuto"},"schema":{"@context":"https:\/\/schema.org","@graph":[{"@type":"Article","@id":"https:\/\/www.feyalegria.org\/brasil\/transforme-seu-imposto-em-educacao-e-esperanca\/#article","isPartOf":{"@id":"https:\/\/www.feyalegria.org\/brasil\/transforme-seu-imposto-em-educacao-e-esperanca\/"},"author":{"name":"adminbr07","@id":"https:\/\/www.feyalegria.org\/brasil\/#\/schema\/person\/8254348e127aa6ed3db70f51e039cb97"},"headline":"Destine at\u00e9 3% do IR 2023 para F\u00e9 e Alegria e transforme seu imposto em educa\u00e7\u00e3o e esperan\u00e7a","datePublished":"2023-03-31T13:17:22+00:00","mainEntityOfPage":{"@id":"https:\/\/www.feyalegria.org\/brasil\/transforme-seu-imposto-em-educacao-e-esperanca\/"},"wordCount":246,"commentCount":0,"image":{"@id":"https:\/\/www.feyalegria.org\/brasil\/transforme-seu-imposto-em-educacao-e-esperanca\/#primaryimage"},"thumbnailUrl":"https:\/\/d3pugrm67vf9n7.cloudfront.net\/wp-content\/uploads\/sites\/23\/2023\/03\/31101635\/IR-2023-banner-home.jpg","articleSection":["Noticias","Noticias"],"inLanguage":"es-CO","potentialAction":[{"@type":"CommentAction","name":"Comment","target":["https:\/\/www.feyalegria.org\/brasil\/transforme-seu-imposto-em-educacao-e-esperanca\/#respond"]}]},{"@type":"WebPage","@id":"https:\/\/www.feyalegria.org\/brasil\/transforme-seu-imposto-em-educacao-e-esperanca\/","url":"https:\/\/www.feyalegria.org\/brasil\/transforme-seu-imposto-em-educacao-e-esperanca\/","name":"Destine at\u00e9 3% do IR 2023 para F\u00e9 e Alegria e transforme seu imposto em educa\u00e7\u00e3o e esperan\u00e7a - #SomosF\u00e9eAlegria en Brasil","isPartOf":{"@id":"https:\/\/www.feyalegria.org\/brasil\/#website"},"primaryImageOfPage":{"@id":"https:\/\/www.feyalegria.org\/brasil\/transforme-seu-imposto-em-educacao-e-esperanca\/#primaryimage"},"image":{"@id":"https:\/\/www.feyalegria.org\/brasil\/transforme-seu-imposto-em-educacao-e-esperanca\/#primaryimage"},"thumbnailUrl":"https:\/\/d3pugrm67vf9n7.cloudfront.net\/wp-content\/uploads\/sites\/23\/2023\/03\/31101635\/IR-2023-banner-home.jpg","datePublished":"2023-03-31T13:17:22+00:00","author":{"@id":"https:\/\/www.feyalegria.org\/brasil\/#\/schema\/person\/8254348e127aa6ed3db70f51e039cb97"},"inLanguage":"es-CO","potentialAction":[{"@type":"ReadAction","target":["https:\/\/www.feyalegria.org\/brasil\/transforme-seu-imposto-em-educacao-e-esperanca\/"]}]},{"@type":"ImageObject","inLanguage":"es-CO","@id":"https:\/\/www.feyalegria.org\/brasil\/transforme-seu-imposto-em-educacao-e-esperanca\/#primaryimage","url":"https:\/\/d3pugrm67vf9n7.cloudfront.net\/wp-content\/uploads\/sites\/23\/2023\/03\/31101635\/IR-2023-banner-home.jpg","contentUrl":"https:\/\/d3pugrm67vf9n7.cloudfront.net\/wp-content\/uploads\/sites\/23\/2023\/03\/31101635\/IR-2023-banner-home.jpg","width":1000,"height":500},{"@type":"WebSite","@id":"https:\/\/www.feyalegria.org\/brasil\/#website","url":"https:\/\/www.feyalegria.org\/brasil\/","name":"#SomosF\u00e9eAlegria en Brasil","description":"","potentialAction":[{"@type":"SearchAction","target":{"@type":"EntryPoint","urlTemplate":"https:\/\/www.feyalegria.org\/brasil\/?s={search_term_string}"},"query-input":{"@type":"PropertyValueSpecification","valueRequired":true,"valueName":"search_term_string"}}],"inLanguage":"es-CO"},{"@type":"Person","@id":"https:\/\/www.feyalegria.org\/brasil\/#\/schema\/person\/8254348e127aa6ed3db70f51e039cb97","name":"adminbr07","url":"https:\/\/www.feyalegria.org\/brasil\/author\/adminbr07\/"}]}},"_links":{"self":[{"href":"https:\/\/www.feyalegria.org\/brasil\/wp-json\/wp\/v2\/posts\/27107","targetHints":{"allow":["GET"]}}],"collection":[{"href":"https:\/\/www.feyalegria.org\/brasil\/wp-json\/wp\/v2\/posts"}],"about":[{"href":"https:\/\/www.feyalegria.org\/brasil\/wp-json\/wp\/v2\/types\/post"}],"author":[{"embeddable":true,"href":"https:\/\/www.feyalegria.org\/brasil\/wp-json\/wp\/v2\/users\/79"}],"replies":[{"embeddable":true,"href":"https:\/\/www.feyalegria.org\/brasil\/wp-json\/wp\/v2\/comments?post=27107"}],"version-history":[{"count":0,"href":"https:\/\/www.feyalegria.org\/brasil\/wp-json\/wp\/v2\/posts\/27107\/revisions"}],"wp:featuredmedia":[{"embeddable":true,"href":"https:\/\/www.feyalegria.org\/brasil\/wp-json\/wp\/v2\/media\/27108"}],"wp:attachment":[{"href":"https:\/\/www.feyalegria.org\/brasil\/wp-json\/wp\/v2\/media?parent=27107"}],"wp:term":[{"taxonomy":"category","embeddable":true,"href":"https:\/\/www.feyalegria.org\/brasil\/wp-json\/wp\/v2\/categories?post=27107"},{"taxonomy":"post_tag","embeddable":true,"href":"https:\/\/www.feyalegria.org\/brasil\/wp-json\/wp\/v2\/tags?post=27107"},{"taxonomy":"post_folder","embeddable":true,"href":"https:\/\/www.feyalegria.org\/brasil\/wp-json\/wp\/v2\/post_folder?post=27107"}],"curies":[{"name":"wp","href":"https:\/\/api.w.org\/{rel}","templated":true}]}}