{"id":27112,"date":"2023-04-06T13:19:59","date_gmt":"2023-04-06T16:19:59","guid":{"rendered":"https:\/\/www.feyalegria.org\/brasil\/?p=27112"},"modified":"2023-04-06T14:18:21","modified_gmt":"2023-04-06T17:18:21","slug":"mensagem-de-pascoa-dos-jesuitas-do-brasil","status":"publish","type":"post","link":"https:\/\/www.feyalegria.org\/brasil\/mensagem-de-pascoa-dos-jesuitas-do-brasil\/","title":{"rendered":"Mensagem de P\u00e1scoa dos Jesu\u00edtas do Brasil"},"content":{"rendered":"<div class=\"x11i5rnm xat24cr x1mh8g0r x1vvkbs xdj266r x126k92a\">\n<div dir=\"auto\">A Funda\u00e7\u00e3o F\u00e9 e Alegria, uma institui\u00e7\u00e3o da Companhia de Jesus, compartilha a mensagem de P\u00e1scoa do Provincial do Brasil, Pe. Mieczyslaw Smyda, SJ, que nos pede para estarmos dispostos a semear o amor genu\u00edno de Jesus, pois, ao morrer e ressuscitar, Ele nos ensina a renascer para uma vida nova e entregue aos demais.<\/div>\n<div dir=\"auto\">Pe. Smyda afirma que, por meio da solidariedade e do amor verdadeiro, somos capazes de transformar a nossa sociedade. Por isso, devemos ser semeadores do amor, da alegria, da paz e do bem por onde passarmos.<\/div>\n<div dir=\"auto\"><\/div>\n<div dir=\"auto\"><\/div>\n<div dir=\"auto\"><strong>Desejamos a todos e todas uma Feliz P\u00e1scoa, com muita F\u00e9 e Alegria!<\/strong><\/div>\n<\/div>\n<div dir=\"auto\"><\/div>\n<div dir=\"auto\"><\/div>\n<div class=\"x11i5rnm xat24cr x1mh8g0r x1vvkbs xtlvy1s x126k92a\">\n<div dir=\"auto\">\n<p>&nbsp;<\/p>\n<p><em>Irm\u00e3os e Irm\u00e3s no Senhor,<\/em><\/p>\n<p>&nbsp;<\/p>\n<p><em>Com a celebra\u00e7\u00e3o da Paix\u00e3o, Morte e Ressurrei\u00e7\u00e3o de Cristo, iniciamos o Tempo Pascal e cerne da nossa f\u00e9. Assim, convido a todos e todas a celebrarem esse Mist\u00e9rio com os cora\u00e7\u00f5es alegres e dispostos para semear o amor genu\u00edno do Filho de Deus, que se entrega por n\u00f3s, deixando-o crescer, florescer e se multiplicar. Pois, ao morrer e ressuscitar, Ele nos ensina que devemos sempre renascer para uma vida nova e entregue para os demais.\u00a0\u00a0<\/em><\/p>\n<p>&nbsp;<\/p>\n<p><em>Inspirados em Nosso Senhor Jesus Cristo, sejamos semeadores do amor com fraternidade, paz, empatia, respeito e toler\u00e2ncia. Aquele semeador que, mesmo em condi\u00e7\u00f5es adversas, cuida para que as sementes brotem e tornem-se alimentos para todas as pessoas no mundo.\u00a0<\/em><\/p>\n<p>&nbsp;<\/p>\n<p><em>A Campanha da Fraternidade deste ano nos convoca a unir for\u00e7as para combater a fome. Uma parcela significativa da popula\u00e7\u00e3o brasileira est\u00e1 vulner\u00e1vel ao n\u00e3o ter diariamente a garantia de um prato de comida. Com a responsabilidade de sermos crist\u00e3os, que vivenciam o Cristo Ressuscitado, devemos nos mobilizar para que nossos irm\u00e3os e irm\u00e3s n\u00e3o sintam a dor da fome. Por meio da solidariedade e do amor verdadeiro, temos o poder de transformar nossa sociedade.\u00a0\u00a0<\/em><\/p>\n<p>&nbsp;<\/p>\n<p><em>Sejamos ainda multiplicadores do amor, da f\u00e9 e da esperan\u00e7a, alimentos essenciais para vencermos o \u00f3dio, o desrespeito \u00e0s diferen\u00e7as raciais, religiosas e culturais, e a destrui\u00e7\u00e3o da natureza.\u00a0\u00a0<\/em><\/p>\n<p>&nbsp;<\/p>\n<p><em>Movidos pelo esp\u00edrito da P\u00e1scoa, sejamos semeadores do amor, da alegria, da paz e do bem por onde passarmos.\u00a0\u00a0<\/em><\/p>\n<p>&nbsp;<\/p>\n<p><em>A todos e todas, uma Feliz e Santa P\u00e1scoa!\u00a0<\/em><\/p>\n<p>&nbsp;<\/p>\n<p class=\"entry-title\"><strong>Pe. Mieczyslaw Smyda,\u00a0<em>SJ<\/em><\/strong><br \/>\n<strong>Provincial dos Jesu\u00edtas do Brasil<\/strong><\/p>\n<p>&nbsp;<\/p>\n<p>Clique aqui para assistir a mensagem em v\u00eddeo.<\/p>\n<\/div>\n<\/div>\n","protected":false},"excerpt":{"rendered":"<p>A Funda\u00e7\u00e3o F\u00e9 e Alegria, uma institui\u00e7\u00e3o da Companhia de Jesus, compartilha a mensagem de P\u00e1scoa do Provincial do Brasil, Pe. Mieczyslaw Smyda, SJ, que nos pede para estarmos dispostos a semear o amor genu\u00edno de Jesus, pois, ao morrer e ressuscitar, Ele nos ensina a renascer para uma vida nova e entregue aos demais.<\/p>\n","protected":false},"author":79,"featured_media":27118,"comment_status":"open","ping_status":"open","sticky":false,"template":"","format":"standard","meta":{"_acf_changed":false,"footnotes":""},"categories":[183,432,384],"tags":[],"post_folder":[],"class_list":["post-27112","post","type-post","status-publish","format-standard","has-post-thumbnail","hentry","category-noticias","category-noticias-pt","category-uncategorized-pt"],"acf":[],"yoast_head":"<!-- This site is optimized with the Yoast SEO plugin v27.5 - https:\/\/yoast.com\/product\/yoast-seo-wordpress\/ -->\n<title>Mensagem de P\u00e1scoa dos Jesu\u00edtas do Brasil - #SomosF\u00e9eAlegria en Brasil<\/title>\n<meta name=\"robots\" content=\"index, follow, max-snippet:-1, max-image-preview:large, max-video-preview:-1\" \/>\n<link rel=\"canonical\" href=\"https:\/\/www.feyalegria.org\/brasil\/mensagem-de-pascoa-dos-jesuitas-do-brasil\/\" \/>\n<meta property=\"og:locale\" content=\"es_ES\" \/>\n<meta property=\"og:type\" content=\"article\" \/>\n<meta property=\"og:title\" content=\"Mensagem de P\u00e1scoa dos Jesu\u00edtas do Brasil - #SomosF\u00e9eAlegria en Brasil\" \/>\n<meta property=\"og:description\" content=\"A Funda\u00e7\u00e3o F\u00e9 e Alegria, uma institui\u00e7\u00e3o da Companhia de Jesus, compartilha a mensagem de P\u00e1scoa do Provincial do Brasil, Pe. Mieczyslaw Smyda, SJ, que nos pede para estarmos dispostos a semear o amor genu\u00edno de Jesus, pois, ao morrer e ressuscitar, Ele nos ensina a renascer para uma vida nova e entregue aos demais.\" \/>\n<meta property=\"og:url\" content=\"https:\/\/www.feyalegria.org\/brasil\/mensagem-de-pascoa-dos-jesuitas-do-brasil\/\" \/>\n<meta property=\"og:site_name\" content=\"#SomosF\u00e9eAlegria en Brasil\" \/>\n<meta property=\"article:published_time\" content=\"2023-04-06T16:19:59+00:00\" \/>\n<meta property=\"article:modified_time\" content=\"2023-04-06T17:18:21+00:00\" \/>\n<meta property=\"og:image\" content=\"https:\/\/d3pugrm67vf9n7.cloudfront.net\/wp-content\/uploads\/sites\/23\/2023\/04\/06141757\/Mensagem-de-P%C3%A1scoa.jpg\" \/>\n\t<meta property=\"og:image:width\" content=\"1000\" \/>\n\t<meta property=\"og:image:height\" content=\"500\" \/>\n\t<meta property=\"og:image:type\" content=\"image\/jpeg\" \/>\n<meta name=\"author\" content=\"adminbr07\" \/>\n<meta name=\"twitter:card\" content=\"summary_large_image\" \/>\n<meta name=\"twitter:label1\" content=\"Escrito por\" \/>\n\t<meta name=\"twitter:data1\" content=\"adminbr07\" \/>\n\t<meta name=\"twitter:label2\" content=\"Tiempo de lectura\" \/>\n\t<meta name=\"twitter:data2\" content=\"2 minutos\" \/>\n<script type=\"application\/ld+json\" class=\"yoast-schema-graph\">{\"@context\":\"https:\\\/\\\/schema.org\",\"@graph\":[{\"@type\":\"Article\",\"@id\":\"https:\\\/\\\/www.feyalegria.org\\\/brasil\\\/mensagem-de-pascoa-dos-jesuitas-do-brasil\\\/#article\",\"isPartOf\":{\"@id\":\"https:\\\/\\\/www.feyalegria.org\\\/brasil\\\/mensagem-de-pascoa-dos-jesuitas-do-brasil\\\/\"},\"author\":{\"name\":\"adminbr07\",\"@id\":\"https:\\\/\\\/www.feyalegria.org\\\/brasil\\\/#\\\/schema\\\/person\\\/8254348e127aa6ed3db70f51e039cb97\"},\"headline\":\"Mensagem de P\u00e1scoa dos Jesu\u00edtas do Brasil\",\"datePublished\":\"2023-04-06T16:19:59+00:00\",\"dateModified\":\"2023-04-06T17:18:21+00:00\",\"mainEntityOfPage\":{\"@id\":\"https:\\\/\\\/www.feyalegria.org\\\/brasil\\\/mensagem-de-pascoa-dos-jesuitas-do-brasil\\\/\"},\"wordCount\":423,\"commentCount\":0,\"image\":{\"@id\":\"https:\\\/\\\/www.feyalegria.org\\\/brasil\\\/mensagem-de-pascoa-dos-jesuitas-do-brasil\\\/#primaryimage\"},\"thumbnailUrl\":\"https:\\\/\\\/d3pugrm67vf9n7.cloudfront.net\\\/wp-content\\\/uploads\\\/sites\\\/23\\\/2023\\\/04\\\/06141757\\\/Mensagem-de-P%C3%A1scoa.jpg\",\"articleSection\":[\"Noticias\",\"Noticias\",\"Uncategorized\"],\"inLanguage\":\"es-CO\",\"potentialAction\":[{\"@type\":\"CommentAction\",\"name\":\"Comment\",\"target\":[\"https:\\\/\\\/www.feyalegria.org\\\/brasil\\\/mensagem-de-pascoa-dos-jesuitas-do-brasil\\\/#respond\"]}]},{\"@type\":\"WebPage\",\"@id\":\"https:\\\/\\\/www.feyalegria.org\\\/brasil\\\/mensagem-de-pascoa-dos-jesuitas-do-brasil\\\/\",\"url\":\"https:\\\/\\\/www.feyalegria.org\\\/brasil\\\/mensagem-de-pascoa-dos-jesuitas-do-brasil\\\/\",\"name\":\"Mensagem de P\u00e1scoa dos Jesu\u00edtas do Brasil - #SomosF\u00e9eAlegria en Brasil\",\"isPartOf\":{\"@id\":\"https:\\\/\\\/www.feyalegria.org\\\/brasil\\\/#website\"},\"primaryImageOfPage\":{\"@id\":\"https:\\\/\\\/www.feyalegria.org\\\/brasil\\\/mensagem-de-pascoa-dos-jesuitas-do-brasil\\\/#primaryimage\"},\"image\":{\"@id\":\"https:\\\/\\\/www.feyalegria.org\\\/brasil\\\/mensagem-de-pascoa-dos-jesuitas-do-brasil\\\/#primaryimage\"},\"thumbnailUrl\":\"https:\\\/\\\/d3pugrm67vf9n7.cloudfront.net\\\/wp-content\\\/uploads\\\/sites\\\/23\\\/2023\\\/04\\\/06141757\\\/Mensagem-de-P%C3%A1scoa.jpg\",\"datePublished\":\"2023-04-06T16:19:59+00:00\",\"dateModified\":\"2023-04-06T17:18:21+00:00\",\"author\":{\"@id\":\"https:\\\/\\\/www.feyalegria.org\\\/brasil\\\/#\\\/schema\\\/person\\\/8254348e127aa6ed3db70f51e039cb97\"},\"inLanguage\":\"es-CO\",\"potentialAction\":[{\"@type\":\"ReadAction\",\"target\":[\"https:\\\/\\\/www.feyalegria.org\\\/brasil\\\/mensagem-de-pascoa-dos-jesuitas-do-brasil\\\/\"]}]},{\"@type\":\"ImageObject\",\"inLanguage\":\"es-CO\",\"@id\":\"https:\\\/\\\/www.feyalegria.org\\\/brasil\\\/mensagem-de-pascoa-dos-jesuitas-do-brasil\\\/#primaryimage\",\"url\":\"https:\\\/\\\/d3pugrm67vf9n7.cloudfront.net\\\/wp-content\\\/uploads\\\/sites\\\/23\\\/2023\\\/04\\\/06141757\\\/Mensagem-de-P%C3%A1scoa.jpg\",\"contentUrl\":\"https:\\\/\\\/d3pugrm67vf9n7.cloudfront.net\\\/wp-content\\\/uploads\\\/sites\\\/23\\\/2023\\\/04\\\/06141757\\\/Mensagem-de-P%C3%A1scoa.jpg\",\"width\":1000,\"height\":500},{\"@type\":\"WebSite\",\"@id\":\"https:\\\/\\\/www.feyalegria.org\\\/brasil\\\/#website\",\"url\":\"https:\\\/\\\/www.feyalegria.org\\\/brasil\\\/\",\"name\":\"#SomosF\u00e9eAlegria en Brasil\",\"description\":\"\",\"potentialAction\":[{\"@type\":\"SearchAction\",\"target\":{\"@type\":\"EntryPoint\",\"urlTemplate\":\"https:\\\/\\\/www.feyalegria.org\\\/brasil\\\/?s={search_term_string}\"},\"query-input\":{\"@type\":\"PropertyValueSpecification\",\"valueRequired\":true,\"valueName\":\"search_term_string\"}}],\"inLanguage\":\"es-CO\"},{\"@type\":\"Person\",\"@id\":\"https:\\\/\\\/www.feyalegria.org\\\/brasil\\\/#\\\/schema\\\/person\\\/8254348e127aa6ed3db70f51e039cb97\",\"name\":\"adminbr07\",\"url\":\"https:\\\/\\\/www.feyalegria.org\\\/brasil\\\/author\\\/adminbr07\\\/\"}]}<\/script>\n<!-- \/ Yoast SEO plugin. -->","yoast_head_json":{"title":"Mensagem de P\u00e1scoa dos Jesu\u00edtas do Brasil - #SomosF\u00e9eAlegria en Brasil","robots":{"index":"index","follow":"follow","max-snippet":"max-snippet:-1","max-image-preview":"max-image-preview:large","max-video-preview":"max-video-preview:-1"},"canonical":"https:\/\/www.feyalegria.org\/brasil\/mensagem-de-pascoa-dos-jesuitas-do-brasil\/","og_locale":"es_ES","og_type":"article","og_title":"Mensagem de P\u00e1scoa dos Jesu\u00edtas do Brasil - #SomosF\u00e9eAlegria en Brasil","og_description":"A Funda\u00e7\u00e3o F\u00e9 e Alegria, uma institui\u00e7\u00e3o da Companhia de Jesus, compartilha a mensagem de P\u00e1scoa do Provincial do Brasil, Pe. Mieczyslaw Smyda, SJ, que nos pede para estarmos dispostos a semear o amor genu\u00edno de Jesus, pois, ao morrer e ressuscitar, Ele nos ensina a renascer para uma vida nova e entregue aos demais.","og_url":"https:\/\/www.feyalegria.org\/brasil\/mensagem-de-pascoa-dos-jesuitas-do-brasil\/","og_site_name":"#SomosF\u00e9eAlegria en Brasil","article_published_time":"2023-04-06T16:19:59+00:00","article_modified_time":"2023-04-06T17:18:21+00:00","og_image":[{"width":1000,"height":500,"url":"https:\/\/d3pugrm67vf9n7.cloudfront.net\/wp-content\/uploads\/sites\/23\/2023\/04\/06141757\/Mensagem-de-P%C3%A1scoa.jpg","type":"image\/jpeg"}],"author":"adminbr07","twitter_card":"summary_large_image","twitter_misc":{"Escrito por":"adminbr07","Tiempo de lectura":"2 minutos"},"schema":{"@context":"https:\/\/schema.org","@graph":[{"@type":"Article","@id":"https:\/\/www.feyalegria.org\/brasil\/mensagem-de-pascoa-dos-jesuitas-do-brasil\/#article","isPartOf":{"@id":"https:\/\/www.feyalegria.org\/brasil\/mensagem-de-pascoa-dos-jesuitas-do-brasil\/"},"author":{"name":"adminbr07","@id":"https:\/\/www.feyalegria.org\/brasil\/#\/schema\/person\/8254348e127aa6ed3db70f51e039cb97"},"headline":"Mensagem de P\u00e1scoa dos Jesu\u00edtas do Brasil","datePublished":"2023-04-06T16:19:59+00:00","dateModified":"2023-04-06T17:18:21+00:00","mainEntityOfPage":{"@id":"https:\/\/www.feyalegria.org\/brasil\/mensagem-de-pascoa-dos-jesuitas-do-brasil\/"},"wordCount":423,"commentCount":0,"image":{"@id":"https:\/\/www.feyalegria.org\/brasil\/mensagem-de-pascoa-dos-jesuitas-do-brasil\/#primaryimage"},"thumbnailUrl":"https:\/\/d3pugrm67vf9n7.cloudfront.net\/wp-content\/uploads\/sites\/23\/2023\/04\/06141757\/Mensagem-de-P%C3%A1scoa.jpg","articleSection":["Noticias","Noticias","Uncategorized"],"inLanguage":"es-CO","potentialAction":[{"@type":"CommentAction","name":"Comment","target":["https:\/\/www.feyalegria.org\/brasil\/mensagem-de-pascoa-dos-jesuitas-do-brasil\/#respond"]}]},{"@type":"WebPage","@id":"https:\/\/www.feyalegria.org\/brasil\/mensagem-de-pascoa-dos-jesuitas-do-brasil\/","url":"https:\/\/www.feyalegria.org\/brasil\/mensagem-de-pascoa-dos-jesuitas-do-brasil\/","name":"Mensagem de P\u00e1scoa dos Jesu\u00edtas do Brasil - #SomosF\u00e9eAlegria en Brasil","isPartOf":{"@id":"https:\/\/www.feyalegria.org\/brasil\/#website"},"primaryImageOfPage":{"@id":"https:\/\/www.feyalegria.org\/brasil\/mensagem-de-pascoa-dos-jesuitas-do-brasil\/#primaryimage"},"image":{"@id":"https:\/\/www.feyalegria.org\/brasil\/mensagem-de-pascoa-dos-jesuitas-do-brasil\/#primaryimage"},"thumbnailUrl":"https:\/\/d3pugrm67vf9n7.cloudfront.net\/wp-content\/uploads\/sites\/23\/2023\/04\/06141757\/Mensagem-de-P%C3%A1scoa.jpg","datePublished":"2023-04-06T16:19:59+00:00","dateModified":"2023-04-06T17:18:21+00:00","author":{"@id":"https:\/\/www.feyalegria.org\/brasil\/#\/schema\/person\/8254348e127aa6ed3db70f51e039cb97"},"inLanguage":"es-CO","potentialAction":[{"@type":"ReadAction","target":["https:\/\/www.feyalegria.org\/brasil\/mensagem-de-pascoa-dos-jesuitas-do-brasil\/"]}]},{"@type":"ImageObject","inLanguage":"es-CO","@id":"https:\/\/www.feyalegria.org\/brasil\/mensagem-de-pascoa-dos-jesuitas-do-brasil\/#primaryimage","url":"https:\/\/d3pugrm67vf9n7.cloudfront.net\/wp-content\/uploads\/sites\/23\/2023\/04\/06141757\/Mensagem-de-P%C3%A1scoa.jpg","contentUrl":"https:\/\/d3pugrm67vf9n7.cloudfront.net\/wp-content\/uploads\/sites\/23\/2023\/04\/06141757\/Mensagem-de-P%C3%A1scoa.jpg","width":1000,"height":500},{"@type":"WebSite","@id":"https:\/\/www.feyalegria.org\/brasil\/#website","url":"https:\/\/www.feyalegria.org\/brasil\/","name":"#SomosF\u00e9eAlegria en Brasil","description":"","potentialAction":[{"@type":"SearchAction","target":{"@type":"EntryPoint","urlTemplate":"https:\/\/www.feyalegria.org\/brasil\/?s={search_term_string}"},"query-input":{"@type":"PropertyValueSpecification","valueRequired":true,"valueName":"search_term_string"}}],"inLanguage":"es-CO"},{"@type":"Person","@id":"https:\/\/www.feyalegria.org\/brasil\/#\/schema\/person\/8254348e127aa6ed3db70f51e039cb97","name":"adminbr07","url":"https:\/\/www.feyalegria.org\/brasil\/author\/adminbr07\/"}]}},"_links":{"self":[{"href":"https:\/\/www.feyalegria.org\/brasil\/wp-json\/wp\/v2\/posts\/27112","targetHints":{"allow":["GET"]}}],"collection":[{"href":"https:\/\/www.feyalegria.org\/brasil\/wp-json\/wp\/v2\/posts"}],"about":[{"href":"https:\/\/www.feyalegria.org\/brasil\/wp-json\/wp\/v2\/types\/post"}],"author":[{"embeddable":true,"href":"https:\/\/www.feyalegria.org\/brasil\/wp-json\/wp\/v2\/users\/79"}],"replies":[{"embeddable":true,"href":"https:\/\/www.feyalegria.org\/brasil\/wp-json\/wp\/v2\/comments?post=27112"}],"version-history":[{"count":0,"href":"https:\/\/www.feyalegria.org\/brasil\/wp-json\/wp\/v2\/posts\/27112\/revisions"}],"wp:featuredmedia":[{"embeddable":true,"href":"https:\/\/www.feyalegria.org\/brasil\/wp-json\/wp\/v2\/media\/27118"}],"wp:attachment":[{"href":"https:\/\/www.feyalegria.org\/brasil\/wp-json\/wp\/v2\/media?parent=27112"}],"wp:term":[{"taxonomy":"category","embeddable":true,"href":"https:\/\/www.feyalegria.org\/brasil\/wp-json\/wp\/v2\/categories?post=27112"},{"taxonomy":"post_tag","embeddable":true,"href":"https:\/\/www.feyalegria.org\/brasil\/wp-json\/wp\/v2\/tags?post=27112"},{"taxonomy":"post_folder","embeddable":true,"href":"https:\/\/www.feyalegria.org\/brasil\/wp-json\/wp\/v2\/post_folder?post=27112"}],"curies":[{"name":"wp","href":"https:\/\/api.w.org\/{rel}","templated":true}]}}