{"id":27544,"date":"2023-08-08T12:20:04","date_gmt":"2023-08-08T15:20:04","guid":{"rendered":"https:\/\/www.feyalegria.org\/brasil\/?p=27544"},"modified":"2023-08-08T12:20:04","modified_gmt":"2023-08-08T15:20:04","slug":"radio-fe-e-alegria-em-montes-claros-comemora-dez-anos","status":"publish","type":"post","link":"https:\/\/www.feyalegria.org\/brasil\/radio-fe-e-alegria-em-montes-claros-comemora-dez-anos\/","title":{"rendered":"R\u00e1dio F\u00e9 e Alegria, em Montes Claros, comemora dez anos"},"content":{"rendered":"<div class=\"wpb-content-wrapper\"><p>[vc_row][vc_column][vc_column_text]<span style=\"font-weight: 400\"><img loading=\"lazy\" decoding=\"async\" class=\"alignright size-medium wp-image-27545\" src=\"https:\/\/d3pugrm67vf9n7.cloudfront.net\/wp-content\/uploads\/sites\/23\/2023\/08\/08121243\/Dez-anos-r%C3%A1dio-mat%C3%A9ria-2-300x300.png\" alt=\"\" width=\"300\" height=\"300\" srcset=\"https:\/\/d3pugrm67vf9n7.cloudfront.net\/wp-content\/uploads\/sites\/23\/2023\/08\/08121243\/Dez-anos-r%C3%A1dio-mat%C3%A9ria-2.png 300w, https:\/\/d3pugrm67vf9n7.cloudfront.net\/wp-content\/uploads\/sites\/23\/2023\/08\/08121243\/Dez-anos-r%C3%A1dio-mat%C3%A9ria-2-150x150.png 150w\" sizes=\"auto, (max-width: 300px) 100vw, 300px\" \/>Teve festa, teve bolo, teve poesia recitada pelos educandos. Mas, acima de tudo, teve muita celebra\u00e7\u00e3o e gratid\u00e3o pelo que foi constru\u00eddo nos dez anos de exist\u00eancia da R\u00e1dio F\u00e9 e Alegria, na nossa unidade de Montes Claros (MG).\u00a0<\/span><\/p>\n<p>&nbsp;<\/p>\n<p><span style=\"font-weight: 400\">Segundo a coordenadora da unidade, Fernanda Ariele, que teve o privil\u00e9gio de acompanhar essa hist\u00f3ria desde o in\u00edcio, o evento de comemora\u00e7\u00e3o, realizado na \u00faltima quinta-feira (03) foi de lembrar o quanto a r\u00e1dio contribui para o trabalho ali realizado pela Funda\u00e7\u00e3o F\u00e9 e Alegria na cidade, sobretudo para o avan\u00e7o, fortalecimento e desenvolvimento comunit\u00e1rio.\u00a0<\/span><\/p>\n<p>&nbsp;<\/p>\n<p><span style=\"font-weight: 400\">\u201cNossa r\u00e1dio \u00e9 educativa porque, al\u00e9m dos conte\u00fados musicais, tem o objetivo de transmitir informa\u00e7\u00f5es da pr\u00f3pria comunidade. Ali, nossos educandos, que s\u00e3o adolescentes e crian\u00e7as, t\u00eam \u00e0 disposi\u00e7\u00e3o um est\u00fadio com ferramentas pr\u00f3prias de uma r\u00e1dio, mas, sobretudo, t\u00eam acesso a conhecimentos que eles n\u00e3o t\u00eam em outros espa\u00e7os\u201d, ressalta.\u00a0<\/span><\/p>\n<p><span style=\"font-weight: 400\"><img loading=\"lazy\" decoding=\"async\" class=\"size-medium wp-image-27546 alignleft\" src=\"https:\/\/d3pugrm67vf9n7.cloudfront.net\/wp-content\/uploads\/sites\/23\/2023\/08\/08121246\/Dez-anos-r%C3%A1dio-mat%C3%A9ria-1-300x300.png\" alt=\"\" width=\"300\" height=\"300\" srcset=\"https:\/\/d3pugrm67vf9n7.cloudfront.net\/wp-content\/uploads\/sites\/23\/2023\/08\/08121246\/Dez-anos-r%C3%A1dio-mat%C3%A9ria-1.png 300w, https:\/\/d3pugrm67vf9n7.cloudfront.net\/wp-content\/uploads\/sites\/23\/2023\/08\/08121246\/Dez-anos-r%C3%A1dio-mat%C3%A9ria-1-150x150.png 150w\" sizes=\"auto, (max-width: 300px) 100vw, 300px\" \/><\/span><\/p>\n<p>&nbsp;<\/p>\n<p><span style=\"font-weight: 400\">Fernanda conta, ainda, que a R\u00e1dio F\u00e9 e Alegria permitiu que a Funda\u00e7\u00e3o formasse jovens e adultos que hoje trabalham em r\u00e1dios comerciais da cidade. \u201cNossa hist\u00f3ria \u00e9 longa, j\u00e1 fizemos muito para a nossa comunidade e para nossos atendidos, e esperamos fazer um trabalho ainda mais pautado na forma\u00e7\u00e3o da comunidade que atendemos, sobretudo os nossos adolescentes e as nossas crian\u00e7as, para que eles possam n\u00e3o s\u00f3 ter acesso a conte\u00fados de qualidade, mas tamb\u00e9m contribuir com a proposta e com a constru\u00e7\u00e3o desses conte\u00fados.\u201d<\/span><\/p>\n<p>&nbsp;<\/p>\n<p><b>Fortalecendo a educomunica\u00e7\u00e3o<\/b><\/p>\n<p>&nbsp;<\/p>\n<p><span style=\"font-weight: 400\">Para Jana\u00edna Gon\u00e7alves, educadora social respons\u00e1vel pela R\u00e1dio F\u00e9 e Alegria, esse ve\u00edculo deve ser entendido tamb\u00e9m como um meio de transforma\u00e7\u00e3o social e educa\u00e7\u00e3o popular, pois sua proposta fortalece os princ\u00edpios da educomunica\u00e7\u00e3o. \u201cO r\u00e1dio, dentro da institui\u00e7\u00e3o, n\u00e3o desenvolve apenas a habilidade de comunica\u00e7\u00e3o, mas estimula o senso cr\u00edtico, a tomada de iniciativa e a autonomia, al\u00e9m de propiciar que os educandos, e at\u00e9 mesmo os educadores, repensem suas pr\u00e1ticas educativas para al\u00e9m da sala de aula\u201d, comenta.<\/span><\/p>\n<p>&nbsp;<\/p>\n<p><span style=\"font-weight: 400\">Jana\u00edna, que j\u00e1 passou por emissoras comerciais, ressalta a excelente estrutura da R\u00e1dio F\u00e9 e Alegria, e a v\u00ea como um trampolim para o desenvolvimento de diversas atividades. \u201cTemos o compromisso n\u00e3o s\u00f3 de levar informa\u00e7\u00e3o, mas de transformar a vida de pessoas por meio desse canal.\u201d<\/span><\/p>\n<p>&nbsp;<\/p>\n<p><span style=\"font-weight: 400\">A educadora ressalta ainda o lan\u00e7amento do projeto Protagonistas em A\u00e7\u00e3o, em que os educandos produzem podcasts educativos, veiculados durante a programa\u00e7\u00e3o, com base nos assuntos discutidos nos ciclos formativos.<\/span><\/p>\n<p>&nbsp;<\/p>\n<h3><strong>Voc\u00ea pode ouvir a R\u00e1dio F\u00e9 e Alegria aqui mesmo no nosso site: basta clicar no \u00edcone no canto direito do menu acima!<\/strong><\/h3>\n<p>[\/vc_column_text][\/vc_column][\/vc_row]<\/p>\n<\/div>","protected":false},"excerpt":{"rendered":"<p>[vc_row][vc_column][vc_column_text]Teve festa, teve bolo, teve poesia recitada pelos educandos. Mas, acima de tudo, teve muita celebra\u00e7\u00e3o e gratid\u00e3o pelo que foi constru\u00eddo nos dez anos de exist\u00eancia da R\u00e1dio F\u00e9 e Alegria, na nossa unidade de Montes Claros (MG).\u00a0 &nbsp; Segundo a coordenadora da unidade, Fernanda Ariele, que teve o privil\u00e9gio de acompanhar essa hist\u00f3ria<\/p>\n","protected":false},"author":68,"featured_media":27547,"comment_status":"open","ping_status":"open","sticky":false,"template":"","format":"standard","meta":{"_acf_changed":false,"footnotes":""},"categories":[183,432],"tags":[667,408,659,810],"post_folder":[],"class_list":["post-27544","post","type-post","status-publish","format-standard","has-post-thumbnail","hentry","category-noticias","category-noticias-pt","tag-educacao","tag-fe-e-alegria","tag-montesclaros","tag-radio"],"acf":[],"yoast_head":"<!-- This site is optimized with the Yoast SEO plugin v27.5 - https:\/\/yoast.com\/product\/yoast-seo-wordpress\/ -->\n<title>R\u00e1dio F\u00e9 e Alegria, em Montes Claros, comemora dez anos - #SomosF\u00e9eAlegria en Brasil<\/title>\n<meta name=\"robots\" content=\"index, follow, max-snippet:-1, max-image-preview:large, max-video-preview:-1\" \/>\n<link rel=\"canonical\" href=\"https:\/\/www.feyalegria.org\/brasil\/radio-fe-e-alegria-em-montes-claros-comemora-dez-anos\/\" \/>\n<meta property=\"og:locale\" content=\"es_ES\" \/>\n<meta property=\"og:type\" content=\"article\" \/>\n<meta property=\"og:title\" content=\"R\u00e1dio F\u00e9 e Alegria, em Montes Claros, comemora dez anos - #SomosF\u00e9eAlegria en Brasil\" \/>\n<meta property=\"og:description\" content=\"[vc_row][vc_column][vc_column_text]Teve festa, teve bolo, teve poesia recitada pelos educandos. Mas, acima de tudo, teve muita celebra\u00e7\u00e3o e gratid\u00e3o pelo que foi constru\u00eddo nos dez anos de exist\u00eancia da R\u00e1dio F\u00e9 e Alegria, na nossa unidade de Montes Claros (MG).\u00a0 &nbsp; Segundo a coordenadora da unidade, Fernanda Ariele, que teve o privil\u00e9gio de acompanhar essa hist\u00f3ria\" \/>\n<meta property=\"og:url\" content=\"https:\/\/www.feyalegria.org\/brasil\/radio-fe-e-alegria-em-montes-claros-comemora-dez-anos\/\" \/>\n<meta property=\"og:site_name\" content=\"#SomosF\u00e9eAlegria en Brasil\" \/>\n<meta property=\"article:published_time\" content=\"2023-08-08T15:20:04+00:00\" \/>\n<meta property=\"og:image\" content=\"https:\/\/d3pugrm67vf9n7.cloudfront.net\/wp-content\/uploads\/sites\/23\/2023\/08\/08121353\/Dez-anos-r%C3%A1dio-Banner-Home.png\" \/>\n\t<meta property=\"og:image:width\" content=\"1000\" \/>\n\t<meta property=\"og:image:height\" content=\"500\" \/>\n\t<meta property=\"og:image:type\" content=\"image\/png\" \/>\n<meta name=\"author\" content=\"Laura Meurer\" \/>\n<meta name=\"twitter:card\" content=\"summary_large_image\" \/>\n<meta name=\"twitter:label1\" content=\"Escrito por\" \/>\n\t<meta name=\"twitter:data1\" content=\"Laura Meurer\" \/>\n\t<meta name=\"twitter:label2\" content=\"Tiempo de lectura\" \/>\n\t<meta name=\"twitter:data2\" content=\"2 minutos\" \/>\n<script type=\"application\/ld+json\" class=\"yoast-schema-graph\">{\"@context\":\"https:\\\/\\\/schema.org\",\"@graph\":[{\"@type\":\"Article\",\"@id\":\"https:\\\/\\\/www.feyalegria.org\\\/brasil\\\/radio-fe-e-alegria-em-montes-claros-comemora-dez-anos\\\/#article\",\"isPartOf\":{\"@id\":\"https:\\\/\\\/www.feyalegria.org\\\/brasil\\\/radio-fe-e-alegria-em-montes-claros-comemora-dez-anos\\\/\"},\"author\":{\"name\":\"Laura Meurer\",\"@id\":\"https:\\\/\\\/www.feyalegria.org\\\/brasil\\\/#\\\/schema\\\/person\\\/f2c58927c54060575b9e7c44d31d16e9\"},\"headline\":\"R\u00e1dio F\u00e9 e Alegria, em Montes Claros, comemora dez anos\",\"datePublished\":\"2023-08-08T15:20:04+00:00\",\"mainEntityOfPage\":{\"@id\":\"https:\\\/\\\/www.feyalegria.org\\\/brasil\\\/radio-fe-e-alegria-em-montes-claros-comemora-dez-anos\\\/\"},\"wordCount\":510,\"commentCount\":0,\"image\":{\"@id\":\"https:\\\/\\\/www.feyalegria.org\\\/brasil\\\/radio-fe-e-alegria-em-montes-claros-comemora-dez-anos\\\/#primaryimage\"},\"thumbnailUrl\":\"https:\\\/\\\/d3pugrm67vf9n7.cloudfront.net\\\/wp-content\\\/uploads\\\/sites\\\/23\\\/2023\\\/08\\\/08121353\\\/Dez-anos-r%C3%A1dio-Banner-Home.png\",\"keywords\":[\"educa\u00e7\u00e3o\",\"F\u00e9 e Alegria\",\"montesclaros\",\"r\u00e1dio\"],\"articleSection\":[\"Noticias\",\"Noticias\"],\"inLanguage\":\"es-CO\",\"potentialAction\":[{\"@type\":\"CommentAction\",\"name\":\"Comment\",\"target\":[\"https:\\\/\\\/www.feyalegria.org\\\/brasil\\\/radio-fe-e-alegria-em-montes-claros-comemora-dez-anos\\\/#respond\"]}]},{\"@type\":\"WebPage\",\"@id\":\"https:\\\/\\\/www.feyalegria.org\\\/brasil\\\/radio-fe-e-alegria-em-montes-claros-comemora-dez-anos\\\/\",\"url\":\"https:\\\/\\\/www.feyalegria.org\\\/brasil\\\/radio-fe-e-alegria-em-montes-claros-comemora-dez-anos\\\/\",\"name\":\"R\u00e1dio F\u00e9 e Alegria, em Montes Claros, comemora dez anos - #SomosF\u00e9eAlegria en Brasil\",\"isPartOf\":{\"@id\":\"https:\\\/\\\/www.feyalegria.org\\\/brasil\\\/#website\"},\"primaryImageOfPage\":{\"@id\":\"https:\\\/\\\/www.feyalegria.org\\\/brasil\\\/radio-fe-e-alegria-em-montes-claros-comemora-dez-anos\\\/#primaryimage\"},\"image\":{\"@id\":\"https:\\\/\\\/www.feyalegria.org\\\/brasil\\\/radio-fe-e-alegria-em-montes-claros-comemora-dez-anos\\\/#primaryimage\"},\"thumbnailUrl\":\"https:\\\/\\\/d3pugrm67vf9n7.cloudfront.net\\\/wp-content\\\/uploads\\\/sites\\\/23\\\/2023\\\/08\\\/08121353\\\/Dez-anos-r%C3%A1dio-Banner-Home.png\",\"datePublished\":\"2023-08-08T15:20:04+00:00\",\"author\":{\"@id\":\"https:\\\/\\\/www.feyalegria.org\\\/brasil\\\/#\\\/schema\\\/person\\\/f2c58927c54060575b9e7c44d31d16e9\"},\"inLanguage\":\"es-CO\",\"potentialAction\":[{\"@type\":\"ReadAction\",\"target\":[\"https:\\\/\\\/www.feyalegria.org\\\/brasil\\\/radio-fe-e-alegria-em-montes-claros-comemora-dez-anos\\\/\"]}]},{\"@type\":\"ImageObject\",\"inLanguage\":\"es-CO\",\"@id\":\"https:\\\/\\\/www.feyalegria.org\\\/brasil\\\/radio-fe-e-alegria-em-montes-claros-comemora-dez-anos\\\/#primaryimage\",\"url\":\"https:\\\/\\\/d3pugrm67vf9n7.cloudfront.net\\\/wp-content\\\/uploads\\\/sites\\\/23\\\/2023\\\/08\\\/08121353\\\/Dez-anos-r%C3%A1dio-Banner-Home.png\",\"contentUrl\":\"https:\\\/\\\/d3pugrm67vf9n7.cloudfront.net\\\/wp-content\\\/uploads\\\/sites\\\/23\\\/2023\\\/08\\\/08121353\\\/Dez-anos-r%C3%A1dio-Banner-Home.png\",\"width\":1000,\"height\":500},{\"@type\":\"WebSite\",\"@id\":\"https:\\\/\\\/www.feyalegria.org\\\/brasil\\\/#website\",\"url\":\"https:\\\/\\\/www.feyalegria.org\\\/brasil\\\/\",\"name\":\"#SomosF\u00e9eAlegria en Brasil\",\"description\":\"\",\"potentialAction\":[{\"@type\":\"SearchAction\",\"target\":{\"@type\":\"EntryPoint\",\"urlTemplate\":\"https:\\\/\\\/www.feyalegria.org\\\/brasil\\\/?s={search_term_string}\"},\"query-input\":{\"@type\":\"PropertyValueSpecification\",\"valueRequired\":true,\"valueName\":\"search_term_string\"}}],\"inLanguage\":\"es-CO\"},{\"@type\":\"Person\",\"@id\":\"https:\\\/\\\/www.feyalegria.org\\\/brasil\\\/#\\\/schema\\\/person\\\/f2c58927c54060575b9e7c44d31d16e9\",\"name\":\"Laura Meurer\",\"url\":\"https:\\\/\\\/www.feyalegria.org\\\/brasil\\\/author\\\/adminbr02\\\/\"}]}<\/script>\n<!-- \/ Yoast SEO plugin. -->","yoast_head_json":{"title":"R\u00e1dio F\u00e9 e Alegria, em Montes Claros, comemora dez anos - #SomosF\u00e9eAlegria en Brasil","robots":{"index":"index","follow":"follow","max-snippet":"max-snippet:-1","max-image-preview":"max-image-preview:large","max-video-preview":"max-video-preview:-1"},"canonical":"https:\/\/www.feyalegria.org\/brasil\/radio-fe-e-alegria-em-montes-claros-comemora-dez-anos\/","og_locale":"es_ES","og_type":"article","og_title":"R\u00e1dio F\u00e9 e Alegria, em Montes Claros, comemora dez anos - #SomosF\u00e9eAlegria en Brasil","og_description":"[vc_row][vc_column][vc_column_text]Teve festa, teve bolo, teve poesia recitada pelos educandos. Mas, acima de tudo, teve muita celebra\u00e7\u00e3o e gratid\u00e3o pelo que foi constru\u00eddo nos dez anos de exist\u00eancia da R\u00e1dio F\u00e9 e Alegria, na nossa unidade de Montes Claros (MG).\u00a0 &nbsp; Segundo a coordenadora da unidade, Fernanda Ariele, que teve o privil\u00e9gio de acompanhar essa hist\u00f3ria","og_url":"https:\/\/www.feyalegria.org\/brasil\/radio-fe-e-alegria-em-montes-claros-comemora-dez-anos\/","og_site_name":"#SomosF\u00e9eAlegria en Brasil","article_published_time":"2023-08-08T15:20:04+00:00","og_image":[{"width":1000,"height":500,"url":"https:\/\/d3pugrm67vf9n7.cloudfront.net\/wp-content\/uploads\/sites\/23\/2023\/08\/08121353\/Dez-anos-r%C3%A1dio-Banner-Home.png","type":"image\/png"}],"author":"Laura Meurer","twitter_card":"summary_large_image","twitter_misc":{"Escrito por":"Laura Meurer","Tiempo de lectura":"2 minutos"},"schema":{"@context":"https:\/\/schema.org","@graph":[{"@type":"Article","@id":"https:\/\/www.feyalegria.org\/brasil\/radio-fe-e-alegria-em-montes-claros-comemora-dez-anos\/#article","isPartOf":{"@id":"https:\/\/www.feyalegria.org\/brasil\/radio-fe-e-alegria-em-montes-claros-comemora-dez-anos\/"},"author":{"name":"Laura Meurer","@id":"https:\/\/www.feyalegria.org\/brasil\/#\/schema\/person\/f2c58927c54060575b9e7c44d31d16e9"},"headline":"R\u00e1dio F\u00e9 e Alegria, em Montes Claros, comemora dez anos","datePublished":"2023-08-08T15:20:04+00:00","mainEntityOfPage":{"@id":"https:\/\/www.feyalegria.org\/brasil\/radio-fe-e-alegria-em-montes-claros-comemora-dez-anos\/"},"wordCount":510,"commentCount":0,"image":{"@id":"https:\/\/www.feyalegria.org\/brasil\/radio-fe-e-alegria-em-montes-claros-comemora-dez-anos\/#primaryimage"},"thumbnailUrl":"https:\/\/d3pugrm67vf9n7.cloudfront.net\/wp-content\/uploads\/sites\/23\/2023\/08\/08121353\/Dez-anos-r%C3%A1dio-Banner-Home.png","keywords":["educa\u00e7\u00e3o","F\u00e9 e Alegria","montesclaros","r\u00e1dio"],"articleSection":["Noticias","Noticias"],"inLanguage":"es-CO","potentialAction":[{"@type":"CommentAction","name":"Comment","target":["https:\/\/www.feyalegria.org\/brasil\/radio-fe-e-alegria-em-montes-claros-comemora-dez-anos\/#respond"]}]},{"@type":"WebPage","@id":"https:\/\/www.feyalegria.org\/brasil\/radio-fe-e-alegria-em-montes-claros-comemora-dez-anos\/","url":"https:\/\/www.feyalegria.org\/brasil\/radio-fe-e-alegria-em-montes-claros-comemora-dez-anos\/","name":"R\u00e1dio F\u00e9 e Alegria, em Montes Claros, comemora dez anos - #SomosF\u00e9eAlegria en Brasil","isPartOf":{"@id":"https:\/\/www.feyalegria.org\/brasil\/#website"},"primaryImageOfPage":{"@id":"https:\/\/www.feyalegria.org\/brasil\/radio-fe-e-alegria-em-montes-claros-comemora-dez-anos\/#primaryimage"},"image":{"@id":"https:\/\/www.feyalegria.org\/brasil\/radio-fe-e-alegria-em-montes-claros-comemora-dez-anos\/#primaryimage"},"thumbnailUrl":"https:\/\/d3pugrm67vf9n7.cloudfront.net\/wp-content\/uploads\/sites\/23\/2023\/08\/08121353\/Dez-anos-r%C3%A1dio-Banner-Home.png","datePublished":"2023-08-08T15:20:04+00:00","author":{"@id":"https:\/\/www.feyalegria.org\/brasil\/#\/schema\/person\/f2c58927c54060575b9e7c44d31d16e9"},"inLanguage":"es-CO","potentialAction":[{"@type":"ReadAction","target":["https:\/\/www.feyalegria.org\/brasil\/radio-fe-e-alegria-em-montes-claros-comemora-dez-anos\/"]}]},{"@type":"ImageObject","inLanguage":"es-CO","@id":"https:\/\/www.feyalegria.org\/brasil\/radio-fe-e-alegria-em-montes-claros-comemora-dez-anos\/#primaryimage","url":"https:\/\/d3pugrm67vf9n7.cloudfront.net\/wp-content\/uploads\/sites\/23\/2023\/08\/08121353\/Dez-anos-r%C3%A1dio-Banner-Home.png","contentUrl":"https:\/\/d3pugrm67vf9n7.cloudfront.net\/wp-content\/uploads\/sites\/23\/2023\/08\/08121353\/Dez-anos-r%C3%A1dio-Banner-Home.png","width":1000,"height":500},{"@type":"WebSite","@id":"https:\/\/www.feyalegria.org\/brasil\/#website","url":"https:\/\/www.feyalegria.org\/brasil\/","name":"#SomosF\u00e9eAlegria en Brasil","description":"","potentialAction":[{"@type":"SearchAction","target":{"@type":"EntryPoint","urlTemplate":"https:\/\/www.feyalegria.org\/brasil\/?s={search_term_string}"},"query-input":{"@type":"PropertyValueSpecification","valueRequired":true,"valueName":"search_term_string"}}],"inLanguage":"es-CO"},{"@type":"Person","@id":"https:\/\/www.feyalegria.org\/brasil\/#\/schema\/person\/f2c58927c54060575b9e7c44d31d16e9","name":"Laura Meurer","url":"https:\/\/www.feyalegria.org\/brasil\/author\/adminbr02\/"}]}},"_links":{"self":[{"href":"https:\/\/www.feyalegria.org\/brasil\/wp-json\/wp\/v2\/posts\/27544","targetHints":{"allow":["GET"]}}],"collection":[{"href":"https:\/\/www.feyalegria.org\/brasil\/wp-json\/wp\/v2\/posts"}],"about":[{"href":"https:\/\/www.feyalegria.org\/brasil\/wp-json\/wp\/v2\/types\/post"}],"author":[{"embeddable":true,"href":"https:\/\/www.feyalegria.org\/brasil\/wp-json\/wp\/v2\/users\/68"}],"replies":[{"embeddable":true,"href":"https:\/\/www.feyalegria.org\/brasil\/wp-json\/wp\/v2\/comments?post=27544"}],"version-history":[{"count":0,"href":"https:\/\/www.feyalegria.org\/brasil\/wp-json\/wp\/v2\/posts\/27544\/revisions"}],"wp:featuredmedia":[{"embeddable":true,"href":"https:\/\/www.feyalegria.org\/brasil\/wp-json\/wp\/v2\/media\/27547"}],"wp:attachment":[{"href":"https:\/\/www.feyalegria.org\/brasil\/wp-json\/wp\/v2\/media?parent=27544"}],"wp:term":[{"taxonomy":"category","embeddable":true,"href":"https:\/\/www.feyalegria.org\/brasil\/wp-json\/wp\/v2\/categories?post=27544"},{"taxonomy":"post_tag","embeddable":true,"href":"https:\/\/www.feyalegria.org\/brasil\/wp-json\/wp\/v2\/tags?post=27544"},{"taxonomy":"post_folder","embeddable":true,"href":"https:\/\/www.feyalegria.org\/brasil\/wp-json\/wp\/v2\/post_folder?post=27544"}],"curies":[{"name":"wp","href":"https:\/\/api.w.org\/{rel}","templated":true}]}}