 {"id":27729,"date":"2023-10-23T13:32:22","date_gmt":"2023-10-23T16:32:22","guid":{"rendered":"https:\/\/www.feyalegria.org\/brasil\/?p=27729"},"modified":"2023-10-23T15:51:30","modified_gmt":"2023-10-23T18:51:30","slug":"servico-familia-acolhedora-celebra-17-anos-de-atuacao-em-vitoria-es","status":"publish","type":"post","link":"https:\/\/www.feyalegria.org\/brasil\/servico-familia-acolhedora-celebra-17-anos-de-atuacao-em-vitoria-es\/","title":{"rendered":"Fam\u00edlia Acolhedora Vit\u00f3ria (ES) celebra 17 anos de atua\u00e7\u00e3o"},"content":{"rendered":"<p><span style=\"font-weight: 400\"><img loading=\"lazy\" decoding=\"async\" class=\"aligncenter wp-image-27735 size-full\" src=\"https:\/\/d3pugrm67vf9n7.cloudfront.net\/wp-content\/uploads\/sites\/23\/2023\/10\/23141355\/banner-para-site-1.png\" alt=\"\" width=\"1000\" height=\"500\" srcset=\"https:\/\/d3pugrm67vf9n7.cloudfront.net\/wp-content\/uploads\/sites\/23\/2023\/10\/23141355\/banner-para-site-1.png 1000w, https:\/\/d3pugrm67vf9n7.cloudfront.net\/wp-content\/uploads\/sites\/23\/2023\/10\/23141355\/banner-para-site-1-300x150.png 300w, https:\/\/d3pugrm67vf9n7.cloudfront.net\/wp-content\/uploads\/sites\/23\/2023\/10\/23141355\/banner-para-site-1-768x384.png 768w\" sizes=\"auto, (max-width: 1000px) 100vw, 1000px\" \/>Afeto, cuidado e prote\u00e7\u00e3o individualizada s\u00e3o as principais marcas do Servi\u00e7o Fam\u00edlia Acolhedora (SFA), que, neste 23 de outubro, celebra seus 17 anos de atua\u00e7\u00e3o no munic\u00edpio de Vit\u00f3ria (ES). Oferecido pela Prefeitura, por meio da Secretaria de Assist\u00eancia Social, e executado pela Funda\u00e7\u00e3o F\u00e9 e Alegria, o Servi\u00e7o tem uma trajet\u00f3ria marcada pelo acolhimento de crian\u00e7as e adolescentes v\u00edtimas de viol\u00eancias e neglig\u00eancia, por meio da oferta de um lar tempor\u00e1rio na resid\u00eancia de fam\u00edlias habilitadas para a fun\u00e7\u00e3o.<\/span><\/p>\n<p>&nbsp;<\/p>\n<p><span style=\"font-weight: 400\">Ao longo desses anos, 52 fam\u00edlias foram habilitadas e, parte delas fizeram a diferen\u00e7a na vida de crian\u00e7as, adolescentes e grupo de irm\u00e3os, afastados do conv\u00edvio com suas fam\u00edlias de origem por medida protetiva. Atualmente, o servi\u00e7o de acolhimento familiar atende a cerca de 7% da demanda se comparado ao n\u00famero de jovens que est\u00e3o em institui\u00e7\u00f5es de acolhimento.<\/span><\/p>\n<p>&nbsp;<\/p>\n<p><b>Sobre o Servi\u00e7o Fam\u00edlia Acolhedora<\/b><\/p>\n<p>&nbsp;<\/p>\n<p><span style=\"font-weight: 400\">O Servi\u00e7o Fam\u00edlia Acolhedora (SFA) dedica-se a crian\u00e7as e adolescentes de zero a 18 anos incompletos afastados de seus lares por medida de prote\u00e7\u00e3o. Quando a fam\u00edlia de origem est\u00e1 fragilizada para cuidar deles e proteg\u00ea-los, em vez de irem para institui\u00e7\u00f5es de acolhimento institucional, eles ficam temporariamente com uma fam\u00edlia previamente cadastrada, at\u00e9 que a equipe t\u00e9cnica do Servi\u00e7o, em conjunto com a Justi\u00e7a, fa\u00e7a os encaminhamentos necess\u00e1rios para o retorno ao lar de origem ou, ent\u00e3o, para a ado\u00e7\u00e3o.<\/span><\/p>\n<p>&nbsp;<\/p>\n<p><span style=\"font-weight: 400\">Podem se tornar uma fam\u00edlia acolhedora, pessoas acima de 25 anos, que residam no munic\u00edpio de Vit\u00f3ria e estejam dispostas a oferecer cuidado, afeto e prote\u00e7\u00e3o. O acolhimento \u00e9 tempor\u00e1rio, feito voluntariamente, por meio de um Termo de Guarda Provis\u00f3ria, emitido pela autoridade judici\u00e1ria para a fam\u00edlia acolhedora cadastrada e capacitada para a fun\u00e7\u00e3o.<\/span><\/p>\n<p>&nbsp;<\/p>\n<p><span style=\"font-weight: 400\">Seja voc\u00ea tamb\u00e9m a diferen\u00e7a na vida de uma crian\u00e7a ou um adolescente. Eles precisam do cuidado e da prote\u00e7\u00e3o individualizados para que tenham um desenvolvimento sadio e se sintam ainda mais amados. Entre em contato com a nossa equipe pelo telefone (27) 98141-0281 ou acesse o Instagram @familiaacolhedoravitoria.<\/span><\/p>\n<p>&nbsp;<\/p>\n<p>Acesse o site: <a href=\"https:\/\/familiaacolhedoravitoria.org\/\"><strong>https:\/\/familiaacolhedoravitoria.org\/\u00a0<\/strong><\/a><\/p>\n","protected":false},"excerpt":{"rendered":"<p>Afeto, cuidado e prote\u00e7\u00e3o individualizada s\u00e3o as principais marcas do Servi\u00e7o Fam\u00edlia Acolhedora (SFA), que, neste 23 de outubro, celebra seus 17 anos de atua\u00e7\u00e3o no munic\u00edpio de Vit\u00f3ria (ES). Oferecido pela Prefeitura, por meio da Secretaria de Assist\u00eancia Social, e executado pela Funda\u00e7\u00e3o F\u00e9 e Alegria, o Servi\u00e7o tem uma trajet\u00f3ria marcada pelo acolhimento<\/p>\n","protected":false},"author":68,"featured_media":27735,"comment_status":"open","ping_status":"open","sticky":false,"template":"","format":"standard","meta":{"_acf_changed":false,"footnotes":""},"categories":[183,432],"tags":[],"post_folder":[],"class_list":["post-27729","post","type-post","status-publish","format-standard","has-post-thumbnail","hentry","category-noticias","category-noticias-pt"],"acf":[],"yoast_head":"<!-- This site is optimized with the Yoast SEO plugin v27.5 - https:\/\/yoast.com\/product\/yoast-seo-wordpress\/ -->\n<title>Fam\u00edlia Acolhedora Vit\u00f3ria (ES) celebra 17 anos de atua\u00e7\u00e3o - #SomosF\u00e9eAlegria en Brasil<\/title>\n<meta name=\"robots\" content=\"index, follow, max-snippet:-1, max-image-preview:large, max-video-preview:-1\" \/>\n<link rel=\"canonical\" href=\"https:\/\/www.feyalegria.org\/brasil\/servico-familia-acolhedora-celebra-17-anos-de-atuacao-em-vitoria-es\/\" \/>\n<meta property=\"og:locale\" content=\"es_ES\" \/>\n<meta property=\"og:type\" content=\"article\" \/>\n<meta property=\"og:title\" content=\"Fam\u00edlia Acolhedora Vit\u00f3ria (ES) celebra 17 anos de atua\u00e7\u00e3o - #SomosF\u00e9eAlegria en Brasil\" \/>\n<meta property=\"og:description\" content=\"Afeto, cuidado e prote\u00e7\u00e3o individualizada s\u00e3o as principais marcas do Servi\u00e7o Fam\u00edlia Acolhedora (SFA), que, neste 23 de outubro, celebra seus 17 anos de atua\u00e7\u00e3o no munic\u00edpio de Vit\u00f3ria (ES). Oferecido pela Prefeitura, por meio da Secretaria de Assist\u00eancia Social, e executado pela Funda\u00e7\u00e3o F\u00e9 e Alegria, o Servi\u00e7o tem uma trajet\u00f3ria marcada pelo acolhimento\" \/>\n<meta property=\"og:url\" content=\"https:\/\/www.feyalegria.org\/brasil\/servico-familia-acolhedora-celebra-17-anos-de-atuacao-em-vitoria-es\/\" \/>\n<meta property=\"og:site_name\" content=\"#SomosF\u00e9eAlegria en Brasil\" \/>\n<meta property=\"article:published_time\" content=\"2023-10-23T16:32:22+00:00\" \/>\n<meta property=\"article:modified_time\" content=\"2023-10-23T18:51:30+00:00\" \/>\n<meta property=\"og:image\" content=\"https:\/\/d3pugrm67vf9n7.cloudfront.net\/wp-content\/uploads\/sites\/23\/2023\/10\/23141355\/banner-para-site-1.png\" \/>\n\t<meta property=\"og:image:width\" content=\"1000\" \/>\n\t<meta property=\"og:image:height\" content=\"500\" \/>\n\t<meta property=\"og:image:type\" content=\"image\/png\" \/>\n<meta name=\"author\" content=\"Laura Meurer\" \/>\n<meta name=\"twitter:card\" content=\"summary_large_image\" \/>\n<meta name=\"twitter:label1\" content=\"Escrito por\" \/>\n\t<meta name=\"twitter:data1\" content=\"Laura Meurer\" \/>\n\t<meta name=\"twitter:label2\" content=\"Tiempo de lectura\" \/>\n\t<meta name=\"twitter:data2\" content=\"2 minutos\" \/>\n<script type=\"application\/ld+json\" class=\"yoast-schema-graph\">{\"@context\":\"https:\\\/\\\/schema.org\",\"@graph\":[{\"@type\":\"Article\",\"@id\":\"https:\\\/\\\/www.feyalegria.org\\\/brasil\\\/servico-familia-acolhedora-celebra-17-anos-de-atuacao-em-vitoria-es\\\/#article\",\"isPartOf\":{\"@id\":\"https:\\\/\\\/www.feyalegria.org\\\/brasil\\\/servico-familia-acolhedora-celebra-17-anos-de-atuacao-em-vitoria-es\\\/\"},\"author\":{\"name\":\"Laura Meurer\",\"@id\":\"https:\\\/\\\/www.feyalegria.org\\\/brasil\\\/#\\\/schema\\\/person\\\/f2c58927c54060575b9e7c44d31d16e9\"},\"headline\":\"Fam\u00edlia Acolhedora Vit\u00f3ria (ES) celebra 17 anos de atua\u00e7\u00e3o\",\"datePublished\":\"2023-10-23T16:32:22+00:00\",\"dateModified\":\"2023-10-23T18:51:30+00:00\",\"mainEntityOfPage\":{\"@id\":\"https:\\\/\\\/www.feyalegria.org\\\/brasil\\\/servico-familia-acolhedora-celebra-17-anos-de-atuacao-em-vitoria-es\\\/\"},\"wordCount\":402,\"commentCount\":0,\"image\":{\"@id\":\"https:\\\/\\\/www.feyalegria.org\\\/brasil\\\/servico-familia-acolhedora-celebra-17-anos-de-atuacao-em-vitoria-es\\\/#primaryimage\"},\"thumbnailUrl\":\"https:\\\/\\\/d3pugrm67vf9n7.cloudfront.net\\\/wp-content\\\/uploads\\\/sites\\\/23\\\/2023\\\/10\\\/23141355\\\/banner-para-site-1.png\",\"articleSection\":[\"Noticias\",\"Noticias\"],\"inLanguage\":\"es-CO\",\"potentialAction\":[{\"@type\":\"CommentAction\",\"name\":\"Comment\",\"target\":[\"https:\\\/\\\/www.feyalegria.org\\\/brasil\\\/servico-familia-acolhedora-celebra-17-anos-de-atuacao-em-vitoria-es\\\/#respond\"]}]},{\"@type\":\"WebPage\",\"@id\":\"https:\\\/\\\/www.feyalegria.org\\\/brasil\\\/servico-familia-acolhedora-celebra-17-anos-de-atuacao-em-vitoria-es\\\/\",\"url\":\"https:\\\/\\\/www.feyalegria.org\\\/brasil\\\/servico-familia-acolhedora-celebra-17-anos-de-atuacao-em-vitoria-es\\\/\",\"name\":\"Fam\u00edlia Acolhedora Vit\u00f3ria (ES) celebra 17 anos de atua\u00e7\u00e3o - #SomosF\u00e9eAlegria en Brasil\",\"isPartOf\":{\"@id\":\"https:\\\/\\\/www.feyalegria.org\\\/brasil\\\/#website\"},\"primaryImageOfPage\":{\"@id\":\"https:\\\/\\\/www.feyalegria.org\\\/brasil\\\/servico-familia-acolhedora-celebra-17-anos-de-atuacao-em-vitoria-es\\\/#primaryimage\"},\"image\":{\"@id\":\"https:\\\/\\\/www.feyalegria.org\\\/brasil\\\/servico-familia-acolhedora-celebra-17-anos-de-atuacao-em-vitoria-es\\\/#primaryimage\"},\"thumbnailUrl\":\"https:\\\/\\\/d3pugrm67vf9n7.cloudfront.net\\\/wp-content\\\/uploads\\\/sites\\\/23\\\/2023\\\/10\\\/23141355\\\/banner-para-site-1.png\",\"datePublished\":\"2023-10-23T16:32:22+00:00\",\"dateModified\":\"2023-10-23T18:51:30+00:00\",\"author\":{\"@id\":\"https:\\\/\\\/www.feyalegria.org\\\/brasil\\\/#\\\/schema\\\/person\\\/f2c58927c54060575b9e7c44d31d16e9\"},\"inLanguage\":\"es-CO\",\"potentialAction\":[{\"@type\":\"ReadAction\",\"target\":[\"https:\\\/\\\/www.feyalegria.org\\\/brasil\\\/servico-familia-acolhedora-celebra-17-anos-de-atuacao-em-vitoria-es\\\/\"]}]},{\"@type\":\"ImageObject\",\"inLanguage\":\"es-CO\",\"@id\":\"https:\\\/\\\/www.feyalegria.org\\\/brasil\\\/servico-familia-acolhedora-celebra-17-anos-de-atuacao-em-vitoria-es\\\/#primaryimage\",\"url\":\"https:\\\/\\\/d3pugrm67vf9n7.cloudfront.net\\\/wp-content\\\/uploads\\\/sites\\\/23\\\/2023\\\/10\\\/23141355\\\/banner-para-site-1.png\",\"contentUrl\":\"https:\\\/\\\/d3pugrm67vf9n7.cloudfront.net\\\/wp-content\\\/uploads\\\/sites\\\/23\\\/2023\\\/10\\\/23141355\\\/banner-para-site-1.png\",\"width\":1000,\"height\":500},{\"@type\":\"WebSite\",\"@id\":\"https:\\\/\\\/www.feyalegria.org\\\/brasil\\\/#website\",\"url\":\"https:\\\/\\\/www.feyalegria.org\\\/brasil\\\/\",\"name\":\"#SomosF\u00e9eAlegria en Brasil\",\"description\":\"\",\"potentialAction\":[{\"@type\":\"SearchAction\",\"target\":{\"@type\":\"EntryPoint\",\"urlTemplate\":\"https:\\\/\\\/www.feyalegria.org\\\/brasil\\\/?s={search_term_string}\"},\"query-input\":{\"@type\":\"PropertyValueSpecification\",\"valueRequired\":true,\"valueName\":\"search_term_string\"}}],\"inLanguage\":\"es-CO\"},{\"@type\":\"Person\",\"@id\":\"https:\\\/\\\/www.feyalegria.org\\\/brasil\\\/#\\\/schema\\\/person\\\/f2c58927c54060575b9e7c44d31d16e9\",\"name\":\"Laura Meurer\",\"url\":\"https:\\\/\\\/www.feyalegria.org\\\/brasil\\\/author\\\/adminbr02\\\/\"}]}<\/script>\n<!-- \/ Yoast SEO plugin. -->","yoast_head_json":{"title":"Fam\u00edlia Acolhedora Vit\u00f3ria (ES) celebra 17 anos de atua\u00e7\u00e3o - #SomosF\u00e9eAlegria en Brasil","robots":{"index":"index","follow":"follow","max-snippet":"max-snippet:-1","max-image-preview":"max-image-preview:large","max-video-preview":"max-video-preview:-1"},"canonical":"https:\/\/www.feyalegria.org\/brasil\/servico-familia-acolhedora-celebra-17-anos-de-atuacao-em-vitoria-es\/","og_locale":"es_ES","og_type":"article","og_title":"Fam\u00edlia Acolhedora Vit\u00f3ria (ES) celebra 17 anos de atua\u00e7\u00e3o - #SomosF\u00e9eAlegria en Brasil","og_description":"Afeto, cuidado e prote\u00e7\u00e3o individualizada s\u00e3o as principais marcas do Servi\u00e7o Fam\u00edlia Acolhedora (SFA), que, neste 23 de outubro, celebra seus 17 anos de atua\u00e7\u00e3o no munic\u00edpio de Vit\u00f3ria (ES). Oferecido pela Prefeitura, por meio da Secretaria de Assist\u00eancia Social, e executado pela Funda\u00e7\u00e3o F\u00e9 e Alegria, o Servi\u00e7o tem uma trajet\u00f3ria marcada pelo acolhimento","og_url":"https:\/\/www.feyalegria.org\/brasil\/servico-familia-acolhedora-celebra-17-anos-de-atuacao-em-vitoria-es\/","og_site_name":"#SomosF\u00e9eAlegria en Brasil","article_published_time":"2023-10-23T16:32:22+00:00","article_modified_time":"2023-10-23T18:51:30+00:00","og_image":[{"width":1000,"height":500,"url":"https:\/\/d3pugrm67vf9n7.cloudfront.net\/wp-content\/uploads\/sites\/23\/2023\/10\/23141355\/banner-para-site-1.png","type":"image\/png"}],"author":"Laura Meurer","twitter_card":"summary_large_image","twitter_misc":{"Escrito por":"Laura Meurer","Tiempo de lectura":"2 minutos"},"schema":{"@context":"https:\/\/schema.org","@graph":[{"@type":"Article","@id":"https:\/\/www.feyalegria.org\/brasil\/servico-familia-acolhedora-celebra-17-anos-de-atuacao-em-vitoria-es\/#article","isPartOf":{"@id":"https:\/\/www.feyalegria.org\/brasil\/servico-familia-acolhedora-celebra-17-anos-de-atuacao-em-vitoria-es\/"},"author":{"name":"Laura Meurer","@id":"https:\/\/www.feyalegria.org\/brasil\/#\/schema\/person\/f2c58927c54060575b9e7c44d31d16e9"},"headline":"Fam\u00edlia Acolhedora Vit\u00f3ria (ES) celebra 17 anos de atua\u00e7\u00e3o","datePublished":"2023-10-23T16:32:22+00:00","dateModified":"2023-10-23T18:51:30+00:00","mainEntityOfPage":{"@id":"https:\/\/www.feyalegria.org\/brasil\/servico-familia-acolhedora-celebra-17-anos-de-atuacao-em-vitoria-es\/"},"wordCount":402,"commentCount":0,"image":{"@id":"https:\/\/www.feyalegria.org\/brasil\/servico-familia-acolhedora-celebra-17-anos-de-atuacao-em-vitoria-es\/#primaryimage"},"thumbnailUrl":"https:\/\/d3pugrm67vf9n7.cloudfront.net\/wp-content\/uploads\/sites\/23\/2023\/10\/23141355\/banner-para-site-1.png","articleSection":["Noticias","Noticias"],"inLanguage":"es-CO","potentialAction":[{"@type":"CommentAction","name":"Comment","target":["https:\/\/www.feyalegria.org\/brasil\/servico-familia-acolhedora-celebra-17-anos-de-atuacao-em-vitoria-es\/#respond"]}]},{"@type":"WebPage","@id":"https:\/\/www.feyalegria.org\/brasil\/servico-familia-acolhedora-celebra-17-anos-de-atuacao-em-vitoria-es\/","url":"https:\/\/www.feyalegria.org\/brasil\/servico-familia-acolhedora-celebra-17-anos-de-atuacao-em-vitoria-es\/","name":"Fam\u00edlia Acolhedora Vit\u00f3ria (ES) celebra 17 anos de atua\u00e7\u00e3o - #SomosF\u00e9eAlegria en Brasil","isPartOf":{"@id":"https:\/\/www.feyalegria.org\/brasil\/#website"},"primaryImageOfPage":{"@id":"https:\/\/www.feyalegria.org\/brasil\/servico-familia-acolhedora-celebra-17-anos-de-atuacao-em-vitoria-es\/#primaryimage"},"image":{"@id":"https:\/\/www.feyalegria.org\/brasil\/servico-familia-acolhedora-celebra-17-anos-de-atuacao-em-vitoria-es\/#primaryimage"},"thumbnailUrl":"https:\/\/d3pugrm67vf9n7.cloudfront.net\/wp-content\/uploads\/sites\/23\/2023\/10\/23141355\/banner-para-site-1.png","datePublished":"2023-10-23T16:32:22+00:00","dateModified":"2023-10-23T18:51:30+00:00","author":{"@id":"https:\/\/www.feyalegria.org\/brasil\/#\/schema\/person\/f2c58927c54060575b9e7c44d31d16e9"},"inLanguage":"es-CO","potentialAction":[{"@type":"ReadAction","target":["https:\/\/www.feyalegria.org\/brasil\/servico-familia-acolhedora-celebra-17-anos-de-atuacao-em-vitoria-es\/"]}]},{"@type":"ImageObject","inLanguage":"es-CO","@id":"https:\/\/www.feyalegria.org\/brasil\/servico-familia-acolhedora-celebra-17-anos-de-atuacao-em-vitoria-es\/#primaryimage","url":"https:\/\/d3pugrm67vf9n7.cloudfront.net\/wp-content\/uploads\/sites\/23\/2023\/10\/23141355\/banner-para-site-1.png","contentUrl":"https:\/\/d3pugrm67vf9n7.cloudfront.net\/wp-content\/uploads\/sites\/23\/2023\/10\/23141355\/banner-para-site-1.png","width":1000,"height":500},{"@type":"WebSite","@id":"https:\/\/www.feyalegria.org\/brasil\/#website","url":"https:\/\/www.feyalegria.org\/brasil\/","name":"#SomosF\u00e9eAlegria en Brasil","description":"","potentialAction":[{"@type":"SearchAction","target":{"@type":"EntryPoint","urlTemplate":"https:\/\/www.feyalegria.org\/brasil\/?s={search_term_string}"},"query-input":{"@type":"PropertyValueSpecification","valueRequired":true,"valueName":"search_term_string"}}],"inLanguage":"es-CO"},{"@type":"Person","@id":"https:\/\/www.feyalegria.org\/brasil\/#\/schema\/person\/f2c58927c54060575b9e7c44d31d16e9","name":"Laura Meurer","url":"https:\/\/www.feyalegria.org\/brasil\/author\/adminbr02\/"}]}},"_links":{"self":[{"href":"https:\/\/www.feyalegria.org\/brasil\/wp-json\/wp\/v2\/posts\/27729","targetHints":{"allow":["GET"]}}],"collection":[{"href":"https:\/\/www.feyalegria.org\/brasil\/wp-json\/wp\/v2\/posts"}],"about":[{"href":"https:\/\/www.feyalegria.org\/brasil\/wp-json\/wp\/v2\/types\/post"}],"author":[{"embeddable":true,"href":"https:\/\/www.feyalegria.org\/brasil\/wp-json\/wp\/v2\/users\/68"}],"replies":[{"embeddable":true,"href":"https:\/\/www.feyalegria.org\/brasil\/wp-json\/wp\/v2\/comments?post=27729"}],"version-history":[{"count":0,"href":"https:\/\/www.feyalegria.org\/brasil\/wp-json\/wp\/v2\/posts\/27729\/revisions"}],"wp:featuredmedia":[{"embeddable":true,"href":"https:\/\/www.feyalegria.org\/brasil\/wp-json\/wp\/v2\/media\/27735"}],"wp:attachment":[{"href":"https:\/\/www.feyalegria.org\/brasil\/wp-json\/wp\/v2\/media?parent=27729"}],"wp:term":[{"taxonomy":"category","embeddable":true,"href":"https:\/\/www.feyalegria.org\/brasil\/wp-json\/wp\/v2\/categories?post=27729"},{"taxonomy":"post_tag","embeddable":true,"href":"https:\/\/www.feyalegria.org\/brasil\/wp-json\/wp\/v2\/tags?post=27729"},{"taxonomy":"post_folder","embeddable":true,"href":"https:\/\/www.feyalegria.org\/brasil\/wp-json\/wp\/v2\/post_folder?post=27729"}],"curies":[{"name":"wp","href":"https:\/\/api.w.org\/{rel}","templated":true}]}}