 {"id":27932,"date":"2024-01-09T15:51:49","date_gmt":"2024-01-09T18:51:49","guid":{"rendered":"https:\/\/www.feyalegria.org\/brasil\/?p=27932"},"modified":"2024-01-10T08:02:51","modified_gmt":"2024-01-10T11:02:51","slug":"casa-dom-luciano-mendes-de-almeida-recebe-o-selo-de-direitos-humanos-e-diversidade-6a-edicao","status":"publish","type":"post","link":"https:\/\/www.feyalegria.org\/brasil\/casa-dom-luciano-mendes-de-almeida-recebe-o-selo-de-direitos-humanos-e-diversidade-6a-edicao\/","title":{"rendered":"Casa Dom Luciano Mendes de Almeida recebe o Selo de Direitos Humanos e Diversidade &#8211; 6\u00aa edi\u00e7\u00e3o"},"content":{"rendered":"<div class=\"wpb-content-wrapper\"><p>[vc_row][vc_column][vc_column_text]<span style=\"font-weight: 400\"><img loading=\"lazy\" decoding=\"async\" class=\"alignleft wp-image-27937\" src=\"https:\/\/d3pugrm67vf9n7.cloudfront.net\/wp-content\/uploads\/sites\/23\/2024\/01\/09155020\/Design-sem-nome-1.png\" alt=\"\" width=\"411\" height=\"206\" srcset=\"https:\/\/d3pugrm67vf9n7.cloudfront.net\/wp-content\/uploads\/sites\/23\/2024\/01\/09155020\/Design-sem-nome-1.png 1000w, https:\/\/d3pugrm67vf9n7.cloudfront.net\/wp-content\/uploads\/sites\/23\/2024\/01\/09155020\/Design-sem-nome-1-300x150.png 300w, https:\/\/d3pugrm67vf9n7.cloudfront.net\/wp-content\/uploads\/sites\/23\/2024\/01\/09155020\/Design-sem-nome-1-768x384.png 768w\" sizes=\"auto, (max-width: 411px) 100vw, 411px\" \/>A Casa de Acolhida Dom Luciano Mendes de Almeida, espa\u00e7o ligado \u00e0 Funda\u00e7\u00e3o F\u00e9 e Alegria do Brasil que visa acolher migrantes e refugiados venezuelanos, foi reconhecida com o Selo de Direitos Humanos e Diversidade &#8211; 6\u00aa edi\u00e7\u00e3o. O Selo, como \u00e9 conhecido, \u00e9 promovido anualmente pela Secretaria Municipal de Direitos Humanos e Cidadania (SMDHC) de S\u00e3o Paulo (SP).<\/span><\/p>\n<p><span style=\"font-weight: 400\"><br \/>\nA iniciativa reconhece projetos e a\u00e7\u00f5es que promovem e defendem os direitos humanos e a diversidade em 12 categorias: Inf\u00e2ncia e Adolesc\u00eancia; Igualdade Racial; Pessoas Migrantes; Juventude; LGBTI; Mulheres; Pessoas com Defici\u00eancia; Pessoas em Situa\u00e7\u00e3o de Rua; Pessoas Idosas; Pessoas Privadas de Liberdade e Egressas; Povos Ind\u00edgenas; e Transversalidades. Em 2023, foram recebidas 358 inscri\u00e7\u00f5es &#8211; o maior n\u00famero de inscritos que o Selo j\u00e1 recebeu.<\/span><\/p>\n<p><span style=\"font-weight: 400\"><br \/>\nFundada em novembro de 2018, a Casa Dom Luciano Mendes de Almeida busca ir al\u00e9m da acolhida f\u00edsica e disponibiliza as ferramentas para inser\u00e7\u00e3o efetiva dos migrantes dentro do novo Pa\u00eds. Segundo dados da Acnur (Alto Comissariado das Na\u00e7\u00f5es Unidas para os Refugiados), mais de 134 mil venezuelanos cruzaram a fronteira brasileira e, desde 2018, 43 mil foram interiorizados por meio da Opera\u00e7\u00e3o Acolhida, uma for\u00e7a tarefa que direciona e acompanha os migrantes para as grandes cidades, garantindo mais chances de inclus\u00e3o econ\u00f4mica.<\/span>[\/vc_column_text][\/vc_column][\/vc_row][vc_row][vc_column][vc_images_carousel images=&#8221;27936,27935,27934,27933&#8243;][\/vc_column][\/vc_row]<\/p>\n<\/div>","protected":false},"excerpt":{"rendered":"<p>[vc_row][vc_column][vc_column_text]A Casa de Acolhida Dom Luciano Mendes de Almeida, espa\u00e7o ligado \u00e0 Funda\u00e7\u00e3o F\u00e9 e Alegria do Brasil que visa acolher migrantes e refugiados venezuelanos, foi reconhecida com o Selo de Direitos Humanos e Diversidade &#8211; 6\u00aa edi\u00e7\u00e3o. O Selo, como \u00e9 conhecido, \u00e9 promovido anualmente pela Secretaria Municipal de Direitos Humanos e Cidadania (SMDHC)<\/p>\n","protected":false},"author":79,"featured_media":27933,"comment_status":"open","ping_status":"open","sticky":false,"template":"","format":"standard","meta":{"_acf_changed":false,"footnotes":""},"categories":[183,432],"tags":[],"post_folder":[],"class_list":["post-27932","post","type-post","status-publish","format-standard","has-post-thumbnail","hentry","category-noticias","category-noticias-pt"],"acf":[],"yoast_head":"<!-- This site is optimized with the Yoast SEO plugin v27.5 - https:\/\/yoast.com\/product\/yoast-seo-wordpress\/ -->\n<title>Casa Dom Luciano Mendes de Almeida recebe o Selo de Direitos Humanos e Diversidade - 6\u00aa edi\u00e7\u00e3o - #SomosF\u00e9eAlegria en Brasil<\/title>\n<meta name=\"robots\" content=\"index, follow, max-snippet:-1, max-image-preview:large, max-video-preview:-1\" \/>\n<link rel=\"canonical\" href=\"https:\/\/www.feyalegria.org\/brasil\/casa-dom-luciano-mendes-de-almeida-recebe-o-selo-de-direitos-humanos-e-diversidade-6a-edicao\/\" \/>\n<meta property=\"og:locale\" content=\"es_ES\" \/>\n<meta property=\"og:type\" content=\"article\" \/>\n<meta property=\"og:title\" content=\"Casa Dom Luciano Mendes de Almeida recebe o Selo de Direitos Humanos e Diversidade - 6\u00aa edi\u00e7\u00e3o - #SomosF\u00e9eAlegria en Brasil\" \/>\n<meta property=\"og:description\" content=\"[vc_row][vc_column][vc_column_text]A Casa de Acolhida Dom Luciano Mendes de Almeida, espa\u00e7o ligado \u00e0 Funda\u00e7\u00e3o F\u00e9 e Alegria do Brasil que visa acolher migrantes e refugiados venezuelanos, foi reconhecida com o Selo de Direitos Humanos e Diversidade &#8211; 6\u00aa edi\u00e7\u00e3o. O Selo, como \u00e9 conhecido, \u00e9 promovido anualmente pela Secretaria Municipal de Direitos Humanos e Cidadania (SMDHC)\" \/>\n<meta property=\"og:url\" content=\"https:\/\/www.feyalegria.org\/brasil\/casa-dom-luciano-mendes-de-almeida-recebe-o-selo-de-direitos-humanos-e-diversidade-6a-edicao\/\" \/>\n<meta property=\"og:site_name\" content=\"#SomosF\u00e9eAlegria en Brasil\" \/>\n<meta property=\"article:published_time\" content=\"2024-01-09T18:51:49+00:00\" \/>\n<meta property=\"article:modified_time\" content=\"2024-01-10T11:02:51+00:00\" \/>\n<meta property=\"og:image\" content=\"https:\/\/d3pugrm67vf9n7.cloudfront.net\/wp-content\/uploads\/sites\/23\/2024\/01\/09154810\/Design-sem-nome.png\" \/>\n\t<meta property=\"og:image:width\" content=\"1000\" \/>\n\t<meta property=\"og:image:height\" content=\"500\" \/>\n\t<meta property=\"og:image:type\" content=\"image\/png\" \/>\n<meta name=\"author\" content=\"adminbr07\" \/>\n<meta name=\"twitter:card\" content=\"summary_large_image\" \/>\n<meta name=\"twitter:label1\" content=\"Escrito por\" \/>\n\t<meta name=\"twitter:data1\" content=\"adminbr07\" \/>\n\t<meta name=\"twitter:label2\" content=\"Tiempo de lectura\" \/>\n\t<meta name=\"twitter:data2\" content=\"2 minutos\" \/>\n<script type=\"application\/ld+json\" class=\"yoast-schema-graph\">{\"@context\":\"https:\\\/\\\/schema.org\",\"@graph\":[{\"@type\":\"Article\",\"@id\":\"https:\\\/\\\/www.feyalegria.org\\\/brasil\\\/casa-dom-luciano-mendes-de-almeida-recebe-o-selo-de-direitos-humanos-e-diversidade-6a-edicao\\\/#article\",\"isPartOf\":{\"@id\":\"https:\\\/\\\/www.feyalegria.org\\\/brasil\\\/casa-dom-luciano-mendes-de-almeida-recebe-o-selo-de-direitos-humanos-e-diversidade-6a-edicao\\\/\"},\"author\":{\"name\":\"adminbr07\",\"@id\":\"https:\\\/\\\/www.feyalegria.org\\\/brasil\\\/#\\\/schema\\\/person\\\/8254348e127aa6ed3db70f51e039cb97\"},\"headline\":\"Casa Dom Luciano Mendes de Almeida recebe o Selo de Direitos Humanos e Diversidade &#8211; 6\u00aa edi\u00e7\u00e3o\",\"datePublished\":\"2024-01-09T18:51:49+00:00\",\"dateModified\":\"2024-01-10T11:02:51+00:00\",\"mainEntityOfPage\":{\"@id\":\"https:\\\/\\\/www.feyalegria.org\\\/brasil\\\/casa-dom-luciano-mendes-de-almeida-recebe-o-selo-de-direitos-humanos-e-diversidade-6a-edicao\\\/\"},\"wordCount\":261,\"commentCount\":0,\"image\":{\"@id\":\"https:\\\/\\\/www.feyalegria.org\\\/brasil\\\/casa-dom-luciano-mendes-de-almeida-recebe-o-selo-de-direitos-humanos-e-diversidade-6a-edicao\\\/#primaryimage\"},\"thumbnailUrl\":\"https:\\\/\\\/d3pugrm67vf9n7.cloudfront.net\\\/wp-content\\\/uploads\\\/sites\\\/23\\\/2024\\\/01\\\/09154810\\\/Design-sem-nome.png\",\"articleSection\":[\"Noticias\",\"Noticias\"],\"inLanguage\":\"es-CO\",\"potentialAction\":[{\"@type\":\"CommentAction\",\"name\":\"Comment\",\"target\":[\"https:\\\/\\\/www.feyalegria.org\\\/brasil\\\/casa-dom-luciano-mendes-de-almeida-recebe-o-selo-de-direitos-humanos-e-diversidade-6a-edicao\\\/#respond\"]}]},{\"@type\":\"WebPage\",\"@id\":\"https:\\\/\\\/www.feyalegria.org\\\/brasil\\\/casa-dom-luciano-mendes-de-almeida-recebe-o-selo-de-direitos-humanos-e-diversidade-6a-edicao\\\/\",\"url\":\"https:\\\/\\\/www.feyalegria.org\\\/brasil\\\/casa-dom-luciano-mendes-de-almeida-recebe-o-selo-de-direitos-humanos-e-diversidade-6a-edicao\\\/\",\"name\":\"Casa Dom Luciano Mendes de Almeida recebe o Selo de Direitos Humanos e Diversidade - 6\u00aa edi\u00e7\u00e3o - #SomosF\u00e9eAlegria en Brasil\",\"isPartOf\":{\"@id\":\"https:\\\/\\\/www.feyalegria.org\\\/brasil\\\/#website\"},\"primaryImageOfPage\":{\"@id\":\"https:\\\/\\\/www.feyalegria.org\\\/brasil\\\/casa-dom-luciano-mendes-de-almeida-recebe-o-selo-de-direitos-humanos-e-diversidade-6a-edicao\\\/#primaryimage\"},\"image\":{\"@id\":\"https:\\\/\\\/www.feyalegria.org\\\/brasil\\\/casa-dom-luciano-mendes-de-almeida-recebe-o-selo-de-direitos-humanos-e-diversidade-6a-edicao\\\/#primaryimage\"},\"thumbnailUrl\":\"https:\\\/\\\/d3pugrm67vf9n7.cloudfront.net\\\/wp-content\\\/uploads\\\/sites\\\/23\\\/2024\\\/01\\\/09154810\\\/Design-sem-nome.png\",\"datePublished\":\"2024-01-09T18:51:49+00:00\",\"dateModified\":\"2024-01-10T11:02:51+00:00\",\"author\":{\"@id\":\"https:\\\/\\\/www.feyalegria.org\\\/brasil\\\/#\\\/schema\\\/person\\\/8254348e127aa6ed3db70f51e039cb97\"},\"inLanguage\":\"es-CO\",\"potentialAction\":[{\"@type\":\"ReadAction\",\"target\":[\"https:\\\/\\\/www.feyalegria.org\\\/brasil\\\/casa-dom-luciano-mendes-de-almeida-recebe-o-selo-de-direitos-humanos-e-diversidade-6a-edicao\\\/\"]}]},{\"@type\":\"ImageObject\",\"inLanguage\":\"es-CO\",\"@id\":\"https:\\\/\\\/www.feyalegria.org\\\/brasil\\\/casa-dom-luciano-mendes-de-almeida-recebe-o-selo-de-direitos-humanos-e-diversidade-6a-edicao\\\/#primaryimage\",\"url\":\"https:\\\/\\\/d3pugrm67vf9n7.cloudfront.net\\\/wp-content\\\/uploads\\\/sites\\\/23\\\/2024\\\/01\\\/09154810\\\/Design-sem-nome.png\",\"contentUrl\":\"https:\\\/\\\/d3pugrm67vf9n7.cloudfront.net\\\/wp-content\\\/uploads\\\/sites\\\/23\\\/2024\\\/01\\\/09154810\\\/Design-sem-nome.png\",\"width\":1000,\"height\":500},{\"@type\":\"WebSite\",\"@id\":\"https:\\\/\\\/www.feyalegria.org\\\/brasil\\\/#website\",\"url\":\"https:\\\/\\\/www.feyalegria.org\\\/brasil\\\/\",\"name\":\"#SomosF\u00e9eAlegria en Brasil\",\"description\":\"\",\"potentialAction\":[{\"@type\":\"SearchAction\",\"target\":{\"@type\":\"EntryPoint\",\"urlTemplate\":\"https:\\\/\\\/www.feyalegria.org\\\/brasil\\\/?s={search_term_string}\"},\"query-input\":{\"@type\":\"PropertyValueSpecification\",\"valueRequired\":true,\"valueName\":\"search_term_string\"}}],\"inLanguage\":\"es-CO\"},{\"@type\":\"Person\",\"@id\":\"https:\\\/\\\/www.feyalegria.org\\\/brasil\\\/#\\\/schema\\\/person\\\/8254348e127aa6ed3db70f51e039cb97\",\"name\":\"adminbr07\",\"url\":\"https:\\\/\\\/www.feyalegria.org\\\/brasil\\\/author\\\/adminbr07\\\/\"}]}<\/script>\n<!-- \/ Yoast SEO plugin. -->","yoast_head_json":{"title":"Casa Dom Luciano Mendes de Almeida recebe o Selo de Direitos Humanos e Diversidade - 6\u00aa edi\u00e7\u00e3o - #SomosF\u00e9eAlegria en Brasil","robots":{"index":"index","follow":"follow","max-snippet":"max-snippet:-1","max-image-preview":"max-image-preview:large","max-video-preview":"max-video-preview:-1"},"canonical":"https:\/\/www.feyalegria.org\/brasil\/casa-dom-luciano-mendes-de-almeida-recebe-o-selo-de-direitos-humanos-e-diversidade-6a-edicao\/","og_locale":"es_ES","og_type":"article","og_title":"Casa Dom Luciano Mendes de Almeida recebe o Selo de Direitos Humanos e Diversidade - 6\u00aa edi\u00e7\u00e3o - #SomosF\u00e9eAlegria en Brasil","og_description":"[vc_row][vc_column][vc_column_text]A Casa de Acolhida Dom Luciano Mendes de Almeida, espa\u00e7o ligado \u00e0 Funda\u00e7\u00e3o F\u00e9 e Alegria do Brasil que visa acolher migrantes e refugiados venezuelanos, foi reconhecida com o Selo de Direitos Humanos e Diversidade &#8211; 6\u00aa edi\u00e7\u00e3o. O Selo, como \u00e9 conhecido, \u00e9 promovido anualmente pela Secretaria Municipal de Direitos Humanos e Cidadania (SMDHC)","og_url":"https:\/\/www.feyalegria.org\/brasil\/casa-dom-luciano-mendes-de-almeida-recebe-o-selo-de-direitos-humanos-e-diversidade-6a-edicao\/","og_site_name":"#SomosF\u00e9eAlegria en Brasil","article_published_time":"2024-01-09T18:51:49+00:00","article_modified_time":"2024-01-10T11:02:51+00:00","og_image":[{"width":1000,"height":500,"url":"https:\/\/d3pugrm67vf9n7.cloudfront.net\/wp-content\/uploads\/sites\/23\/2024\/01\/09154810\/Design-sem-nome.png","type":"image\/png"}],"author":"adminbr07","twitter_card":"summary_large_image","twitter_misc":{"Escrito por":"adminbr07","Tiempo de lectura":"2 minutos"},"schema":{"@context":"https:\/\/schema.org","@graph":[{"@type":"Article","@id":"https:\/\/www.feyalegria.org\/brasil\/casa-dom-luciano-mendes-de-almeida-recebe-o-selo-de-direitos-humanos-e-diversidade-6a-edicao\/#article","isPartOf":{"@id":"https:\/\/www.feyalegria.org\/brasil\/casa-dom-luciano-mendes-de-almeida-recebe-o-selo-de-direitos-humanos-e-diversidade-6a-edicao\/"},"author":{"name":"adminbr07","@id":"https:\/\/www.feyalegria.org\/brasil\/#\/schema\/person\/8254348e127aa6ed3db70f51e039cb97"},"headline":"Casa Dom Luciano Mendes de Almeida recebe o Selo de Direitos Humanos e Diversidade &#8211; 6\u00aa edi\u00e7\u00e3o","datePublished":"2024-01-09T18:51:49+00:00","dateModified":"2024-01-10T11:02:51+00:00","mainEntityOfPage":{"@id":"https:\/\/www.feyalegria.org\/brasil\/casa-dom-luciano-mendes-de-almeida-recebe-o-selo-de-direitos-humanos-e-diversidade-6a-edicao\/"},"wordCount":261,"commentCount":0,"image":{"@id":"https:\/\/www.feyalegria.org\/brasil\/casa-dom-luciano-mendes-de-almeida-recebe-o-selo-de-direitos-humanos-e-diversidade-6a-edicao\/#primaryimage"},"thumbnailUrl":"https:\/\/d3pugrm67vf9n7.cloudfront.net\/wp-content\/uploads\/sites\/23\/2024\/01\/09154810\/Design-sem-nome.png","articleSection":["Noticias","Noticias"],"inLanguage":"es-CO","potentialAction":[{"@type":"CommentAction","name":"Comment","target":["https:\/\/www.feyalegria.org\/brasil\/casa-dom-luciano-mendes-de-almeida-recebe-o-selo-de-direitos-humanos-e-diversidade-6a-edicao\/#respond"]}]},{"@type":"WebPage","@id":"https:\/\/www.feyalegria.org\/brasil\/casa-dom-luciano-mendes-de-almeida-recebe-o-selo-de-direitos-humanos-e-diversidade-6a-edicao\/","url":"https:\/\/www.feyalegria.org\/brasil\/casa-dom-luciano-mendes-de-almeida-recebe-o-selo-de-direitos-humanos-e-diversidade-6a-edicao\/","name":"Casa Dom Luciano Mendes de Almeida recebe o Selo de Direitos Humanos e Diversidade - 6\u00aa edi\u00e7\u00e3o - #SomosF\u00e9eAlegria en Brasil","isPartOf":{"@id":"https:\/\/www.feyalegria.org\/brasil\/#website"},"primaryImageOfPage":{"@id":"https:\/\/www.feyalegria.org\/brasil\/casa-dom-luciano-mendes-de-almeida-recebe-o-selo-de-direitos-humanos-e-diversidade-6a-edicao\/#primaryimage"},"image":{"@id":"https:\/\/www.feyalegria.org\/brasil\/casa-dom-luciano-mendes-de-almeida-recebe-o-selo-de-direitos-humanos-e-diversidade-6a-edicao\/#primaryimage"},"thumbnailUrl":"https:\/\/d3pugrm67vf9n7.cloudfront.net\/wp-content\/uploads\/sites\/23\/2024\/01\/09154810\/Design-sem-nome.png","datePublished":"2024-01-09T18:51:49+00:00","dateModified":"2024-01-10T11:02:51+00:00","author":{"@id":"https:\/\/www.feyalegria.org\/brasil\/#\/schema\/person\/8254348e127aa6ed3db70f51e039cb97"},"inLanguage":"es-CO","potentialAction":[{"@type":"ReadAction","target":["https:\/\/www.feyalegria.org\/brasil\/casa-dom-luciano-mendes-de-almeida-recebe-o-selo-de-direitos-humanos-e-diversidade-6a-edicao\/"]}]},{"@type":"ImageObject","inLanguage":"es-CO","@id":"https:\/\/www.feyalegria.org\/brasil\/casa-dom-luciano-mendes-de-almeida-recebe-o-selo-de-direitos-humanos-e-diversidade-6a-edicao\/#primaryimage","url":"https:\/\/d3pugrm67vf9n7.cloudfront.net\/wp-content\/uploads\/sites\/23\/2024\/01\/09154810\/Design-sem-nome.png","contentUrl":"https:\/\/d3pugrm67vf9n7.cloudfront.net\/wp-content\/uploads\/sites\/23\/2024\/01\/09154810\/Design-sem-nome.png","width":1000,"height":500},{"@type":"WebSite","@id":"https:\/\/www.feyalegria.org\/brasil\/#website","url":"https:\/\/www.feyalegria.org\/brasil\/","name":"#SomosF\u00e9eAlegria en Brasil","description":"","potentialAction":[{"@type":"SearchAction","target":{"@type":"EntryPoint","urlTemplate":"https:\/\/www.feyalegria.org\/brasil\/?s={search_term_string}"},"query-input":{"@type":"PropertyValueSpecification","valueRequired":true,"valueName":"search_term_string"}}],"inLanguage":"es-CO"},{"@type":"Person","@id":"https:\/\/www.feyalegria.org\/brasil\/#\/schema\/person\/8254348e127aa6ed3db70f51e039cb97","name":"adminbr07","url":"https:\/\/www.feyalegria.org\/brasil\/author\/adminbr07\/"}]}},"_links":{"self":[{"href":"https:\/\/www.feyalegria.org\/brasil\/wp-json\/wp\/v2\/posts\/27932","targetHints":{"allow":["GET"]}}],"collection":[{"href":"https:\/\/www.feyalegria.org\/brasil\/wp-json\/wp\/v2\/posts"}],"about":[{"href":"https:\/\/www.feyalegria.org\/brasil\/wp-json\/wp\/v2\/types\/post"}],"author":[{"embeddable":true,"href":"https:\/\/www.feyalegria.org\/brasil\/wp-json\/wp\/v2\/users\/79"}],"replies":[{"embeddable":true,"href":"https:\/\/www.feyalegria.org\/brasil\/wp-json\/wp\/v2\/comments?post=27932"}],"version-history":[{"count":0,"href":"https:\/\/www.feyalegria.org\/brasil\/wp-json\/wp\/v2\/posts\/27932\/revisions"}],"wp:featuredmedia":[{"embeddable":true,"href":"https:\/\/www.feyalegria.org\/brasil\/wp-json\/wp\/v2\/media\/27933"}],"wp:attachment":[{"href":"https:\/\/www.feyalegria.org\/brasil\/wp-json\/wp\/v2\/media?parent=27932"}],"wp:term":[{"taxonomy":"category","embeddable":true,"href":"https:\/\/www.feyalegria.org\/brasil\/wp-json\/wp\/v2\/categories?post=27932"},{"taxonomy":"post_tag","embeddable":true,"href":"https:\/\/www.feyalegria.org\/brasil\/wp-json\/wp\/v2\/tags?post=27932"},{"taxonomy":"post_folder","embeddable":true,"href":"https:\/\/www.feyalegria.org\/brasil\/wp-json\/wp\/v2\/post_folder?post=27932"}],"curies":[{"name":"wp","href":"https:\/\/api.w.org\/{rel}","templated":true}]}}