 {"id":27943,"date":"2024-01-15T13:50:56","date_gmt":"2024-01-15T16:50:56","guid":{"rendered":"https:\/\/www.feyalegria.org\/brasil\/?p=27943"},"modified":"2024-01-15T13:51:39","modified_gmt":"2024-01-15T16:51:39","slug":"fraternidade-e-amizade-social-e-o-tema-da-campanha-da-fraternidade-2024","status":"publish","type":"post","link":"https:\/\/www.feyalegria.org\/brasil\/fraternidade-e-amizade-social-e-o-tema-da-campanha-da-fraternidade-2024\/","title":{"rendered":"&#8220;Fraternidade e Amizade Social&#8221; \u00e9 o tema da Campanha da Fraternidade 2024"},"content":{"rendered":"<div class=\"wpb-content-wrapper\"><p>[vc_row][vc_column][vc_column_text]<span style=\"font-weight: 400\"><img loading=\"lazy\" decoding=\"async\" class=\"alignleft wp-image-27944\" src=\"https:\/\/d3pugrm67vf9n7.cloudfront.net\/wp-content\/uploads\/sites\/23\/2024\/01\/15134911\/smartmockups_lrf14w6b-1024x682.jpg\" alt=\"\" width=\"431\" height=\"287\" srcset=\"https:\/\/d3pugrm67vf9n7.cloudfront.net\/wp-content\/uploads\/sites\/23\/2024\/01\/15134911\/smartmockups_lrf14w6b-1024x682.jpg 1024w, https:\/\/d3pugrm67vf9n7.cloudfront.net\/wp-content\/uploads\/sites\/23\/2024\/01\/15134911\/smartmockups_lrf14w6b-300x200.jpg 300w, https:\/\/d3pugrm67vf9n7.cloudfront.net\/wp-content\/uploads\/sites\/23\/2024\/01\/15134911\/smartmockups_lrf14w6b-768x512.jpg 768w, https:\/\/d3pugrm67vf9n7.cloudfront.net\/wp-content\/uploads\/sites\/23\/2024\/01\/15134911\/smartmockups_lrf14w6b.jpg 1280w\" sizes=\"auto, (max-width: 431px) 100vw, 431px\" \/>Inspirada na Enc\u00edclica do Papa Francisco, <\/span><i><span style=\"font-weight: 400\">Fratelli Tutti<\/span><\/i><span style=\"font-weight: 400\">, a Campanha da Fraternidade (CF) de 2024 tem como tema \u201cFraternidade e Amizade Social\u201d, e o lema \u201cV\u00f3s sois todos irm\u00e3os e irm\u00e3s\u201d (Mt. 23, 8). Este tema e lema foram escolhidos pelo Conselho Permanente da Confer\u00eancia Nacional dos Bispos do Brasil (CNBB), em novembro de 2022.<\/span><\/p>\n<p><span style=\"font-weight: 400\">De acordo com o secret\u00e1rio-geral da Confer\u00eancia Nacional dos Bispos do Brasil (CNBB) e bispo auxiliar da Arquidiocese de Bras\u00edlia, dom Ricardo Hoepers, o tema e o lema da Campanha da Fraternidade 2024 refletem a preocupa\u00e7\u00e3o do episcopado brasileiro em aprofundar a fraternidade como contraponto ao processo de divis\u00e3o, \u00f3dio, guerras e indiferen\u00e7a que tem marcado a sociedade brasileira e o mundo.<\/span><\/p>\n<p><span style=\"font-weight: 400\">A CF, dentro do caminho penitencial da Igreja, prop\u00f5e tamb\u00e9m durante a Quaresma do pr\u00f3ximo ano, um convite de convers\u00e3o \u00e0 amizade social e ao reconhecimento da vontade de Deus de que todos sejam irm\u00e3os e irm\u00e3s. O ano de 2024 marca os 60 anos de mobiliza\u00e7\u00e3o da Campanha da Fraternidade em todo o Brasil.\u00a0<\/span><\/p>\n<p><span style=\"font-weight: 400\">No cartaz, a comunidade \u00e9 representada por uma casa, local onde s\u00e3o acolhidos os irm\u00e3os e irm\u00e3s para a partilha do alimento e da vida. Ao redor de uma mesa se encontram personagens de diferentes etnias e idades, remetendo \u00e0 amizade de Deus com os homens. A celebra\u00e7\u00e3o da f\u00e9 ao redor de uma mesa, com p\u00e3o, vinho e fraternidade, \u00e9 o principal s\u00edmbolo da comunidade. Al\u00e9m disso, os alimentos na mesa recordam as refei\u00e7\u00f5es de Nosso Senhor Jesus Cristo. J\u00e1 as janelas indicam uma casa aberta aos desafios do mundo e da realidade.<\/span><\/p>\n<p><span style=\"font-weight: 400\">O Papa aparece no centro da cena, apoiado em sua bengala, expressando que, apesar de suas limita\u00e7\u00f5es, ele prop\u00f5e ao mundo a amizade social por meio de sua Enc\u00edclica Fratelli Tutti, mostrando que \u00e9 um caminho necess\u00e1rio para garantir a boa conviv\u00eancia e a subsist\u00eancia de todos os seres humanos. Na arte, Francisco utiliza a cruz de Dom Helder C\u00e2mara, recordando as semelhan\u00e7as entre esses dois homens de f\u00e9 que tanto colaboraram e colaboram com a hist\u00f3ria da Igreja no Brasil e no mundo. O cartaz tamb\u00e9m \u00e9 um convite para que os fi\u00e9is participem da Campanha da Fraternidade de forma concreta em 24 de mar\u00e7o de 2024, Domingo de Ramos.<\/span><\/p>\n<h3><b>Ora\u00e7\u00e3o da Campanha da Fraternidade 2024<\/b><\/h3>\n<p><i><span style=\"font-weight: 400\"><br \/>\nDeus Pai, v\u00f3s criastes todos os seres humanos com a mesma dignidade.<br \/>\n<\/span><\/i><i><span style=\"font-weight: 400\">V\u00f3s os resgatastes pela vida, morte e ressurrei\u00e7\u00e3o do vosso filho Jesus Cristo e os tornastes filhos e filhas santificados no Esp\u00edrito!<br \/>\n<\/span><\/i><i><span style=\"font-weight: 400\">Ajudai-nos, nesta Quaresma, a compreender o valor da amizade social e a viver a beleza da fraternidade humana aberta a todos, para al\u00e9m dos nossos gostos, afetos e prefer\u00eancias num caminho de verdadeira penit\u00eancia e convers\u00e3o.<br \/>\n<\/span><\/i><i><span style=\"font-weight: 400\">Inspirai-nos um renovado compromisso batismal com a constru\u00e7\u00e3o de um mundo novo, de di\u00e1logo, justi\u00e7a, igualdade e paz! Conforme a Boa-Nova do Evangelho!<br \/>\n<\/span><\/i><i><span style=\"font-weight: 400\">Ensinai-nos a construir uma sociedade solid\u00e1ria sem exclus\u00e3o, indiferen\u00e7a, viol\u00eancia e guerras! E que Maria, vossa serva e nossa m\u00e3e, eduque-nos para fazermos vossa santa vontade!<br \/>\n<\/span><\/i><i><span style=\"font-weight: 400\">Am\u00e9m.\u00a0<\/span><\/i><\/p>\n<p style=\"text-align: right\"><em><strong>Fonte: CNBB<\/strong><\/em><\/p>\n<p>[\/vc_column_text][\/vc_column][\/vc_row][vc_row][vc_column][\/vc_column][\/vc_row]<\/p>\n<\/div>","protected":false},"excerpt":{"rendered":"<p>[vc_row][vc_column][vc_column_text]Inspirada na Enc\u00edclica do Papa Francisco, Fratelli Tutti, a Campanha da Fraternidade (CF) de 2024 tem como tema \u201cFraternidade e Amizade Social\u201d, e o lema \u201cV\u00f3s sois todos irm\u00e3os e irm\u00e3s\u201d (Mt. 23, 8). Este tema e lema foram escolhidos pelo Conselho Permanente da Confer\u00eancia Nacional dos Bispos do Brasil (CNBB), em novembro de 2022.<\/p>\n","protected":false},"author":79,"featured_media":27945,"comment_status":"open","ping_status":"open","sticky":false,"template":"","format":"standard","meta":{"_acf_changed":false,"footnotes":""},"categories":[183,432],"tags":[],"post_folder":[],"class_list":["post-27943","post","type-post","status-publish","format-standard","has-post-thumbnail","hentry","category-noticias","category-noticias-pt"],"acf":[],"yoast_head":"<!-- This site is optimized with the Yoast SEO plugin v27.5 - https:\/\/yoast.com\/product\/yoast-seo-wordpress\/ -->\n<title>&quot;Fraternidade e Amizade Social&quot; \u00e9 o tema da Campanha da Fraternidade 2024 - #SomosF\u00e9eAlegria en Brasil<\/title>\n<meta name=\"robots\" content=\"index, follow, max-snippet:-1, max-image-preview:large, max-video-preview:-1\" \/>\n<link rel=\"canonical\" href=\"https:\/\/www.feyalegria.org\/brasil\/fraternidade-e-amizade-social-e-o-tema-da-campanha-da-fraternidade-2024\/\" \/>\n<meta property=\"og:locale\" content=\"es_ES\" \/>\n<meta property=\"og:type\" content=\"article\" \/>\n<meta property=\"og:title\" content=\"&quot;Fraternidade e Amizade Social&quot; \u00e9 o tema da Campanha da Fraternidade 2024 - #SomosF\u00e9eAlegria en Brasil\" \/>\n<meta property=\"og:description\" content=\"[vc_row][vc_column][vc_column_text]Inspirada na Enc\u00edclica do Papa Francisco, Fratelli Tutti, a Campanha da Fraternidade (CF) de 2024 tem como tema \u201cFraternidade e Amizade Social\u201d, e o lema \u201cV\u00f3s sois todos irm\u00e3os e irm\u00e3s\u201d (Mt. 23, 8). Este tema e lema foram escolhidos pelo Conselho Permanente da Confer\u00eancia Nacional dos Bispos do Brasil (CNBB), em novembro de 2022.\" \/>\n<meta property=\"og:url\" content=\"https:\/\/www.feyalegria.org\/brasil\/fraternidade-e-amizade-social-e-o-tema-da-campanha-da-fraternidade-2024\/\" \/>\n<meta property=\"og:site_name\" content=\"#SomosF\u00e9eAlegria en Brasil\" \/>\n<meta property=\"article:published_time\" content=\"2024-01-15T16:50:56+00:00\" \/>\n<meta property=\"article:modified_time\" content=\"2024-01-15T16:51:39+00:00\" \/>\n<meta property=\"og:image\" content=\"https:\/\/d3pugrm67vf9n7.cloudfront.net\/wp-content\/uploads\/sites\/23\/2024\/01\/15135044\/CF2024_fya.png\" \/>\n\t<meta property=\"og:image:width\" content=\"1000\" \/>\n\t<meta property=\"og:image:height\" content=\"500\" \/>\n\t<meta property=\"og:image:type\" content=\"image\/png\" \/>\n<meta name=\"author\" content=\"adminbr07\" \/>\n<meta name=\"twitter:card\" content=\"summary_large_image\" \/>\n<meta name=\"twitter:label1\" content=\"Escrito por\" \/>\n\t<meta name=\"twitter:data1\" content=\"adminbr07\" \/>\n\t<meta name=\"twitter:label2\" content=\"Tiempo de lectura\" \/>\n\t<meta name=\"twitter:data2\" content=\"3 minutos\" \/>\n<script type=\"application\/ld+json\" class=\"yoast-schema-graph\">{\"@context\":\"https:\\\/\\\/schema.org\",\"@graph\":[{\"@type\":\"Article\",\"@id\":\"https:\\\/\\\/www.feyalegria.org\\\/brasil\\\/fraternidade-e-amizade-social-e-o-tema-da-campanha-da-fraternidade-2024\\\/#article\",\"isPartOf\":{\"@id\":\"https:\\\/\\\/www.feyalegria.org\\\/brasil\\\/fraternidade-e-amizade-social-e-o-tema-da-campanha-da-fraternidade-2024\\\/\"},\"author\":{\"name\":\"adminbr07\",\"@id\":\"https:\\\/\\\/www.feyalegria.org\\\/brasil\\\/#\\\/schema\\\/person\\\/8254348e127aa6ed3db70f51e039cb97\"},\"headline\":\"&#8220;Fraternidade e Amizade Social&#8221; \u00e9 o tema da Campanha da Fraternidade 2024\",\"datePublished\":\"2024-01-15T16:50:56+00:00\",\"dateModified\":\"2024-01-15T16:51:39+00:00\",\"mainEntityOfPage\":{\"@id\":\"https:\\\/\\\/www.feyalegria.org\\\/brasil\\\/fraternidade-e-amizade-social-e-o-tema-da-campanha-da-fraternidade-2024\\\/\"},\"wordCount\":577,\"commentCount\":0,\"image\":{\"@id\":\"https:\\\/\\\/www.feyalegria.org\\\/brasil\\\/fraternidade-e-amizade-social-e-o-tema-da-campanha-da-fraternidade-2024\\\/#primaryimage\"},\"thumbnailUrl\":\"https:\\\/\\\/d3pugrm67vf9n7.cloudfront.net\\\/wp-content\\\/uploads\\\/sites\\\/23\\\/2024\\\/01\\\/15135044\\\/CF2024_fya.png\",\"articleSection\":[\"Noticias\",\"Noticias\"],\"inLanguage\":\"es-CO\",\"potentialAction\":[{\"@type\":\"CommentAction\",\"name\":\"Comment\",\"target\":[\"https:\\\/\\\/www.feyalegria.org\\\/brasil\\\/fraternidade-e-amizade-social-e-o-tema-da-campanha-da-fraternidade-2024\\\/#respond\"]}]},{\"@type\":\"WebPage\",\"@id\":\"https:\\\/\\\/www.feyalegria.org\\\/brasil\\\/fraternidade-e-amizade-social-e-o-tema-da-campanha-da-fraternidade-2024\\\/\",\"url\":\"https:\\\/\\\/www.feyalegria.org\\\/brasil\\\/fraternidade-e-amizade-social-e-o-tema-da-campanha-da-fraternidade-2024\\\/\",\"name\":\"\\\"Fraternidade e Amizade Social\\\" \u00e9 o tema da Campanha da Fraternidade 2024 - #SomosF\u00e9eAlegria en Brasil\",\"isPartOf\":{\"@id\":\"https:\\\/\\\/www.feyalegria.org\\\/brasil\\\/#website\"},\"primaryImageOfPage\":{\"@id\":\"https:\\\/\\\/www.feyalegria.org\\\/brasil\\\/fraternidade-e-amizade-social-e-o-tema-da-campanha-da-fraternidade-2024\\\/#primaryimage\"},\"image\":{\"@id\":\"https:\\\/\\\/www.feyalegria.org\\\/brasil\\\/fraternidade-e-amizade-social-e-o-tema-da-campanha-da-fraternidade-2024\\\/#primaryimage\"},\"thumbnailUrl\":\"https:\\\/\\\/d3pugrm67vf9n7.cloudfront.net\\\/wp-content\\\/uploads\\\/sites\\\/23\\\/2024\\\/01\\\/15135044\\\/CF2024_fya.png\",\"datePublished\":\"2024-01-15T16:50:56+00:00\",\"dateModified\":\"2024-01-15T16:51:39+00:00\",\"author\":{\"@id\":\"https:\\\/\\\/www.feyalegria.org\\\/brasil\\\/#\\\/schema\\\/person\\\/8254348e127aa6ed3db70f51e039cb97\"},\"inLanguage\":\"es-CO\",\"potentialAction\":[{\"@type\":\"ReadAction\",\"target\":[\"https:\\\/\\\/www.feyalegria.org\\\/brasil\\\/fraternidade-e-amizade-social-e-o-tema-da-campanha-da-fraternidade-2024\\\/\"]}]},{\"@type\":\"ImageObject\",\"inLanguage\":\"es-CO\",\"@id\":\"https:\\\/\\\/www.feyalegria.org\\\/brasil\\\/fraternidade-e-amizade-social-e-o-tema-da-campanha-da-fraternidade-2024\\\/#primaryimage\",\"url\":\"https:\\\/\\\/d3pugrm67vf9n7.cloudfront.net\\\/wp-content\\\/uploads\\\/sites\\\/23\\\/2024\\\/01\\\/15135044\\\/CF2024_fya.png\",\"contentUrl\":\"https:\\\/\\\/d3pugrm67vf9n7.cloudfront.net\\\/wp-content\\\/uploads\\\/sites\\\/23\\\/2024\\\/01\\\/15135044\\\/CF2024_fya.png\",\"width\":1000,\"height\":500},{\"@type\":\"WebSite\",\"@id\":\"https:\\\/\\\/www.feyalegria.org\\\/brasil\\\/#website\",\"url\":\"https:\\\/\\\/www.feyalegria.org\\\/brasil\\\/\",\"name\":\"#SomosF\u00e9eAlegria en Brasil\",\"description\":\"\",\"potentialAction\":[{\"@type\":\"SearchAction\",\"target\":{\"@type\":\"EntryPoint\",\"urlTemplate\":\"https:\\\/\\\/www.feyalegria.org\\\/brasil\\\/?s={search_term_string}\"},\"query-input\":{\"@type\":\"PropertyValueSpecification\",\"valueRequired\":true,\"valueName\":\"search_term_string\"}}],\"inLanguage\":\"es-CO\"},{\"@type\":\"Person\",\"@id\":\"https:\\\/\\\/www.feyalegria.org\\\/brasil\\\/#\\\/schema\\\/person\\\/8254348e127aa6ed3db70f51e039cb97\",\"name\":\"adminbr07\",\"url\":\"https:\\\/\\\/www.feyalegria.org\\\/brasil\\\/author\\\/adminbr07\\\/\"}]}<\/script>\n<!-- \/ Yoast SEO plugin. -->","yoast_head_json":{"title":"\"Fraternidade e Amizade Social\" \u00e9 o tema da Campanha da Fraternidade 2024 - #SomosF\u00e9eAlegria en Brasil","robots":{"index":"index","follow":"follow","max-snippet":"max-snippet:-1","max-image-preview":"max-image-preview:large","max-video-preview":"max-video-preview:-1"},"canonical":"https:\/\/www.feyalegria.org\/brasil\/fraternidade-e-amizade-social-e-o-tema-da-campanha-da-fraternidade-2024\/","og_locale":"es_ES","og_type":"article","og_title":"\"Fraternidade e Amizade Social\" \u00e9 o tema da Campanha da Fraternidade 2024 - #SomosF\u00e9eAlegria en Brasil","og_description":"[vc_row][vc_column][vc_column_text]Inspirada na Enc\u00edclica do Papa Francisco, Fratelli Tutti, a Campanha da Fraternidade (CF) de 2024 tem como tema \u201cFraternidade e Amizade Social\u201d, e o lema \u201cV\u00f3s sois todos irm\u00e3os e irm\u00e3s\u201d (Mt. 23, 8). Este tema e lema foram escolhidos pelo Conselho Permanente da Confer\u00eancia Nacional dos Bispos do Brasil (CNBB), em novembro de 2022.","og_url":"https:\/\/www.feyalegria.org\/brasil\/fraternidade-e-amizade-social-e-o-tema-da-campanha-da-fraternidade-2024\/","og_site_name":"#SomosF\u00e9eAlegria en Brasil","article_published_time":"2024-01-15T16:50:56+00:00","article_modified_time":"2024-01-15T16:51:39+00:00","og_image":[{"width":1000,"height":500,"url":"https:\/\/d3pugrm67vf9n7.cloudfront.net\/wp-content\/uploads\/sites\/23\/2024\/01\/15135044\/CF2024_fya.png","type":"image\/png"}],"author":"adminbr07","twitter_card":"summary_large_image","twitter_misc":{"Escrito por":"adminbr07","Tiempo de lectura":"3 minutos"},"schema":{"@context":"https:\/\/schema.org","@graph":[{"@type":"Article","@id":"https:\/\/www.feyalegria.org\/brasil\/fraternidade-e-amizade-social-e-o-tema-da-campanha-da-fraternidade-2024\/#article","isPartOf":{"@id":"https:\/\/www.feyalegria.org\/brasil\/fraternidade-e-amizade-social-e-o-tema-da-campanha-da-fraternidade-2024\/"},"author":{"name":"adminbr07","@id":"https:\/\/www.feyalegria.org\/brasil\/#\/schema\/person\/8254348e127aa6ed3db70f51e039cb97"},"headline":"&#8220;Fraternidade e Amizade Social&#8221; \u00e9 o tema da Campanha da Fraternidade 2024","datePublished":"2024-01-15T16:50:56+00:00","dateModified":"2024-01-15T16:51:39+00:00","mainEntityOfPage":{"@id":"https:\/\/www.feyalegria.org\/brasil\/fraternidade-e-amizade-social-e-o-tema-da-campanha-da-fraternidade-2024\/"},"wordCount":577,"commentCount":0,"image":{"@id":"https:\/\/www.feyalegria.org\/brasil\/fraternidade-e-amizade-social-e-o-tema-da-campanha-da-fraternidade-2024\/#primaryimage"},"thumbnailUrl":"https:\/\/d3pugrm67vf9n7.cloudfront.net\/wp-content\/uploads\/sites\/23\/2024\/01\/15135044\/CF2024_fya.png","articleSection":["Noticias","Noticias"],"inLanguage":"es-CO","potentialAction":[{"@type":"CommentAction","name":"Comment","target":["https:\/\/www.feyalegria.org\/brasil\/fraternidade-e-amizade-social-e-o-tema-da-campanha-da-fraternidade-2024\/#respond"]}]},{"@type":"WebPage","@id":"https:\/\/www.feyalegria.org\/brasil\/fraternidade-e-amizade-social-e-o-tema-da-campanha-da-fraternidade-2024\/","url":"https:\/\/www.feyalegria.org\/brasil\/fraternidade-e-amizade-social-e-o-tema-da-campanha-da-fraternidade-2024\/","name":"\"Fraternidade e Amizade Social\" \u00e9 o tema da Campanha da Fraternidade 2024 - #SomosF\u00e9eAlegria en Brasil","isPartOf":{"@id":"https:\/\/www.feyalegria.org\/brasil\/#website"},"primaryImageOfPage":{"@id":"https:\/\/www.feyalegria.org\/brasil\/fraternidade-e-amizade-social-e-o-tema-da-campanha-da-fraternidade-2024\/#primaryimage"},"image":{"@id":"https:\/\/www.feyalegria.org\/brasil\/fraternidade-e-amizade-social-e-o-tema-da-campanha-da-fraternidade-2024\/#primaryimage"},"thumbnailUrl":"https:\/\/d3pugrm67vf9n7.cloudfront.net\/wp-content\/uploads\/sites\/23\/2024\/01\/15135044\/CF2024_fya.png","datePublished":"2024-01-15T16:50:56+00:00","dateModified":"2024-01-15T16:51:39+00:00","author":{"@id":"https:\/\/www.feyalegria.org\/brasil\/#\/schema\/person\/8254348e127aa6ed3db70f51e039cb97"},"inLanguage":"es-CO","potentialAction":[{"@type":"ReadAction","target":["https:\/\/www.feyalegria.org\/brasil\/fraternidade-e-amizade-social-e-o-tema-da-campanha-da-fraternidade-2024\/"]}]},{"@type":"ImageObject","inLanguage":"es-CO","@id":"https:\/\/www.feyalegria.org\/brasil\/fraternidade-e-amizade-social-e-o-tema-da-campanha-da-fraternidade-2024\/#primaryimage","url":"https:\/\/d3pugrm67vf9n7.cloudfront.net\/wp-content\/uploads\/sites\/23\/2024\/01\/15135044\/CF2024_fya.png","contentUrl":"https:\/\/d3pugrm67vf9n7.cloudfront.net\/wp-content\/uploads\/sites\/23\/2024\/01\/15135044\/CF2024_fya.png","width":1000,"height":500},{"@type":"WebSite","@id":"https:\/\/www.feyalegria.org\/brasil\/#website","url":"https:\/\/www.feyalegria.org\/brasil\/","name":"#SomosF\u00e9eAlegria en Brasil","description":"","potentialAction":[{"@type":"SearchAction","target":{"@type":"EntryPoint","urlTemplate":"https:\/\/www.feyalegria.org\/brasil\/?s={search_term_string}"},"query-input":{"@type":"PropertyValueSpecification","valueRequired":true,"valueName":"search_term_string"}}],"inLanguage":"es-CO"},{"@type":"Person","@id":"https:\/\/www.feyalegria.org\/brasil\/#\/schema\/person\/8254348e127aa6ed3db70f51e039cb97","name":"adminbr07","url":"https:\/\/www.feyalegria.org\/brasil\/author\/adminbr07\/"}]}},"_links":{"self":[{"href":"https:\/\/www.feyalegria.org\/brasil\/wp-json\/wp\/v2\/posts\/27943","targetHints":{"allow":["GET"]}}],"collection":[{"href":"https:\/\/www.feyalegria.org\/brasil\/wp-json\/wp\/v2\/posts"}],"about":[{"href":"https:\/\/www.feyalegria.org\/brasil\/wp-json\/wp\/v2\/types\/post"}],"author":[{"embeddable":true,"href":"https:\/\/www.feyalegria.org\/brasil\/wp-json\/wp\/v2\/users\/79"}],"replies":[{"embeddable":true,"href":"https:\/\/www.feyalegria.org\/brasil\/wp-json\/wp\/v2\/comments?post=27943"}],"version-history":[{"count":0,"href":"https:\/\/www.feyalegria.org\/brasil\/wp-json\/wp\/v2\/posts\/27943\/revisions"}],"wp:featuredmedia":[{"embeddable":true,"href":"https:\/\/www.feyalegria.org\/brasil\/wp-json\/wp\/v2\/media\/27945"}],"wp:attachment":[{"href":"https:\/\/www.feyalegria.org\/brasil\/wp-json\/wp\/v2\/media?parent=27943"}],"wp:term":[{"taxonomy":"category","embeddable":true,"href":"https:\/\/www.feyalegria.org\/brasil\/wp-json\/wp\/v2\/categories?post=27943"},{"taxonomy":"post_tag","embeddable":true,"href":"https:\/\/www.feyalegria.org\/brasil\/wp-json\/wp\/v2\/tags?post=27943"},{"taxonomy":"post_folder","embeddable":true,"href":"https:\/\/www.feyalegria.org\/brasil\/wp-json\/wp\/v2\/post_folder?post=27943"}],"curies":[{"name":"wp","href":"https:\/\/api.w.org\/{rel}","templated":true}]}}