 {"id":28009,"date":"2024-03-21T23:54:42","date_gmt":"2024-03-22T02:54:42","guid":{"rendered":"https:\/\/www.feyalegria.org\/brasil\/?p=28009"},"modified":"2024-03-21T23:54:42","modified_gmt":"2024-03-22T02:54:42","slug":"o-impacto-da-solidariedade-na-transformacao-social","status":"publish","type":"post","link":"https:\/\/www.feyalegria.org\/brasil\/o-impacto-da-solidariedade-na-transformacao-social\/","title":{"rendered":"O impacto da solidariedade na transforma\u00e7\u00e3o social"},"content":{"rendered":"<p><i><span style=\"font-weight: 400\">Por<\/span><\/i><a href=\"https:\/\/www.linkedin.com\/in\/lucas-do-nascimento-69221715a\/\"> <i><span style=\"font-weight: 400\">Lucas do Nascimento<\/span><\/i><\/a><i><span style=\"font-weight: 400\">, coordenador de Mobiliza\u00e7\u00e3o de Recursos e Rela\u00e7\u00f5es Institucionais da Funda\u00e7\u00e3o F\u00e9 e Alegria do Brasil e membro da equipe de Sustentabilidade da Federa\u00e7\u00e3o Internacional de F\u00e9 e Alegria.<\/span><\/i><\/p>\n<p>&nbsp;<\/p>\n<p><span style=\"font-weight: 400\">Em um mundo marcado pela desigualdade social, a solidariedade emerge como uma poderosa for\u00e7a de mudan\u00e7a. Desde 1981, a Funda\u00e7\u00e3o F\u00e9 e Alegria do Brasil est\u00e1 empenhada em construir um futuro mais promissor para as comunidades em situa\u00e7\u00e3o de extrema vulnerabilidade, gra\u00e7as ao apoio de doadores, investidores sociais e demais apoiadores, que acreditam no poder da transforma\u00e7\u00e3o social.<\/span><\/p>\n<p>&nbsp;<\/p>\n<p><span style=\"font-weight: 400\">F\u00e9 e Alegria \u00e9 um movimento dedicado a promover a educa\u00e7\u00e3o popular e a inclus\u00e3o social em regi\u00f5es de maior vulnerabilidade, \u201conde o asfalto termina\u201d, como destacou o nosso fundador, Pe. Jos\u00e9 Maria V\u00e9laz, <\/span><i><span style=\"font-weight: 400\">SJ<\/span><\/i><span style=\"font-weight: 400\">, quando dava in\u00edcio ao trabalho de F\u00e9 e Alegria em Caracas, na Venezuela, em 1955.<\/span><\/p>\n<p><a href=\"https:\/\/doeagora.fealegria.org.br\/doeja\/single_step\" target=\"_blank\" rel=\"noopener\"><img loading=\"lazy\" decoding=\"async\" class=\"alignright wp-image-28010\" src=\"https:\/\/d3pugrm67vf9n7.cloudfront.net\/wp-content\/uploads\/sites\/23\/2024\/03\/21234832\/Doacoes-Card-1024x1024.png\" alt=\"\" width=\"500\" height=\"500\" srcset=\"https:\/\/d3pugrm67vf9n7.cloudfront.net\/wp-content\/uploads\/sites\/23\/2024\/03\/21234832\/Doacoes-Card-1024x1024.png 1024w, https:\/\/d3pugrm67vf9n7.cloudfront.net\/wp-content\/uploads\/sites\/23\/2024\/03\/21234832\/Doacoes-Card-300x300.png 300w, https:\/\/d3pugrm67vf9n7.cloudfront.net\/wp-content\/uploads\/sites\/23\/2024\/03\/21234832\/Doacoes-Card-150x150.png 150w, https:\/\/d3pugrm67vf9n7.cloudfront.net\/wp-content\/uploads\/sites\/23\/2024\/03\/21234832\/Doacoes-Card-768x768.png 768w, https:\/\/d3pugrm67vf9n7.cloudfront.net\/wp-content\/uploads\/sites\/23\/2024\/03\/21234832\/Doacoes-Card.png 1080w\" sizes=\"auto, (max-width: 500px) 100vw, 500px\" \/><\/a><\/p>\n<p>&nbsp;<\/p>\n<p><span style=\"font-weight: 400\">A Funda\u00e7\u00e3o oferece oportunidades educacionais, forma\u00e7\u00e3o profissional, atividades esportivas, art\u00edsticas e culturais. Al\u00e9m disso, colabora para a integra\u00e7\u00e3o de refugiados e migrantes venezuelanos, apoia pessoas em situa\u00e7\u00e3o de rua, jovens em busca do primeiro emprego e outros indiv\u00edduos em condi\u00e7\u00f5es de extrema vulnerabilidade.<\/span><\/p>\n<p>&nbsp;<\/p>\n<p><span style=\"font-weight: 400\">Recentemente, F\u00e9 e Alegria conquistou o <\/span><a href=\"https:\/\/www.linkedin.com\/company\/instituto-doar\/?lipi=urn%3Ali%3Apage%3Ad_flagship3_company%3BL2F3%2FFkdQQqDQZWy5oMk%2Bw%3D%3D\"><span style=\"font-weight: 400\">Selo Doar<\/span><\/a><span style=\"font-weight: 400\">, um reconhecimento que atesta profissionalismo e transpar\u00eancia no trabalho realizado junto \u00e0s comunidades. O Selo refor\u00e7a a transpar\u00eancia da Funda\u00e7\u00e3o e fortalece sua rela\u00e7\u00e3o com os doadores, garantindo que suas contribui\u00e7\u00f5es sejam utilizadas de forma \u00e9tica e respons\u00e1vel.<\/span><\/p>\n<p>&nbsp;<\/p>\n<p><span style=\"font-weight: 400\">A doa\u00e7\u00e3o desempenha um papel fundamental na constru\u00e7\u00e3o de um mundo mais justo e equitativo. \u00c9 por meio do apoio generoso de doadores que organiza\u00e7\u00f5es como a Funda\u00e7\u00e3o F\u00e9 e Alegria podem realizar seu trabalho vital de promover a educa\u00e7\u00e3o, a inclus\u00e3o social e a transforma\u00e7\u00e3o comunit\u00e1ria. Cada contribui\u00e7\u00e3o, por menor que seja, tem um impacto significativo na vida daqueles que mais precisam.<\/span><\/p>\n<p>&nbsp;<\/p>\n<p><span style=\"font-weight: 400\">O que acha de fazer parte dessa rede de solidariedade? Junte-se a n\u00f3s e ajude a fortalecer nosso trabalho com as comunidades. Juntos, podemos construir um futuro em que a f\u00e9 na transforma\u00e7\u00e3o social e a alegria de aprender sejam acess\u00edveis a todos.<\/span><\/p>\n<p>&nbsp;<\/p>\n<p><span style=\"font-weight: 400\">Para fazer sua doa\u00e7\u00e3o e contribuir com o trabalho de F\u00e9 e Alegria, acesse: <\/span><a href=\"http:\/\/doeagora.fealegria.org.br\"><span style=\"font-weight: 400\">doeagora.fealegria.org.br<\/span><\/a><span style=\"font-weight: 400\">. Embarque conosco nesta jornada de transforma\u00e7\u00e3o e esperan\u00e7a. Sua contribui\u00e7\u00e3o ajudar\u00e1 a transformar a vida de milhares de crian\u00e7as, jovens e adultos por meio da educa\u00e7\u00e3o.<\/span><\/p>\n","protected":false},"excerpt":{"rendered":"<p>Por Lucas do Nascimento, coordenador de Mobiliza\u00e7\u00e3o de Recursos e Rela\u00e7\u00f5es Institucionais da Funda\u00e7\u00e3o F\u00e9 e Alegria do Brasil e membro da equipe de Sustentabilidade da Federa\u00e7\u00e3o Internacional de F\u00e9 e Alegria. &nbsp; Em um mundo marcado pela desigualdade social, a solidariedade emerge como uma poderosa for\u00e7a de mudan\u00e7a. Desde 1981, a Funda\u00e7\u00e3o F\u00e9 e<\/p>\n","protected":false},"author":68,"featured_media":28011,"comment_status":"open","ping_status":"open","sticky":false,"template":"","format":"standard","meta":{"_acf_changed":false,"footnotes":""},"categories":[183,432],"tags":[818,422,408,820,812],"post_folder":[],"class_list":["post-28009","post","type-post","status-publish","format-standard","has-post-thumbnail","hentry","category-noticias","category-noticias-pt","tag-doeagora","tag-educacao-popular","tag-fe-e-alegria","tag-solidariedade","tag-transformacao-social"],"acf":[],"yoast_head":"<!-- This site is optimized with the Yoast SEO plugin v27.4 - https:\/\/yoast.com\/product\/yoast-seo-wordpress\/ -->\n<title>O impacto da solidariedade na transforma\u00e7\u00e3o social - #SomosF\u00e9eAlegria en Brasil<\/title>\n<meta name=\"robots\" content=\"index, follow, max-snippet:-1, max-image-preview:large, max-video-preview:-1\" \/>\n<link rel=\"canonical\" href=\"https:\/\/www.feyalegria.org\/brasil\/o-impacto-da-solidariedade-na-transformacao-social\/\" \/>\n<meta property=\"og:locale\" content=\"es_ES\" \/>\n<meta property=\"og:type\" content=\"article\" \/>\n<meta property=\"og:title\" content=\"O impacto da solidariedade na transforma\u00e7\u00e3o social - #SomosF\u00e9eAlegria en Brasil\" \/>\n<meta property=\"og:description\" content=\"Por Lucas do Nascimento, coordenador de Mobiliza\u00e7\u00e3o de Recursos e Rela\u00e7\u00f5es Institucionais da Funda\u00e7\u00e3o F\u00e9 e Alegria do Brasil e membro da equipe de Sustentabilidade da Federa\u00e7\u00e3o Internacional de F\u00e9 e Alegria. &nbsp; Em um mundo marcado pela desigualdade social, a solidariedade emerge como uma poderosa for\u00e7a de mudan\u00e7a. Desde 1981, a Funda\u00e7\u00e3o F\u00e9 e\" \/>\n<meta property=\"og:url\" content=\"https:\/\/www.feyalegria.org\/brasil\/o-impacto-da-solidariedade-na-transformacao-social\/\" \/>\n<meta property=\"og:site_name\" content=\"#SomosF\u00e9eAlegria en Brasil\" \/>\n<meta property=\"article:published_time\" content=\"2024-03-22T02:54:42+00:00\" \/>\n<meta property=\"og:image\" content=\"https:\/\/d3pugrm67vf9n7.cloudfront.net\/wp-content\/uploads\/sites\/23\/2024\/03\/21234837\/Artigo-Doacoes-Banner-home.png\" \/>\n\t<meta property=\"og:image:width\" content=\"1000\" \/>\n\t<meta property=\"og:image:height\" content=\"500\" \/>\n\t<meta property=\"og:image:type\" content=\"image\/png\" \/>\n<meta name=\"author\" content=\"Laura Meurer\" \/>\n<meta name=\"twitter:card\" content=\"summary_large_image\" \/>\n<meta name=\"twitter:label1\" content=\"Escrito por\" \/>\n\t<meta name=\"twitter:data1\" content=\"Laura Meurer\" \/>\n\t<meta name=\"twitter:label2\" content=\"Tiempo de lectura\" \/>\n\t<meta name=\"twitter:data2\" content=\"3 minutos\" \/>\n<script type=\"application\/ld+json\" class=\"yoast-schema-graph\">{\"@context\":\"https:\\\/\\\/schema.org\",\"@graph\":[{\"@type\":\"Article\",\"@id\":\"https:\\\/\\\/www.feyalegria.org\\\/brasil\\\/o-impacto-da-solidariedade-na-transformacao-social\\\/#article\",\"isPartOf\":{\"@id\":\"https:\\\/\\\/www.feyalegria.org\\\/brasil\\\/o-impacto-da-solidariedade-na-transformacao-social\\\/\"},\"author\":{\"name\":\"Laura Meurer\",\"@id\":\"https:\\\/\\\/www.feyalegria.org\\\/brasil\\\/#\\\/schema\\\/person\\\/f2c58927c54060575b9e7c44d31d16e9\"},\"headline\":\"O impacto da solidariedade na transforma\u00e7\u00e3o social\",\"datePublished\":\"2024-03-22T02:54:42+00:00\",\"mainEntityOfPage\":{\"@id\":\"https:\\\/\\\/www.feyalegria.org\\\/brasil\\\/o-impacto-da-solidariedade-na-transformacao-social\\\/\"},\"wordCount\":438,\"commentCount\":0,\"image\":{\"@id\":\"https:\\\/\\\/www.feyalegria.org\\\/brasil\\\/o-impacto-da-solidariedade-na-transformacao-social\\\/#primaryimage\"},\"thumbnailUrl\":\"https:\\\/\\\/d3pugrm67vf9n7.cloudfront.net\\\/wp-content\\\/uploads\\\/sites\\\/23\\\/2024\\\/03\\\/21234837\\\/Artigo-Doacoes-Banner-home.png\",\"keywords\":[\"doeagora\",\"educa\u00e7\u00e3o popular\",\"F\u00e9 e Alegria\",\"solidariedade\",\"transforma\u00e7\u00e3o social\"],\"articleSection\":[\"Noticias\",\"Noticias\"],\"inLanguage\":\"es-CO\",\"potentialAction\":[{\"@type\":\"CommentAction\",\"name\":\"Comment\",\"target\":[\"https:\\\/\\\/www.feyalegria.org\\\/brasil\\\/o-impacto-da-solidariedade-na-transformacao-social\\\/#respond\"]}]},{\"@type\":\"WebPage\",\"@id\":\"https:\\\/\\\/www.feyalegria.org\\\/brasil\\\/o-impacto-da-solidariedade-na-transformacao-social\\\/\",\"url\":\"https:\\\/\\\/www.feyalegria.org\\\/brasil\\\/o-impacto-da-solidariedade-na-transformacao-social\\\/\",\"name\":\"O impacto da solidariedade na transforma\u00e7\u00e3o social - #SomosF\u00e9eAlegria en Brasil\",\"isPartOf\":{\"@id\":\"https:\\\/\\\/www.feyalegria.org\\\/brasil\\\/#website\"},\"primaryImageOfPage\":{\"@id\":\"https:\\\/\\\/www.feyalegria.org\\\/brasil\\\/o-impacto-da-solidariedade-na-transformacao-social\\\/#primaryimage\"},\"image\":{\"@id\":\"https:\\\/\\\/www.feyalegria.org\\\/brasil\\\/o-impacto-da-solidariedade-na-transformacao-social\\\/#primaryimage\"},\"thumbnailUrl\":\"https:\\\/\\\/d3pugrm67vf9n7.cloudfront.net\\\/wp-content\\\/uploads\\\/sites\\\/23\\\/2024\\\/03\\\/21234837\\\/Artigo-Doacoes-Banner-home.png\",\"datePublished\":\"2024-03-22T02:54:42+00:00\",\"author\":{\"@id\":\"https:\\\/\\\/www.feyalegria.org\\\/brasil\\\/#\\\/schema\\\/person\\\/f2c58927c54060575b9e7c44d31d16e9\"},\"inLanguage\":\"es-CO\",\"potentialAction\":[{\"@type\":\"ReadAction\",\"target\":[\"https:\\\/\\\/www.feyalegria.org\\\/brasil\\\/o-impacto-da-solidariedade-na-transformacao-social\\\/\"]}]},{\"@type\":\"ImageObject\",\"inLanguage\":\"es-CO\",\"@id\":\"https:\\\/\\\/www.feyalegria.org\\\/brasil\\\/o-impacto-da-solidariedade-na-transformacao-social\\\/#primaryimage\",\"url\":\"https:\\\/\\\/d3pugrm67vf9n7.cloudfront.net\\\/wp-content\\\/uploads\\\/sites\\\/23\\\/2024\\\/03\\\/21234837\\\/Artigo-Doacoes-Banner-home.png\",\"contentUrl\":\"https:\\\/\\\/d3pugrm67vf9n7.cloudfront.net\\\/wp-content\\\/uploads\\\/sites\\\/23\\\/2024\\\/03\\\/21234837\\\/Artigo-Doacoes-Banner-home.png\",\"width\":1000,\"height\":500},{\"@type\":\"WebSite\",\"@id\":\"https:\\\/\\\/www.feyalegria.org\\\/brasil\\\/#website\",\"url\":\"https:\\\/\\\/www.feyalegria.org\\\/brasil\\\/\",\"name\":\"#SomosF\u00e9eAlegria en Brasil\",\"description\":\"\",\"potentialAction\":[{\"@type\":\"SearchAction\",\"target\":{\"@type\":\"EntryPoint\",\"urlTemplate\":\"https:\\\/\\\/www.feyalegria.org\\\/brasil\\\/?s={search_term_string}\"},\"query-input\":{\"@type\":\"PropertyValueSpecification\",\"valueRequired\":true,\"valueName\":\"search_term_string\"}}],\"inLanguage\":\"es-CO\"},{\"@type\":\"Person\",\"@id\":\"https:\\\/\\\/www.feyalegria.org\\\/brasil\\\/#\\\/schema\\\/person\\\/f2c58927c54060575b9e7c44d31d16e9\",\"name\":\"Laura Meurer\",\"url\":\"https:\\\/\\\/www.feyalegria.org\\\/brasil\\\/author\\\/adminbr02\\\/\"}]}<\/script>\n<!-- \/ Yoast SEO plugin. -->","yoast_head_json":{"title":"O impacto da solidariedade na transforma\u00e7\u00e3o social - #SomosF\u00e9eAlegria en Brasil","robots":{"index":"index","follow":"follow","max-snippet":"max-snippet:-1","max-image-preview":"max-image-preview:large","max-video-preview":"max-video-preview:-1"},"canonical":"https:\/\/www.feyalegria.org\/brasil\/o-impacto-da-solidariedade-na-transformacao-social\/","og_locale":"es_ES","og_type":"article","og_title":"O impacto da solidariedade na transforma\u00e7\u00e3o social - #SomosF\u00e9eAlegria en Brasil","og_description":"Por Lucas do Nascimento, coordenador de Mobiliza\u00e7\u00e3o de Recursos e Rela\u00e7\u00f5es Institucionais da Funda\u00e7\u00e3o F\u00e9 e Alegria do Brasil e membro da equipe de Sustentabilidade da Federa\u00e7\u00e3o Internacional de F\u00e9 e Alegria. &nbsp; Em um mundo marcado pela desigualdade social, a solidariedade emerge como uma poderosa for\u00e7a de mudan\u00e7a. Desde 1981, a Funda\u00e7\u00e3o F\u00e9 e","og_url":"https:\/\/www.feyalegria.org\/brasil\/o-impacto-da-solidariedade-na-transformacao-social\/","og_site_name":"#SomosF\u00e9eAlegria en Brasil","article_published_time":"2024-03-22T02:54:42+00:00","og_image":[{"width":1000,"height":500,"url":"https:\/\/d3pugrm67vf9n7.cloudfront.net\/wp-content\/uploads\/sites\/23\/2024\/03\/21234837\/Artigo-Doacoes-Banner-home.png","type":"image\/png"}],"author":"Laura Meurer","twitter_card":"summary_large_image","twitter_misc":{"Escrito por":"Laura Meurer","Tiempo de lectura":"3 minutos"},"schema":{"@context":"https:\/\/schema.org","@graph":[{"@type":"Article","@id":"https:\/\/www.feyalegria.org\/brasil\/o-impacto-da-solidariedade-na-transformacao-social\/#article","isPartOf":{"@id":"https:\/\/www.feyalegria.org\/brasil\/o-impacto-da-solidariedade-na-transformacao-social\/"},"author":{"name":"Laura Meurer","@id":"https:\/\/www.feyalegria.org\/brasil\/#\/schema\/person\/f2c58927c54060575b9e7c44d31d16e9"},"headline":"O impacto da solidariedade na transforma\u00e7\u00e3o social","datePublished":"2024-03-22T02:54:42+00:00","mainEntityOfPage":{"@id":"https:\/\/www.feyalegria.org\/brasil\/o-impacto-da-solidariedade-na-transformacao-social\/"},"wordCount":438,"commentCount":0,"image":{"@id":"https:\/\/www.feyalegria.org\/brasil\/o-impacto-da-solidariedade-na-transformacao-social\/#primaryimage"},"thumbnailUrl":"https:\/\/d3pugrm67vf9n7.cloudfront.net\/wp-content\/uploads\/sites\/23\/2024\/03\/21234837\/Artigo-Doacoes-Banner-home.png","keywords":["doeagora","educa\u00e7\u00e3o popular","F\u00e9 e Alegria","solidariedade","transforma\u00e7\u00e3o social"],"articleSection":["Noticias","Noticias"],"inLanguage":"es-CO","potentialAction":[{"@type":"CommentAction","name":"Comment","target":["https:\/\/www.feyalegria.org\/brasil\/o-impacto-da-solidariedade-na-transformacao-social\/#respond"]}]},{"@type":"WebPage","@id":"https:\/\/www.feyalegria.org\/brasil\/o-impacto-da-solidariedade-na-transformacao-social\/","url":"https:\/\/www.feyalegria.org\/brasil\/o-impacto-da-solidariedade-na-transformacao-social\/","name":"O impacto da solidariedade na transforma\u00e7\u00e3o social - #SomosF\u00e9eAlegria en Brasil","isPartOf":{"@id":"https:\/\/www.feyalegria.org\/brasil\/#website"},"primaryImageOfPage":{"@id":"https:\/\/www.feyalegria.org\/brasil\/o-impacto-da-solidariedade-na-transformacao-social\/#primaryimage"},"image":{"@id":"https:\/\/www.feyalegria.org\/brasil\/o-impacto-da-solidariedade-na-transformacao-social\/#primaryimage"},"thumbnailUrl":"https:\/\/d3pugrm67vf9n7.cloudfront.net\/wp-content\/uploads\/sites\/23\/2024\/03\/21234837\/Artigo-Doacoes-Banner-home.png","datePublished":"2024-03-22T02:54:42+00:00","author":{"@id":"https:\/\/www.feyalegria.org\/brasil\/#\/schema\/person\/f2c58927c54060575b9e7c44d31d16e9"},"inLanguage":"es-CO","potentialAction":[{"@type":"ReadAction","target":["https:\/\/www.feyalegria.org\/brasil\/o-impacto-da-solidariedade-na-transformacao-social\/"]}]},{"@type":"ImageObject","inLanguage":"es-CO","@id":"https:\/\/www.feyalegria.org\/brasil\/o-impacto-da-solidariedade-na-transformacao-social\/#primaryimage","url":"https:\/\/d3pugrm67vf9n7.cloudfront.net\/wp-content\/uploads\/sites\/23\/2024\/03\/21234837\/Artigo-Doacoes-Banner-home.png","contentUrl":"https:\/\/d3pugrm67vf9n7.cloudfront.net\/wp-content\/uploads\/sites\/23\/2024\/03\/21234837\/Artigo-Doacoes-Banner-home.png","width":1000,"height":500},{"@type":"WebSite","@id":"https:\/\/www.feyalegria.org\/brasil\/#website","url":"https:\/\/www.feyalegria.org\/brasil\/","name":"#SomosF\u00e9eAlegria en Brasil","description":"","potentialAction":[{"@type":"SearchAction","target":{"@type":"EntryPoint","urlTemplate":"https:\/\/www.feyalegria.org\/brasil\/?s={search_term_string}"},"query-input":{"@type":"PropertyValueSpecification","valueRequired":true,"valueName":"search_term_string"}}],"inLanguage":"es-CO"},{"@type":"Person","@id":"https:\/\/www.feyalegria.org\/brasil\/#\/schema\/person\/f2c58927c54060575b9e7c44d31d16e9","name":"Laura Meurer","url":"https:\/\/www.feyalegria.org\/brasil\/author\/adminbr02\/"}]}},"_links":{"self":[{"href":"https:\/\/www.feyalegria.org\/brasil\/wp-json\/wp\/v2\/posts\/28009","targetHints":{"allow":["GET"]}}],"collection":[{"href":"https:\/\/www.feyalegria.org\/brasil\/wp-json\/wp\/v2\/posts"}],"about":[{"href":"https:\/\/www.feyalegria.org\/brasil\/wp-json\/wp\/v2\/types\/post"}],"author":[{"embeddable":true,"href":"https:\/\/www.feyalegria.org\/brasil\/wp-json\/wp\/v2\/users\/68"}],"replies":[{"embeddable":true,"href":"https:\/\/www.feyalegria.org\/brasil\/wp-json\/wp\/v2\/comments?post=28009"}],"version-history":[{"count":0,"href":"https:\/\/www.feyalegria.org\/brasil\/wp-json\/wp\/v2\/posts\/28009\/revisions"}],"wp:featuredmedia":[{"embeddable":true,"href":"https:\/\/www.feyalegria.org\/brasil\/wp-json\/wp\/v2\/media\/28011"}],"wp:attachment":[{"href":"https:\/\/www.feyalegria.org\/brasil\/wp-json\/wp\/v2\/media?parent=28009"}],"wp:term":[{"taxonomy":"category","embeddable":true,"href":"https:\/\/www.feyalegria.org\/brasil\/wp-json\/wp\/v2\/categories?post=28009"},{"taxonomy":"post_tag","embeddable":true,"href":"https:\/\/www.feyalegria.org\/brasil\/wp-json\/wp\/v2\/tags?post=28009"},{"taxonomy":"post_folder","embeddable":true,"href":"https:\/\/www.feyalegria.org\/brasil\/wp-json\/wp\/v2\/post_folder?post=28009"}],"curies":[{"name":"wp","href":"https:\/\/api.w.org\/{rel}","templated":true}]}}