{"id":28249,"date":"2024-06-10T11:11:02","date_gmt":"2024-06-10T14:11:02","guid":{"rendered":"https:\/\/www.feyalegria.org\/brasil\/?p=28249"},"modified":"2024-06-10T11:11:02","modified_gmt":"2024-06-10T14:11:02","slug":"acao-comunitaria-grajau","status":"publish","type":"post","link":"https:\/\/www.feyalegria.org\/brasil\/acao-comunitaria-grajau\/","title":{"rendered":"F\u00e9 e Alegria e CIC de Graja\u00fa realizam mais de 730 atendimentos em A\u00e7\u00e3o Comunit\u00e1ria na capital paulista"},"content":{"rendered":"<div class=\"wpb-content-wrapper\"><p>[vc_row][vc_column][vc_column_text css=&#8221;&#8221;]<span style=\"font-weight: 400\">No dia 11 de maio, a Funda\u00e7\u00e3o F\u00e9 e Alegria e o Centro de Integra\u00e7\u00e3o da Cidadania (CIC) de Graja\u00fa, na capital paulista, se uniram para realizar a 6\u00aa A\u00e7\u00e3o Comunit\u00e1ria, um evento anual, marcado pela forte presen\u00e7a da comunidade e pela oferta de servi\u00e7os essenciais. Foram realizados mais de 730 atendimentos durante o dia.<\/span><\/p>\n<p>&nbsp;<\/p>\n<p><span style=\"font-weight: 400\">Realizada no Centro de F\u00e9 e Alegria Jardim Shangri-l\u00e1, no Graja\u00fa, a a\u00e7\u00e3o contou com a participa\u00e7\u00e3o de 65 volunt\u00e1rios e colaboradores dedicados, que ofereceram diversos servi\u00e7os gratuitos \u00e0 popula\u00e7\u00e3o, como emiss\u00e3o de 2\u00aa via de certid\u00f5es, impress\u00e3o de CPF, pesquisa de t\u00edtulo de eleitor, orienta\u00e7\u00f5es jur\u00eddicas, do Procon e do Centros Judici\u00e1rios de Solu\u00e7\u00e3o de Conflitos e Cidadania (Cejusc), al\u00e9m de servi\u00e7os de beleza, massagem, corte de cabelo, aferi\u00e7\u00e3o de press\u00e3o, orienta\u00e7\u00e3o sobre Infec\u00e7\u00f5es Sexualmente Transmiss\u00edveis (IST) e glicemia.\u00a0<\/span><span style=\"font-weight: 400\">Para as crian\u00e7as, a alegria foi garantida com diversas brincadeiras e atividades, proporcionando um dia de lazer e descontra\u00e7\u00e3o para toda a fam\u00edlia.\u00a0<\/span><\/p>\n<p>&nbsp;<\/p>\n<p><span style=\"font-weight: 400\">Para realizar o evento, F\u00e9 e Alegria e o CIC contaram ainda com a parceria da Unidade B\u00e1sica de Sa\u00fade local, do Procon SP, do Instituto Embelleze e da Escola T\u00e9cnica Sequencial.<\/span><\/p>\n<p>&nbsp;<\/p>\n<p><b>Um dia de transforma\u00e7\u00e3o e cidadania<\/b><span style=\"font-weight: 400\">\u00a0<\/span><\/p>\n<p>&nbsp;<\/p>\n<p><span style=\"font-weight: 400\">O evento foi mais do que apenas a oferta de servi\u00e7os. Foi um dia de transforma\u00e7\u00e3o e fortalecimento da cidadania, em que cada pessoa presente teve a oportunidade de se sentir valorizada e acolhida.\u00a0<\/span><\/p>\n<p>&nbsp;<\/p>\n<p><span style=\"font-weight: 400\">&#8220;Gostar\u00edamos de agradecer imensamente a cada um\/a que fez poss\u00edvel esta A\u00e7\u00e3o&#8221;, ressalta Jefferson Rodrigues de S\u00e1, coordenador do centro F\u00e9 e Alegria. &#8220;Mais do que os servi\u00e7os prestados, o que nos motiva \u00e9 poder tocar na alma das pessoas, proporcionando momentos de autovaloriza\u00e7\u00e3o e de cidadania. Ver o sorriso no rosto de cada um que atendemos \u00e9 a nossa maior recompensa.&#8221;\u00a0<\/span>[\/vc_column_text][\/vc_column][\/vc_row][vc_row][vc_column][vc_images_carousel images=&#8221;28250,28251,28252,28253,28254,28255&#8243; img_size=&#8221;full&#8221; css=&#8221;&#8221; title=&#8221;Veja fotos do evento&#8221;][\/vc_column][\/vc_row]<\/p>\n<\/div>","protected":false},"excerpt":{"rendered":"<p>[vc_row][vc_column][vc_column_text css=&#8221;&#8221;]No dia 11 de maio, a Funda\u00e7\u00e3o F\u00e9 e Alegria e o Centro de Integra\u00e7\u00e3o da Cidadania (CIC) de Graja\u00fa, na capital paulista, se uniram para realizar a 6\u00aa A\u00e7\u00e3o Comunit\u00e1ria, um evento anual, marcado pela forte presen\u00e7a da comunidade e pela oferta de servi\u00e7os essenciais. Foram realizados mais de 730 atendimentos durante o<\/p>\n","protected":false},"author":68,"featured_media":28256,"comment_status":"open","ping_status":"open","sticky":false,"template":"","format":"standard","meta":{"_acf_changed":false,"footnotes":""},"categories":[384],"tags":[830,832,583],"post_folder":[],"class_list":["post-28249","post","type-post","status-publish","format-standard","has-post-thumbnail","hentry","category-uncategorized-pt","tag-acao-comunitaria","tag-grajau","tag-sao-paulo"],"acf":[],"yoast_head":"<!-- This site is optimized with the Yoast SEO plugin v27.5 - https:\/\/yoast.com\/product\/yoast-seo-wordpress\/ -->\n<title>F\u00e9 e Alegria e CIC de Graja\u00fa realizam mais de 730 atendimentos em A\u00e7\u00e3o Comunit\u00e1ria na capital paulista - #SomosF\u00e9eAlegria en Brasil<\/title>\n<meta name=\"robots\" content=\"index, follow, max-snippet:-1, max-image-preview:large, max-video-preview:-1\" \/>\n<link rel=\"canonical\" href=\"https:\/\/www.feyalegria.org\/brasil\/acao-comunitaria-grajau\/\" \/>\n<meta property=\"og:locale\" content=\"es_ES\" \/>\n<meta property=\"og:type\" content=\"article\" \/>\n<meta property=\"og:title\" content=\"F\u00e9 e Alegria e CIC de Graja\u00fa realizam mais de 730 atendimentos em A\u00e7\u00e3o Comunit\u00e1ria na capital paulista - #SomosF\u00e9eAlegria en Brasil\" \/>\n<meta property=\"og:description\" content=\"[vc_row][vc_column][vc_column_text css=&#8221;&#8221;]No dia 11 de maio, a Funda\u00e7\u00e3o F\u00e9 e Alegria e o Centro de Integra\u00e7\u00e3o da Cidadania (CIC) de Graja\u00fa, na capital paulista, se uniram para realizar a 6\u00aa A\u00e7\u00e3o Comunit\u00e1ria, um evento anual, marcado pela forte presen\u00e7a da comunidade e pela oferta de servi\u00e7os essenciais. Foram realizados mais de 730 atendimentos durante o\" \/>\n<meta property=\"og:url\" content=\"https:\/\/www.feyalegria.org\/brasil\/acao-comunitaria-grajau\/\" \/>\n<meta property=\"og:site_name\" content=\"#SomosF\u00e9eAlegria en Brasil\" \/>\n<meta property=\"article:published_time\" content=\"2024-06-10T14:11:02+00:00\" \/>\n<meta property=\"og:image\" content=\"https:\/\/d3pugrm67vf9n7.cloudfront.net\/wp-content\/uploads\/sites\/23\/2024\/05\/29015225\/Banner-Home-Acao-Comunitaria-Grajau.png\" \/>\n\t<meta property=\"og:image:width\" content=\"1000\" \/>\n\t<meta property=\"og:image:height\" content=\"500\" \/>\n\t<meta property=\"og:image:type\" content=\"image\/png\" \/>\n<meta name=\"author\" content=\"Laura Meurer\" \/>\n<meta name=\"twitter:card\" content=\"summary_large_image\" \/>\n<meta name=\"twitter:label1\" content=\"Escrito por\" \/>\n\t<meta name=\"twitter:data1\" content=\"Laura Meurer\" \/>\n\t<meta name=\"twitter:label2\" content=\"Tiempo de lectura\" \/>\n\t<meta name=\"twitter:data2\" content=\"3 minutos\" \/>\n<script type=\"application\/ld+json\" class=\"yoast-schema-graph\">{\"@context\":\"https:\\\/\\\/schema.org\",\"@graph\":[{\"@type\":\"Article\",\"@id\":\"https:\\\/\\\/www.feyalegria.org\\\/brasil\\\/acao-comunitaria-grajau\\\/#article\",\"isPartOf\":{\"@id\":\"https:\\\/\\\/www.feyalegria.org\\\/brasil\\\/acao-comunitaria-grajau\\\/\"},\"author\":{\"name\":\"Laura Meurer\",\"@id\":\"https:\\\/\\\/www.feyalegria.org\\\/brasil\\\/#\\\/schema\\\/person\\\/f2c58927c54060575b9e7c44d31d16e9\"},\"headline\":\"F\u00e9 e Alegria e CIC de Graja\u00fa realizam mais de 730 atendimentos em A\u00e7\u00e3o Comunit\u00e1ria na capital paulista\",\"datePublished\":\"2024-06-10T14:11:02+00:00\",\"mainEntityOfPage\":{\"@id\":\"https:\\\/\\\/www.feyalegria.org\\\/brasil\\\/acao-comunitaria-grajau\\\/\"},\"wordCount\":385,\"commentCount\":0,\"image\":{\"@id\":\"https:\\\/\\\/www.feyalegria.org\\\/brasil\\\/acao-comunitaria-grajau\\\/#primaryimage\"},\"thumbnailUrl\":\"https:\\\/\\\/d3pugrm67vf9n7.cloudfront.net\\\/wp-content\\\/uploads\\\/sites\\\/23\\\/2024\\\/05\\\/29015225\\\/Banner-Home-Acao-Comunitaria-Grajau.png\",\"keywords\":[\"a\u00e7\u00e3o comunit\u00e1ria\",\"Graja\u00fa\",\"S\u00e3o Paulo\"],\"articleSection\":[\"Uncategorized\"],\"inLanguage\":\"es-CO\",\"potentialAction\":[{\"@type\":\"CommentAction\",\"name\":\"Comment\",\"target\":[\"https:\\\/\\\/www.feyalegria.org\\\/brasil\\\/acao-comunitaria-grajau\\\/#respond\"]}]},{\"@type\":\"WebPage\",\"@id\":\"https:\\\/\\\/www.feyalegria.org\\\/brasil\\\/acao-comunitaria-grajau\\\/\",\"url\":\"https:\\\/\\\/www.feyalegria.org\\\/brasil\\\/acao-comunitaria-grajau\\\/\",\"name\":\"F\u00e9 e Alegria e CIC de Graja\u00fa realizam mais de 730 atendimentos em A\u00e7\u00e3o Comunit\u00e1ria na capital paulista - #SomosF\u00e9eAlegria en Brasil\",\"isPartOf\":{\"@id\":\"https:\\\/\\\/www.feyalegria.org\\\/brasil\\\/#website\"},\"primaryImageOfPage\":{\"@id\":\"https:\\\/\\\/www.feyalegria.org\\\/brasil\\\/acao-comunitaria-grajau\\\/#primaryimage\"},\"image\":{\"@id\":\"https:\\\/\\\/www.feyalegria.org\\\/brasil\\\/acao-comunitaria-grajau\\\/#primaryimage\"},\"thumbnailUrl\":\"https:\\\/\\\/d3pugrm67vf9n7.cloudfront.net\\\/wp-content\\\/uploads\\\/sites\\\/23\\\/2024\\\/05\\\/29015225\\\/Banner-Home-Acao-Comunitaria-Grajau.png\",\"datePublished\":\"2024-06-10T14:11:02+00:00\",\"author\":{\"@id\":\"https:\\\/\\\/www.feyalegria.org\\\/brasil\\\/#\\\/schema\\\/person\\\/f2c58927c54060575b9e7c44d31d16e9\"},\"inLanguage\":\"es-CO\",\"potentialAction\":[{\"@type\":\"ReadAction\",\"target\":[\"https:\\\/\\\/www.feyalegria.org\\\/brasil\\\/acao-comunitaria-grajau\\\/\"]}]},{\"@type\":\"ImageObject\",\"inLanguage\":\"es-CO\",\"@id\":\"https:\\\/\\\/www.feyalegria.org\\\/brasil\\\/acao-comunitaria-grajau\\\/#primaryimage\",\"url\":\"https:\\\/\\\/d3pugrm67vf9n7.cloudfront.net\\\/wp-content\\\/uploads\\\/sites\\\/23\\\/2024\\\/05\\\/29015225\\\/Banner-Home-Acao-Comunitaria-Grajau.png\",\"contentUrl\":\"https:\\\/\\\/d3pugrm67vf9n7.cloudfront.net\\\/wp-content\\\/uploads\\\/sites\\\/23\\\/2024\\\/05\\\/29015225\\\/Banner-Home-Acao-Comunitaria-Grajau.png\",\"width\":1000,\"height\":500},{\"@type\":\"WebSite\",\"@id\":\"https:\\\/\\\/www.feyalegria.org\\\/brasil\\\/#website\",\"url\":\"https:\\\/\\\/www.feyalegria.org\\\/brasil\\\/\",\"name\":\"#SomosF\u00e9eAlegria en Brasil\",\"description\":\"\",\"potentialAction\":[{\"@type\":\"SearchAction\",\"target\":{\"@type\":\"EntryPoint\",\"urlTemplate\":\"https:\\\/\\\/www.feyalegria.org\\\/brasil\\\/?s={search_term_string}\"},\"query-input\":{\"@type\":\"PropertyValueSpecification\",\"valueRequired\":true,\"valueName\":\"search_term_string\"}}],\"inLanguage\":\"es-CO\"},{\"@type\":\"Person\",\"@id\":\"https:\\\/\\\/www.feyalegria.org\\\/brasil\\\/#\\\/schema\\\/person\\\/f2c58927c54060575b9e7c44d31d16e9\",\"name\":\"Laura Meurer\",\"url\":\"https:\\\/\\\/www.feyalegria.org\\\/brasil\\\/author\\\/adminbr02\\\/\"}]}<\/script>\n<!-- \/ Yoast SEO plugin. -->","yoast_head_json":{"title":"F\u00e9 e Alegria e CIC de Graja\u00fa realizam mais de 730 atendimentos em A\u00e7\u00e3o Comunit\u00e1ria na capital paulista - #SomosF\u00e9eAlegria en Brasil","robots":{"index":"index","follow":"follow","max-snippet":"max-snippet:-1","max-image-preview":"max-image-preview:large","max-video-preview":"max-video-preview:-1"},"canonical":"https:\/\/www.feyalegria.org\/brasil\/acao-comunitaria-grajau\/","og_locale":"es_ES","og_type":"article","og_title":"F\u00e9 e Alegria e CIC de Graja\u00fa realizam mais de 730 atendimentos em A\u00e7\u00e3o Comunit\u00e1ria na capital paulista - #SomosF\u00e9eAlegria en Brasil","og_description":"[vc_row][vc_column][vc_column_text css=&#8221;&#8221;]No dia 11 de maio, a Funda\u00e7\u00e3o F\u00e9 e Alegria e o Centro de Integra\u00e7\u00e3o da Cidadania (CIC) de Graja\u00fa, na capital paulista, se uniram para realizar a 6\u00aa A\u00e7\u00e3o Comunit\u00e1ria, um evento anual, marcado pela forte presen\u00e7a da comunidade e pela oferta de servi\u00e7os essenciais. Foram realizados mais de 730 atendimentos durante o","og_url":"https:\/\/www.feyalegria.org\/brasil\/acao-comunitaria-grajau\/","og_site_name":"#SomosF\u00e9eAlegria en Brasil","article_published_time":"2024-06-10T14:11:02+00:00","og_image":[{"width":1000,"height":500,"url":"https:\/\/d3pugrm67vf9n7.cloudfront.net\/wp-content\/uploads\/sites\/23\/2024\/05\/29015225\/Banner-Home-Acao-Comunitaria-Grajau.png","type":"image\/png"}],"author":"Laura Meurer","twitter_card":"summary_large_image","twitter_misc":{"Escrito por":"Laura Meurer","Tiempo de lectura":"3 minutos"},"schema":{"@context":"https:\/\/schema.org","@graph":[{"@type":"Article","@id":"https:\/\/www.feyalegria.org\/brasil\/acao-comunitaria-grajau\/#article","isPartOf":{"@id":"https:\/\/www.feyalegria.org\/brasil\/acao-comunitaria-grajau\/"},"author":{"name":"Laura Meurer","@id":"https:\/\/www.feyalegria.org\/brasil\/#\/schema\/person\/f2c58927c54060575b9e7c44d31d16e9"},"headline":"F\u00e9 e Alegria e CIC de Graja\u00fa realizam mais de 730 atendimentos em A\u00e7\u00e3o Comunit\u00e1ria na capital paulista","datePublished":"2024-06-10T14:11:02+00:00","mainEntityOfPage":{"@id":"https:\/\/www.feyalegria.org\/brasil\/acao-comunitaria-grajau\/"},"wordCount":385,"commentCount":0,"image":{"@id":"https:\/\/www.feyalegria.org\/brasil\/acao-comunitaria-grajau\/#primaryimage"},"thumbnailUrl":"https:\/\/d3pugrm67vf9n7.cloudfront.net\/wp-content\/uploads\/sites\/23\/2024\/05\/29015225\/Banner-Home-Acao-Comunitaria-Grajau.png","keywords":["a\u00e7\u00e3o comunit\u00e1ria","Graja\u00fa","S\u00e3o Paulo"],"articleSection":["Uncategorized"],"inLanguage":"es-CO","potentialAction":[{"@type":"CommentAction","name":"Comment","target":["https:\/\/www.feyalegria.org\/brasil\/acao-comunitaria-grajau\/#respond"]}]},{"@type":"WebPage","@id":"https:\/\/www.feyalegria.org\/brasil\/acao-comunitaria-grajau\/","url":"https:\/\/www.feyalegria.org\/brasil\/acao-comunitaria-grajau\/","name":"F\u00e9 e Alegria e CIC de Graja\u00fa realizam mais de 730 atendimentos em A\u00e7\u00e3o Comunit\u00e1ria na capital paulista - #SomosF\u00e9eAlegria en Brasil","isPartOf":{"@id":"https:\/\/www.feyalegria.org\/brasil\/#website"},"primaryImageOfPage":{"@id":"https:\/\/www.feyalegria.org\/brasil\/acao-comunitaria-grajau\/#primaryimage"},"image":{"@id":"https:\/\/www.feyalegria.org\/brasil\/acao-comunitaria-grajau\/#primaryimage"},"thumbnailUrl":"https:\/\/d3pugrm67vf9n7.cloudfront.net\/wp-content\/uploads\/sites\/23\/2024\/05\/29015225\/Banner-Home-Acao-Comunitaria-Grajau.png","datePublished":"2024-06-10T14:11:02+00:00","author":{"@id":"https:\/\/www.feyalegria.org\/brasil\/#\/schema\/person\/f2c58927c54060575b9e7c44d31d16e9"},"inLanguage":"es-CO","potentialAction":[{"@type":"ReadAction","target":["https:\/\/www.feyalegria.org\/brasil\/acao-comunitaria-grajau\/"]}]},{"@type":"ImageObject","inLanguage":"es-CO","@id":"https:\/\/www.feyalegria.org\/brasil\/acao-comunitaria-grajau\/#primaryimage","url":"https:\/\/d3pugrm67vf9n7.cloudfront.net\/wp-content\/uploads\/sites\/23\/2024\/05\/29015225\/Banner-Home-Acao-Comunitaria-Grajau.png","contentUrl":"https:\/\/d3pugrm67vf9n7.cloudfront.net\/wp-content\/uploads\/sites\/23\/2024\/05\/29015225\/Banner-Home-Acao-Comunitaria-Grajau.png","width":1000,"height":500},{"@type":"WebSite","@id":"https:\/\/www.feyalegria.org\/brasil\/#website","url":"https:\/\/www.feyalegria.org\/brasil\/","name":"#SomosF\u00e9eAlegria en Brasil","description":"","potentialAction":[{"@type":"SearchAction","target":{"@type":"EntryPoint","urlTemplate":"https:\/\/www.feyalegria.org\/brasil\/?s={search_term_string}"},"query-input":{"@type":"PropertyValueSpecification","valueRequired":true,"valueName":"search_term_string"}}],"inLanguage":"es-CO"},{"@type":"Person","@id":"https:\/\/www.feyalegria.org\/brasil\/#\/schema\/person\/f2c58927c54060575b9e7c44d31d16e9","name":"Laura Meurer","url":"https:\/\/www.feyalegria.org\/brasil\/author\/adminbr02\/"}]}},"_links":{"self":[{"href":"https:\/\/www.feyalegria.org\/brasil\/wp-json\/wp\/v2\/posts\/28249","targetHints":{"allow":["GET"]}}],"collection":[{"href":"https:\/\/www.feyalegria.org\/brasil\/wp-json\/wp\/v2\/posts"}],"about":[{"href":"https:\/\/www.feyalegria.org\/brasil\/wp-json\/wp\/v2\/types\/post"}],"author":[{"embeddable":true,"href":"https:\/\/www.feyalegria.org\/brasil\/wp-json\/wp\/v2\/users\/68"}],"replies":[{"embeddable":true,"href":"https:\/\/www.feyalegria.org\/brasil\/wp-json\/wp\/v2\/comments?post=28249"}],"version-history":[{"count":0,"href":"https:\/\/www.feyalegria.org\/brasil\/wp-json\/wp\/v2\/posts\/28249\/revisions"}],"wp:featuredmedia":[{"embeddable":true,"href":"https:\/\/www.feyalegria.org\/brasil\/wp-json\/wp\/v2\/media\/28256"}],"wp:attachment":[{"href":"https:\/\/www.feyalegria.org\/brasil\/wp-json\/wp\/v2\/media?parent=28249"}],"wp:term":[{"taxonomy":"category","embeddable":true,"href":"https:\/\/www.feyalegria.org\/brasil\/wp-json\/wp\/v2\/categories?post=28249"},{"taxonomy":"post_tag","embeddable":true,"href":"https:\/\/www.feyalegria.org\/brasil\/wp-json\/wp\/v2\/tags?post=28249"},{"taxonomy":"post_folder","embeddable":true,"href":"https:\/\/www.feyalegria.org\/brasil\/wp-json\/wp\/v2\/post_folder?post=28249"}],"curies":[{"name":"wp","href":"https:\/\/api.w.org\/{rel}","templated":true}]}}