{"id":28308,"date":"2024-06-26T13:47:48","date_gmt":"2024-06-26T16:47:48","guid":{"rendered":"https:\/\/www.feyalegria.org\/brasil\/?p=28308"},"modified":"2024-06-26T13:47:48","modified_gmt":"2024-06-26T16:47:48","slug":"formacao-sobre-ecologia-integral-destaca-importancia-do-cuidado-com-a-casa-comum-para-fe-e-alegria","status":"publish","type":"post","link":"https:\/\/www.feyalegria.org\/brasil\/formacao-sobre-ecologia-integral-destaca-importancia-do-cuidado-com-a-casa-comum-para-fe-e-alegria\/","title":{"rendered":"Forma\u00e7\u00e3o sobre ecologia integral destaca import\u00e2ncia do cuidado com a Casa Comum para F\u00e9 e Alegria"},"content":{"rendered":"<p><span style=\"font-weight: 400\">Na \u00faltima sexta-feira (21), os colaboradores de F\u00e9 e Alegria Brasil participaram de uma manh\u00e3 repleta de aprendizado e inspira\u00e7\u00e3o para cuidarmos cada vez mais e melhor do planeta. Com o tema <\/span><i><span style=\"font-weight: 400\">O que \u00e9 ecologia integral para F\u00e9 e Alegria: aprendendo juntos a cuidar nossa Casa Comum<\/span><\/i><span style=\"font-weight: 400\">, o Di\u00e1logo Formativo conduzido pelo coordenador regional de F\u00e9 e Alegria em Roraima e col\u00edder da Iniciativa Federativa de Ecologia Integral, Jos\u00e9 Alberto Romero Blanco, falou sobre a import\u00e2ncia desse conceito para F\u00e9 e Alegria e sobre como podemos adot\u00e1-lo no dia a dia.\u00a0<\/span><\/p>\n<p>&nbsp;<\/p>\n<p><span style=\"font-weight: 400\">Nesse momento de forma\u00e7\u00e3o virtual, que reuniu colaboradores dos centros de F\u00e9 e Alegria em todo o pa\u00eds, Romero apresentou a Ecologia Integral como um conceito din\u00e2mico: \u201cVamos aprender juntos a cuidar da Casa Comum. \u00c9 um processo cont\u00ednuo de aprendizado\u201d. Ao dar aos participantes um amplo panorama sobre os problemas socioambientais da Am\u00e9rica Latina, com foco na Amaz\u00f4nia, ele levou todos a refletirem sobre mudan\u00e7as clim\u00e1ticas, desmatamento, superpopula\u00e7\u00e3o, economia baseada em extrativismo e at\u00e9 mesmo o consumismo e a cultura do descarte.\u00a0<\/span><\/p>\n<p>&nbsp;<\/p>\n<p><span style=\"font-weight: 400\">Com base em todo esse contexto, o coordenador trouxe o conceito de ecologia integral para F\u00e9 e Alegria, que toma por base tr\u00eas princ\u00edpios:<\/span><\/p>\n<p>&nbsp;<\/p>\n<ul>\n<li style=\"font-weight: 400\"><span style=\"font-weight: 400\">Cuidado com a Casa Comum: somos convidados a nos unirmos em uma busca pelo desenvolvimento sustent\u00e1vel e integral<\/span><\/li>\n<li style=\"font-weight: 400\"><span style=\"font-weight: 400\">Conex\u00f5es e interdepend\u00eancia: a crise ecol\u00f3gica \u00e9 uma crise social, que se manifesta de m\u00faltiplas maneiras<\/span><\/li>\n<li style=\"font-weight: 400\"><span style=\"font-weight: 400\">Desafio educativo: um profundo compromisso por fazer do espa\u00e7o educativo um verdadeiro lar<\/span><\/li>\n<\/ul>\n<p>&nbsp;<\/p>\n<p><span style=\"font-weight: 400\">Para F\u00e9 e Alegria, ele conta, a Ecologia Integral \u00e9 um projeto \u00e9tico e pol\u00edtico que busca conectar a a\u00e7\u00e3o pedag\u00f3gica popular ao cuidado da Casa Comum e da Justi\u00e7a Socioambiental.\u00a0<\/span><\/p>\n<p><span style=\"font-weight: 400\">Isso passa, portanto, pela realiza\u00e7\u00e3o de tarefas que reduzam o impacto negativo da a\u00e7\u00e3o humana no ambiente, e que se estende \u00e0s esferas social, econ\u00f3mica e espiritual, promovendo o desenvolvimento da cidadania ecol\u00f3gica. Dessa forma, \u00e9 uma proposta que destaca a liga\u00e7\u00e3o que existe entre o social, o cultural e o humano.\u00a0<\/span><\/p>\n<p>&nbsp;<\/p>\n<p><span style=\"font-weight: 400\">\u201cA solu\u00e7\u00e3o n\u00e3o \u00e9 tecnol\u00f3gica. \u00c9 claro que a tecnologia ajuda, mas a ecologia integral passa pelo desenvolvimento da cidadania ecol\u00f3gica. Quando n\u00f3s tratamos nossas crian\u00e7as pedagogicamente, temos uma intencionalidade. N\u00e3o queremos s\u00f3 passar um conte\u00fado, queremos que eles problematizem, que eles fa\u00e7am questionamentos e que, desde a pr\u00f3pria realidade, eles consigam transformar o seu entorno\u201d, explica.\u00a0<\/span><\/p>\n<p>&nbsp;<\/p>\n<p><span style=\"font-weight: 400\">No final da apresenta\u00e7\u00e3o, Romero ainda disponibilizou materiais informativos e pedag\u00f3gicos, para que as equipes de F\u00e9 e Alegria possam compreender cada vez mais e adotar no dia a dia dos centros os princ\u00edpios de ecologia integral.\u00a0<\/span><\/p>\n","protected":false},"excerpt":{"rendered":"<p>Na \u00faltima sexta-feira (21), os colaboradores de F\u00e9 e Alegria Brasil participaram de uma manh\u00e3 repleta de aprendizado e inspira\u00e7\u00e3o para cuidarmos cada vez mais e melhor do planeta. Com o tema O que \u00e9 ecologia integral para F\u00e9 e Alegria: aprendendo juntos a cuidar nossa Casa Comum, o Di\u00e1logo Formativo conduzido pelo coordenador regional<\/p>\n","protected":false},"author":68,"featured_media":28309,"comment_status":"open","ping_status":"open","sticky":false,"template":"","format":"standard","meta":{"_acf_changed":false,"footnotes":""},"categories":[384],"tags":[844,838,408,840,842],"post_folder":[],"class_list":["post-28308","post","type-post","status-publish","format-standard","has-post-thumbnail","hentry","category-uncategorized-pt","tag-casa-comum","tag-ecologia-integral","tag-fe-e-alegria","tag-formacao","tag-meio-ambiente"],"acf":[],"yoast_head":"<!-- This site is optimized with the Yoast SEO plugin v27.5 - https:\/\/yoast.com\/product\/yoast-seo-wordpress\/ -->\n<title>Forma\u00e7\u00e3o sobre ecologia integral destaca import\u00e2ncia do cuidado com a Casa Comum para F\u00e9 e Alegria - #SomosF\u00e9eAlegria en Brasil<\/title>\n<meta name=\"robots\" content=\"index, follow, max-snippet:-1, max-image-preview:large, max-video-preview:-1\" \/>\n<link rel=\"canonical\" href=\"https:\/\/www.feyalegria.org\/brasil\/formacao-sobre-ecologia-integral-destaca-importancia-do-cuidado-com-a-casa-comum-para-fe-e-alegria\/\" \/>\n<meta property=\"og:locale\" content=\"es_ES\" \/>\n<meta property=\"og:type\" content=\"article\" \/>\n<meta property=\"og:title\" content=\"Forma\u00e7\u00e3o sobre ecologia integral destaca import\u00e2ncia do cuidado com a Casa Comum para F\u00e9 e Alegria - #SomosF\u00e9eAlegria en Brasil\" \/>\n<meta property=\"og:description\" content=\"Na \u00faltima sexta-feira (21), os colaboradores de F\u00e9 e Alegria Brasil participaram de uma manh\u00e3 repleta de aprendizado e inspira\u00e7\u00e3o para cuidarmos cada vez mais e melhor do planeta. Com o tema O que \u00e9 ecologia integral para F\u00e9 e Alegria: aprendendo juntos a cuidar nossa Casa Comum, o Di\u00e1logo Formativo conduzido pelo coordenador regional\" \/>\n<meta property=\"og:url\" content=\"https:\/\/www.feyalegria.org\/brasil\/formacao-sobre-ecologia-integral-destaca-importancia-do-cuidado-com-a-casa-comum-para-fe-e-alegria\/\" \/>\n<meta property=\"og:site_name\" content=\"#SomosF\u00e9eAlegria en Brasil\" \/>\n<meta property=\"article:published_time\" content=\"2024-06-26T16:47:48+00:00\" \/>\n<meta property=\"og:image\" content=\"https:\/\/d3pugrm67vf9n7.cloudfront.net\/wp-content\/uploads\/sites\/23\/2024\/06\/26134617\/Banner-Home-Formacao-Ecologia-integral.png\" \/>\n\t<meta property=\"og:image:width\" content=\"1000\" \/>\n\t<meta property=\"og:image:height\" content=\"500\" \/>\n\t<meta property=\"og:image:type\" content=\"image\/png\" \/>\n<meta name=\"author\" content=\"Laura Meurer\" \/>\n<meta name=\"twitter:card\" content=\"summary_large_image\" \/>\n<meta name=\"twitter:label1\" content=\"Escrito por\" \/>\n\t<meta name=\"twitter:data1\" content=\"Laura Meurer\" \/>\n\t<meta name=\"twitter:label2\" content=\"Tiempo de lectura\" \/>\n\t<meta name=\"twitter:data2\" content=\"3 minutos\" \/>\n<script type=\"application\/ld+json\" class=\"yoast-schema-graph\">{\"@context\":\"https:\\\/\\\/schema.org\",\"@graph\":[{\"@type\":\"Article\",\"@id\":\"https:\\\/\\\/www.feyalegria.org\\\/brasil\\\/formacao-sobre-ecologia-integral-destaca-importancia-do-cuidado-com-a-casa-comum-para-fe-e-alegria\\\/#article\",\"isPartOf\":{\"@id\":\"https:\\\/\\\/www.feyalegria.org\\\/brasil\\\/formacao-sobre-ecologia-integral-destaca-importancia-do-cuidado-com-a-casa-comum-para-fe-e-alegria\\\/\"},\"author\":{\"name\":\"Laura Meurer\",\"@id\":\"https:\\\/\\\/www.feyalegria.org\\\/brasil\\\/#\\\/schema\\\/person\\\/f2c58927c54060575b9e7c44d31d16e9\"},\"headline\":\"Forma\u00e7\u00e3o sobre ecologia integral destaca import\u00e2ncia do cuidado com a Casa Comum para F\u00e9 e Alegria\",\"datePublished\":\"2024-06-26T16:47:48+00:00\",\"mainEntityOfPage\":{\"@id\":\"https:\\\/\\\/www.feyalegria.org\\\/brasil\\\/formacao-sobre-ecologia-integral-destaca-importancia-do-cuidado-com-a-casa-comum-para-fe-e-alegria\\\/\"},\"wordCount\":483,\"commentCount\":0,\"image\":{\"@id\":\"https:\\\/\\\/www.feyalegria.org\\\/brasil\\\/formacao-sobre-ecologia-integral-destaca-importancia-do-cuidado-com-a-casa-comum-para-fe-e-alegria\\\/#primaryimage\"},\"thumbnailUrl\":\"https:\\\/\\\/d3pugrm67vf9n7.cloudfront.net\\\/wp-content\\\/uploads\\\/sites\\\/23\\\/2024\\\/06\\\/26134617\\\/Banner-Home-Formacao-Ecologia-integral.png\",\"keywords\":[\"Casa Comum\",\"Ecologia integral\",\"F\u00e9 e Alegria\",\"Forma\u00e7\u00e3o\",\"Meio ambiente\"],\"articleSection\":[\"Uncategorized\"],\"inLanguage\":\"es-CO\",\"potentialAction\":[{\"@type\":\"CommentAction\",\"name\":\"Comment\",\"target\":[\"https:\\\/\\\/www.feyalegria.org\\\/brasil\\\/formacao-sobre-ecologia-integral-destaca-importancia-do-cuidado-com-a-casa-comum-para-fe-e-alegria\\\/#respond\"]}]},{\"@type\":\"WebPage\",\"@id\":\"https:\\\/\\\/www.feyalegria.org\\\/brasil\\\/formacao-sobre-ecologia-integral-destaca-importancia-do-cuidado-com-a-casa-comum-para-fe-e-alegria\\\/\",\"url\":\"https:\\\/\\\/www.feyalegria.org\\\/brasil\\\/formacao-sobre-ecologia-integral-destaca-importancia-do-cuidado-com-a-casa-comum-para-fe-e-alegria\\\/\",\"name\":\"Forma\u00e7\u00e3o sobre ecologia integral destaca import\u00e2ncia do cuidado com a Casa Comum para F\u00e9 e Alegria - #SomosF\u00e9eAlegria en Brasil\",\"isPartOf\":{\"@id\":\"https:\\\/\\\/www.feyalegria.org\\\/brasil\\\/#website\"},\"primaryImageOfPage\":{\"@id\":\"https:\\\/\\\/www.feyalegria.org\\\/brasil\\\/formacao-sobre-ecologia-integral-destaca-importancia-do-cuidado-com-a-casa-comum-para-fe-e-alegria\\\/#primaryimage\"},\"image\":{\"@id\":\"https:\\\/\\\/www.feyalegria.org\\\/brasil\\\/formacao-sobre-ecologia-integral-destaca-importancia-do-cuidado-com-a-casa-comum-para-fe-e-alegria\\\/#primaryimage\"},\"thumbnailUrl\":\"https:\\\/\\\/d3pugrm67vf9n7.cloudfront.net\\\/wp-content\\\/uploads\\\/sites\\\/23\\\/2024\\\/06\\\/26134617\\\/Banner-Home-Formacao-Ecologia-integral.png\",\"datePublished\":\"2024-06-26T16:47:48+00:00\",\"author\":{\"@id\":\"https:\\\/\\\/www.feyalegria.org\\\/brasil\\\/#\\\/schema\\\/person\\\/f2c58927c54060575b9e7c44d31d16e9\"},\"inLanguage\":\"es-CO\",\"potentialAction\":[{\"@type\":\"ReadAction\",\"target\":[\"https:\\\/\\\/www.feyalegria.org\\\/brasil\\\/formacao-sobre-ecologia-integral-destaca-importancia-do-cuidado-com-a-casa-comum-para-fe-e-alegria\\\/\"]}]},{\"@type\":\"ImageObject\",\"inLanguage\":\"es-CO\",\"@id\":\"https:\\\/\\\/www.feyalegria.org\\\/brasil\\\/formacao-sobre-ecologia-integral-destaca-importancia-do-cuidado-com-a-casa-comum-para-fe-e-alegria\\\/#primaryimage\",\"url\":\"https:\\\/\\\/d3pugrm67vf9n7.cloudfront.net\\\/wp-content\\\/uploads\\\/sites\\\/23\\\/2024\\\/06\\\/26134617\\\/Banner-Home-Formacao-Ecologia-integral.png\",\"contentUrl\":\"https:\\\/\\\/d3pugrm67vf9n7.cloudfront.net\\\/wp-content\\\/uploads\\\/sites\\\/23\\\/2024\\\/06\\\/26134617\\\/Banner-Home-Formacao-Ecologia-integral.png\",\"width\":1000,\"height\":500},{\"@type\":\"WebSite\",\"@id\":\"https:\\\/\\\/www.feyalegria.org\\\/brasil\\\/#website\",\"url\":\"https:\\\/\\\/www.feyalegria.org\\\/brasil\\\/\",\"name\":\"#SomosF\u00e9eAlegria en Brasil\",\"description\":\"\",\"potentialAction\":[{\"@type\":\"SearchAction\",\"target\":{\"@type\":\"EntryPoint\",\"urlTemplate\":\"https:\\\/\\\/www.feyalegria.org\\\/brasil\\\/?s={search_term_string}\"},\"query-input\":{\"@type\":\"PropertyValueSpecification\",\"valueRequired\":true,\"valueName\":\"search_term_string\"}}],\"inLanguage\":\"es-CO\"},{\"@type\":\"Person\",\"@id\":\"https:\\\/\\\/www.feyalegria.org\\\/brasil\\\/#\\\/schema\\\/person\\\/f2c58927c54060575b9e7c44d31d16e9\",\"name\":\"Laura Meurer\",\"url\":\"https:\\\/\\\/www.feyalegria.org\\\/brasil\\\/author\\\/adminbr02\\\/\"}]}<\/script>\n<!-- \/ Yoast SEO plugin. -->","yoast_head_json":{"title":"Forma\u00e7\u00e3o sobre ecologia integral destaca import\u00e2ncia do cuidado com a Casa Comum para F\u00e9 e Alegria - #SomosF\u00e9eAlegria en Brasil","robots":{"index":"index","follow":"follow","max-snippet":"max-snippet:-1","max-image-preview":"max-image-preview:large","max-video-preview":"max-video-preview:-1"},"canonical":"https:\/\/www.feyalegria.org\/brasil\/formacao-sobre-ecologia-integral-destaca-importancia-do-cuidado-com-a-casa-comum-para-fe-e-alegria\/","og_locale":"es_ES","og_type":"article","og_title":"Forma\u00e7\u00e3o sobre ecologia integral destaca import\u00e2ncia do cuidado com a Casa Comum para F\u00e9 e Alegria - #SomosF\u00e9eAlegria en Brasil","og_description":"Na \u00faltima sexta-feira (21), os colaboradores de F\u00e9 e Alegria Brasil participaram de uma manh\u00e3 repleta de aprendizado e inspira\u00e7\u00e3o para cuidarmos cada vez mais e melhor do planeta. Com o tema O que \u00e9 ecologia integral para F\u00e9 e Alegria: aprendendo juntos a cuidar nossa Casa Comum, o Di\u00e1logo Formativo conduzido pelo coordenador regional","og_url":"https:\/\/www.feyalegria.org\/brasil\/formacao-sobre-ecologia-integral-destaca-importancia-do-cuidado-com-a-casa-comum-para-fe-e-alegria\/","og_site_name":"#SomosF\u00e9eAlegria en Brasil","article_published_time":"2024-06-26T16:47:48+00:00","og_image":[{"width":1000,"height":500,"url":"https:\/\/d3pugrm67vf9n7.cloudfront.net\/wp-content\/uploads\/sites\/23\/2024\/06\/26134617\/Banner-Home-Formacao-Ecologia-integral.png","type":"image\/png"}],"author":"Laura Meurer","twitter_card":"summary_large_image","twitter_misc":{"Escrito por":"Laura Meurer","Tiempo de lectura":"3 minutos"},"schema":{"@context":"https:\/\/schema.org","@graph":[{"@type":"Article","@id":"https:\/\/www.feyalegria.org\/brasil\/formacao-sobre-ecologia-integral-destaca-importancia-do-cuidado-com-a-casa-comum-para-fe-e-alegria\/#article","isPartOf":{"@id":"https:\/\/www.feyalegria.org\/brasil\/formacao-sobre-ecologia-integral-destaca-importancia-do-cuidado-com-a-casa-comum-para-fe-e-alegria\/"},"author":{"name":"Laura Meurer","@id":"https:\/\/www.feyalegria.org\/brasil\/#\/schema\/person\/f2c58927c54060575b9e7c44d31d16e9"},"headline":"Forma\u00e7\u00e3o sobre ecologia integral destaca import\u00e2ncia do cuidado com a Casa Comum para F\u00e9 e Alegria","datePublished":"2024-06-26T16:47:48+00:00","mainEntityOfPage":{"@id":"https:\/\/www.feyalegria.org\/brasil\/formacao-sobre-ecologia-integral-destaca-importancia-do-cuidado-com-a-casa-comum-para-fe-e-alegria\/"},"wordCount":483,"commentCount":0,"image":{"@id":"https:\/\/www.feyalegria.org\/brasil\/formacao-sobre-ecologia-integral-destaca-importancia-do-cuidado-com-a-casa-comum-para-fe-e-alegria\/#primaryimage"},"thumbnailUrl":"https:\/\/d3pugrm67vf9n7.cloudfront.net\/wp-content\/uploads\/sites\/23\/2024\/06\/26134617\/Banner-Home-Formacao-Ecologia-integral.png","keywords":["Casa Comum","Ecologia integral","F\u00e9 e Alegria","Forma\u00e7\u00e3o","Meio ambiente"],"articleSection":["Uncategorized"],"inLanguage":"es-CO","potentialAction":[{"@type":"CommentAction","name":"Comment","target":["https:\/\/www.feyalegria.org\/brasil\/formacao-sobre-ecologia-integral-destaca-importancia-do-cuidado-com-a-casa-comum-para-fe-e-alegria\/#respond"]}]},{"@type":"WebPage","@id":"https:\/\/www.feyalegria.org\/brasil\/formacao-sobre-ecologia-integral-destaca-importancia-do-cuidado-com-a-casa-comum-para-fe-e-alegria\/","url":"https:\/\/www.feyalegria.org\/brasil\/formacao-sobre-ecologia-integral-destaca-importancia-do-cuidado-com-a-casa-comum-para-fe-e-alegria\/","name":"Forma\u00e7\u00e3o sobre ecologia integral destaca import\u00e2ncia do cuidado com a Casa Comum para F\u00e9 e Alegria - #SomosF\u00e9eAlegria en Brasil","isPartOf":{"@id":"https:\/\/www.feyalegria.org\/brasil\/#website"},"primaryImageOfPage":{"@id":"https:\/\/www.feyalegria.org\/brasil\/formacao-sobre-ecologia-integral-destaca-importancia-do-cuidado-com-a-casa-comum-para-fe-e-alegria\/#primaryimage"},"image":{"@id":"https:\/\/www.feyalegria.org\/brasil\/formacao-sobre-ecologia-integral-destaca-importancia-do-cuidado-com-a-casa-comum-para-fe-e-alegria\/#primaryimage"},"thumbnailUrl":"https:\/\/d3pugrm67vf9n7.cloudfront.net\/wp-content\/uploads\/sites\/23\/2024\/06\/26134617\/Banner-Home-Formacao-Ecologia-integral.png","datePublished":"2024-06-26T16:47:48+00:00","author":{"@id":"https:\/\/www.feyalegria.org\/brasil\/#\/schema\/person\/f2c58927c54060575b9e7c44d31d16e9"},"inLanguage":"es-CO","potentialAction":[{"@type":"ReadAction","target":["https:\/\/www.feyalegria.org\/brasil\/formacao-sobre-ecologia-integral-destaca-importancia-do-cuidado-com-a-casa-comum-para-fe-e-alegria\/"]}]},{"@type":"ImageObject","inLanguage":"es-CO","@id":"https:\/\/www.feyalegria.org\/brasil\/formacao-sobre-ecologia-integral-destaca-importancia-do-cuidado-com-a-casa-comum-para-fe-e-alegria\/#primaryimage","url":"https:\/\/d3pugrm67vf9n7.cloudfront.net\/wp-content\/uploads\/sites\/23\/2024\/06\/26134617\/Banner-Home-Formacao-Ecologia-integral.png","contentUrl":"https:\/\/d3pugrm67vf9n7.cloudfront.net\/wp-content\/uploads\/sites\/23\/2024\/06\/26134617\/Banner-Home-Formacao-Ecologia-integral.png","width":1000,"height":500},{"@type":"WebSite","@id":"https:\/\/www.feyalegria.org\/brasil\/#website","url":"https:\/\/www.feyalegria.org\/brasil\/","name":"#SomosF\u00e9eAlegria en Brasil","description":"","potentialAction":[{"@type":"SearchAction","target":{"@type":"EntryPoint","urlTemplate":"https:\/\/www.feyalegria.org\/brasil\/?s={search_term_string}"},"query-input":{"@type":"PropertyValueSpecification","valueRequired":true,"valueName":"search_term_string"}}],"inLanguage":"es-CO"},{"@type":"Person","@id":"https:\/\/www.feyalegria.org\/brasil\/#\/schema\/person\/f2c58927c54060575b9e7c44d31d16e9","name":"Laura Meurer","url":"https:\/\/www.feyalegria.org\/brasil\/author\/adminbr02\/"}]}},"_links":{"self":[{"href":"https:\/\/www.feyalegria.org\/brasil\/wp-json\/wp\/v2\/posts\/28308","targetHints":{"allow":["GET"]}}],"collection":[{"href":"https:\/\/www.feyalegria.org\/brasil\/wp-json\/wp\/v2\/posts"}],"about":[{"href":"https:\/\/www.feyalegria.org\/brasil\/wp-json\/wp\/v2\/types\/post"}],"author":[{"embeddable":true,"href":"https:\/\/www.feyalegria.org\/brasil\/wp-json\/wp\/v2\/users\/68"}],"replies":[{"embeddable":true,"href":"https:\/\/www.feyalegria.org\/brasil\/wp-json\/wp\/v2\/comments?post=28308"}],"version-history":[{"count":0,"href":"https:\/\/www.feyalegria.org\/brasil\/wp-json\/wp\/v2\/posts\/28308\/revisions"}],"wp:featuredmedia":[{"embeddable":true,"href":"https:\/\/www.feyalegria.org\/brasil\/wp-json\/wp\/v2\/media\/28309"}],"wp:attachment":[{"href":"https:\/\/www.feyalegria.org\/brasil\/wp-json\/wp\/v2\/media?parent=28308"}],"wp:term":[{"taxonomy":"category","embeddable":true,"href":"https:\/\/www.feyalegria.org\/brasil\/wp-json\/wp\/v2\/categories?post=28308"},{"taxonomy":"post_tag","embeddable":true,"href":"https:\/\/www.feyalegria.org\/brasil\/wp-json\/wp\/v2\/tags?post=28308"},{"taxonomy":"post_folder","embeddable":true,"href":"https:\/\/www.feyalegria.org\/brasil\/wp-json\/wp\/v2\/post_folder?post=28308"}],"curies":[{"name":"wp","href":"https:\/\/api.w.org\/{rel}","templated":true}]}}