 {"id":28324,"date":"2024-07-26T12:35:30","date_gmt":"2024-07-26T15:35:30","guid":{"rendered":"https:\/\/www.feyalegria.org\/brasil\/?p=28324"},"modified":"2024-07-26T12:35:30","modified_gmt":"2024-07-26T15:35:30","slug":"fe-e-alegria-presente-no-encontro-da-provincia-dos-jesuitas-do-brasil","status":"publish","type":"post","link":"https:\/\/www.feyalegria.org\/brasil\/fe-e-alegria-presente-no-encontro-da-provincia-dos-jesuitas-do-brasil\/","title":{"rendered":"F\u00e9 e Alegria presente no Encontro da Prov\u00edncia dos Jesu\u00edtas do Brasil"},"content":{"rendered":"<div id=\"attachment_28325\" style=\"width: 510px\" class=\"wp-caption alignright\"><img loading=\"lazy\" decoding=\"async\" aria-describedby=\"caption-attachment-28325\" class=\"wp-image-28325\" src=\"https:\/\/d3pugrm67vf9n7.cloudfront.net\/wp-content\/uploads\/sites\/23\/2024\/07\/26122130\/Banner-Home-Fya-no-Encontro-da-BRA.png\" alt=\"\" width=\"500\" height=\"250\" srcset=\"https:\/\/d3pugrm67vf9n7.cloudfront.net\/wp-content\/uploads\/sites\/23\/2024\/07\/26122130\/Banner-Home-Fya-no-Encontro-da-BRA.png 1000w, https:\/\/d3pugrm67vf9n7.cloudfront.net\/wp-content\/uploads\/sites\/23\/2024\/07\/26122130\/Banner-Home-Fya-no-Encontro-da-BRA-300x150.png 300w, https:\/\/d3pugrm67vf9n7.cloudfront.net\/wp-content\/uploads\/sites\/23\/2024\/07\/26122130\/Banner-Home-Fya-no-Encontro-da-BRA-768x384.png 768w\" sizes=\"auto, (max-width: 500px) 100vw, 500px\" \/><p id=\"caption-attachment-28325\" class=\"wp-caption-text\">Catarina de Santana, Mari\u00e2ngela D`Almeida, Pe. Alexandre de Souza, Beatriz S\u00e1 e Jos\u00e9 Romero Blanco representaram F\u00e9 e Alegria no Encontro da Prov\u00edncia dos Jesu\u00edtas do Brasil.<\/p><\/div>\n<p><span style=\"font-weight: 400\">A Funda\u00e7\u00e3o F\u00e9 e Alegria do Brasil participou esta semana, de 22 a 25 de julho, do Encontro da Prov\u00edncia dos Jesu\u00edtas do Brasil. Realizado no Mosteiro de Itaici, em Indaiatuba (SP), o evento reuniu jesu\u00edtas e leigos de diversas obras e regi\u00f5es do pa\u00eds. Foram convidados representantes das frentes apost\u00f3licas da Companhia de Jesus no pa\u00eds.<\/span><\/p>\n<p>&nbsp;<\/p>\n<p><span style=\"font-weight: 400\">O tema principal do Encontro foi a peregrina\u00e7\u00e3o, tendo como exemplo a jornada de Santo In\u00e1cio de Loyola, fundador da Ordem jesu\u00edta, rumo a Jerusal\u00e9m h\u00e1 500 anos. O\u00a0 documento-base para a peregrina\u00e7\u00e3o atual foi o\u00a0 <\/span><i><span style=\"font-weight: 400\">De Statu Societatis Iesu 2023 <\/span><\/i><span style=\"font-weight: 400\">(DSS 2023), no qual o Superior Geral da Companhia, Pe. Arturo Sosa, SJ, convida todo o corpo apost\u00f3lico a fazer um Exame da sua vida-miss\u00e3o, tendo como guia a pergunta: <\/span><i><span style=\"font-weight: 400\">Para onde o Esp\u00edrito Santo est\u00e1 nos conduzindo?<\/span><\/i><\/p>\n<p>&nbsp;<\/p>\n<p><span style=\"font-weight: 400\">O Pe. Alexandre Raimundo de Souza, <\/span><i><span style=\"font-weight: 400\">SJ<\/span><\/i><span style=\"font-weight: 400\">, diretor-presidente da Funda\u00e7\u00e3o, v\u00ea o Encontro como um espa\u00e7o para encontrar outras redes e obras. \u201cPara n\u00f3s, jesu\u00edtas e leigos, traz esse \u00e2nimo de colabora\u00e7\u00e3o que o DSS vem nos provocando. N\u00f3s somos colaboradores, n\u00e3o temos colaboradores E a obra n\u00e3o \u00e9 nossa, mas \u00e9 de todos, e somos convidados a participar.\u201d<\/span><\/p>\n<p>&nbsp;<\/p>\n<p><span style=\"font-weight: 400\">Para a coordenadora Pedag\u00f3gica Nacional de F\u00e9 e Alegria, o Encontro foi um momento de profunda comunh\u00e3o e reflex\u00e3o a respeito do DSS. \u201c\u00c9 um documento que reposiciona alguns temas muito importantes, como a colabora\u00e7\u00e3o, colocando que, jesu\u00edtas e leigos, somos todos colaboradores da miss\u00e3o de Jesus Cristo. Ent\u00e3o estamos aqui juntos nesse exerc\u00edcio de companheirismo criativo a servi\u00e7o da miss\u00e3o.\u201d<\/span><\/p>\n<p>&nbsp;<\/p>\n<p><span style=\"font-weight: 400\">Como ressaltou o coordenador regional de F\u00e9 e Alegria Roraima, Jos\u00e9 Alberto Romero Blanco, o encontro provocou os participantes a buscar\u00a0 ouvir a voz do Esp\u00edrito Santo, para que ele conduza o trabalho realizado por cada um enquanto corpo apost\u00f3lico. \u201cFoi um momento de reflex\u00e3o, de partilha e de nos animarmos para continuar no nosso trabalho, no apostolado, mantendo o \u00e2nimo para os desafios que nos apresenta o DSS\u201d, comenta.\u00a0<\/span><\/p>\n<p>&nbsp;<\/p>\n<p><span style=\"font-weight: 400\">Enquanto col\u00edder da iniciativa federativa de Ecologia Integral e Panamaz\u00f4nia de F\u00e9 e Alegria, Jos\u00e9 ressaltou tamb\u00e9m a import\u00e2ncia dessa tem\u00e1tica durante o Encontro. \u201cEla foi trazida em v\u00e1rios espa\u00e7os e momentos, para nos animar e nos impulsionar a, cada vez mais, estimular a cidadania ecol\u00f3gica dentro das obras da Companhia de Jesus.\u201d\u00a0<\/span><\/p>\n<p>&nbsp;<\/p>\n<p><img loading=\"lazy\" decoding=\"async\" class=\"alignleft wp-image-28326\" src=\"https:\/\/d3pugrm67vf9n7.cloudfront.net\/wp-content\/uploads\/sites\/23\/2024\/07\/26122406\/Encontro-BRA.png\" alt=\"\" width=\"500\" height=\"333\" srcset=\"https:\/\/d3pugrm67vf9n7.cloudfront.net\/wp-content\/uploads\/sites\/23\/2024\/07\/26122406\/Encontro-BRA.png 840w, https:\/\/d3pugrm67vf9n7.cloudfront.net\/wp-content\/uploads\/sites\/23\/2024\/07\/26122406\/Encontro-BRA-300x200.png 300w, https:\/\/d3pugrm67vf9n7.cloudfront.net\/wp-content\/uploads\/sites\/23\/2024\/07\/26122406\/Encontro-BRA-768x512.png 768w\" sizes=\"auto, (max-width: 500px) 100vw, 500px\" \/><\/p>\n<h4><b>Sentido de rede<\/b><\/h4>\n<p>&nbsp;<\/p>\n<p><span style=\"font-weight: 400\">Outro fator importante do Encontro foi a constru\u00e7\u00e3o de rela\u00e7\u00f5es e o fortalecimento da ideia de rede, como destacou a educadora social de F\u00e9 e Alegria Amazonas, Beatriz de S\u00e1 Silva. \u201cPudemos conhecer e reconhecer pessoas. Al\u00e9m disso, a rela\u00e7\u00e3o de troca e o di\u00e1logo foram muito importantes para a gente como Companhia.\u201d<\/span><\/p>\n<p>&nbsp;<\/p>\n<p><span style=\"font-weight: 400\">A coordenadora de F\u00e9 e Alegria Pernambuco e representante de a\u00e7\u00e3o p\u00fablica da Funda\u00e7\u00e3o, Catarina de Santana Silva, tamb\u00e9m ressaltou os relacionamentos e a troca de experi\u00eancias como pontos fortes do evento. \u201cS\u00e3o momentos muito ricos para o nosso trabalho na pr\u00e1tica. Participar desse movimento, dessa celebra\u00e7\u00e3o, trouxe muita gratid\u00e3o para n\u00f3s enquanto F\u00e9 e Alegria e nos permitiu descobrir novos caminhos para o nosso trabalho\u201d, afirmou.<\/span><\/p>\n<p>&nbsp;<\/p>\n<p><span style=\"font-weight: 400\">\u201c\u00c9 um momento de reavivar nossos afetos, para que a miss\u00e3o seja feita, de fato, com o cora\u00e7\u00e3o e a nossa presen\u00e7a seja mais significativa\u201d, refor\u00e7ou Pe. Alexandre.\u00a0<\/span><\/p>\n<p>&nbsp;<\/p>\n<h4><b>Espa\u00e7o tem\u00e1tico<\/b><\/h4>\n<p>&nbsp;<\/p>\n<p><span style=\"font-weight: 400\"><img loading=\"lazy\" decoding=\"async\" class=\"alignright wp-image-28327\" src=\"https:\/\/d3pugrm67vf9n7.cloudfront.net\/wp-content\/uploads\/sites\/23\/2024\/07\/26123221\/Econtro-BRA-Espaco-Tematico-1-1024x768.jpeg\" alt=\"\" width=\"500\" height=\"375\" srcset=\"https:\/\/d3pugrm67vf9n7.cloudfront.net\/wp-content\/uploads\/sites\/23\/2024\/07\/26123221\/Econtro-BRA-Espaco-Tematico-1-1024x768.jpeg 1024w, https:\/\/d3pugrm67vf9n7.cloudfront.net\/wp-content\/uploads\/sites\/23\/2024\/07\/26123221\/Econtro-BRA-Espaco-Tematico-1-300x225.jpeg 300w, https:\/\/d3pugrm67vf9n7.cloudfront.net\/wp-content\/uploads\/sites\/23\/2024\/07\/26123221\/Econtro-BRA-Espaco-Tematico-1-768x576.jpeg 768w, https:\/\/d3pugrm67vf9n7.cloudfront.net\/wp-content\/uploads\/sites\/23\/2024\/07\/26123221\/Econtro-BRA-Espaco-Tematico-1-1536x1152.jpeg 1536w, https:\/\/d3pugrm67vf9n7.cloudfront.net\/wp-content\/uploads\/sites\/23\/2024\/07\/26123221\/Econtro-BRA-Espaco-Tematico-1.jpeg 1600w\" sizes=\"auto, (max-width: 500px) 100vw, 500px\" \/>Al\u00e9m de participar da programa\u00e7\u00e3o do Encontro, F\u00e9 e Alegria esteve presente com um espa\u00e7o tem\u00e1tico, no qual apresentou o trabalho realizado pela Funda\u00e7\u00e3o no Brasil aos jesu\u00edtas e leigos ali presentes.\u00a0<\/span><\/p>\n<p>&nbsp;<\/p>\n<p><span style=\"font-weight: 400\">Para Pe. Alexandre, esse momento foi fundamental para ampliar a compreens\u00e3o sobre F\u00e9 e Alegria enquanto movimento de educa\u00e7\u00e3o popular que quer oferecer uma educa\u00e7\u00e3o de qualidade para pessoas em situa\u00e7\u00e3o de vulnerabilidade. \u201cVimos a acolhida das pessoas. Todos ficaram muito felizes e consolados\u201d, ressaltou.\u00a0<\/span><\/p>\n<p>&nbsp;<\/p>\n<p><span style=\"font-weight: 400\">Ele destacou ainda a import\u00e2ncia de mostrar ao p\u00fablico presente a variedade de pessoas atendidas pela Funda\u00e7\u00e3o. \u201cMuitas pessoas entendem que n\u00f3s s\u00f3 atendemos crian\u00e7as ou jovens. Mas atendemos tamb\u00e9m adultos, temos um trabalho de ecologia integral, de forma\u00e7\u00e3o para o trabalho, de educa\u00e7\u00e3o infantil, entre outros.\u201d<\/span><\/p>\n<p>&nbsp;<\/p>\n","protected":false},"excerpt":{"rendered":"<p>A Funda\u00e7\u00e3o F\u00e9 e Alegria do Brasil participou esta semana, de 22 a 25 de julho, do Encontro da Prov\u00edncia dos Jesu\u00edtas do Brasil. Realizado no Mosteiro de Itaici, em Indaiatuba (SP), o evento reuniu jesu\u00edtas e leigos de diversas obras e regi\u00f5es do pa\u00eds. Foram convidados representantes das frentes apost\u00f3licas da Companhia de Jesus<\/p>\n","protected":false},"author":68,"featured_media":28325,"comment_status":"open","ping_status":"open","sticky":false,"template":"","format":"standard","meta":{"_acf_changed":false,"footnotes":""},"categories":[183,432],"tags":[852,846,408,795,854,848,850],"post_folder":[],"class_list":["post-28324","post","type-post","status-publish","format-standard","has-post-thumbnail","hentry","category-noticias","category-noticias-pt","tag-apostolado","tag-companhia-de-jesus","tag-fe-e-alegria","tag-jesuitas","tag-missao","tag-provincia-bra","tag-rede"],"acf":[],"yoast_head":"<!-- This site is optimized with the Yoast SEO plugin v27.5 - https:\/\/yoast.com\/product\/yoast-seo-wordpress\/ -->\n<title>F\u00e9 e Alegria presente no Encontro da Prov\u00edncia dos Jesu\u00edtas do Brasil - #SomosF\u00e9eAlegria en Brasil<\/title>\n<meta name=\"robots\" content=\"index, follow, max-snippet:-1, max-image-preview:large, max-video-preview:-1\" \/>\n<link rel=\"canonical\" href=\"https:\/\/www.feyalegria.org\/brasil\/fe-e-alegria-presente-no-encontro-da-provincia-dos-jesuitas-do-brasil\/\" \/>\n<meta property=\"og:locale\" content=\"es_ES\" \/>\n<meta property=\"og:type\" content=\"article\" \/>\n<meta property=\"og:title\" content=\"F\u00e9 e Alegria presente no Encontro da Prov\u00edncia dos Jesu\u00edtas do Brasil - #SomosF\u00e9eAlegria en Brasil\" \/>\n<meta property=\"og:description\" content=\"A Funda\u00e7\u00e3o F\u00e9 e Alegria do Brasil participou esta semana, de 22 a 25 de julho, do Encontro da Prov\u00edncia dos Jesu\u00edtas do Brasil. Realizado no Mosteiro de Itaici, em Indaiatuba (SP), o evento reuniu jesu\u00edtas e leigos de diversas obras e regi\u00f5es do pa\u00eds. Foram convidados representantes das frentes apost\u00f3licas da Companhia de Jesus\" \/>\n<meta property=\"og:url\" content=\"https:\/\/www.feyalegria.org\/brasil\/fe-e-alegria-presente-no-encontro-da-provincia-dos-jesuitas-do-brasil\/\" \/>\n<meta property=\"og:site_name\" content=\"#SomosF\u00e9eAlegria en Brasil\" \/>\n<meta property=\"article:published_time\" content=\"2024-07-26T15:35:30+00:00\" \/>\n<meta property=\"og:image\" content=\"https:\/\/d3pugrm67vf9n7.cloudfront.net\/wp-content\/uploads\/sites\/23\/2024\/07\/26122130\/Banner-Home-Fya-no-Encontro-da-BRA.png\" \/>\n\t<meta property=\"og:image:width\" content=\"1000\" \/>\n\t<meta property=\"og:image:height\" content=\"500\" \/>\n\t<meta property=\"og:image:type\" content=\"image\/png\" \/>\n<meta name=\"author\" content=\"Laura Meurer\" \/>\n<meta name=\"twitter:card\" content=\"summary_large_image\" \/>\n<meta name=\"twitter:label1\" content=\"Escrito por\" \/>\n\t<meta name=\"twitter:data1\" content=\"Laura Meurer\" \/>\n\t<meta name=\"twitter:label2\" content=\"Tiempo de lectura\" \/>\n\t<meta name=\"twitter:data2\" content=\"4 minutos\" \/>\n<script type=\"application\/ld+json\" class=\"yoast-schema-graph\">{\"@context\":\"https:\\\/\\\/schema.org\",\"@graph\":[{\"@type\":\"Article\",\"@id\":\"https:\\\/\\\/www.feyalegria.org\\\/brasil\\\/fe-e-alegria-presente-no-encontro-da-provincia-dos-jesuitas-do-brasil\\\/#article\",\"isPartOf\":{\"@id\":\"https:\\\/\\\/www.feyalegria.org\\\/brasil\\\/fe-e-alegria-presente-no-encontro-da-provincia-dos-jesuitas-do-brasil\\\/\"},\"author\":{\"name\":\"Laura Meurer\",\"@id\":\"https:\\\/\\\/www.feyalegria.org\\\/brasil\\\/#\\\/schema\\\/person\\\/f2c58927c54060575b9e7c44d31d16e9\"},\"headline\":\"F\u00e9 e Alegria presente no Encontro da Prov\u00edncia dos Jesu\u00edtas do Brasil\",\"datePublished\":\"2024-07-26T15:35:30+00:00\",\"mainEntityOfPage\":{\"@id\":\"https:\\\/\\\/www.feyalegria.org\\\/brasil\\\/fe-e-alegria-presente-no-encontro-da-provincia-dos-jesuitas-do-brasil\\\/\"},\"wordCount\":797,\"commentCount\":0,\"image\":{\"@id\":\"https:\\\/\\\/www.feyalegria.org\\\/brasil\\\/fe-e-alegria-presente-no-encontro-da-provincia-dos-jesuitas-do-brasil\\\/#primaryimage\"},\"thumbnailUrl\":\"https:\\\/\\\/d3pugrm67vf9n7.cloudfront.net\\\/wp-content\\\/uploads\\\/sites\\\/23\\\/2024\\\/07\\\/26122130\\\/Banner-Home-Fya-no-Encontro-da-BRA.png\",\"keywords\":[\"Apostolado\",\"Companhia de Jesus\",\"F\u00e9 e Alegria\",\"jesu\u00edtas\",\"Miss\u00e3o\",\"Prov\u00edncia BRA\",\"Rede\"],\"articleSection\":[\"Noticias\",\"Noticias\"],\"inLanguage\":\"es-CO\",\"potentialAction\":[{\"@type\":\"CommentAction\",\"name\":\"Comment\",\"target\":[\"https:\\\/\\\/www.feyalegria.org\\\/brasil\\\/fe-e-alegria-presente-no-encontro-da-provincia-dos-jesuitas-do-brasil\\\/#respond\"]}]},{\"@type\":\"WebPage\",\"@id\":\"https:\\\/\\\/www.feyalegria.org\\\/brasil\\\/fe-e-alegria-presente-no-encontro-da-provincia-dos-jesuitas-do-brasil\\\/\",\"url\":\"https:\\\/\\\/www.feyalegria.org\\\/brasil\\\/fe-e-alegria-presente-no-encontro-da-provincia-dos-jesuitas-do-brasil\\\/\",\"name\":\"F\u00e9 e Alegria presente no Encontro da Prov\u00edncia dos Jesu\u00edtas do Brasil - #SomosF\u00e9eAlegria en Brasil\",\"isPartOf\":{\"@id\":\"https:\\\/\\\/www.feyalegria.org\\\/brasil\\\/#website\"},\"primaryImageOfPage\":{\"@id\":\"https:\\\/\\\/www.feyalegria.org\\\/brasil\\\/fe-e-alegria-presente-no-encontro-da-provincia-dos-jesuitas-do-brasil\\\/#primaryimage\"},\"image\":{\"@id\":\"https:\\\/\\\/www.feyalegria.org\\\/brasil\\\/fe-e-alegria-presente-no-encontro-da-provincia-dos-jesuitas-do-brasil\\\/#primaryimage\"},\"thumbnailUrl\":\"https:\\\/\\\/d3pugrm67vf9n7.cloudfront.net\\\/wp-content\\\/uploads\\\/sites\\\/23\\\/2024\\\/07\\\/26122130\\\/Banner-Home-Fya-no-Encontro-da-BRA.png\",\"datePublished\":\"2024-07-26T15:35:30+00:00\",\"author\":{\"@id\":\"https:\\\/\\\/www.feyalegria.org\\\/brasil\\\/#\\\/schema\\\/person\\\/f2c58927c54060575b9e7c44d31d16e9\"},\"inLanguage\":\"es-CO\",\"potentialAction\":[{\"@type\":\"ReadAction\",\"target\":[\"https:\\\/\\\/www.feyalegria.org\\\/brasil\\\/fe-e-alegria-presente-no-encontro-da-provincia-dos-jesuitas-do-brasil\\\/\"]}]},{\"@type\":\"ImageObject\",\"inLanguage\":\"es-CO\",\"@id\":\"https:\\\/\\\/www.feyalegria.org\\\/brasil\\\/fe-e-alegria-presente-no-encontro-da-provincia-dos-jesuitas-do-brasil\\\/#primaryimage\",\"url\":\"https:\\\/\\\/d3pugrm67vf9n7.cloudfront.net\\\/wp-content\\\/uploads\\\/sites\\\/23\\\/2024\\\/07\\\/26122130\\\/Banner-Home-Fya-no-Encontro-da-BRA.png\",\"contentUrl\":\"https:\\\/\\\/d3pugrm67vf9n7.cloudfront.net\\\/wp-content\\\/uploads\\\/sites\\\/23\\\/2024\\\/07\\\/26122130\\\/Banner-Home-Fya-no-Encontro-da-BRA.png\",\"width\":1000,\"height\":500},{\"@type\":\"WebSite\",\"@id\":\"https:\\\/\\\/www.feyalegria.org\\\/brasil\\\/#website\",\"url\":\"https:\\\/\\\/www.feyalegria.org\\\/brasil\\\/\",\"name\":\"#SomosF\u00e9eAlegria en Brasil\",\"description\":\"\",\"potentialAction\":[{\"@type\":\"SearchAction\",\"target\":{\"@type\":\"EntryPoint\",\"urlTemplate\":\"https:\\\/\\\/www.feyalegria.org\\\/brasil\\\/?s={search_term_string}\"},\"query-input\":{\"@type\":\"PropertyValueSpecification\",\"valueRequired\":true,\"valueName\":\"search_term_string\"}}],\"inLanguage\":\"es-CO\"},{\"@type\":\"Person\",\"@id\":\"https:\\\/\\\/www.feyalegria.org\\\/brasil\\\/#\\\/schema\\\/person\\\/f2c58927c54060575b9e7c44d31d16e9\",\"name\":\"Laura Meurer\",\"url\":\"https:\\\/\\\/www.feyalegria.org\\\/brasil\\\/author\\\/adminbr02\\\/\"}]}<\/script>\n<!-- \/ Yoast SEO plugin. -->","yoast_head_json":{"title":"F\u00e9 e Alegria presente no Encontro da Prov\u00edncia dos Jesu\u00edtas do Brasil - #SomosF\u00e9eAlegria en Brasil","robots":{"index":"index","follow":"follow","max-snippet":"max-snippet:-1","max-image-preview":"max-image-preview:large","max-video-preview":"max-video-preview:-1"},"canonical":"https:\/\/www.feyalegria.org\/brasil\/fe-e-alegria-presente-no-encontro-da-provincia-dos-jesuitas-do-brasil\/","og_locale":"es_ES","og_type":"article","og_title":"F\u00e9 e Alegria presente no Encontro da Prov\u00edncia dos Jesu\u00edtas do Brasil - #SomosF\u00e9eAlegria en Brasil","og_description":"A Funda\u00e7\u00e3o F\u00e9 e Alegria do Brasil participou esta semana, de 22 a 25 de julho, do Encontro da Prov\u00edncia dos Jesu\u00edtas do Brasil. Realizado no Mosteiro de Itaici, em Indaiatuba (SP), o evento reuniu jesu\u00edtas e leigos de diversas obras e regi\u00f5es do pa\u00eds. Foram convidados representantes das frentes apost\u00f3licas da Companhia de Jesus","og_url":"https:\/\/www.feyalegria.org\/brasil\/fe-e-alegria-presente-no-encontro-da-provincia-dos-jesuitas-do-brasil\/","og_site_name":"#SomosF\u00e9eAlegria en Brasil","article_published_time":"2024-07-26T15:35:30+00:00","og_image":[{"width":1000,"height":500,"url":"https:\/\/d3pugrm67vf9n7.cloudfront.net\/wp-content\/uploads\/sites\/23\/2024\/07\/26122130\/Banner-Home-Fya-no-Encontro-da-BRA.png","type":"image\/png"}],"author":"Laura Meurer","twitter_card":"summary_large_image","twitter_misc":{"Escrito por":"Laura Meurer","Tiempo de lectura":"4 minutos"},"schema":{"@context":"https:\/\/schema.org","@graph":[{"@type":"Article","@id":"https:\/\/www.feyalegria.org\/brasil\/fe-e-alegria-presente-no-encontro-da-provincia-dos-jesuitas-do-brasil\/#article","isPartOf":{"@id":"https:\/\/www.feyalegria.org\/brasil\/fe-e-alegria-presente-no-encontro-da-provincia-dos-jesuitas-do-brasil\/"},"author":{"name":"Laura Meurer","@id":"https:\/\/www.feyalegria.org\/brasil\/#\/schema\/person\/f2c58927c54060575b9e7c44d31d16e9"},"headline":"F\u00e9 e Alegria presente no Encontro da Prov\u00edncia dos Jesu\u00edtas do Brasil","datePublished":"2024-07-26T15:35:30+00:00","mainEntityOfPage":{"@id":"https:\/\/www.feyalegria.org\/brasil\/fe-e-alegria-presente-no-encontro-da-provincia-dos-jesuitas-do-brasil\/"},"wordCount":797,"commentCount":0,"image":{"@id":"https:\/\/www.feyalegria.org\/brasil\/fe-e-alegria-presente-no-encontro-da-provincia-dos-jesuitas-do-brasil\/#primaryimage"},"thumbnailUrl":"https:\/\/d3pugrm67vf9n7.cloudfront.net\/wp-content\/uploads\/sites\/23\/2024\/07\/26122130\/Banner-Home-Fya-no-Encontro-da-BRA.png","keywords":["Apostolado","Companhia de Jesus","F\u00e9 e Alegria","jesu\u00edtas","Miss\u00e3o","Prov\u00edncia BRA","Rede"],"articleSection":["Noticias","Noticias"],"inLanguage":"es-CO","potentialAction":[{"@type":"CommentAction","name":"Comment","target":["https:\/\/www.feyalegria.org\/brasil\/fe-e-alegria-presente-no-encontro-da-provincia-dos-jesuitas-do-brasil\/#respond"]}]},{"@type":"WebPage","@id":"https:\/\/www.feyalegria.org\/brasil\/fe-e-alegria-presente-no-encontro-da-provincia-dos-jesuitas-do-brasil\/","url":"https:\/\/www.feyalegria.org\/brasil\/fe-e-alegria-presente-no-encontro-da-provincia-dos-jesuitas-do-brasil\/","name":"F\u00e9 e Alegria presente no Encontro da Prov\u00edncia dos Jesu\u00edtas do Brasil - #SomosF\u00e9eAlegria en Brasil","isPartOf":{"@id":"https:\/\/www.feyalegria.org\/brasil\/#website"},"primaryImageOfPage":{"@id":"https:\/\/www.feyalegria.org\/brasil\/fe-e-alegria-presente-no-encontro-da-provincia-dos-jesuitas-do-brasil\/#primaryimage"},"image":{"@id":"https:\/\/www.feyalegria.org\/brasil\/fe-e-alegria-presente-no-encontro-da-provincia-dos-jesuitas-do-brasil\/#primaryimage"},"thumbnailUrl":"https:\/\/d3pugrm67vf9n7.cloudfront.net\/wp-content\/uploads\/sites\/23\/2024\/07\/26122130\/Banner-Home-Fya-no-Encontro-da-BRA.png","datePublished":"2024-07-26T15:35:30+00:00","author":{"@id":"https:\/\/www.feyalegria.org\/brasil\/#\/schema\/person\/f2c58927c54060575b9e7c44d31d16e9"},"inLanguage":"es-CO","potentialAction":[{"@type":"ReadAction","target":["https:\/\/www.feyalegria.org\/brasil\/fe-e-alegria-presente-no-encontro-da-provincia-dos-jesuitas-do-brasil\/"]}]},{"@type":"ImageObject","inLanguage":"es-CO","@id":"https:\/\/www.feyalegria.org\/brasil\/fe-e-alegria-presente-no-encontro-da-provincia-dos-jesuitas-do-brasil\/#primaryimage","url":"https:\/\/d3pugrm67vf9n7.cloudfront.net\/wp-content\/uploads\/sites\/23\/2024\/07\/26122130\/Banner-Home-Fya-no-Encontro-da-BRA.png","contentUrl":"https:\/\/d3pugrm67vf9n7.cloudfront.net\/wp-content\/uploads\/sites\/23\/2024\/07\/26122130\/Banner-Home-Fya-no-Encontro-da-BRA.png","width":1000,"height":500},{"@type":"WebSite","@id":"https:\/\/www.feyalegria.org\/brasil\/#website","url":"https:\/\/www.feyalegria.org\/brasil\/","name":"#SomosF\u00e9eAlegria en Brasil","description":"","potentialAction":[{"@type":"SearchAction","target":{"@type":"EntryPoint","urlTemplate":"https:\/\/www.feyalegria.org\/brasil\/?s={search_term_string}"},"query-input":{"@type":"PropertyValueSpecification","valueRequired":true,"valueName":"search_term_string"}}],"inLanguage":"es-CO"},{"@type":"Person","@id":"https:\/\/www.feyalegria.org\/brasil\/#\/schema\/person\/f2c58927c54060575b9e7c44d31d16e9","name":"Laura Meurer","url":"https:\/\/www.feyalegria.org\/brasil\/author\/adminbr02\/"}]}},"_links":{"self":[{"href":"https:\/\/www.feyalegria.org\/brasil\/wp-json\/wp\/v2\/posts\/28324","targetHints":{"allow":["GET"]}}],"collection":[{"href":"https:\/\/www.feyalegria.org\/brasil\/wp-json\/wp\/v2\/posts"}],"about":[{"href":"https:\/\/www.feyalegria.org\/brasil\/wp-json\/wp\/v2\/types\/post"}],"author":[{"embeddable":true,"href":"https:\/\/www.feyalegria.org\/brasil\/wp-json\/wp\/v2\/users\/68"}],"replies":[{"embeddable":true,"href":"https:\/\/www.feyalegria.org\/brasil\/wp-json\/wp\/v2\/comments?post=28324"}],"version-history":[{"count":0,"href":"https:\/\/www.feyalegria.org\/brasil\/wp-json\/wp\/v2\/posts\/28324\/revisions"}],"wp:featuredmedia":[{"embeddable":true,"href":"https:\/\/www.feyalegria.org\/brasil\/wp-json\/wp\/v2\/media\/28325"}],"wp:attachment":[{"href":"https:\/\/www.feyalegria.org\/brasil\/wp-json\/wp\/v2\/media?parent=28324"}],"wp:term":[{"taxonomy":"category","embeddable":true,"href":"https:\/\/www.feyalegria.org\/brasil\/wp-json\/wp\/v2\/categories?post=28324"},{"taxonomy":"post_tag","embeddable":true,"href":"https:\/\/www.feyalegria.org\/brasil\/wp-json\/wp\/v2\/tags?post=28324"},{"taxonomy":"post_folder","embeddable":true,"href":"https:\/\/www.feyalegria.org\/brasil\/wp-json\/wp\/v2\/post_folder?post=28324"}],"curies":[{"name":"wp","href":"https:\/\/api.w.org\/{rel}","templated":true}]}}