 {"id":28358,"date":"2024-08-16T17:19:08","date_gmt":"2024-08-16T20:19:08","guid":{"rendered":"https:\/\/www.feyalegria.org\/brasil\/?p=28358"},"modified":"2024-09-04T11:58:12","modified_gmt":"2024-09-04T14:58:12","slug":"fundacao-fe-e-alegria-lanca-selo-de-apoio-em-parceria-com-colegio-anchieta-e-4a","status":"publish","type":"post","link":"https:\/\/www.feyalegria.org\/brasil\/fundacao-fe-e-alegria-lanca-selo-de-apoio-em-parceria-com-colegio-anchieta-e-4a\/","title":{"rendered":"Funda\u00e7\u00e3o F\u00e9 e Alegria lan\u00e7a selo de apoio em parceria com Col\u00e9gio Anchieta e 4A"},"content":{"rendered":"<p><i><span style=\"font-weight: 400;\">Evento realizado em Porto Alegre reuniu cerca de 80 pessoas para conhecer melhor a obra jesu\u00edta, que atende mais de 12 mil pessoas em todo o pa\u00eds<\/span><\/i><\/p>\n<p>&nbsp;<\/p>\n<p><span style=\"font-weight: 400;\"><img loading=\"lazy\" decoding=\"async\" class=\"alignright wp-image-28359\" src=\"https:\/\/d3pugrm67vf9n7.cloudfront.net\/wp-content\/uploads\/sites\/23\/2024\/08\/16171716\/Banner-home-Amigos.png\" alt=\"\" width=\"718\" height=\"359\" srcset=\"https:\/\/d3pugrm67vf9n7.cloudfront.net\/wp-content\/uploads\/sites\/23\/2024\/08\/16171716\/Banner-home-Amigos.png 1000w, https:\/\/d3pugrm67vf9n7.cloudfront.net\/wp-content\/uploads\/sites\/23\/2024\/08\/16171716\/Banner-home-Amigos-300x150.png 300w, https:\/\/d3pugrm67vf9n7.cloudfront.net\/wp-content\/uploads\/sites\/23\/2024\/08\/16171716\/Banner-home-Amigos-768x384.png 768w\" sizes=\"auto, (max-width: 718px) 100vw, 718px\" \/>Na noite desta quinta-feira, 15 de agosto, a Funda\u00e7\u00e3o F\u00e9 e Alegria, o Col\u00e9gio Anchieta e a Associa\u00e7\u00e3o dos Antigos Alunos do Col\u00e9gio Anchieta (4A), com apoio da Unisinos e Associa\u00e7\u00e3o de Pais e Mestres do Anchieta (APM), se reuniram no campus da Unisinos em Porto Alegre (RS) junto a cerca de 80 convidados para apresentar a marca da iniciativa \u201cAmigos do F\u00e9 e Alegria: Juntos pela Educa\u00e7\u00e3o\u201d.\u00a0<\/span><\/p>\n<p>&nbsp;<\/p>\n<p><span style=\"font-weight: 400;\">Entre os presentes estavam ex-alunos e alunos do terceir\u00e3o do Col\u00e9gio Anchieta, empres\u00e1rios, representantes de entidades locais, como a Funda\u00e7\u00e3o de Prote\u00e7\u00e3o Especial do Governo do Estado do Rio Grande do Sul, bem como o Instituto Moinhos de Vento e a SAS Brasil.<\/span><\/p>\n<p>&nbsp;<\/p>\n<p><span style=\"font-weight: 400;\">Idealizada pela 4A, em parceria com a Funda\u00e7\u00e3o, a iniciativa tem por objetivo impulsionar o apoio \u00e0 institui\u00e7\u00e3o, que atende hoje mais de 12 mil pessoas em todo o pa\u00eds, entre crian\u00e7as, adolescentes, jovens e adultos em situa\u00e7\u00e3o de vulnerabilidade social. A Funda\u00e7\u00e3o est\u00e1 presente em Porto Alegre (RS) desde 2005. O Centro Social de Educa\u00e7\u00e3o e Cultura Farrapos foi duramente prejudicado pelas chuvas que atingiram o estado este ano e busca apoio para auxiliar na reconstru\u00e7\u00e3o do espa\u00e7o, para que possa retomar plenamente suas atividades.<\/span><\/p>\n<p>&nbsp;<\/p>\n<p><span style=\"font-weight: 400;\">O coordenador do Centro Social de Educa\u00e7\u00e3o e Cultura Farrapos, Pe. Vicente Palotti Zorzo, SJ, em participa\u00e7\u00e3o virtual, emocionou a plateia. &#8220;Mesmo n\u00e3o estando pessoalmente, meu cora\u00e7\u00e3o est\u00e1 a\u00ed com voc\u00eas. Nessa a\u00e7\u00e3o que hoje estamos realizando, n\u00f3s escolhemos uma forma de fazer a diferen\u00e7a, e como vamos fazer isso? Fazendo diferente! Isso significa n\u00e3o ficarmos indiferentes aos apelos do nosso tempo! Sermos solid\u00e1rios \u00e9 fundamental! Precisamos propiciar condi\u00e7\u00f5es para que as crian\u00e7as e adolescentes tenham um espa\u00e7o saud\u00e1vel para crescer com dignidade. Com o apoio de voc\u00eas continuaremos com esse trabalho transformador. Voc\u00eas s\u00e3o muito importantes para n\u00f3s da Funda\u00e7\u00e3o F\u00e9 e Alegria&#8221;, destacou.<\/span><\/p>\n<p>&nbsp;<\/p>\n<p><span style=\"font-weight: 400;\">Segundo o coordenador de Pastoral do Col\u00e9gio Anchieta, Marcio Longhi, a iniciativa fortalece a dimens\u00e3o da solidariedade trabalhada junto aos estudantes e a rede de apoio a F\u00e9 e Alegria. \u201cNossa comunidade de estudantes, antigos alunos e fam\u00edlias est\u00e1 ativamente engajada em diversas a\u00e7\u00f5es em prol da Funda\u00e7\u00e3o. Durante o recente per\u00edodo de calamidade clim\u00e1tica em nosso estado, antigos alunos e fam\u00edlias desempenharam um papel significativo, colaborando com a coordena\u00e7\u00e3o da Funda\u00e7\u00e3o no projeto de reconstru\u00e7\u00e3o.\u201d\u00a0<\/span><\/p>\n<p>&nbsp;<\/p>\n<p><span style=\"font-weight: 400;\">A presidente da 4A, Maria In\u00eas Milanez Pe\u00f1a Schiavi, ressalta que o servi\u00e7o prestado pela institui\u00e7\u00e3o em Porto Alegre tem um verdadeiro impacto na vida dos atendidos. \u201cAo sermos Amigos de F\u00e9 e Alegria, podemos fazer cada vez mais e impactar positivamente a vida de cada vez mais pessoas.\u201d<\/span><\/p>\n<p>&nbsp;<\/p>\n<h3><b>Seja voc\u00ea tamb\u00e9m um amigo de F\u00e9 e Alegria!<\/b><\/h3>\n<p><span style=\"font-weight: 400;\">Para ajudar a Funda\u00e7\u00e3o F\u00e9 e Alegria, basta acessar a p\u00e1gina <\/span><a href=\"http:\/\/doeagora.fealegria.org.br\"><span style=\"font-weight: 400;\">doeagora.fealegria.org.br<\/span><\/a><span style=\"font-weight: 400;\">\u00a0<\/span><\/p>\n<p><span style=\"font-weight: 400;\">A plataforma \u00e9 simples e intuitiva, e \u00e9 poss\u00edvel escolher a localidade para onde deseja direcionar sua doa\u00e7\u00e3o, no campo \u201cPara onde deseja doar?\u201d<\/span><\/p>\n<p>&nbsp;<\/p>\n","protected":false},"excerpt":{"rendered":"<p>Evento realizado em Porto Alegre reuniu cerca de 80 pessoas para conhecer melhor a obra jesu\u00edta, que atende mais de 12 mil pessoas em todo o pa\u00eds &nbsp; Na noite desta quinta-feira, 15 de agosto, a Funda\u00e7\u00e3o F\u00e9 e Alegria, o Col\u00e9gio Anchieta e a Associa\u00e7\u00e3o dos Antigos Alunos do Col\u00e9gio Anchieta (4A), com apoio<\/p>\n","protected":false},"author":68,"featured_media":28359,"comment_status":"open","ping_status":"open","sticky":false,"template":"","format":"standard","meta":{"_acf_changed":false,"footnotes":""},"categories":[183,432],"tags":[872,874,420,870,824],"post_folder":[],"class_list":["post-28358","post","type-post","status-publish","format-standard","has-post-thumbnail","hentry","category-noticias","category-noticias-pt","tag-amigos","tag-amigos-de-fe-e-alegria","tag-doacao","tag-parceiros","tag-rio-grande-do-sul"],"acf":[],"yoast_head":"<!-- This site is optimized with the Yoast SEO plugin v27.4 - https:\/\/yoast.com\/product\/yoast-seo-wordpress\/ -->\n<title>Funda\u00e7\u00e3o F\u00e9 e Alegria lan\u00e7a selo de apoio em parceria com Col\u00e9gio Anchieta e 4A - #SomosF\u00e9eAlegria en Brasil<\/title>\n<meta name=\"robots\" content=\"index, follow, max-snippet:-1, max-image-preview:large, max-video-preview:-1\" \/>\n<link rel=\"canonical\" href=\"https:\/\/www.feyalegria.org\/brasil\/fundacao-fe-e-alegria-lanca-selo-de-apoio-em-parceria-com-colegio-anchieta-e-4a\/\" \/>\n<meta property=\"og:locale\" content=\"es_ES\" \/>\n<meta property=\"og:type\" content=\"article\" \/>\n<meta property=\"og:title\" content=\"Funda\u00e7\u00e3o F\u00e9 e Alegria lan\u00e7a selo de apoio em parceria com Col\u00e9gio Anchieta e 4A - #SomosF\u00e9eAlegria en Brasil\" \/>\n<meta property=\"og:description\" content=\"Evento realizado em Porto Alegre reuniu cerca de 80 pessoas para conhecer melhor a obra jesu\u00edta, que atende mais de 12 mil pessoas em todo o pa\u00eds &nbsp; Na noite desta quinta-feira, 15 de agosto, a Funda\u00e7\u00e3o F\u00e9 e Alegria, o Col\u00e9gio Anchieta e a Associa\u00e7\u00e3o dos Antigos Alunos do Col\u00e9gio Anchieta (4A), com apoio\" \/>\n<meta property=\"og:url\" content=\"https:\/\/www.feyalegria.org\/brasil\/fundacao-fe-e-alegria-lanca-selo-de-apoio-em-parceria-com-colegio-anchieta-e-4a\/\" \/>\n<meta property=\"og:site_name\" content=\"#SomosF\u00e9eAlegria en Brasil\" \/>\n<meta property=\"article:published_time\" content=\"2024-08-16T20:19:08+00:00\" \/>\n<meta property=\"article:modified_time\" content=\"2024-09-04T14:58:12+00:00\" \/>\n<meta property=\"og:image\" content=\"https:\/\/d3pugrm67vf9n7.cloudfront.net\/wp-content\/uploads\/sites\/23\/2024\/08\/16171716\/Banner-home-Amigos.png\" \/>\n\t<meta property=\"og:image:width\" content=\"1000\" \/>\n\t<meta property=\"og:image:height\" content=\"500\" \/>\n\t<meta property=\"og:image:type\" content=\"image\/png\" \/>\n<meta name=\"author\" content=\"Laura Meurer\" \/>\n<meta name=\"twitter:card\" content=\"summary_large_image\" \/>\n<meta name=\"twitter:label1\" content=\"Escrito por\" \/>\n\t<meta name=\"twitter:data1\" content=\"Laura Meurer\" \/>\n\t<meta name=\"twitter:label2\" content=\"Tiempo de lectura\" \/>\n\t<meta name=\"twitter:data2\" content=\"3 minutos\" \/>\n<script type=\"application\/ld+json\" class=\"yoast-schema-graph\">{\"@context\":\"https:\\\/\\\/schema.org\",\"@graph\":[{\"@type\":\"Article\",\"@id\":\"https:\\\/\\\/www.feyalegria.org\\\/brasil\\\/fundacao-fe-e-alegria-lanca-selo-de-apoio-em-parceria-com-colegio-anchieta-e-4a\\\/#article\",\"isPartOf\":{\"@id\":\"https:\\\/\\\/www.feyalegria.org\\\/brasil\\\/fundacao-fe-e-alegria-lanca-selo-de-apoio-em-parceria-com-colegio-anchieta-e-4a\\\/\"},\"author\":{\"name\":\"Laura Meurer\",\"@id\":\"https:\\\/\\\/www.feyalegria.org\\\/brasil\\\/#\\\/schema\\\/person\\\/f2c58927c54060575b9e7c44d31d16e9\"},\"headline\":\"Funda\u00e7\u00e3o F\u00e9 e Alegria lan\u00e7a selo de apoio em parceria com Col\u00e9gio Anchieta e 4A\",\"datePublished\":\"2024-08-16T20:19:08+00:00\",\"dateModified\":\"2024-09-04T14:58:12+00:00\",\"mainEntityOfPage\":{\"@id\":\"https:\\\/\\\/www.feyalegria.org\\\/brasil\\\/fundacao-fe-e-alegria-lanca-selo-de-apoio-em-parceria-com-colegio-anchieta-e-4a\\\/\"},\"wordCount\":579,\"commentCount\":0,\"image\":{\"@id\":\"https:\\\/\\\/www.feyalegria.org\\\/brasil\\\/fundacao-fe-e-alegria-lanca-selo-de-apoio-em-parceria-com-colegio-anchieta-e-4a\\\/#primaryimage\"},\"thumbnailUrl\":\"https:\\\/\\\/d3pugrm67vf9n7.cloudfront.net\\\/wp-content\\\/uploads\\\/sites\\\/23\\\/2024\\\/08\\\/16171716\\\/Banner-home-Amigos.png\",\"keywords\":[\"Amigos\",\"Amigos de F\u00e9 e Alegria\",\"doa\u00e7\u00e3o\",\"Parceiros\",\"Rio Grande do Sul\"],\"articleSection\":[\"Noticias\",\"Noticias\"],\"inLanguage\":\"es-CO\",\"potentialAction\":[{\"@type\":\"CommentAction\",\"name\":\"Comment\",\"target\":[\"https:\\\/\\\/www.feyalegria.org\\\/brasil\\\/fundacao-fe-e-alegria-lanca-selo-de-apoio-em-parceria-com-colegio-anchieta-e-4a\\\/#respond\"]}]},{\"@type\":\"WebPage\",\"@id\":\"https:\\\/\\\/www.feyalegria.org\\\/brasil\\\/fundacao-fe-e-alegria-lanca-selo-de-apoio-em-parceria-com-colegio-anchieta-e-4a\\\/\",\"url\":\"https:\\\/\\\/www.feyalegria.org\\\/brasil\\\/fundacao-fe-e-alegria-lanca-selo-de-apoio-em-parceria-com-colegio-anchieta-e-4a\\\/\",\"name\":\"Funda\u00e7\u00e3o F\u00e9 e Alegria lan\u00e7a selo de apoio em parceria com Col\u00e9gio Anchieta e 4A - #SomosF\u00e9eAlegria en Brasil\",\"isPartOf\":{\"@id\":\"https:\\\/\\\/www.feyalegria.org\\\/brasil\\\/#website\"},\"primaryImageOfPage\":{\"@id\":\"https:\\\/\\\/www.feyalegria.org\\\/brasil\\\/fundacao-fe-e-alegria-lanca-selo-de-apoio-em-parceria-com-colegio-anchieta-e-4a\\\/#primaryimage\"},\"image\":{\"@id\":\"https:\\\/\\\/www.feyalegria.org\\\/brasil\\\/fundacao-fe-e-alegria-lanca-selo-de-apoio-em-parceria-com-colegio-anchieta-e-4a\\\/#primaryimage\"},\"thumbnailUrl\":\"https:\\\/\\\/d3pugrm67vf9n7.cloudfront.net\\\/wp-content\\\/uploads\\\/sites\\\/23\\\/2024\\\/08\\\/16171716\\\/Banner-home-Amigos.png\",\"datePublished\":\"2024-08-16T20:19:08+00:00\",\"dateModified\":\"2024-09-04T14:58:12+00:00\",\"author\":{\"@id\":\"https:\\\/\\\/www.feyalegria.org\\\/brasil\\\/#\\\/schema\\\/person\\\/f2c58927c54060575b9e7c44d31d16e9\"},\"inLanguage\":\"es-CO\",\"potentialAction\":[{\"@type\":\"ReadAction\",\"target\":[\"https:\\\/\\\/www.feyalegria.org\\\/brasil\\\/fundacao-fe-e-alegria-lanca-selo-de-apoio-em-parceria-com-colegio-anchieta-e-4a\\\/\"]}]},{\"@type\":\"ImageObject\",\"inLanguage\":\"es-CO\",\"@id\":\"https:\\\/\\\/www.feyalegria.org\\\/brasil\\\/fundacao-fe-e-alegria-lanca-selo-de-apoio-em-parceria-com-colegio-anchieta-e-4a\\\/#primaryimage\",\"url\":\"https:\\\/\\\/d3pugrm67vf9n7.cloudfront.net\\\/wp-content\\\/uploads\\\/sites\\\/23\\\/2024\\\/08\\\/16171716\\\/Banner-home-Amigos.png\",\"contentUrl\":\"https:\\\/\\\/d3pugrm67vf9n7.cloudfront.net\\\/wp-content\\\/uploads\\\/sites\\\/23\\\/2024\\\/08\\\/16171716\\\/Banner-home-Amigos.png\",\"width\":1000,\"height\":500},{\"@type\":\"WebSite\",\"@id\":\"https:\\\/\\\/www.feyalegria.org\\\/brasil\\\/#website\",\"url\":\"https:\\\/\\\/www.feyalegria.org\\\/brasil\\\/\",\"name\":\"#SomosF\u00e9eAlegria en Brasil\",\"description\":\"\",\"potentialAction\":[{\"@type\":\"SearchAction\",\"target\":{\"@type\":\"EntryPoint\",\"urlTemplate\":\"https:\\\/\\\/www.feyalegria.org\\\/brasil\\\/?s={search_term_string}\"},\"query-input\":{\"@type\":\"PropertyValueSpecification\",\"valueRequired\":true,\"valueName\":\"search_term_string\"}}],\"inLanguage\":\"es-CO\"},{\"@type\":\"Person\",\"@id\":\"https:\\\/\\\/www.feyalegria.org\\\/brasil\\\/#\\\/schema\\\/person\\\/f2c58927c54060575b9e7c44d31d16e9\",\"name\":\"Laura Meurer\",\"url\":\"https:\\\/\\\/www.feyalegria.org\\\/brasil\\\/author\\\/adminbr02\\\/\"}]}<\/script>\n<!-- \/ Yoast SEO plugin. -->","yoast_head_json":{"title":"Funda\u00e7\u00e3o F\u00e9 e Alegria lan\u00e7a selo de apoio em parceria com Col\u00e9gio Anchieta e 4A - #SomosF\u00e9eAlegria en Brasil","robots":{"index":"index","follow":"follow","max-snippet":"max-snippet:-1","max-image-preview":"max-image-preview:large","max-video-preview":"max-video-preview:-1"},"canonical":"https:\/\/www.feyalegria.org\/brasil\/fundacao-fe-e-alegria-lanca-selo-de-apoio-em-parceria-com-colegio-anchieta-e-4a\/","og_locale":"es_ES","og_type":"article","og_title":"Funda\u00e7\u00e3o F\u00e9 e Alegria lan\u00e7a selo de apoio em parceria com Col\u00e9gio Anchieta e 4A - #SomosF\u00e9eAlegria en Brasil","og_description":"Evento realizado em Porto Alegre reuniu cerca de 80 pessoas para conhecer melhor a obra jesu\u00edta, que atende mais de 12 mil pessoas em todo o pa\u00eds &nbsp; Na noite desta quinta-feira, 15 de agosto, a Funda\u00e7\u00e3o F\u00e9 e Alegria, o Col\u00e9gio Anchieta e a Associa\u00e7\u00e3o dos Antigos Alunos do Col\u00e9gio Anchieta (4A), com apoio","og_url":"https:\/\/www.feyalegria.org\/brasil\/fundacao-fe-e-alegria-lanca-selo-de-apoio-em-parceria-com-colegio-anchieta-e-4a\/","og_site_name":"#SomosF\u00e9eAlegria en Brasil","article_published_time":"2024-08-16T20:19:08+00:00","article_modified_time":"2024-09-04T14:58:12+00:00","og_image":[{"width":1000,"height":500,"url":"https:\/\/d3pugrm67vf9n7.cloudfront.net\/wp-content\/uploads\/sites\/23\/2024\/08\/16171716\/Banner-home-Amigos.png","type":"image\/png"}],"author":"Laura Meurer","twitter_card":"summary_large_image","twitter_misc":{"Escrito por":"Laura Meurer","Tiempo de lectura":"3 minutos"},"schema":{"@context":"https:\/\/schema.org","@graph":[{"@type":"Article","@id":"https:\/\/www.feyalegria.org\/brasil\/fundacao-fe-e-alegria-lanca-selo-de-apoio-em-parceria-com-colegio-anchieta-e-4a\/#article","isPartOf":{"@id":"https:\/\/www.feyalegria.org\/brasil\/fundacao-fe-e-alegria-lanca-selo-de-apoio-em-parceria-com-colegio-anchieta-e-4a\/"},"author":{"name":"Laura Meurer","@id":"https:\/\/www.feyalegria.org\/brasil\/#\/schema\/person\/f2c58927c54060575b9e7c44d31d16e9"},"headline":"Funda\u00e7\u00e3o F\u00e9 e Alegria lan\u00e7a selo de apoio em parceria com Col\u00e9gio Anchieta e 4A","datePublished":"2024-08-16T20:19:08+00:00","dateModified":"2024-09-04T14:58:12+00:00","mainEntityOfPage":{"@id":"https:\/\/www.feyalegria.org\/brasil\/fundacao-fe-e-alegria-lanca-selo-de-apoio-em-parceria-com-colegio-anchieta-e-4a\/"},"wordCount":579,"commentCount":0,"image":{"@id":"https:\/\/www.feyalegria.org\/brasil\/fundacao-fe-e-alegria-lanca-selo-de-apoio-em-parceria-com-colegio-anchieta-e-4a\/#primaryimage"},"thumbnailUrl":"https:\/\/d3pugrm67vf9n7.cloudfront.net\/wp-content\/uploads\/sites\/23\/2024\/08\/16171716\/Banner-home-Amigos.png","keywords":["Amigos","Amigos de F\u00e9 e Alegria","doa\u00e7\u00e3o","Parceiros","Rio Grande do Sul"],"articleSection":["Noticias","Noticias"],"inLanguage":"es-CO","potentialAction":[{"@type":"CommentAction","name":"Comment","target":["https:\/\/www.feyalegria.org\/brasil\/fundacao-fe-e-alegria-lanca-selo-de-apoio-em-parceria-com-colegio-anchieta-e-4a\/#respond"]}]},{"@type":"WebPage","@id":"https:\/\/www.feyalegria.org\/brasil\/fundacao-fe-e-alegria-lanca-selo-de-apoio-em-parceria-com-colegio-anchieta-e-4a\/","url":"https:\/\/www.feyalegria.org\/brasil\/fundacao-fe-e-alegria-lanca-selo-de-apoio-em-parceria-com-colegio-anchieta-e-4a\/","name":"Funda\u00e7\u00e3o F\u00e9 e Alegria lan\u00e7a selo de apoio em parceria com Col\u00e9gio Anchieta e 4A - #SomosF\u00e9eAlegria en Brasil","isPartOf":{"@id":"https:\/\/www.feyalegria.org\/brasil\/#website"},"primaryImageOfPage":{"@id":"https:\/\/www.feyalegria.org\/brasil\/fundacao-fe-e-alegria-lanca-selo-de-apoio-em-parceria-com-colegio-anchieta-e-4a\/#primaryimage"},"image":{"@id":"https:\/\/www.feyalegria.org\/brasil\/fundacao-fe-e-alegria-lanca-selo-de-apoio-em-parceria-com-colegio-anchieta-e-4a\/#primaryimage"},"thumbnailUrl":"https:\/\/d3pugrm67vf9n7.cloudfront.net\/wp-content\/uploads\/sites\/23\/2024\/08\/16171716\/Banner-home-Amigos.png","datePublished":"2024-08-16T20:19:08+00:00","dateModified":"2024-09-04T14:58:12+00:00","author":{"@id":"https:\/\/www.feyalegria.org\/brasil\/#\/schema\/person\/f2c58927c54060575b9e7c44d31d16e9"},"inLanguage":"es-CO","potentialAction":[{"@type":"ReadAction","target":["https:\/\/www.feyalegria.org\/brasil\/fundacao-fe-e-alegria-lanca-selo-de-apoio-em-parceria-com-colegio-anchieta-e-4a\/"]}]},{"@type":"ImageObject","inLanguage":"es-CO","@id":"https:\/\/www.feyalegria.org\/brasil\/fundacao-fe-e-alegria-lanca-selo-de-apoio-em-parceria-com-colegio-anchieta-e-4a\/#primaryimage","url":"https:\/\/d3pugrm67vf9n7.cloudfront.net\/wp-content\/uploads\/sites\/23\/2024\/08\/16171716\/Banner-home-Amigos.png","contentUrl":"https:\/\/d3pugrm67vf9n7.cloudfront.net\/wp-content\/uploads\/sites\/23\/2024\/08\/16171716\/Banner-home-Amigos.png","width":1000,"height":500},{"@type":"WebSite","@id":"https:\/\/www.feyalegria.org\/brasil\/#website","url":"https:\/\/www.feyalegria.org\/brasil\/","name":"#SomosF\u00e9eAlegria en Brasil","description":"","potentialAction":[{"@type":"SearchAction","target":{"@type":"EntryPoint","urlTemplate":"https:\/\/www.feyalegria.org\/brasil\/?s={search_term_string}"},"query-input":{"@type":"PropertyValueSpecification","valueRequired":true,"valueName":"search_term_string"}}],"inLanguage":"es-CO"},{"@type":"Person","@id":"https:\/\/www.feyalegria.org\/brasil\/#\/schema\/person\/f2c58927c54060575b9e7c44d31d16e9","name":"Laura Meurer","url":"https:\/\/www.feyalegria.org\/brasil\/author\/adminbr02\/"}]}},"_links":{"self":[{"href":"https:\/\/www.feyalegria.org\/brasil\/wp-json\/wp\/v2\/posts\/28358","targetHints":{"allow":["GET"]}}],"collection":[{"href":"https:\/\/www.feyalegria.org\/brasil\/wp-json\/wp\/v2\/posts"}],"about":[{"href":"https:\/\/www.feyalegria.org\/brasil\/wp-json\/wp\/v2\/types\/post"}],"author":[{"embeddable":true,"href":"https:\/\/www.feyalegria.org\/brasil\/wp-json\/wp\/v2\/users\/68"}],"replies":[{"embeddable":true,"href":"https:\/\/www.feyalegria.org\/brasil\/wp-json\/wp\/v2\/comments?post=28358"}],"version-history":[{"count":0,"href":"https:\/\/www.feyalegria.org\/brasil\/wp-json\/wp\/v2\/posts\/28358\/revisions"}],"wp:featuredmedia":[{"embeddable":true,"href":"https:\/\/www.feyalegria.org\/brasil\/wp-json\/wp\/v2\/media\/28359"}],"wp:attachment":[{"href":"https:\/\/www.feyalegria.org\/brasil\/wp-json\/wp\/v2\/media?parent=28358"}],"wp:term":[{"taxonomy":"category","embeddable":true,"href":"https:\/\/www.feyalegria.org\/brasil\/wp-json\/wp\/v2\/categories?post=28358"},{"taxonomy":"post_tag","embeddable":true,"href":"https:\/\/www.feyalegria.org\/brasil\/wp-json\/wp\/v2\/tags?post=28358"},{"taxonomy":"post_folder","embeddable":true,"href":"https:\/\/www.feyalegria.org\/brasil\/wp-json\/wp\/v2\/post_folder?post=28358"}],"curies":[{"name":"wp","href":"https:\/\/api.w.org\/{rel}","templated":true}]}}