{"id":28367,"date":"2024-08-26T18:11:27","date_gmt":"2024-08-26T21:11:27","guid":{"rendered":"https:\/\/www.feyalegria.org\/brasil\/?p=28367"},"modified":"2024-08-26T18:11:27","modified_gmt":"2024-08-26T21:11:27","slug":"fe-e-alegria-marca-presenca-no-ii-congresso-da-rede-jesuita-da-educacao-basica","status":"publish","type":"post","link":"https:\/\/www.feyalegria.org\/brasil\/fe-e-alegria-marca-presenca-no-ii-congresso-da-rede-jesuita-da-educacao-basica\/","title":{"rendered":"F\u00e9 e Alegria marca presen\u00e7a no II Congresso da Rede Jesu\u00edta da Educa\u00e7\u00e3o B\u00e1sica"},"content":{"rendered":"<div id=\"attachment_28369\" style=\"width: 460px\" class=\"wp-caption alignright\"><img loading=\"lazy\" decoding=\"async\" aria-describedby=\"caption-attachment-28369\" class=\"wp-image-28369\" src=\"https:\/\/d3pugrm67vf9n7.cloudfront.net\/wp-content\/uploads\/sites\/23\/2024\/08\/26180640\/Congresso-RJE-1-768x1024.jpeg\" alt=\"\" width=\"450\" height=\"600\" srcset=\"https:\/\/d3pugrm67vf9n7.cloudfront.net\/wp-content\/uploads\/sites\/23\/2024\/08\/26180640\/Congresso-RJE-1-768x1024.jpeg 768w, https:\/\/d3pugrm67vf9n7.cloudfront.net\/wp-content\/uploads\/sites\/23\/2024\/08\/26180640\/Congresso-RJE-1-225x300.jpeg 225w, https:\/\/d3pugrm67vf9n7.cloudfront.net\/wp-content\/uploads\/sites\/23\/2024\/08\/26180640\/Congresso-RJE-1-1152x1536.jpeg 1152w, https:\/\/d3pugrm67vf9n7.cloudfront.net\/wp-content\/uploads\/sites\/23\/2024\/08\/26180640\/Congresso-RJE-1-1536x2048.jpeg 1536w, https:\/\/d3pugrm67vf9n7.cloudfront.net\/wp-content\/uploads\/sites\/23\/2024\/08\/26180640\/Congresso-RJE-1-scaled.jpeg 1920w\" sizes=\"auto, (max-width: 450px) 100vw, 450px\" \/><p id=\"caption-attachment-28369\" class=\"wp-caption-text\">Mari\u00e2ngela Ris\u00e9rio D&#8217;Almeida, Pe. Alexandre Raimundo de Souza, SJ, e Paulo Roberto Esp\u00edrito Santo representaram F\u00e9 e Alegria no Congresso.<\/p><\/div>\n<p><i><span style=\"font-weight: 400;\">Reflex\u00f5es sobre inova\u00e7\u00e3o na educa\u00e7\u00e3o e sentido de rede estiveram entre os principais destaques para os representantes da Funda\u00e7\u00e3o no evento.<\/span><\/i><\/p>\n<p>&nbsp;<\/p>\n<p><span style=\"font-weight: 400;\">No in\u00edcio de agosto, foi realizado no Rio de Janeiro (RJ) o II Congresso da Rede Jesu\u00edta de Educa\u00e7\u00e3o B\u00e1sica \/ VII Congresso Inaciano de Educa\u00e7\u00e3o. O evento reuniu cerca de 450 pessoas, entre educadores, fam\u00edlias e estudantes das 17 unidades educativas da Rede na Pontif\u00edcia Universidade Cat\u00f3lica do Rio de Janeiro (PUC-Rio).<\/span><\/p>\n<p>&nbsp;<\/p>\n<p><span style=\"font-weight: 400;\">F\u00e9 e Alegria Brasil esteve representada na ocasi\u00e3o pelo diretor-presidente, Pe. Alexandre Raimundo de Souza, SJ, pela coordenadora pedag\u00f3gica nacional, Mari\u00e2ngela Ris\u00e9rio D`Almeida, e pelo analista pedag\u00f3gico, Paulo Roberto Esp\u00edrito Santo. Para eles, o Congresso foi um momento de marcar presen\u00e7a junto \u00e0 comunidade educativa da Prov\u00edncia dos Jesu\u00edtas do Brasil.<\/span><\/p>\n<p>&nbsp;<\/p>\n<p><span style=\"font-weight: 400;\">Pe. Alexandre Raimundo de Souza ressaltou a import\u00e2ncia de estar presente nos espa\u00e7os da Prov\u00edncia, como este Congresso e o Encontro da Prov\u00edncia do Brasil, realizado no final de julho. \u201cAssim podemos dar mais visibilidade a F\u00e9 e Alegria\u201d, ressaltou\u00a0<\/span><\/p>\n<p>&nbsp;<\/p>\n<p><span style=\"font-weight: 400;\">J\u00e1 para Mari\u00e2ngela, que j\u00e1 fez parte do Conselho da Rede Jesu\u00edta de Educa\u00e7\u00e3o B\u00e1sica (RJE), o Congresso teve um significado especial. \u201cCelebrar os dez anos da Rede \u00e9 olhar para tr\u00e1s e ver o caminho feito. Para mim foi um momento muito importante de rever essa caminhada realizada coletivamente\u201d, comenta, ressaltando o fortalecimento da educa\u00e7\u00e3o jesu\u00edta no Brasil.\u00a0<\/span><\/p>\n<p>&nbsp;<\/p>\n<p><b>Tradi\u00e7\u00e3o em inovar<\/b><\/p>\n<p>&nbsp;<\/p>\n<p><span style=\"font-weight: 400;\">Segundo Pe. Alexandre, o tema central do Congresso, <\/span><i><span style=\"font-weight: 400;\">Tradi\u00e7\u00e3o em Inovar<\/span><\/i><span style=\"font-weight: 400;\">, trouxe uma importante reflex\u00e3o para F\u00e9 e Alegria. \u201cDiante dos desafios atuais vimos, por exemplo, a quest\u00e3o da intelig\u00eancia artificial, as tentativas de inova\u00e7\u00e3o e os modos de avalia\u00e7\u00e3o nos col\u00e9gios. Nossa pedagogia prop\u00f5e uma avalia\u00e7\u00e3o que leva em considera\u00e7\u00e3o a pessoa em seu processo de aprendizagem, sem esquecer situa\u00e7\u00f5es que est\u00e3o para al\u00e9m das paredes da escola &#8211; ou, no nosso caso, das paredes do centro.\u201d.<\/span><\/p>\n<p>&nbsp;<\/p>\n<p><span style=\"font-weight: 400;\">Para Mari\u00e2ngela, foi ainda um momento valioso de questionamento e ressignifica\u00e7\u00e3o. \u201cN\u00e3o h\u00e1 educa\u00e7\u00e3o jesu\u00edta se n\u00e3o tocamos o cora\u00e7\u00e3o das pessoas. Ent\u00e3o devemos nos perguntar o que \u00e9 a educa\u00e7\u00e3o jesu\u00edta no s\u00e9culo 21. O Congresso trouxe muito forte a necessidade de estarmos conscientes das mudan\u00e7as antropol\u00f3gicas e culturais que presenciamos, e que os col\u00e9gios sejam capazes de educar e formar de um modo novo para um futuro distinto\u201d, ressaltou.\u00a0<\/span><\/p>\n<p>&nbsp;<\/p>\n<p><b>Apoio entre redes<\/b><\/p>\n<p>&nbsp;<\/p>\n<p><span style=\"font-weight: 400;\">Outro ponto destacado pelo diretor-presidente da Funda\u00e7\u00e3o foi a possibilidade de integra\u00e7\u00e3o entre as redes &#8211; RJE e F\u00e9 e Alegria. \u201cPrecisamos caminhar juntos. As propostas formativas que a RJE tem podem apoiar a miss\u00e3o de F\u00e9 e Alegria, assim como a Funda\u00e7\u00e3o tem espa\u00e7os formativos que podem tamb\u00e9m fortalecer os processos de aprofundamento dessa busca da inova\u00e7\u00e3o em educa\u00e7\u00e3o\u201d, disse, ressaltando o sentimento de gratid\u00e3o e de perten\u00e7a a um corpo apost\u00f3lico maior.<\/span><\/p>\n<p>&nbsp;<\/p>\n","protected":false},"excerpt":{"rendered":"<p>Reflex\u00f5es sobre inova\u00e7\u00e3o na educa\u00e7\u00e3o e sentido de rede estiveram entre os principais destaques para os representantes da Funda\u00e7\u00e3o no evento. &nbsp; No in\u00edcio de agosto, foi realizado no Rio de Janeiro (RJ) o II Congresso da Rede Jesu\u00edta de Educa\u00e7\u00e3o B\u00e1sica \/ VII Congresso Inaciano de Educa\u00e7\u00e3o. O evento reuniu cerca de 450 pessoas,<\/p>\n","protected":false},"author":68,"featured_media":28368,"comment_status":"open","ping_status":"open","sticky":false,"template":"","format":"standard","meta":{"_acf_changed":false,"footnotes":""},"categories":[432,183],"tags":[846,667,876,408,880,878],"post_folder":[],"class_list":["post-28367","post","type-post","status-publish","format-standard","has-post-thumbnail","hentry","category-noticias-pt","category-noticias","tag-companhia-de-jesus","tag-educacao","tag-educacao-jesuita","tag-fe-e-alegria","tag-inovacao","tag-rede-jesuita-de-educacao"],"acf":[],"yoast_head":"<!-- This site is optimized with the Yoast SEO plugin v27.5 - https:\/\/yoast.com\/product\/yoast-seo-wordpress\/ -->\n<title>F\u00e9 e Alegria marca presen\u00e7a no II Congresso da Rede Jesu\u00edta da Educa\u00e7\u00e3o B\u00e1sica - #SomosF\u00e9eAlegria en Brasil<\/title>\n<meta name=\"robots\" content=\"index, follow, max-snippet:-1, max-image-preview:large, max-video-preview:-1\" \/>\n<link rel=\"canonical\" href=\"https:\/\/www.feyalegria.org\/brasil\/fe-e-alegria-marca-presenca-no-ii-congresso-da-rede-jesuita-da-educacao-basica\/\" \/>\n<meta property=\"og:locale\" content=\"es_ES\" \/>\n<meta property=\"og:type\" content=\"article\" \/>\n<meta property=\"og:title\" content=\"F\u00e9 e Alegria marca presen\u00e7a no II Congresso da Rede Jesu\u00edta da Educa\u00e7\u00e3o B\u00e1sica - #SomosF\u00e9eAlegria en Brasil\" \/>\n<meta property=\"og:description\" content=\"Reflex\u00f5es sobre inova\u00e7\u00e3o na educa\u00e7\u00e3o e sentido de rede estiveram entre os principais destaques para os representantes da Funda\u00e7\u00e3o no evento. &nbsp; No in\u00edcio de agosto, foi realizado no Rio de Janeiro (RJ) o II Congresso da Rede Jesu\u00edta de Educa\u00e7\u00e3o B\u00e1sica \/ VII Congresso Inaciano de Educa\u00e7\u00e3o. O evento reuniu cerca de 450 pessoas,\" \/>\n<meta property=\"og:url\" content=\"https:\/\/www.feyalegria.org\/brasil\/fe-e-alegria-marca-presenca-no-ii-congresso-da-rede-jesuita-da-educacao-basica\/\" \/>\n<meta property=\"og:site_name\" content=\"#SomosF\u00e9eAlegria en Brasil\" \/>\n<meta property=\"article:published_time\" content=\"2024-08-26T21:11:27+00:00\" \/>\n<meta property=\"og:image\" content=\"https:\/\/d3pugrm67vf9n7.cloudfront.net\/wp-content\/uploads\/sites\/23\/2024\/08\/26180558\/Banner-Home-Congresso-RJE.png\" \/>\n\t<meta property=\"og:image:width\" content=\"1000\" \/>\n\t<meta property=\"og:image:height\" content=\"500\" \/>\n\t<meta property=\"og:image:type\" content=\"image\/png\" \/>\n<meta name=\"author\" content=\"Laura Meurer\" \/>\n<meta name=\"twitter:card\" content=\"summary_large_image\" \/>\n<meta name=\"twitter:label1\" content=\"Escrito por\" \/>\n\t<meta name=\"twitter:data1\" content=\"Laura Meurer\" \/>\n\t<meta name=\"twitter:label2\" content=\"Tiempo de lectura\" \/>\n\t<meta name=\"twitter:data2\" content=\"3 minutos\" \/>\n<script type=\"application\/ld+json\" class=\"yoast-schema-graph\">{\"@context\":\"https:\\\/\\\/schema.org\",\"@graph\":[{\"@type\":\"Article\",\"@id\":\"https:\\\/\\\/www.feyalegria.org\\\/brasil\\\/fe-e-alegria-marca-presenca-no-ii-congresso-da-rede-jesuita-da-educacao-basica\\\/#article\",\"isPartOf\":{\"@id\":\"https:\\\/\\\/www.feyalegria.org\\\/brasil\\\/fe-e-alegria-marca-presenca-no-ii-congresso-da-rede-jesuita-da-educacao-basica\\\/\"},\"author\":{\"name\":\"Laura Meurer\",\"@id\":\"https:\\\/\\\/www.feyalegria.org\\\/brasil\\\/#\\\/schema\\\/person\\\/f2c58927c54060575b9e7c44d31d16e9\"},\"headline\":\"F\u00e9 e Alegria marca presen\u00e7a no II Congresso da Rede Jesu\u00edta da Educa\u00e7\u00e3o B\u00e1sica\",\"datePublished\":\"2024-08-26T21:11:27+00:00\",\"mainEntityOfPage\":{\"@id\":\"https:\\\/\\\/www.feyalegria.org\\\/brasil\\\/fe-e-alegria-marca-presenca-no-ii-congresso-da-rede-jesuita-da-educacao-basica\\\/\"},\"wordCount\":577,\"commentCount\":0,\"image\":{\"@id\":\"https:\\\/\\\/www.feyalegria.org\\\/brasil\\\/fe-e-alegria-marca-presenca-no-ii-congresso-da-rede-jesuita-da-educacao-basica\\\/#primaryimage\"},\"thumbnailUrl\":\"https:\\\/\\\/d3pugrm67vf9n7.cloudfront.net\\\/wp-content\\\/uploads\\\/sites\\\/23\\\/2024\\\/08\\\/26180558\\\/Banner-Home-Congresso-RJE.png\",\"keywords\":[\"Companhia de Jesus\",\"educa\u00e7\u00e3o\",\"Educa\u00e7\u00e3o Jesu\u00edta\",\"F\u00e9 e Alegria\",\"Inova\u00e7\u00e3o\",\"Rede Jesu\u00edta de Educa\u00e7\u00e3o\"],\"articleSection\":[\"Noticias\",\"Noticias\"],\"inLanguage\":\"es-CO\",\"potentialAction\":[{\"@type\":\"CommentAction\",\"name\":\"Comment\",\"target\":[\"https:\\\/\\\/www.feyalegria.org\\\/brasil\\\/fe-e-alegria-marca-presenca-no-ii-congresso-da-rede-jesuita-da-educacao-basica\\\/#respond\"]}]},{\"@type\":\"WebPage\",\"@id\":\"https:\\\/\\\/www.feyalegria.org\\\/brasil\\\/fe-e-alegria-marca-presenca-no-ii-congresso-da-rede-jesuita-da-educacao-basica\\\/\",\"url\":\"https:\\\/\\\/www.feyalegria.org\\\/brasil\\\/fe-e-alegria-marca-presenca-no-ii-congresso-da-rede-jesuita-da-educacao-basica\\\/\",\"name\":\"F\u00e9 e Alegria marca presen\u00e7a no II Congresso da Rede Jesu\u00edta da Educa\u00e7\u00e3o B\u00e1sica - #SomosF\u00e9eAlegria en Brasil\",\"isPartOf\":{\"@id\":\"https:\\\/\\\/www.feyalegria.org\\\/brasil\\\/#website\"},\"primaryImageOfPage\":{\"@id\":\"https:\\\/\\\/www.feyalegria.org\\\/brasil\\\/fe-e-alegria-marca-presenca-no-ii-congresso-da-rede-jesuita-da-educacao-basica\\\/#primaryimage\"},\"image\":{\"@id\":\"https:\\\/\\\/www.feyalegria.org\\\/brasil\\\/fe-e-alegria-marca-presenca-no-ii-congresso-da-rede-jesuita-da-educacao-basica\\\/#primaryimage\"},\"thumbnailUrl\":\"https:\\\/\\\/d3pugrm67vf9n7.cloudfront.net\\\/wp-content\\\/uploads\\\/sites\\\/23\\\/2024\\\/08\\\/26180558\\\/Banner-Home-Congresso-RJE.png\",\"datePublished\":\"2024-08-26T21:11:27+00:00\",\"author\":{\"@id\":\"https:\\\/\\\/www.feyalegria.org\\\/brasil\\\/#\\\/schema\\\/person\\\/f2c58927c54060575b9e7c44d31d16e9\"},\"inLanguage\":\"es-CO\",\"potentialAction\":[{\"@type\":\"ReadAction\",\"target\":[\"https:\\\/\\\/www.feyalegria.org\\\/brasil\\\/fe-e-alegria-marca-presenca-no-ii-congresso-da-rede-jesuita-da-educacao-basica\\\/\"]}]},{\"@type\":\"ImageObject\",\"inLanguage\":\"es-CO\",\"@id\":\"https:\\\/\\\/www.feyalegria.org\\\/brasil\\\/fe-e-alegria-marca-presenca-no-ii-congresso-da-rede-jesuita-da-educacao-basica\\\/#primaryimage\",\"url\":\"https:\\\/\\\/d3pugrm67vf9n7.cloudfront.net\\\/wp-content\\\/uploads\\\/sites\\\/23\\\/2024\\\/08\\\/26180558\\\/Banner-Home-Congresso-RJE.png\",\"contentUrl\":\"https:\\\/\\\/d3pugrm67vf9n7.cloudfront.net\\\/wp-content\\\/uploads\\\/sites\\\/23\\\/2024\\\/08\\\/26180558\\\/Banner-Home-Congresso-RJE.png\",\"width\":1000,\"height\":500},{\"@type\":\"WebSite\",\"@id\":\"https:\\\/\\\/www.feyalegria.org\\\/brasil\\\/#website\",\"url\":\"https:\\\/\\\/www.feyalegria.org\\\/brasil\\\/\",\"name\":\"#SomosF\u00e9eAlegria en Brasil\",\"description\":\"\",\"potentialAction\":[{\"@type\":\"SearchAction\",\"target\":{\"@type\":\"EntryPoint\",\"urlTemplate\":\"https:\\\/\\\/www.feyalegria.org\\\/brasil\\\/?s={search_term_string}\"},\"query-input\":{\"@type\":\"PropertyValueSpecification\",\"valueRequired\":true,\"valueName\":\"search_term_string\"}}],\"inLanguage\":\"es-CO\"},{\"@type\":\"Person\",\"@id\":\"https:\\\/\\\/www.feyalegria.org\\\/brasil\\\/#\\\/schema\\\/person\\\/f2c58927c54060575b9e7c44d31d16e9\",\"name\":\"Laura Meurer\",\"url\":\"https:\\\/\\\/www.feyalegria.org\\\/brasil\\\/author\\\/adminbr02\\\/\"}]}<\/script>\n<!-- \/ Yoast SEO plugin. -->","yoast_head_json":{"title":"F\u00e9 e Alegria marca presen\u00e7a no II Congresso da Rede Jesu\u00edta da Educa\u00e7\u00e3o B\u00e1sica - #SomosF\u00e9eAlegria en Brasil","robots":{"index":"index","follow":"follow","max-snippet":"max-snippet:-1","max-image-preview":"max-image-preview:large","max-video-preview":"max-video-preview:-1"},"canonical":"https:\/\/www.feyalegria.org\/brasil\/fe-e-alegria-marca-presenca-no-ii-congresso-da-rede-jesuita-da-educacao-basica\/","og_locale":"es_ES","og_type":"article","og_title":"F\u00e9 e Alegria marca presen\u00e7a no II Congresso da Rede Jesu\u00edta da Educa\u00e7\u00e3o B\u00e1sica - #SomosF\u00e9eAlegria en Brasil","og_description":"Reflex\u00f5es sobre inova\u00e7\u00e3o na educa\u00e7\u00e3o e sentido de rede estiveram entre os principais destaques para os representantes da Funda\u00e7\u00e3o no evento. &nbsp; No in\u00edcio de agosto, foi realizado no Rio de Janeiro (RJ) o II Congresso da Rede Jesu\u00edta de Educa\u00e7\u00e3o B\u00e1sica \/ VII Congresso Inaciano de Educa\u00e7\u00e3o. O evento reuniu cerca de 450 pessoas,","og_url":"https:\/\/www.feyalegria.org\/brasil\/fe-e-alegria-marca-presenca-no-ii-congresso-da-rede-jesuita-da-educacao-basica\/","og_site_name":"#SomosF\u00e9eAlegria en Brasil","article_published_time":"2024-08-26T21:11:27+00:00","og_image":[{"width":1000,"height":500,"url":"https:\/\/d3pugrm67vf9n7.cloudfront.net\/wp-content\/uploads\/sites\/23\/2024\/08\/26180558\/Banner-Home-Congresso-RJE.png","type":"image\/png"}],"author":"Laura Meurer","twitter_card":"summary_large_image","twitter_misc":{"Escrito por":"Laura Meurer","Tiempo de lectura":"3 minutos"},"schema":{"@context":"https:\/\/schema.org","@graph":[{"@type":"Article","@id":"https:\/\/www.feyalegria.org\/brasil\/fe-e-alegria-marca-presenca-no-ii-congresso-da-rede-jesuita-da-educacao-basica\/#article","isPartOf":{"@id":"https:\/\/www.feyalegria.org\/brasil\/fe-e-alegria-marca-presenca-no-ii-congresso-da-rede-jesuita-da-educacao-basica\/"},"author":{"name":"Laura Meurer","@id":"https:\/\/www.feyalegria.org\/brasil\/#\/schema\/person\/f2c58927c54060575b9e7c44d31d16e9"},"headline":"F\u00e9 e Alegria marca presen\u00e7a no II Congresso da Rede Jesu\u00edta da Educa\u00e7\u00e3o B\u00e1sica","datePublished":"2024-08-26T21:11:27+00:00","mainEntityOfPage":{"@id":"https:\/\/www.feyalegria.org\/brasil\/fe-e-alegria-marca-presenca-no-ii-congresso-da-rede-jesuita-da-educacao-basica\/"},"wordCount":577,"commentCount":0,"image":{"@id":"https:\/\/www.feyalegria.org\/brasil\/fe-e-alegria-marca-presenca-no-ii-congresso-da-rede-jesuita-da-educacao-basica\/#primaryimage"},"thumbnailUrl":"https:\/\/d3pugrm67vf9n7.cloudfront.net\/wp-content\/uploads\/sites\/23\/2024\/08\/26180558\/Banner-Home-Congresso-RJE.png","keywords":["Companhia de Jesus","educa\u00e7\u00e3o","Educa\u00e7\u00e3o Jesu\u00edta","F\u00e9 e Alegria","Inova\u00e7\u00e3o","Rede Jesu\u00edta de Educa\u00e7\u00e3o"],"articleSection":["Noticias","Noticias"],"inLanguage":"es-CO","potentialAction":[{"@type":"CommentAction","name":"Comment","target":["https:\/\/www.feyalegria.org\/brasil\/fe-e-alegria-marca-presenca-no-ii-congresso-da-rede-jesuita-da-educacao-basica\/#respond"]}]},{"@type":"WebPage","@id":"https:\/\/www.feyalegria.org\/brasil\/fe-e-alegria-marca-presenca-no-ii-congresso-da-rede-jesuita-da-educacao-basica\/","url":"https:\/\/www.feyalegria.org\/brasil\/fe-e-alegria-marca-presenca-no-ii-congresso-da-rede-jesuita-da-educacao-basica\/","name":"F\u00e9 e Alegria marca presen\u00e7a no II Congresso da Rede Jesu\u00edta da Educa\u00e7\u00e3o B\u00e1sica - #SomosF\u00e9eAlegria en Brasil","isPartOf":{"@id":"https:\/\/www.feyalegria.org\/brasil\/#website"},"primaryImageOfPage":{"@id":"https:\/\/www.feyalegria.org\/brasil\/fe-e-alegria-marca-presenca-no-ii-congresso-da-rede-jesuita-da-educacao-basica\/#primaryimage"},"image":{"@id":"https:\/\/www.feyalegria.org\/brasil\/fe-e-alegria-marca-presenca-no-ii-congresso-da-rede-jesuita-da-educacao-basica\/#primaryimage"},"thumbnailUrl":"https:\/\/d3pugrm67vf9n7.cloudfront.net\/wp-content\/uploads\/sites\/23\/2024\/08\/26180558\/Banner-Home-Congresso-RJE.png","datePublished":"2024-08-26T21:11:27+00:00","author":{"@id":"https:\/\/www.feyalegria.org\/brasil\/#\/schema\/person\/f2c58927c54060575b9e7c44d31d16e9"},"inLanguage":"es-CO","potentialAction":[{"@type":"ReadAction","target":["https:\/\/www.feyalegria.org\/brasil\/fe-e-alegria-marca-presenca-no-ii-congresso-da-rede-jesuita-da-educacao-basica\/"]}]},{"@type":"ImageObject","inLanguage":"es-CO","@id":"https:\/\/www.feyalegria.org\/brasil\/fe-e-alegria-marca-presenca-no-ii-congresso-da-rede-jesuita-da-educacao-basica\/#primaryimage","url":"https:\/\/d3pugrm67vf9n7.cloudfront.net\/wp-content\/uploads\/sites\/23\/2024\/08\/26180558\/Banner-Home-Congresso-RJE.png","contentUrl":"https:\/\/d3pugrm67vf9n7.cloudfront.net\/wp-content\/uploads\/sites\/23\/2024\/08\/26180558\/Banner-Home-Congresso-RJE.png","width":1000,"height":500},{"@type":"WebSite","@id":"https:\/\/www.feyalegria.org\/brasil\/#website","url":"https:\/\/www.feyalegria.org\/brasil\/","name":"#SomosF\u00e9eAlegria en Brasil","description":"","potentialAction":[{"@type":"SearchAction","target":{"@type":"EntryPoint","urlTemplate":"https:\/\/www.feyalegria.org\/brasil\/?s={search_term_string}"},"query-input":{"@type":"PropertyValueSpecification","valueRequired":true,"valueName":"search_term_string"}}],"inLanguage":"es-CO"},{"@type":"Person","@id":"https:\/\/www.feyalegria.org\/brasil\/#\/schema\/person\/f2c58927c54060575b9e7c44d31d16e9","name":"Laura Meurer","url":"https:\/\/www.feyalegria.org\/brasil\/author\/adminbr02\/"}]}},"_links":{"self":[{"href":"https:\/\/www.feyalegria.org\/brasil\/wp-json\/wp\/v2\/posts\/28367","targetHints":{"allow":["GET"]}}],"collection":[{"href":"https:\/\/www.feyalegria.org\/brasil\/wp-json\/wp\/v2\/posts"}],"about":[{"href":"https:\/\/www.feyalegria.org\/brasil\/wp-json\/wp\/v2\/types\/post"}],"author":[{"embeddable":true,"href":"https:\/\/www.feyalegria.org\/brasil\/wp-json\/wp\/v2\/users\/68"}],"replies":[{"embeddable":true,"href":"https:\/\/www.feyalegria.org\/brasil\/wp-json\/wp\/v2\/comments?post=28367"}],"version-history":[{"count":0,"href":"https:\/\/www.feyalegria.org\/brasil\/wp-json\/wp\/v2\/posts\/28367\/revisions"}],"wp:featuredmedia":[{"embeddable":true,"href":"https:\/\/www.feyalegria.org\/brasil\/wp-json\/wp\/v2\/media\/28368"}],"wp:attachment":[{"href":"https:\/\/www.feyalegria.org\/brasil\/wp-json\/wp\/v2\/media?parent=28367"}],"wp:term":[{"taxonomy":"category","embeddable":true,"href":"https:\/\/www.feyalegria.org\/brasil\/wp-json\/wp\/v2\/categories?post=28367"},{"taxonomy":"post_tag","embeddable":true,"href":"https:\/\/www.feyalegria.org\/brasil\/wp-json\/wp\/v2\/tags?post=28367"},{"taxonomy":"post_folder","embeddable":true,"href":"https:\/\/www.feyalegria.org\/brasil\/wp-json\/wp\/v2\/post_folder?post=28367"}],"curies":[{"name":"wp","href":"https:\/\/api.w.org\/{rel}","templated":true}]}}