{"id":28372,"date":"2024-08-30T11:15:48","date_gmt":"2024-08-30T14:15:48","guid":{"rendered":"https:\/\/www.feyalegria.org\/brasil\/?p=28372"},"modified":"2024-08-30T11:15:48","modified_gmt":"2024-08-30T14:15:48","slug":"jovens-se-unem-em-roda-de-conversa-no-dia-das-juventudes-indignadas-de-fe-e-alegria","status":"publish","type":"post","link":"https:\/\/www.feyalegria.org\/brasil\/jovens-se-unem-em-roda-de-conversa-no-dia-das-juventudes-indignadas-de-fe-e-alegria\/","title":{"rendered":"Jovens se unem em roda de conversa no Dia das Juventudes Indignadas de F\u00e9 e Alegria"},"content":{"rendered":"<p><span style=\"font-weight: 400;\"><img loading=\"lazy\" decoding=\"async\" class=\"alignright wp-image-28373\" src=\"https:\/\/d3pugrm67vf9n7.cloudfront.net\/wp-content\/uploads\/sites\/23\/2024\/08\/30111420\/Banner-Home-Juventudes-indignadas.png\" alt=\"\" width=\"450\" height=\"225\" srcset=\"https:\/\/d3pugrm67vf9n7.cloudfront.net\/wp-content\/uploads\/sites\/23\/2024\/08\/30111420\/Banner-Home-Juventudes-indignadas.png 1000w, https:\/\/d3pugrm67vf9n7.cloudfront.net\/wp-content\/uploads\/sites\/23\/2024\/08\/30111420\/Banner-Home-Juventudes-indignadas-300x150.png 300w, https:\/\/d3pugrm67vf9n7.cloudfront.net\/wp-content\/uploads\/sites\/23\/2024\/08\/30111420\/Banner-Home-Juventudes-indignadas-768x384.png 768w\" sizes=\"auto, (max-width: 450px) 100vw, 450px\" \/>O Dia das Juventudes Indignadas de F\u00e9 e Alegria (29 de agosto) \u00e9 uma data internacional que busca gerar, entre os jovens do Movimento, discuss\u00f5es e mobiliza\u00e7\u00f5es, reafirmando o compromisso cidad\u00e3o com situa\u00e7\u00f5es inaceit\u00e1veis, que afetam a dignidade humana e o meio ambiente. Este ano, o tema da campanha global \u00e9 o direito \u00e0 aprendizagem.<\/span><\/p>\n<p>&nbsp;<\/p>\n<p><span style=\"font-weight: 400;\">Para celebrar o dia, F\u00e9 e Alegria Brasil promoveu a primeira roda de conversa com as juventudes da Funda\u00e7\u00e3o, que reuniu em uma grande sala virtual jovens de Cariacica (ES), Natal (RN), Tocant\u00ednia (TO), Montes Claros (MG), Recife (PE) e Quixabeira (BA). Tamb\u00e9m participaram coordenadores e equipe pedag\u00f3gica desses centros. A media\u00e7\u00e3o ficou por conta de educadores &#8211; tamb\u00e9m jovens e referentes para a iniciativa federativa de Juventudes do Movimento &#8211; Beatriz S\u00e1, de Manaus (AM), Mateus Figueiredo, de Quixabeira (BA) e J\u00fanior Silva, de Ilh\u00e9us (BA).\u00a0<\/span><\/p>\n<p>&nbsp;<\/p>\n<p><span style=\"font-weight: 400;\">Ap\u00f3s a abertura feita pelo diretor-presidente da Funda\u00e7\u00e3o, Pe. Alexandre Raimundo de Souza, e de uma apresenta\u00e7\u00e3o inicial dos participantes, foi poss\u00edvel perceber a diversidade da juventude de F\u00e9 e Alegria. Os jovens falaram sobre o que os move nos espa\u00e7os de que participam e na sociedade como um todo. \u201cO grupo foi bastante participativo. Os jovens compartilharam suas indigna\u00e7\u00f5es nos \u00e2mbitos da pol\u00edtica, da educa\u00e7\u00e3o e da sa\u00fade, e destacaram, a falta de acesso a oportunidades &#8211; que muitas vezes\u00a0 \u00e9 suprida por F\u00e9 e Alegria\u201d, conta Beatriz.\u00a0<\/span><\/p>\n<p>&nbsp;<\/p>\n<p><span style=\"font-weight: 400;\">Os moderadores falaram tamb\u00e9m sobre as juventudes indignadas no contexto da Federa\u00e7\u00e3o Internacional de F\u00e9 e Alegria. \u201cA roda de conversa foi muito interessante, pois conseguimos ouvir e ver os jovens de diversos espa\u00e7os al\u00e9m de poder conhecer um pouco a realidade que est\u00e3o inseridos, para que assim possamos nos articular no acompanhamento das juventudes\u201d, conclui a mediadora.<\/span><\/p>\n<p>&nbsp;<\/p>\n","protected":false},"excerpt":{"rendered":"<p>O Dia das Juventudes Indignadas de F\u00e9 e Alegria (29 de agosto) \u00e9 uma data internacional que busca gerar, entre os jovens do Movimento, discuss\u00f5es e mobiliza\u00e7\u00f5es, reafirmando o compromisso cidad\u00e3o com situa\u00e7\u00f5es inaceit\u00e1veis, que afetam a dignidade humana e o meio ambiente. Este ano, o tema da campanha global \u00e9 o direito \u00e0 aprendizagem.<\/p>\n","protected":false},"author":68,"featured_media":28373,"comment_status":"open","ping_status":"open","sticky":false,"template":"","format":"standard","meta":{"_acf_changed":false,"footnotes":""},"categories":[183,432],"tags":[408,882,884,886],"post_folder":[],"class_list":["post-28372","post","type-post","status-publish","format-standard","has-post-thumbnail","hentry","category-noticias","category-noticias-pt","tag-fe-e-alegria","tag-jovens","tag-juventude","tag-juventudes-indignadas"],"acf":[],"yoast_head":"<!-- This site is optimized with the Yoast SEO plugin v27.5 - https:\/\/yoast.com\/product\/yoast-seo-wordpress\/ -->\n<title>Jovens se unem em roda de conversa no Dia das Juventudes Indignadas de F\u00e9 e Alegria - #SomosF\u00e9eAlegria en Brasil<\/title>\n<meta name=\"robots\" content=\"index, follow, max-snippet:-1, max-image-preview:large, max-video-preview:-1\" \/>\n<link rel=\"canonical\" href=\"https:\/\/www.feyalegria.org\/brasil\/jovens-se-unem-em-roda-de-conversa-no-dia-das-juventudes-indignadas-de-fe-e-alegria\/\" \/>\n<meta property=\"og:locale\" content=\"es_ES\" \/>\n<meta property=\"og:type\" content=\"article\" \/>\n<meta property=\"og:title\" content=\"Jovens se unem em roda de conversa no Dia das Juventudes Indignadas de F\u00e9 e Alegria - #SomosF\u00e9eAlegria en Brasil\" \/>\n<meta property=\"og:description\" content=\"O Dia das Juventudes Indignadas de F\u00e9 e Alegria (29 de agosto) \u00e9 uma data internacional que busca gerar, entre os jovens do Movimento, discuss\u00f5es e mobiliza\u00e7\u00f5es, reafirmando o compromisso cidad\u00e3o com situa\u00e7\u00f5es inaceit\u00e1veis, que afetam a dignidade humana e o meio ambiente. Este ano, o tema da campanha global \u00e9 o direito \u00e0 aprendizagem.\" \/>\n<meta property=\"og:url\" content=\"https:\/\/www.feyalegria.org\/brasil\/jovens-se-unem-em-roda-de-conversa-no-dia-das-juventudes-indignadas-de-fe-e-alegria\/\" \/>\n<meta property=\"og:site_name\" content=\"#SomosF\u00e9eAlegria en Brasil\" \/>\n<meta property=\"article:published_time\" content=\"2024-08-30T14:15:48+00:00\" \/>\n<meta property=\"og:image\" content=\"https:\/\/d3pugrm67vf9n7.cloudfront.net\/wp-content\/uploads\/sites\/23\/2024\/08\/30111420\/Banner-Home-Juventudes-indignadas.png\" \/>\n\t<meta property=\"og:image:width\" content=\"1000\" \/>\n\t<meta property=\"og:image:height\" content=\"500\" \/>\n\t<meta property=\"og:image:type\" content=\"image\/png\" \/>\n<meta name=\"author\" content=\"Laura Meurer\" \/>\n<meta name=\"twitter:card\" content=\"summary_large_image\" \/>\n<meta name=\"twitter:label1\" content=\"Escrito por\" \/>\n\t<meta name=\"twitter:data1\" content=\"Laura Meurer\" \/>\n\t<meta name=\"twitter:label2\" content=\"Tiempo de lectura\" \/>\n\t<meta name=\"twitter:data2\" content=\"2 minutos\" \/>\n<script type=\"application\/ld+json\" class=\"yoast-schema-graph\">{\"@context\":\"https:\\\/\\\/schema.org\",\"@graph\":[{\"@type\":\"Article\",\"@id\":\"https:\\\/\\\/www.feyalegria.org\\\/brasil\\\/jovens-se-unem-em-roda-de-conversa-no-dia-das-juventudes-indignadas-de-fe-e-alegria\\\/#article\",\"isPartOf\":{\"@id\":\"https:\\\/\\\/www.feyalegria.org\\\/brasil\\\/jovens-se-unem-em-roda-de-conversa-no-dia-das-juventudes-indignadas-de-fe-e-alegria\\\/\"},\"author\":{\"name\":\"Laura Meurer\",\"@id\":\"https:\\\/\\\/www.feyalegria.org\\\/brasil\\\/#\\\/schema\\\/person\\\/f2c58927c54060575b9e7c44d31d16e9\"},\"headline\":\"Jovens se unem em roda de conversa no Dia das Juventudes Indignadas de F\u00e9 e Alegria\",\"datePublished\":\"2024-08-30T14:15:48+00:00\",\"mainEntityOfPage\":{\"@id\":\"https:\\\/\\\/www.feyalegria.org\\\/brasil\\\/jovens-se-unem-em-roda-de-conversa-no-dia-das-juventudes-indignadas-de-fe-e-alegria\\\/\"},\"wordCount\":331,\"commentCount\":0,\"image\":{\"@id\":\"https:\\\/\\\/www.feyalegria.org\\\/brasil\\\/jovens-se-unem-em-roda-de-conversa-no-dia-das-juventudes-indignadas-de-fe-e-alegria\\\/#primaryimage\"},\"thumbnailUrl\":\"https:\\\/\\\/d3pugrm67vf9n7.cloudfront.net\\\/wp-content\\\/uploads\\\/sites\\\/23\\\/2024\\\/08\\\/30111420\\\/Banner-Home-Juventudes-indignadas.png\",\"keywords\":[\"F\u00e9 e Alegria\",\"Jovens\",\"Juventude\",\"Juventudes Indignadas\"],\"articleSection\":[\"Noticias\",\"Noticias\"],\"inLanguage\":\"es-CO\",\"potentialAction\":[{\"@type\":\"CommentAction\",\"name\":\"Comment\",\"target\":[\"https:\\\/\\\/www.feyalegria.org\\\/brasil\\\/jovens-se-unem-em-roda-de-conversa-no-dia-das-juventudes-indignadas-de-fe-e-alegria\\\/#respond\"]}]},{\"@type\":\"WebPage\",\"@id\":\"https:\\\/\\\/www.feyalegria.org\\\/brasil\\\/jovens-se-unem-em-roda-de-conversa-no-dia-das-juventudes-indignadas-de-fe-e-alegria\\\/\",\"url\":\"https:\\\/\\\/www.feyalegria.org\\\/brasil\\\/jovens-se-unem-em-roda-de-conversa-no-dia-das-juventudes-indignadas-de-fe-e-alegria\\\/\",\"name\":\"Jovens se unem em roda de conversa no Dia das Juventudes Indignadas de F\u00e9 e Alegria - #SomosF\u00e9eAlegria en Brasil\",\"isPartOf\":{\"@id\":\"https:\\\/\\\/www.feyalegria.org\\\/brasil\\\/#website\"},\"primaryImageOfPage\":{\"@id\":\"https:\\\/\\\/www.feyalegria.org\\\/brasil\\\/jovens-se-unem-em-roda-de-conversa-no-dia-das-juventudes-indignadas-de-fe-e-alegria\\\/#primaryimage\"},\"image\":{\"@id\":\"https:\\\/\\\/www.feyalegria.org\\\/brasil\\\/jovens-se-unem-em-roda-de-conversa-no-dia-das-juventudes-indignadas-de-fe-e-alegria\\\/#primaryimage\"},\"thumbnailUrl\":\"https:\\\/\\\/d3pugrm67vf9n7.cloudfront.net\\\/wp-content\\\/uploads\\\/sites\\\/23\\\/2024\\\/08\\\/30111420\\\/Banner-Home-Juventudes-indignadas.png\",\"datePublished\":\"2024-08-30T14:15:48+00:00\",\"author\":{\"@id\":\"https:\\\/\\\/www.feyalegria.org\\\/brasil\\\/#\\\/schema\\\/person\\\/f2c58927c54060575b9e7c44d31d16e9\"},\"inLanguage\":\"es-CO\",\"potentialAction\":[{\"@type\":\"ReadAction\",\"target\":[\"https:\\\/\\\/www.feyalegria.org\\\/brasil\\\/jovens-se-unem-em-roda-de-conversa-no-dia-das-juventudes-indignadas-de-fe-e-alegria\\\/\"]}]},{\"@type\":\"ImageObject\",\"inLanguage\":\"es-CO\",\"@id\":\"https:\\\/\\\/www.feyalegria.org\\\/brasil\\\/jovens-se-unem-em-roda-de-conversa-no-dia-das-juventudes-indignadas-de-fe-e-alegria\\\/#primaryimage\",\"url\":\"https:\\\/\\\/d3pugrm67vf9n7.cloudfront.net\\\/wp-content\\\/uploads\\\/sites\\\/23\\\/2024\\\/08\\\/30111420\\\/Banner-Home-Juventudes-indignadas.png\",\"contentUrl\":\"https:\\\/\\\/d3pugrm67vf9n7.cloudfront.net\\\/wp-content\\\/uploads\\\/sites\\\/23\\\/2024\\\/08\\\/30111420\\\/Banner-Home-Juventudes-indignadas.png\",\"width\":1000,\"height\":500},{\"@type\":\"WebSite\",\"@id\":\"https:\\\/\\\/www.feyalegria.org\\\/brasil\\\/#website\",\"url\":\"https:\\\/\\\/www.feyalegria.org\\\/brasil\\\/\",\"name\":\"#SomosF\u00e9eAlegria en Brasil\",\"description\":\"\",\"potentialAction\":[{\"@type\":\"SearchAction\",\"target\":{\"@type\":\"EntryPoint\",\"urlTemplate\":\"https:\\\/\\\/www.feyalegria.org\\\/brasil\\\/?s={search_term_string}\"},\"query-input\":{\"@type\":\"PropertyValueSpecification\",\"valueRequired\":true,\"valueName\":\"search_term_string\"}}],\"inLanguage\":\"es-CO\"},{\"@type\":\"Person\",\"@id\":\"https:\\\/\\\/www.feyalegria.org\\\/brasil\\\/#\\\/schema\\\/person\\\/f2c58927c54060575b9e7c44d31d16e9\",\"name\":\"Laura Meurer\",\"url\":\"https:\\\/\\\/www.feyalegria.org\\\/brasil\\\/author\\\/adminbr02\\\/\"}]}<\/script>\n<!-- \/ Yoast SEO plugin. -->","yoast_head_json":{"title":"Jovens se unem em roda de conversa no Dia das Juventudes Indignadas de F\u00e9 e Alegria - #SomosF\u00e9eAlegria en Brasil","robots":{"index":"index","follow":"follow","max-snippet":"max-snippet:-1","max-image-preview":"max-image-preview:large","max-video-preview":"max-video-preview:-1"},"canonical":"https:\/\/www.feyalegria.org\/brasil\/jovens-se-unem-em-roda-de-conversa-no-dia-das-juventudes-indignadas-de-fe-e-alegria\/","og_locale":"es_ES","og_type":"article","og_title":"Jovens se unem em roda de conversa no Dia das Juventudes Indignadas de F\u00e9 e Alegria - #SomosF\u00e9eAlegria en Brasil","og_description":"O Dia das Juventudes Indignadas de F\u00e9 e Alegria (29 de agosto) \u00e9 uma data internacional que busca gerar, entre os jovens do Movimento, discuss\u00f5es e mobiliza\u00e7\u00f5es, reafirmando o compromisso cidad\u00e3o com situa\u00e7\u00f5es inaceit\u00e1veis, que afetam a dignidade humana e o meio ambiente. Este ano, o tema da campanha global \u00e9 o direito \u00e0 aprendizagem.","og_url":"https:\/\/www.feyalegria.org\/brasil\/jovens-se-unem-em-roda-de-conversa-no-dia-das-juventudes-indignadas-de-fe-e-alegria\/","og_site_name":"#SomosF\u00e9eAlegria en Brasil","article_published_time":"2024-08-30T14:15:48+00:00","og_image":[{"width":1000,"height":500,"url":"https:\/\/d3pugrm67vf9n7.cloudfront.net\/wp-content\/uploads\/sites\/23\/2024\/08\/30111420\/Banner-Home-Juventudes-indignadas.png","type":"image\/png"}],"author":"Laura Meurer","twitter_card":"summary_large_image","twitter_misc":{"Escrito por":"Laura Meurer","Tiempo de lectura":"2 minutos"},"schema":{"@context":"https:\/\/schema.org","@graph":[{"@type":"Article","@id":"https:\/\/www.feyalegria.org\/brasil\/jovens-se-unem-em-roda-de-conversa-no-dia-das-juventudes-indignadas-de-fe-e-alegria\/#article","isPartOf":{"@id":"https:\/\/www.feyalegria.org\/brasil\/jovens-se-unem-em-roda-de-conversa-no-dia-das-juventudes-indignadas-de-fe-e-alegria\/"},"author":{"name":"Laura Meurer","@id":"https:\/\/www.feyalegria.org\/brasil\/#\/schema\/person\/f2c58927c54060575b9e7c44d31d16e9"},"headline":"Jovens se unem em roda de conversa no Dia das Juventudes Indignadas de F\u00e9 e Alegria","datePublished":"2024-08-30T14:15:48+00:00","mainEntityOfPage":{"@id":"https:\/\/www.feyalegria.org\/brasil\/jovens-se-unem-em-roda-de-conversa-no-dia-das-juventudes-indignadas-de-fe-e-alegria\/"},"wordCount":331,"commentCount":0,"image":{"@id":"https:\/\/www.feyalegria.org\/brasil\/jovens-se-unem-em-roda-de-conversa-no-dia-das-juventudes-indignadas-de-fe-e-alegria\/#primaryimage"},"thumbnailUrl":"https:\/\/d3pugrm67vf9n7.cloudfront.net\/wp-content\/uploads\/sites\/23\/2024\/08\/30111420\/Banner-Home-Juventudes-indignadas.png","keywords":["F\u00e9 e Alegria","Jovens","Juventude","Juventudes Indignadas"],"articleSection":["Noticias","Noticias"],"inLanguage":"es-CO","potentialAction":[{"@type":"CommentAction","name":"Comment","target":["https:\/\/www.feyalegria.org\/brasil\/jovens-se-unem-em-roda-de-conversa-no-dia-das-juventudes-indignadas-de-fe-e-alegria\/#respond"]}]},{"@type":"WebPage","@id":"https:\/\/www.feyalegria.org\/brasil\/jovens-se-unem-em-roda-de-conversa-no-dia-das-juventudes-indignadas-de-fe-e-alegria\/","url":"https:\/\/www.feyalegria.org\/brasil\/jovens-se-unem-em-roda-de-conversa-no-dia-das-juventudes-indignadas-de-fe-e-alegria\/","name":"Jovens se unem em roda de conversa no Dia das Juventudes Indignadas de F\u00e9 e Alegria - #SomosF\u00e9eAlegria en Brasil","isPartOf":{"@id":"https:\/\/www.feyalegria.org\/brasil\/#website"},"primaryImageOfPage":{"@id":"https:\/\/www.feyalegria.org\/brasil\/jovens-se-unem-em-roda-de-conversa-no-dia-das-juventudes-indignadas-de-fe-e-alegria\/#primaryimage"},"image":{"@id":"https:\/\/www.feyalegria.org\/brasil\/jovens-se-unem-em-roda-de-conversa-no-dia-das-juventudes-indignadas-de-fe-e-alegria\/#primaryimage"},"thumbnailUrl":"https:\/\/d3pugrm67vf9n7.cloudfront.net\/wp-content\/uploads\/sites\/23\/2024\/08\/30111420\/Banner-Home-Juventudes-indignadas.png","datePublished":"2024-08-30T14:15:48+00:00","author":{"@id":"https:\/\/www.feyalegria.org\/brasil\/#\/schema\/person\/f2c58927c54060575b9e7c44d31d16e9"},"inLanguage":"es-CO","potentialAction":[{"@type":"ReadAction","target":["https:\/\/www.feyalegria.org\/brasil\/jovens-se-unem-em-roda-de-conversa-no-dia-das-juventudes-indignadas-de-fe-e-alegria\/"]}]},{"@type":"ImageObject","inLanguage":"es-CO","@id":"https:\/\/www.feyalegria.org\/brasil\/jovens-se-unem-em-roda-de-conversa-no-dia-das-juventudes-indignadas-de-fe-e-alegria\/#primaryimage","url":"https:\/\/d3pugrm67vf9n7.cloudfront.net\/wp-content\/uploads\/sites\/23\/2024\/08\/30111420\/Banner-Home-Juventudes-indignadas.png","contentUrl":"https:\/\/d3pugrm67vf9n7.cloudfront.net\/wp-content\/uploads\/sites\/23\/2024\/08\/30111420\/Banner-Home-Juventudes-indignadas.png","width":1000,"height":500},{"@type":"WebSite","@id":"https:\/\/www.feyalegria.org\/brasil\/#website","url":"https:\/\/www.feyalegria.org\/brasil\/","name":"#SomosF\u00e9eAlegria en Brasil","description":"","potentialAction":[{"@type":"SearchAction","target":{"@type":"EntryPoint","urlTemplate":"https:\/\/www.feyalegria.org\/brasil\/?s={search_term_string}"},"query-input":{"@type":"PropertyValueSpecification","valueRequired":true,"valueName":"search_term_string"}}],"inLanguage":"es-CO"},{"@type":"Person","@id":"https:\/\/www.feyalegria.org\/brasil\/#\/schema\/person\/f2c58927c54060575b9e7c44d31d16e9","name":"Laura Meurer","url":"https:\/\/www.feyalegria.org\/brasil\/author\/adminbr02\/"}]}},"_links":{"self":[{"href":"https:\/\/www.feyalegria.org\/brasil\/wp-json\/wp\/v2\/posts\/28372","targetHints":{"allow":["GET"]}}],"collection":[{"href":"https:\/\/www.feyalegria.org\/brasil\/wp-json\/wp\/v2\/posts"}],"about":[{"href":"https:\/\/www.feyalegria.org\/brasil\/wp-json\/wp\/v2\/types\/post"}],"author":[{"embeddable":true,"href":"https:\/\/www.feyalegria.org\/brasil\/wp-json\/wp\/v2\/users\/68"}],"replies":[{"embeddable":true,"href":"https:\/\/www.feyalegria.org\/brasil\/wp-json\/wp\/v2\/comments?post=28372"}],"version-history":[{"count":0,"href":"https:\/\/www.feyalegria.org\/brasil\/wp-json\/wp\/v2\/posts\/28372\/revisions"}],"wp:featuredmedia":[{"embeddable":true,"href":"https:\/\/www.feyalegria.org\/brasil\/wp-json\/wp\/v2\/media\/28373"}],"wp:attachment":[{"href":"https:\/\/www.feyalegria.org\/brasil\/wp-json\/wp\/v2\/media?parent=28372"}],"wp:term":[{"taxonomy":"category","embeddable":true,"href":"https:\/\/www.feyalegria.org\/brasil\/wp-json\/wp\/v2\/categories?post=28372"},{"taxonomy":"post_tag","embeddable":true,"href":"https:\/\/www.feyalegria.org\/brasil\/wp-json\/wp\/v2\/tags?post=28372"},{"taxonomy":"post_folder","embeddable":true,"href":"https:\/\/www.feyalegria.org\/brasil\/wp-json\/wp\/v2\/post_folder?post=28372"}],"curies":[{"name":"wp","href":"https:\/\/api.w.org\/{rel}","templated":true}]}}