 {"id":28376,"date":"2024-08-30T18:43:48","date_gmt":"2024-08-30T21:43:48","guid":{"rendered":"https:\/\/www.feyalegria.org\/brasil\/?p=28376"},"modified":"2024-08-30T19:21:35","modified_gmt":"2024-08-30T22:21:35","slug":"atividades-de-conscientizacao-marcam-o-agosto-lilas-de-fe-e-alegria","status":"publish","type":"post","link":"https:\/\/www.feyalegria.org\/brasil\/atividades-de-conscientizacao-marcam-o-agosto-lilas-de-fe-e-alegria\/","title":{"rendered":"Atividades de conscientiza\u00e7\u00e3o marcam o Agosto Lil\u00e1s de F\u00e9 e Alegria"},"content":{"rendered":"<div class=\"wpb-content-wrapper\"><p>[vc_row][vc_column][vc_column_text css=&#8221;&#8221;]<span style=\"font-weight: 400;\">Durante o m\u00eas de agosto, a conscientiza\u00e7\u00e3o e o enfrentamento \u00e0 viol\u00eancia contra a mulher esteve presente em diversas a\u00e7\u00f5es dos centros de F\u00e9 e Alegria pelo Brasil. Veja como o tema foi tratado em alguns deles:<\/span><\/p>\n<p>&nbsp;<\/p>\n<p><img loading=\"lazy\" decoding=\"async\" class=\"alignright wp-image-28381 size-medium\" src=\"https:\/\/d3pugrm67vf9n7.cloudfront.net\/wp-content\/uploads\/sites\/23\/2024\/08\/30191306\/Agosto-Lilas-1-300x200.png\" alt=\"\" width=\"300\" height=\"200\" srcset=\"https:\/\/d3pugrm67vf9n7.cloudfront.net\/wp-content\/uploads\/sites\/23\/2024\/08\/30191306\/Agosto-Lilas-1-300x200.png 300w, https:\/\/d3pugrm67vf9n7.cloudfront.net\/wp-content\/uploads\/sites\/23\/2024\/08\/30191306\/Agosto-Lilas-1-768x512.png 768w, https:\/\/d3pugrm67vf9n7.cloudfront.net\/wp-content\/uploads\/sites\/23\/2024\/08\/30191306\/Agosto-Lilas-1.png 840w\" sizes=\"auto, (max-width: 300px) 100vw, 300px\" \/><\/p>\n<p><b>Jo\u00e3o Pessoa (PB)<\/b><\/p>\n<p>&nbsp;<\/p>\n<p><span style=\"font-weight: 400;\">No centro de F\u00e9 e Alegria na capital paraibana, os e<\/span><span style=\"font-weight: 400;\">ducandos, colaboradores, volunt\u00e1rios e fam\u00edlias participaram de diversas atividades, como a produ\u00e7\u00e3o de cartazes e mapa mental a respeito do tema, jogos de perguntas e respostas sobre as leis de prote\u00e7\u00e3o, roda de conversa, cordel com produ\u00e7\u00e3o de v\u00eddeo alertando sobre os perigos da viol\u00eancia contra a mulher.\u00a0<\/span><\/p>\n<p>&nbsp;<\/p>\n<p><span style=\"font-weight: 400;\">O objetivo, al\u00e9m de educar a prevenir a viol\u00eancia, esteve o est\u00edmulo \u00e0 empatia, para ajudar os educandos a entender e respeitar as experi\u00eancias e sentimentos de quem enfrenta ou enfrentou a viol\u00eancia, promover a cultura de paz e ajudar os jovens a reconhecer sinais de viol\u00eancia em seu entorno. \u202f\u202f<\/span><\/p>\n<p>&nbsp;<\/p>\n<p><b><img loading=\"lazy\" decoding=\"async\" class=\"alignleft wp-image-28388 size-medium\" src=\"https:\/\/d3pugrm67vf9n7.cloudfront.net\/wp-content\/uploads\/sites\/23\/2024\/08\/30191337\/Agosto-Lilas-8-300x200.png\" alt=\"\" width=\"300\" height=\"200\" srcset=\"https:\/\/d3pugrm67vf9n7.cloudfront.net\/wp-content\/uploads\/sites\/23\/2024\/08\/30191337\/Agosto-Lilas-8-300x200.png 300w, https:\/\/d3pugrm67vf9n7.cloudfront.net\/wp-content\/uploads\/sites\/23\/2024\/08\/30191337\/Agosto-Lilas-8-768x512.png 768w, https:\/\/d3pugrm67vf9n7.cloudfront.net\/wp-content\/uploads\/sites\/23\/2024\/08\/30191337\/Agosto-Lilas-8.png 840w\" sizes=\"auto, (max-width: 300px) 100vw, 300px\" \/>Vazantes &#8211; Aracoiaba (CE)<\/b><\/p>\n<p>&nbsp;<\/p>\n<p><span style=\"font-weight: 400;\">O centro de Vazantes, em Aracoiaba (CE), realizou uma Mesa Redonda sobre o tema, a convite da equipe do Centro de Refer\u00eancia Especializado de Assist\u00eancia Social (Creas). Participaram cerca de 35 pessoas, entre fam\u00edlias dos educando do Servi\u00e7o de Conviv\u00eancia e Fortalecimento de V\u00ednculos, dos atendidos(as) dos projetos Meios de Vida e Educa\u00e7\u00e3o Integral e Transforma\u00e7\u00e3o Digital e da comunidade em geral.<\/span><\/p>\n<p>&nbsp;<\/p>\n<p><span style=\"font-weight: 400;\">A a\u00e7\u00e3o permitiu dar visibilidade ao tema, difundindo informa\u00e7\u00f5es sobre os direitos das mulheres em situa\u00e7\u00e3o de viol\u00eancia, al\u00e9m de esclarecer os mecanismos de acolhimento e den\u00fancia, como medida de enfrentamento \u00e0 viol\u00eancia contra a mulher.\u00a0\u00a0<\/span><\/p>\n<p><b><img loading=\"lazy\" decoding=\"async\" class=\"alignright wp-image-28391 size-medium\" src=\"https:\/\/d3pugrm67vf9n7.cloudfront.net\/wp-content\/uploads\/sites\/23\/2024\/08\/30191350\/Agosto-Lilas-11-300x200.png\" alt=\"\" width=\"300\" height=\"200\" srcset=\"https:\/\/d3pugrm67vf9n7.cloudfront.net\/wp-content\/uploads\/sites\/23\/2024\/08\/30191350\/Agosto-Lilas-11-300x200.png 300w, https:\/\/d3pugrm67vf9n7.cloudfront.net\/wp-content\/uploads\/sites\/23\/2024\/08\/30191350\/Agosto-Lilas-11-768x512.png 768w, https:\/\/d3pugrm67vf9n7.cloudfront.net\/wp-content\/uploads\/sites\/23\/2024\/08\/30191350\/Agosto-Lilas-11.png 840w\" sizes=\"auto, (max-width: 300px) 100vw, 300px\" \/><\/b><\/p>\n<p><b>Montes Claros (MG)<\/b><\/p>\n<p>&nbsp;<\/p>\n<p><span style=\"font-weight: 400;\">Em Montes Claros (MG), as atividades educativas envolveram mais de 300 pessoas, entre crian\u00e7as e adolescentes do SCFV, mulheres atendidas pelo Programa de Forma\u00e7\u00e3o para o Trabalho e equipe de colaboradores, al\u00e9m de fam\u00edlias e comunidade do territ\u00f3rio.\u00a0<\/span><\/p>\n<p>&nbsp;<\/p>\n<p><span style=\"font-weight: 400;\">Com o objetivo de sensibilizar e conscientizar a sociedade sobre a import\u00e2ncia do fim da viol\u00eancia dom\u00e9stica e familiar contra a mulher. As atividades forma realizadas em formato de rodas de conversas e di\u00e1logos com metodologia participativa, que inclu\u00edram din\u00e2micas, brincadeiras, v\u00eddeos e estudos de casos, estimulando um olhar cr\u00edtico e consciente do papel de cada um na luta para garantir que meninas e mulheres possam viver em um mundo livre da viol\u00eancia de g\u00eanero.\u00a0<\/span><\/p>\n<p>&nbsp;<\/p>\n<p><b><img loading=\"lazy\" decoding=\"async\" class=\"alignleft wp-image-28386 size-medium\" src=\"https:\/\/d3pugrm67vf9n7.cloudfront.net\/wp-content\/uploads\/sites\/23\/2024\/08\/30191329\/Agosto-Lilas-6-300x200.png\" alt=\"\" width=\"300\" height=\"200\" srcset=\"https:\/\/d3pugrm67vf9n7.cloudfront.net\/wp-content\/uploads\/sites\/23\/2024\/08\/30191329\/Agosto-Lilas-6-300x200.png 300w, https:\/\/d3pugrm67vf9n7.cloudfront.net\/wp-content\/uploads\/sites\/23\/2024\/08\/30191329\/Agosto-Lilas-6-768x512.png 768w, https:\/\/d3pugrm67vf9n7.cloudfront.net\/wp-content\/uploads\/sites\/23\/2024\/08\/30191329\/Agosto-Lilas-6.png 840w\" sizes=\"auto, (max-width: 300px) 100vw, 300px\" \/>Recife (PE)<\/b><\/p>\n<p>&nbsp;<\/p>\n<p><span style=\"font-weight: 400;\">No nosso centro de Recife (PE) tamb\u00e9m foram privilegiadas as atividades de sensibiliza\u00e7\u00e3o com a comunidade, escola atendidos e fam\u00edlias.<\/span>[\/vc_column_text][vc_separator css=&#8221;&#8221;][\/vc_column][\/vc_row][vc_row][vc_column][vc_images_carousel images=&#8221;28381,28382,28383,28384,28385,28386,28387,28388,28389,28390,28391&#8243; img_size=&#8221;600&#215;400&#8243; autoplay=&#8221;yes&#8221; wrap=&#8221;yes&#8221; css=&#8221;&#8221; title=&#8221;Veja fotos das a\u00e7\u00f5es&#8221;][\/vc_column][\/vc_row]<\/p>\n<\/div>","protected":false},"excerpt":{"rendered":"<p>[vc_row][vc_column][vc_column_text css=&#8221;&#8221;]Durante o m\u00eas de agosto, a conscientiza\u00e7\u00e3o e o enfrentamento \u00e0 viol\u00eancia contra a mulher esteve presente em diversas a\u00e7\u00f5es dos centros de F\u00e9 e Alegria pelo Brasil. Veja como o tema foi tratado em alguns deles: &nbsp; Jo\u00e3o Pessoa (PB) &nbsp; No centro de F\u00e9 e Alegria na capital paraibana, os educandos, colaboradores,<\/p>\n","protected":false},"author":68,"featured_media":28377,"comment_status":"open","ping_status":"open","sticky":false,"template":"","format":"standard","meta":{"_acf_changed":false,"footnotes":""},"categories":[432,183],"tags":[888,890,408],"post_folder":[],"class_list":["post-28376","post","type-post","status-publish","format-standard","has-post-thumbnail","hentry","category-noticias-pt","category-noticias","tag-agosto-lilas","tag-cultura-de-paz","tag-fe-e-alegria"],"acf":[],"yoast_head":"<!-- This site is optimized with the Yoast SEO plugin v27.5 - https:\/\/yoast.com\/product\/yoast-seo-wordpress\/ -->\n<title>Atividades de conscientiza\u00e7\u00e3o marcam o Agosto Lil\u00e1s de F\u00e9 e Alegria - #SomosF\u00e9eAlegria en Brasil<\/title>\n<meta name=\"robots\" content=\"index, follow, max-snippet:-1, max-image-preview:large, max-video-preview:-1\" \/>\n<link rel=\"canonical\" href=\"https:\/\/www.feyalegria.org\/brasil\/atividades-de-conscientizacao-marcam-o-agosto-lilas-de-fe-e-alegria\/\" \/>\n<meta property=\"og:locale\" content=\"es_ES\" \/>\n<meta property=\"og:type\" content=\"article\" \/>\n<meta property=\"og:title\" content=\"Atividades de conscientiza\u00e7\u00e3o marcam o Agosto Lil\u00e1s de F\u00e9 e Alegria - #SomosF\u00e9eAlegria en Brasil\" \/>\n<meta property=\"og:description\" content=\"[vc_row][vc_column][vc_column_text css=&#8221;&#8221;]Durante o m\u00eas de agosto, a conscientiza\u00e7\u00e3o e o enfrentamento \u00e0 viol\u00eancia contra a mulher esteve presente em diversas a\u00e7\u00f5es dos centros de F\u00e9 e Alegria pelo Brasil. Veja como o tema foi tratado em alguns deles: &nbsp; Jo\u00e3o Pessoa (PB) &nbsp; No centro de F\u00e9 e Alegria na capital paraibana, os educandos, colaboradores,\" \/>\n<meta property=\"og:url\" content=\"https:\/\/www.feyalegria.org\/brasil\/atividades-de-conscientizacao-marcam-o-agosto-lilas-de-fe-e-alegria\/\" \/>\n<meta property=\"og:site_name\" content=\"#SomosF\u00e9eAlegria en Brasil\" \/>\n<meta property=\"article:published_time\" content=\"2024-08-30T21:43:48+00:00\" \/>\n<meta property=\"article:modified_time\" content=\"2024-08-30T22:21:35+00:00\" \/>\n<meta property=\"og:image\" content=\"https:\/\/d3pugrm67vf9n7.cloudfront.net\/wp-content\/uploads\/sites\/23\/2024\/08\/30184235\/Banner-Home-Agosto-Lilas.png\" \/>\n\t<meta property=\"og:image:width\" content=\"1000\" \/>\n\t<meta property=\"og:image:height\" content=\"500\" \/>\n\t<meta property=\"og:image:type\" content=\"image\/png\" \/>\n<meta name=\"author\" content=\"Laura Meurer\" \/>\n<meta name=\"twitter:card\" content=\"summary_large_image\" \/>\n<meta name=\"twitter:label1\" content=\"Escrito por\" \/>\n\t<meta name=\"twitter:data1\" content=\"Laura Meurer\" \/>\n\t<meta name=\"twitter:label2\" content=\"Tiempo de lectura\" \/>\n\t<meta name=\"twitter:data2\" content=\"6 minutos\" \/>\n<script type=\"application\/ld+json\" class=\"yoast-schema-graph\">{\"@context\":\"https:\\\/\\\/schema.org\",\"@graph\":[{\"@type\":\"Article\",\"@id\":\"https:\\\/\\\/www.feyalegria.org\\\/brasil\\\/atividades-de-conscientizacao-marcam-o-agosto-lilas-de-fe-e-alegria\\\/#article\",\"isPartOf\":{\"@id\":\"https:\\\/\\\/www.feyalegria.org\\\/brasil\\\/atividades-de-conscientizacao-marcam-o-agosto-lilas-de-fe-e-alegria\\\/\"},\"author\":{\"name\":\"Laura Meurer\",\"@id\":\"https:\\\/\\\/www.feyalegria.org\\\/brasil\\\/#\\\/schema\\\/person\\\/f2c58927c54060575b9e7c44d31d16e9\"},\"headline\":\"Atividades de conscientiza\u00e7\u00e3o marcam o Agosto Lil\u00e1s de F\u00e9 e Alegria\",\"datePublished\":\"2024-08-30T21:43:48+00:00\",\"dateModified\":\"2024-08-30T22:21:35+00:00\",\"mainEntityOfPage\":{\"@id\":\"https:\\\/\\\/www.feyalegria.org\\\/brasil\\\/atividades-de-conscientizacao-marcam-o-agosto-lilas-de-fe-e-alegria\\\/\"},\"wordCount\":503,\"commentCount\":0,\"image\":{\"@id\":\"https:\\\/\\\/www.feyalegria.org\\\/brasil\\\/atividades-de-conscientizacao-marcam-o-agosto-lilas-de-fe-e-alegria\\\/#primaryimage\"},\"thumbnailUrl\":\"https:\\\/\\\/d3pugrm67vf9n7.cloudfront.net\\\/wp-content\\\/uploads\\\/sites\\\/23\\\/2024\\\/08\\\/30184235\\\/Banner-Home-Agosto-Lilas.png\",\"keywords\":[\"Agosto Lil\u00e1s\",\"Cultura de Paz\",\"F\u00e9 e Alegria\"],\"articleSection\":[\"Noticias\",\"Noticias\"],\"inLanguage\":\"es-CO\",\"potentialAction\":[{\"@type\":\"CommentAction\",\"name\":\"Comment\",\"target\":[\"https:\\\/\\\/www.feyalegria.org\\\/brasil\\\/atividades-de-conscientizacao-marcam-o-agosto-lilas-de-fe-e-alegria\\\/#respond\"]}]},{\"@type\":\"WebPage\",\"@id\":\"https:\\\/\\\/www.feyalegria.org\\\/brasil\\\/atividades-de-conscientizacao-marcam-o-agosto-lilas-de-fe-e-alegria\\\/\",\"url\":\"https:\\\/\\\/www.feyalegria.org\\\/brasil\\\/atividades-de-conscientizacao-marcam-o-agosto-lilas-de-fe-e-alegria\\\/\",\"name\":\"Atividades de conscientiza\u00e7\u00e3o marcam o Agosto Lil\u00e1s de F\u00e9 e Alegria - #SomosF\u00e9eAlegria en Brasil\",\"isPartOf\":{\"@id\":\"https:\\\/\\\/www.feyalegria.org\\\/brasil\\\/#website\"},\"primaryImageOfPage\":{\"@id\":\"https:\\\/\\\/www.feyalegria.org\\\/brasil\\\/atividades-de-conscientizacao-marcam-o-agosto-lilas-de-fe-e-alegria\\\/#primaryimage\"},\"image\":{\"@id\":\"https:\\\/\\\/www.feyalegria.org\\\/brasil\\\/atividades-de-conscientizacao-marcam-o-agosto-lilas-de-fe-e-alegria\\\/#primaryimage\"},\"thumbnailUrl\":\"https:\\\/\\\/d3pugrm67vf9n7.cloudfront.net\\\/wp-content\\\/uploads\\\/sites\\\/23\\\/2024\\\/08\\\/30184235\\\/Banner-Home-Agosto-Lilas.png\",\"datePublished\":\"2024-08-30T21:43:48+00:00\",\"dateModified\":\"2024-08-30T22:21:35+00:00\",\"author\":{\"@id\":\"https:\\\/\\\/www.feyalegria.org\\\/brasil\\\/#\\\/schema\\\/person\\\/f2c58927c54060575b9e7c44d31d16e9\"},\"inLanguage\":\"es-CO\",\"potentialAction\":[{\"@type\":\"ReadAction\",\"target\":[\"https:\\\/\\\/www.feyalegria.org\\\/brasil\\\/atividades-de-conscientizacao-marcam-o-agosto-lilas-de-fe-e-alegria\\\/\"]}]},{\"@type\":\"ImageObject\",\"inLanguage\":\"es-CO\",\"@id\":\"https:\\\/\\\/www.feyalegria.org\\\/brasil\\\/atividades-de-conscientizacao-marcam-o-agosto-lilas-de-fe-e-alegria\\\/#primaryimage\",\"url\":\"https:\\\/\\\/d3pugrm67vf9n7.cloudfront.net\\\/wp-content\\\/uploads\\\/sites\\\/23\\\/2024\\\/08\\\/30184235\\\/Banner-Home-Agosto-Lilas.png\",\"contentUrl\":\"https:\\\/\\\/d3pugrm67vf9n7.cloudfront.net\\\/wp-content\\\/uploads\\\/sites\\\/23\\\/2024\\\/08\\\/30184235\\\/Banner-Home-Agosto-Lilas.png\",\"width\":1000,\"height\":500},{\"@type\":\"WebSite\",\"@id\":\"https:\\\/\\\/www.feyalegria.org\\\/brasil\\\/#website\",\"url\":\"https:\\\/\\\/www.feyalegria.org\\\/brasil\\\/\",\"name\":\"#SomosF\u00e9eAlegria en Brasil\",\"description\":\"\",\"potentialAction\":[{\"@type\":\"SearchAction\",\"target\":{\"@type\":\"EntryPoint\",\"urlTemplate\":\"https:\\\/\\\/www.feyalegria.org\\\/brasil\\\/?s={search_term_string}\"},\"query-input\":{\"@type\":\"PropertyValueSpecification\",\"valueRequired\":true,\"valueName\":\"search_term_string\"}}],\"inLanguage\":\"es-CO\"},{\"@type\":\"Person\",\"@id\":\"https:\\\/\\\/www.feyalegria.org\\\/brasil\\\/#\\\/schema\\\/person\\\/f2c58927c54060575b9e7c44d31d16e9\",\"name\":\"Laura Meurer\",\"url\":\"https:\\\/\\\/www.feyalegria.org\\\/brasil\\\/author\\\/adminbr02\\\/\"}]}<\/script>\n<!-- \/ Yoast SEO plugin. -->","yoast_head_json":{"title":"Atividades de conscientiza\u00e7\u00e3o marcam o Agosto Lil\u00e1s de F\u00e9 e Alegria - #SomosF\u00e9eAlegria en Brasil","robots":{"index":"index","follow":"follow","max-snippet":"max-snippet:-1","max-image-preview":"max-image-preview:large","max-video-preview":"max-video-preview:-1"},"canonical":"https:\/\/www.feyalegria.org\/brasil\/atividades-de-conscientizacao-marcam-o-agosto-lilas-de-fe-e-alegria\/","og_locale":"es_ES","og_type":"article","og_title":"Atividades de conscientiza\u00e7\u00e3o marcam o Agosto Lil\u00e1s de F\u00e9 e Alegria - #SomosF\u00e9eAlegria en Brasil","og_description":"[vc_row][vc_column][vc_column_text css=&#8221;&#8221;]Durante o m\u00eas de agosto, a conscientiza\u00e7\u00e3o e o enfrentamento \u00e0 viol\u00eancia contra a mulher esteve presente em diversas a\u00e7\u00f5es dos centros de F\u00e9 e Alegria pelo Brasil. Veja como o tema foi tratado em alguns deles: &nbsp; Jo\u00e3o Pessoa (PB) &nbsp; No centro de F\u00e9 e Alegria na capital paraibana, os educandos, colaboradores,","og_url":"https:\/\/www.feyalegria.org\/brasil\/atividades-de-conscientizacao-marcam-o-agosto-lilas-de-fe-e-alegria\/","og_site_name":"#SomosF\u00e9eAlegria en Brasil","article_published_time":"2024-08-30T21:43:48+00:00","article_modified_time":"2024-08-30T22:21:35+00:00","og_image":[{"width":1000,"height":500,"url":"https:\/\/d3pugrm67vf9n7.cloudfront.net\/wp-content\/uploads\/sites\/23\/2024\/08\/30184235\/Banner-Home-Agosto-Lilas.png","type":"image\/png"}],"author":"Laura Meurer","twitter_card":"summary_large_image","twitter_misc":{"Escrito por":"Laura Meurer","Tiempo de lectura":"6 minutos"},"schema":{"@context":"https:\/\/schema.org","@graph":[{"@type":"Article","@id":"https:\/\/www.feyalegria.org\/brasil\/atividades-de-conscientizacao-marcam-o-agosto-lilas-de-fe-e-alegria\/#article","isPartOf":{"@id":"https:\/\/www.feyalegria.org\/brasil\/atividades-de-conscientizacao-marcam-o-agosto-lilas-de-fe-e-alegria\/"},"author":{"name":"Laura Meurer","@id":"https:\/\/www.feyalegria.org\/brasil\/#\/schema\/person\/f2c58927c54060575b9e7c44d31d16e9"},"headline":"Atividades de conscientiza\u00e7\u00e3o marcam o Agosto Lil\u00e1s de F\u00e9 e Alegria","datePublished":"2024-08-30T21:43:48+00:00","dateModified":"2024-08-30T22:21:35+00:00","mainEntityOfPage":{"@id":"https:\/\/www.feyalegria.org\/brasil\/atividades-de-conscientizacao-marcam-o-agosto-lilas-de-fe-e-alegria\/"},"wordCount":503,"commentCount":0,"image":{"@id":"https:\/\/www.feyalegria.org\/brasil\/atividades-de-conscientizacao-marcam-o-agosto-lilas-de-fe-e-alegria\/#primaryimage"},"thumbnailUrl":"https:\/\/d3pugrm67vf9n7.cloudfront.net\/wp-content\/uploads\/sites\/23\/2024\/08\/30184235\/Banner-Home-Agosto-Lilas.png","keywords":["Agosto Lil\u00e1s","Cultura de Paz","F\u00e9 e Alegria"],"articleSection":["Noticias","Noticias"],"inLanguage":"es-CO","potentialAction":[{"@type":"CommentAction","name":"Comment","target":["https:\/\/www.feyalegria.org\/brasil\/atividades-de-conscientizacao-marcam-o-agosto-lilas-de-fe-e-alegria\/#respond"]}]},{"@type":"WebPage","@id":"https:\/\/www.feyalegria.org\/brasil\/atividades-de-conscientizacao-marcam-o-agosto-lilas-de-fe-e-alegria\/","url":"https:\/\/www.feyalegria.org\/brasil\/atividades-de-conscientizacao-marcam-o-agosto-lilas-de-fe-e-alegria\/","name":"Atividades de conscientiza\u00e7\u00e3o marcam o Agosto Lil\u00e1s de F\u00e9 e Alegria - #SomosF\u00e9eAlegria en Brasil","isPartOf":{"@id":"https:\/\/www.feyalegria.org\/brasil\/#website"},"primaryImageOfPage":{"@id":"https:\/\/www.feyalegria.org\/brasil\/atividades-de-conscientizacao-marcam-o-agosto-lilas-de-fe-e-alegria\/#primaryimage"},"image":{"@id":"https:\/\/www.feyalegria.org\/brasil\/atividades-de-conscientizacao-marcam-o-agosto-lilas-de-fe-e-alegria\/#primaryimage"},"thumbnailUrl":"https:\/\/d3pugrm67vf9n7.cloudfront.net\/wp-content\/uploads\/sites\/23\/2024\/08\/30184235\/Banner-Home-Agosto-Lilas.png","datePublished":"2024-08-30T21:43:48+00:00","dateModified":"2024-08-30T22:21:35+00:00","author":{"@id":"https:\/\/www.feyalegria.org\/brasil\/#\/schema\/person\/f2c58927c54060575b9e7c44d31d16e9"},"inLanguage":"es-CO","potentialAction":[{"@type":"ReadAction","target":["https:\/\/www.feyalegria.org\/brasil\/atividades-de-conscientizacao-marcam-o-agosto-lilas-de-fe-e-alegria\/"]}]},{"@type":"ImageObject","inLanguage":"es-CO","@id":"https:\/\/www.feyalegria.org\/brasil\/atividades-de-conscientizacao-marcam-o-agosto-lilas-de-fe-e-alegria\/#primaryimage","url":"https:\/\/d3pugrm67vf9n7.cloudfront.net\/wp-content\/uploads\/sites\/23\/2024\/08\/30184235\/Banner-Home-Agosto-Lilas.png","contentUrl":"https:\/\/d3pugrm67vf9n7.cloudfront.net\/wp-content\/uploads\/sites\/23\/2024\/08\/30184235\/Banner-Home-Agosto-Lilas.png","width":1000,"height":500},{"@type":"WebSite","@id":"https:\/\/www.feyalegria.org\/brasil\/#website","url":"https:\/\/www.feyalegria.org\/brasil\/","name":"#SomosF\u00e9eAlegria en Brasil","description":"","potentialAction":[{"@type":"SearchAction","target":{"@type":"EntryPoint","urlTemplate":"https:\/\/www.feyalegria.org\/brasil\/?s={search_term_string}"},"query-input":{"@type":"PropertyValueSpecification","valueRequired":true,"valueName":"search_term_string"}}],"inLanguage":"es-CO"},{"@type":"Person","@id":"https:\/\/www.feyalegria.org\/brasil\/#\/schema\/person\/f2c58927c54060575b9e7c44d31d16e9","name":"Laura Meurer","url":"https:\/\/www.feyalegria.org\/brasil\/author\/adminbr02\/"}]}},"_links":{"self":[{"href":"https:\/\/www.feyalegria.org\/brasil\/wp-json\/wp\/v2\/posts\/28376","targetHints":{"allow":["GET"]}}],"collection":[{"href":"https:\/\/www.feyalegria.org\/brasil\/wp-json\/wp\/v2\/posts"}],"about":[{"href":"https:\/\/www.feyalegria.org\/brasil\/wp-json\/wp\/v2\/types\/post"}],"author":[{"embeddable":true,"href":"https:\/\/www.feyalegria.org\/brasil\/wp-json\/wp\/v2\/users\/68"}],"replies":[{"embeddable":true,"href":"https:\/\/www.feyalegria.org\/brasil\/wp-json\/wp\/v2\/comments?post=28376"}],"version-history":[{"count":0,"href":"https:\/\/www.feyalegria.org\/brasil\/wp-json\/wp\/v2\/posts\/28376\/revisions"}],"wp:featuredmedia":[{"embeddable":true,"href":"https:\/\/www.feyalegria.org\/brasil\/wp-json\/wp\/v2\/media\/28377"}],"wp:attachment":[{"href":"https:\/\/www.feyalegria.org\/brasil\/wp-json\/wp\/v2\/media?parent=28376"}],"wp:term":[{"taxonomy":"category","embeddable":true,"href":"https:\/\/www.feyalegria.org\/brasil\/wp-json\/wp\/v2\/categories?post=28376"},{"taxonomy":"post_tag","embeddable":true,"href":"https:\/\/www.feyalegria.org\/brasil\/wp-json\/wp\/v2\/tags?post=28376"},{"taxonomy":"post_folder","embeddable":true,"href":"https:\/\/www.feyalegria.org\/brasil\/wp-json\/wp\/v2\/post_folder?post=28376"}],"curies":[{"name":"wp","href":"https:\/\/api.w.org\/{rel}","templated":true}]}}