{"id":28435,"date":"2024-09-13T18:03:55","date_gmt":"2024-09-13T21:03:55","guid":{"rendered":"https:\/\/www.feyalegria.org\/brasil\/?p=28435"},"modified":"2024-09-13T18:12:47","modified_gmt":"2024-09-13T21:12:47","slug":"fundacao-fe-e-alegria-aborda-desafios-sociais-e-educacionais-na-bienal-do-livro-de-sao-paulo","status":"publish","type":"post","link":"https:\/\/www.feyalegria.org\/brasil\/fundacao-fe-e-alegria-aborda-desafios-sociais-e-educacionais-na-bienal-do-livro-de-sao-paulo\/","title":{"rendered":"Funda\u00e7\u00e3o F\u00e9 e Alegria aborda desafios sociais e educacionais na Bienal do Livro de S\u00e3o Paulo"},"content":{"rendered":"<p><span style=\"font-weight: 400;\"><img loading=\"lazy\" decoding=\"async\" class=\"size-full wp-image-28436 aligncenter\" src=\"https:\/\/d3pugrm67vf9n7.cloudfront.net\/wp-content\/uploads\/sites\/23\/2024\/09\/13180050\/Home-Bienal.jpg\" alt=\"\" width=\"1000\" height=\"500\" srcset=\"https:\/\/d3pugrm67vf9n7.cloudfront.net\/wp-content\/uploads\/sites\/23\/2024\/09\/13180050\/Home-Bienal.jpg 1000w, https:\/\/d3pugrm67vf9n7.cloudfront.net\/wp-content\/uploads\/sites\/23\/2024\/09\/13180050\/Home-Bienal-300x150.jpg 300w, https:\/\/d3pugrm67vf9n7.cloudfront.net\/wp-content\/uploads\/sites\/23\/2024\/09\/13180050\/Home-Bienal-768x384.jpg 768w\" sizes=\"auto, (max-width: 1000px) 100vw, 1000px\" \/><\/span><\/p>\n<p>&nbsp;<\/p>\n<p><span style=\"font-weight: 400;\">Na tarde desta quinta-feira (12), o Espa\u00e7o Educa\u00e7\u00e3o da 27\u00aa Bienal Internacional do Livro de S\u00e3o Paulo recebeu a Prof\u00aa Mari\u00e2ngela Ris\u00e9rio D\u2019Almeida, coordenadora pedag\u00f3gica nacional da Funda\u00e7\u00e3o F\u00e9 e Alegria do Brasil, e o Pe. Alexandre Raimundo de Souza, diretor-presidente da Funda\u00e7\u00e3o. Juntos, eles apresentaram o tema <\/span><i><span style=\"font-weight: 400;\">Transforma\u00e7\u00e3o de realidades sociais<\/span><\/i><span style=\"font-weight: 400;\">, ressaltando o trabalho da Funda\u00e7\u00e3o como um exemplo de sucesso em projetos educacionais no Brasil.<\/span><\/p>\n<p>&nbsp;<\/p>\n<p><span style=\"font-weight: 400;\">Al\u00e9m de destacar a educa\u00e7\u00e3o como uma ferramenta essencial para o empoderamento e a transforma\u00e7\u00e3o social, Mari\u00e2ngela abordou quest\u00f5es fundamentais como o contexto atual de desigualdades e vulnerabilidades. Ela discutiu os principais motivos para a evas\u00e3o escolar, incluindo a falta de apoio familiar, condi\u00e7\u00f5es socioecon\u00f4micas desfavor\u00e1veis e desmotiva\u00e7\u00e3o, e trouxe \u00e0 tona a quest\u00e3o do abuso sexual decrian\u00e7as e adolescentes, enfatizando o impacto devastador que esses problemas t\u00eam no desenvolvimento das novas gera\u00e7\u00f5es.<\/span><\/p>\n<p>&nbsp;<\/p>\n<p><span style=\"font-weight: 400;\">Pe. Alexandre refor\u00e7ou a import\u00e2ncia de ensinar as crian\u00e7as a serem protagonistas desde cedo e a se envolverem ativamente em suas comunidades, ressaltando o papel da Funda\u00e7\u00e3o F\u00e9 e Alegria como um coletivo comprometido com a transforma\u00e7\u00e3o social por meio da educa\u00e7\u00e3o. &#8220;\u00c9 um sonho que se constr\u00f3i coletivamente: ajudar as pessoas a ocupar o seu lugar e construir a educa\u00e7\u00e3o popular&#8221;, afirmou o Pe. Alexandre, destacando o valor da educa\u00e7\u00e3o na promo\u00e7\u00e3o de justi\u00e7a e igualdade.<\/span><\/p>\n<p>&nbsp;<\/p>\n<p><span style=\"font-weight: 400;\">A apresenta\u00e7\u00e3o reafirmou o compromisso da Funda\u00e7\u00e3o em enfrentar esses desafios e promover uma educa\u00e7\u00e3o inclusiva e transformadora nas regi\u00f5es mais vulner\u00e1veis do Brasil.<\/span><span style=\"font-weight: 400;\"><br \/>\n<\/span><\/p>\n","protected":false},"excerpt":{"rendered":"<p>&nbsp; Na tarde desta quinta-feira (12), o Espa\u00e7o Educa\u00e7\u00e3o da 27\u00aa Bienal Internacional do Livro de S\u00e3o Paulo recebeu a Prof\u00aa Mari\u00e2ngela Ris\u00e9rio D\u2019Almeida, coordenadora pedag\u00f3gica nacional da Funda\u00e7\u00e3o F\u00e9 e Alegria do Brasil, e o Pe. Alexandre Raimundo de Souza, diretor-presidente da Funda\u00e7\u00e3o. Juntos, eles apresentaram o tema Transforma\u00e7\u00e3o de realidades sociais, ressaltando o<\/p>\n","protected":false},"author":68,"featured_media":28440,"comment_status":"open","ping_status":"open","sticky":false,"template":"","format":"standard","meta":{"_acf_changed":false,"footnotes":""},"categories":[183,432],"tags":[898,667,408,812],"post_folder":[],"class_list":["post-28435","post","type-post","status-publish","format-standard","has-post-thumbnail","hentry","category-noticias","category-noticias-pt","tag-bienal-do-livro","tag-educacao","tag-fe-e-alegria","tag-transformacao-social"],"acf":[],"yoast_head":"<!-- This site is optimized with the Yoast SEO plugin v27.5 - https:\/\/yoast.com\/product\/yoast-seo-wordpress\/ -->\n<title>Funda\u00e7\u00e3o F\u00e9 e Alegria aborda desafios sociais e educacionais na Bienal do Livro de S\u00e3o Paulo - #SomosF\u00e9eAlegria en Brasil<\/title>\n<meta name=\"robots\" content=\"index, follow, max-snippet:-1, max-image-preview:large, max-video-preview:-1\" \/>\n<link rel=\"canonical\" href=\"https:\/\/www.feyalegria.org\/brasil\/fundacao-fe-e-alegria-aborda-desafios-sociais-e-educacionais-na-bienal-do-livro-de-sao-paulo\/\" \/>\n<meta property=\"og:locale\" content=\"es_ES\" \/>\n<meta property=\"og:type\" content=\"article\" \/>\n<meta property=\"og:title\" content=\"Funda\u00e7\u00e3o F\u00e9 e Alegria aborda desafios sociais e educacionais na Bienal do Livro de S\u00e3o Paulo - #SomosF\u00e9eAlegria en Brasil\" \/>\n<meta property=\"og:description\" content=\"&nbsp; Na tarde desta quinta-feira (12), o Espa\u00e7o Educa\u00e7\u00e3o da 27\u00aa Bienal Internacional do Livro de S\u00e3o Paulo recebeu a Prof\u00aa Mari\u00e2ngela Ris\u00e9rio D\u2019Almeida, coordenadora pedag\u00f3gica nacional da Funda\u00e7\u00e3o F\u00e9 e Alegria do Brasil, e o Pe. Alexandre Raimundo de Souza, diretor-presidente da Funda\u00e7\u00e3o. Juntos, eles apresentaram o tema Transforma\u00e7\u00e3o de realidades sociais, ressaltando o\" \/>\n<meta property=\"og:url\" content=\"https:\/\/www.feyalegria.org\/brasil\/fundacao-fe-e-alegria-aborda-desafios-sociais-e-educacionais-na-bienal-do-livro-de-sao-paulo\/\" \/>\n<meta property=\"og:site_name\" content=\"#SomosF\u00e9eAlegria en Brasil\" \/>\n<meta property=\"article:published_time\" content=\"2024-09-13T21:03:55+00:00\" \/>\n<meta property=\"article:modified_time\" content=\"2024-09-13T21:12:47+00:00\" \/>\n<meta property=\"og:image\" content=\"https:\/\/d3pugrm67vf9n7.cloudfront.net\/wp-content\/uploads\/sites\/23\/2024\/09\/13181216\/Banner-Home-bienal-Mariangela.png\" \/>\n\t<meta property=\"og:image:width\" content=\"1000\" \/>\n\t<meta property=\"og:image:height\" content=\"500\" \/>\n\t<meta property=\"og:image:type\" content=\"image\/png\" \/>\n<meta name=\"author\" content=\"Laura Meurer\" \/>\n<meta name=\"twitter:card\" content=\"summary_large_image\" \/>\n<meta name=\"twitter:label1\" content=\"Escrito por\" \/>\n\t<meta name=\"twitter:data1\" content=\"Laura Meurer\" \/>\n\t<meta name=\"twitter:label2\" content=\"Tiempo de lectura\" \/>\n\t<meta name=\"twitter:data2\" content=\"2 minutos\" \/>\n<script type=\"application\/ld+json\" class=\"yoast-schema-graph\">{\"@context\":\"https:\\\/\\\/schema.org\",\"@graph\":[{\"@type\":\"Article\",\"@id\":\"https:\\\/\\\/www.feyalegria.org\\\/brasil\\\/fundacao-fe-e-alegria-aborda-desafios-sociais-e-educacionais-na-bienal-do-livro-de-sao-paulo\\\/#article\",\"isPartOf\":{\"@id\":\"https:\\\/\\\/www.feyalegria.org\\\/brasil\\\/fundacao-fe-e-alegria-aborda-desafios-sociais-e-educacionais-na-bienal-do-livro-de-sao-paulo\\\/\"},\"author\":{\"name\":\"Laura Meurer\",\"@id\":\"https:\\\/\\\/www.feyalegria.org\\\/brasil\\\/#\\\/schema\\\/person\\\/f2c58927c54060575b9e7c44d31d16e9\"},\"headline\":\"Funda\u00e7\u00e3o F\u00e9 e Alegria aborda desafios sociais e educacionais na Bienal do Livro de S\u00e3o Paulo\",\"datePublished\":\"2024-09-13T21:03:55+00:00\",\"dateModified\":\"2024-09-13T21:12:47+00:00\",\"mainEntityOfPage\":{\"@id\":\"https:\\\/\\\/www.feyalegria.org\\\/brasil\\\/fundacao-fe-e-alegria-aborda-desafios-sociais-e-educacionais-na-bienal-do-livro-de-sao-paulo\\\/\"},\"wordCount\":300,\"commentCount\":0,\"image\":{\"@id\":\"https:\\\/\\\/www.feyalegria.org\\\/brasil\\\/fundacao-fe-e-alegria-aborda-desafios-sociais-e-educacionais-na-bienal-do-livro-de-sao-paulo\\\/#primaryimage\"},\"thumbnailUrl\":\"https:\\\/\\\/d3pugrm67vf9n7.cloudfront.net\\\/wp-content\\\/uploads\\\/sites\\\/23\\\/2024\\\/09\\\/13181216\\\/Banner-Home-bienal-Mariangela.png\",\"keywords\":[\"Bienal do Livro\",\"educa\u00e7\u00e3o\",\"F\u00e9 e Alegria\",\"transforma\u00e7\u00e3o social\"],\"articleSection\":[\"Noticias\",\"Noticias\"],\"inLanguage\":\"es-CO\",\"potentialAction\":[{\"@type\":\"CommentAction\",\"name\":\"Comment\",\"target\":[\"https:\\\/\\\/www.feyalegria.org\\\/brasil\\\/fundacao-fe-e-alegria-aborda-desafios-sociais-e-educacionais-na-bienal-do-livro-de-sao-paulo\\\/#respond\"]}]},{\"@type\":\"WebPage\",\"@id\":\"https:\\\/\\\/www.feyalegria.org\\\/brasil\\\/fundacao-fe-e-alegria-aborda-desafios-sociais-e-educacionais-na-bienal-do-livro-de-sao-paulo\\\/\",\"url\":\"https:\\\/\\\/www.feyalegria.org\\\/brasil\\\/fundacao-fe-e-alegria-aborda-desafios-sociais-e-educacionais-na-bienal-do-livro-de-sao-paulo\\\/\",\"name\":\"Funda\u00e7\u00e3o F\u00e9 e Alegria aborda desafios sociais e educacionais na Bienal do Livro de S\u00e3o Paulo - #SomosF\u00e9eAlegria en Brasil\",\"isPartOf\":{\"@id\":\"https:\\\/\\\/www.feyalegria.org\\\/brasil\\\/#website\"},\"primaryImageOfPage\":{\"@id\":\"https:\\\/\\\/www.feyalegria.org\\\/brasil\\\/fundacao-fe-e-alegria-aborda-desafios-sociais-e-educacionais-na-bienal-do-livro-de-sao-paulo\\\/#primaryimage\"},\"image\":{\"@id\":\"https:\\\/\\\/www.feyalegria.org\\\/brasil\\\/fundacao-fe-e-alegria-aborda-desafios-sociais-e-educacionais-na-bienal-do-livro-de-sao-paulo\\\/#primaryimage\"},\"thumbnailUrl\":\"https:\\\/\\\/d3pugrm67vf9n7.cloudfront.net\\\/wp-content\\\/uploads\\\/sites\\\/23\\\/2024\\\/09\\\/13181216\\\/Banner-Home-bienal-Mariangela.png\",\"datePublished\":\"2024-09-13T21:03:55+00:00\",\"dateModified\":\"2024-09-13T21:12:47+00:00\",\"author\":{\"@id\":\"https:\\\/\\\/www.feyalegria.org\\\/brasil\\\/#\\\/schema\\\/person\\\/f2c58927c54060575b9e7c44d31d16e9\"},\"inLanguage\":\"es-CO\",\"potentialAction\":[{\"@type\":\"ReadAction\",\"target\":[\"https:\\\/\\\/www.feyalegria.org\\\/brasil\\\/fundacao-fe-e-alegria-aborda-desafios-sociais-e-educacionais-na-bienal-do-livro-de-sao-paulo\\\/\"]}]},{\"@type\":\"ImageObject\",\"inLanguage\":\"es-CO\",\"@id\":\"https:\\\/\\\/www.feyalegria.org\\\/brasil\\\/fundacao-fe-e-alegria-aborda-desafios-sociais-e-educacionais-na-bienal-do-livro-de-sao-paulo\\\/#primaryimage\",\"url\":\"https:\\\/\\\/d3pugrm67vf9n7.cloudfront.net\\\/wp-content\\\/uploads\\\/sites\\\/23\\\/2024\\\/09\\\/13181216\\\/Banner-Home-bienal-Mariangela.png\",\"contentUrl\":\"https:\\\/\\\/d3pugrm67vf9n7.cloudfront.net\\\/wp-content\\\/uploads\\\/sites\\\/23\\\/2024\\\/09\\\/13181216\\\/Banner-Home-bienal-Mariangela.png\",\"width\":1000,\"height\":500},{\"@type\":\"WebSite\",\"@id\":\"https:\\\/\\\/www.feyalegria.org\\\/brasil\\\/#website\",\"url\":\"https:\\\/\\\/www.feyalegria.org\\\/brasil\\\/\",\"name\":\"#SomosF\u00e9eAlegria en Brasil\",\"description\":\"\",\"potentialAction\":[{\"@type\":\"SearchAction\",\"target\":{\"@type\":\"EntryPoint\",\"urlTemplate\":\"https:\\\/\\\/www.feyalegria.org\\\/brasil\\\/?s={search_term_string}\"},\"query-input\":{\"@type\":\"PropertyValueSpecification\",\"valueRequired\":true,\"valueName\":\"search_term_string\"}}],\"inLanguage\":\"es-CO\"},{\"@type\":\"Person\",\"@id\":\"https:\\\/\\\/www.feyalegria.org\\\/brasil\\\/#\\\/schema\\\/person\\\/f2c58927c54060575b9e7c44d31d16e9\",\"name\":\"Laura Meurer\",\"url\":\"https:\\\/\\\/www.feyalegria.org\\\/brasil\\\/author\\\/adminbr02\\\/\"}]}<\/script>\n<!-- \/ Yoast SEO plugin. -->","yoast_head_json":{"title":"Funda\u00e7\u00e3o F\u00e9 e Alegria aborda desafios sociais e educacionais na Bienal do Livro de S\u00e3o Paulo - #SomosF\u00e9eAlegria en Brasil","robots":{"index":"index","follow":"follow","max-snippet":"max-snippet:-1","max-image-preview":"max-image-preview:large","max-video-preview":"max-video-preview:-1"},"canonical":"https:\/\/www.feyalegria.org\/brasil\/fundacao-fe-e-alegria-aborda-desafios-sociais-e-educacionais-na-bienal-do-livro-de-sao-paulo\/","og_locale":"es_ES","og_type":"article","og_title":"Funda\u00e7\u00e3o F\u00e9 e Alegria aborda desafios sociais e educacionais na Bienal do Livro de S\u00e3o Paulo - #SomosF\u00e9eAlegria en Brasil","og_description":"&nbsp; Na tarde desta quinta-feira (12), o Espa\u00e7o Educa\u00e7\u00e3o da 27\u00aa Bienal Internacional do Livro de S\u00e3o Paulo recebeu a Prof\u00aa Mari\u00e2ngela Ris\u00e9rio D\u2019Almeida, coordenadora pedag\u00f3gica nacional da Funda\u00e7\u00e3o F\u00e9 e Alegria do Brasil, e o Pe. Alexandre Raimundo de Souza, diretor-presidente da Funda\u00e7\u00e3o. Juntos, eles apresentaram o tema Transforma\u00e7\u00e3o de realidades sociais, ressaltando o","og_url":"https:\/\/www.feyalegria.org\/brasil\/fundacao-fe-e-alegria-aborda-desafios-sociais-e-educacionais-na-bienal-do-livro-de-sao-paulo\/","og_site_name":"#SomosF\u00e9eAlegria en Brasil","article_published_time":"2024-09-13T21:03:55+00:00","article_modified_time":"2024-09-13T21:12:47+00:00","og_image":[{"width":1000,"height":500,"url":"https:\/\/d3pugrm67vf9n7.cloudfront.net\/wp-content\/uploads\/sites\/23\/2024\/09\/13181216\/Banner-Home-bienal-Mariangela.png","type":"image\/png"}],"author":"Laura Meurer","twitter_card":"summary_large_image","twitter_misc":{"Escrito por":"Laura Meurer","Tiempo de lectura":"2 minutos"},"schema":{"@context":"https:\/\/schema.org","@graph":[{"@type":"Article","@id":"https:\/\/www.feyalegria.org\/brasil\/fundacao-fe-e-alegria-aborda-desafios-sociais-e-educacionais-na-bienal-do-livro-de-sao-paulo\/#article","isPartOf":{"@id":"https:\/\/www.feyalegria.org\/brasil\/fundacao-fe-e-alegria-aborda-desafios-sociais-e-educacionais-na-bienal-do-livro-de-sao-paulo\/"},"author":{"name":"Laura Meurer","@id":"https:\/\/www.feyalegria.org\/brasil\/#\/schema\/person\/f2c58927c54060575b9e7c44d31d16e9"},"headline":"Funda\u00e7\u00e3o F\u00e9 e Alegria aborda desafios sociais e educacionais na Bienal do Livro de S\u00e3o Paulo","datePublished":"2024-09-13T21:03:55+00:00","dateModified":"2024-09-13T21:12:47+00:00","mainEntityOfPage":{"@id":"https:\/\/www.feyalegria.org\/brasil\/fundacao-fe-e-alegria-aborda-desafios-sociais-e-educacionais-na-bienal-do-livro-de-sao-paulo\/"},"wordCount":300,"commentCount":0,"image":{"@id":"https:\/\/www.feyalegria.org\/brasil\/fundacao-fe-e-alegria-aborda-desafios-sociais-e-educacionais-na-bienal-do-livro-de-sao-paulo\/#primaryimage"},"thumbnailUrl":"https:\/\/d3pugrm67vf9n7.cloudfront.net\/wp-content\/uploads\/sites\/23\/2024\/09\/13181216\/Banner-Home-bienal-Mariangela.png","keywords":["Bienal do Livro","educa\u00e7\u00e3o","F\u00e9 e Alegria","transforma\u00e7\u00e3o social"],"articleSection":["Noticias","Noticias"],"inLanguage":"es-CO","potentialAction":[{"@type":"CommentAction","name":"Comment","target":["https:\/\/www.feyalegria.org\/brasil\/fundacao-fe-e-alegria-aborda-desafios-sociais-e-educacionais-na-bienal-do-livro-de-sao-paulo\/#respond"]}]},{"@type":"WebPage","@id":"https:\/\/www.feyalegria.org\/brasil\/fundacao-fe-e-alegria-aborda-desafios-sociais-e-educacionais-na-bienal-do-livro-de-sao-paulo\/","url":"https:\/\/www.feyalegria.org\/brasil\/fundacao-fe-e-alegria-aborda-desafios-sociais-e-educacionais-na-bienal-do-livro-de-sao-paulo\/","name":"Funda\u00e7\u00e3o F\u00e9 e Alegria aborda desafios sociais e educacionais na Bienal do Livro de S\u00e3o Paulo - #SomosF\u00e9eAlegria en Brasil","isPartOf":{"@id":"https:\/\/www.feyalegria.org\/brasil\/#website"},"primaryImageOfPage":{"@id":"https:\/\/www.feyalegria.org\/brasil\/fundacao-fe-e-alegria-aborda-desafios-sociais-e-educacionais-na-bienal-do-livro-de-sao-paulo\/#primaryimage"},"image":{"@id":"https:\/\/www.feyalegria.org\/brasil\/fundacao-fe-e-alegria-aborda-desafios-sociais-e-educacionais-na-bienal-do-livro-de-sao-paulo\/#primaryimage"},"thumbnailUrl":"https:\/\/d3pugrm67vf9n7.cloudfront.net\/wp-content\/uploads\/sites\/23\/2024\/09\/13181216\/Banner-Home-bienal-Mariangela.png","datePublished":"2024-09-13T21:03:55+00:00","dateModified":"2024-09-13T21:12:47+00:00","author":{"@id":"https:\/\/www.feyalegria.org\/brasil\/#\/schema\/person\/f2c58927c54060575b9e7c44d31d16e9"},"inLanguage":"es-CO","potentialAction":[{"@type":"ReadAction","target":["https:\/\/www.feyalegria.org\/brasil\/fundacao-fe-e-alegria-aborda-desafios-sociais-e-educacionais-na-bienal-do-livro-de-sao-paulo\/"]}]},{"@type":"ImageObject","inLanguage":"es-CO","@id":"https:\/\/www.feyalegria.org\/brasil\/fundacao-fe-e-alegria-aborda-desafios-sociais-e-educacionais-na-bienal-do-livro-de-sao-paulo\/#primaryimage","url":"https:\/\/d3pugrm67vf9n7.cloudfront.net\/wp-content\/uploads\/sites\/23\/2024\/09\/13181216\/Banner-Home-bienal-Mariangela.png","contentUrl":"https:\/\/d3pugrm67vf9n7.cloudfront.net\/wp-content\/uploads\/sites\/23\/2024\/09\/13181216\/Banner-Home-bienal-Mariangela.png","width":1000,"height":500},{"@type":"WebSite","@id":"https:\/\/www.feyalegria.org\/brasil\/#website","url":"https:\/\/www.feyalegria.org\/brasil\/","name":"#SomosF\u00e9eAlegria en Brasil","description":"","potentialAction":[{"@type":"SearchAction","target":{"@type":"EntryPoint","urlTemplate":"https:\/\/www.feyalegria.org\/brasil\/?s={search_term_string}"},"query-input":{"@type":"PropertyValueSpecification","valueRequired":true,"valueName":"search_term_string"}}],"inLanguage":"es-CO"},{"@type":"Person","@id":"https:\/\/www.feyalegria.org\/brasil\/#\/schema\/person\/f2c58927c54060575b9e7c44d31d16e9","name":"Laura Meurer","url":"https:\/\/www.feyalegria.org\/brasil\/author\/adminbr02\/"}]}},"_links":{"self":[{"href":"https:\/\/www.feyalegria.org\/brasil\/wp-json\/wp\/v2\/posts\/28435","targetHints":{"allow":["GET"]}}],"collection":[{"href":"https:\/\/www.feyalegria.org\/brasil\/wp-json\/wp\/v2\/posts"}],"about":[{"href":"https:\/\/www.feyalegria.org\/brasil\/wp-json\/wp\/v2\/types\/post"}],"author":[{"embeddable":true,"href":"https:\/\/www.feyalegria.org\/brasil\/wp-json\/wp\/v2\/users\/68"}],"replies":[{"embeddable":true,"href":"https:\/\/www.feyalegria.org\/brasil\/wp-json\/wp\/v2\/comments?post=28435"}],"version-history":[{"count":0,"href":"https:\/\/www.feyalegria.org\/brasil\/wp-json\/wp\/v2\/posts\/28435\/revisions"}],"wp:featuredmedia":[{"embeddable":true,"href":"https:\/\/www.feyalegria.org\/brasil\/wp-json\/wp\/v2\/media\/28440"}],"wp:attachment":[{"href":"https:\/\/www.feyalegria.org\/brasil\/wp-json\/wp\/v2\/media?parent=28435"}],"wp:term":[{"taxonomy":"category","embeddable":true,"href":"https:\/\/www.feyalegria.org\/brasil\/wp-json\/wp\/v2\/categories?post=28435"},{"taxonomy":"post_tag","embeddable":true,"href":"https:\/\/www.feyalegria.org\/brasil\/wp-json\/wp\/v2\/tags?post=28435"},{"taxonomy":"post_folder","embeddable":true,"href":"https:\/\/www.feyalegria.org\/brasil\/wp-json\/wp\/v2\/post_folder?post=28435"}],"curies":[{"name":"wp","href":"https:\/\/api.w.org\/{rel}","templated":true}]}}