 {"id":28465,"date":"2024-10-07T15:56:12","date_gmt":"2024-10-07T18:56:12","guid":{"rendered":"https:\/\/www.feyalegria.org\/brasil\/?p=28465"},"modified":"2024-10-07T16:56:08","modified_gmt":"2024-10-07T19:56:08","slug":"relatorio-anual-2023","status":"publish","type":"post","link":"https:\/\/www.feyalegria.org\/brasil\/relatorio-anual-2023\/","title":{"rendered":"Est\u00e1 no ar nosso Relat\u00f3rio Anual 2023!"},"content":{"rendered":"<p><span style=\"font-weight: 400;\"><a href=\"https:\/\/drive.google.com\/file\/d\/1tgNeXX4sk31R4iUbxejOBUU6auoOdeEI\/view\" target=\"_blank\" rel=\"noopener\"><img loading=\"lazy\" decoding=\"async\" class=\"alignright wp-image-28467\" src=\"https:\/\/d3pugrm67vf9n7.cloudfront.net\/wp-content\/uploads\/sites\/23\/2024\/10\/07155531\/relatorio-post2-1024x1024.png\" alt=\"\" width=\"500\" height=\"500\" srcset=\"https:\/\/d3pugrm67vf9n7.cloudfront.net\/wp-content\/uploads\/sites\/23\/2024\/10\/07155531\/relatorio-post2-1024x1024.png 1024w, https:\/\/d3pugrm67vf9n7.cloudfront.net\/wp-content\/uploads\/sites\/23\/2024\/10\/07155531\/relatorio-post2-300x300.png 300w, https:\/\/d3pugrm67vf9n7.cloudfront.net\/wp-content\/uploads\/sites\/23\/2024\/10\/07155531\/relatorio-post2-150x150.png 150w, https:\/\/d3pugrm67vf9n7.cloudfront.net\/wp-content\/uploads\/sites\/23\/2024\/10\/07155531\/relatorio-post2-768x768.png 768w, https:\/\/d3pugrm67vf9n7.cloudfront.net\/wp-content\/uploads\/sites\/23\/2024\/10\/07155531\/relatorio-post2.png 1080w\" sizes=\"auto, (max-width: 500px) 100vw, 500px\" \/><\/a>Conhe\u00e7a as a\u00e7\u00f5es, servi\u00e7os e projetos da Funda\u00e7\u00e3o F\u00e9 e Alegria do Brasil que, no \u00faltimo ano, ajudaram a transformar a vida de milhares de pessoas nos 14 estados brasileiros em que est\u00e1 presente, com seus 34 centros.\u00a0<\/span><\/p>\n<p>&nbsp;<\/p>\n<p><span style=\"font-weight: 400;\">Atendemos diretamente mais de 12 mil crian\u00e7as, adolescentes, jovens e adultos em situa\u00e7\u00e3o de vulnerabilidade e, de maneira indireta, impactamos positivamente a vida de mais de 24 mil pessoas. ,\u00a0<\/span><\/p>\n<p><span style=\"font-weight: 400;\">Leia nosso Relat\u00f3rio e veja o que foi realizado ao longo de 2023, para oferecer educa\u00e7\u00e3o de qualidade a quem mais precisa. Entre os destaques est\u00e3o nossa atua\u00e7\u00e3o junto \u00e0s mulheres, atividades de forma\u00e7\u00e3o para o trabalho e a ecologia integral, que permeia cada vez mais nosso fazer educativo de todos os dias.\u00a0<\/span><\/p>\n<p>&nbsp;<\/p>\n<p><span style=\"font-weight: 400;\">As hist\u00f3rias de vida das pessoas atendidas tamb\u00e9m s\u00e3o parte importante desse documento, pois nos ajudam a entender o resultado do trabalho na realidade de quem passa por nossos centros.\u00a0<\/span><\/p>\n<p>&nbsp;<\/p>\n<p><span style=\"font-weight: 400;\">Acesse: <\/span><a href=\"http:\/\/www.fealegria.org.br\/transparencia\"><span style=\"font-weight: 400;\">www.fealegria.org.br\/transparencia<\/span><\/a><span style=\"font-weight: 400;\">\u00a0<\/span><\/p>\n<p>&nbsp;<\/p>\n<p>&nbsp;<\/p>\n<p><span style=\"font-weight: 400;\">Obrigada por acompanhar nossa jornada de educa\u00e7\u00e3o e transforma\u00e7\u00e3o.\u00a0<\/span><\/p>\n<p>&nbsp;<\/p>\n","protected":false},"excerpt":{"rendered":"<p>Conhe\u00e7a as a\u00e7\u00f5es, servi\u00e7os e projetos da Funda\u00e7\u00e3o F\u00e9 e Alegria do Brasil que, no \u00faltimo ano, ajudaram a transformar a vida de milhares de pessoas nos 14 estados brasileiros em que est\u00e1 presente, com seus 34 centros.\u00a0 &nbsp; Atendemos diretamente mais de 12 mil crian\u00e7as, adolescentes, jovens e adultos em situa\u00e7\u00e3o de vulnerabilidade e,<\/p>\n","protected":false},"author":68,"featured_media":28471,"comment_status":"open","ping_status":"open","sticky":false,"template":"","format":"standard","meta":{"_acf_changed":false,"footnotes":""},"categories":[183,432],"tags":[667,408,906,904,902,812],"post_folder":[],"class_list":["post-28465","post","type-post","status-publish","format-standard","has-post-thumbnail","hentry","category-noticias","category-noticias-pt","tag-educacao","tag-fe-e-alegria","tag-fe-e-alegria-brasil","tag-relatorio-2023","tag-relatorio-anual","tag-transformacao-social"],"acf":[],"yoast_head":"<!-- This site is optimized with the Yoast SEO plugin v27.4 - https:\/\/yoast.com\/product\/yoast-seo-wordpress\/ -->\n<title>Est\u00e1 no ar nosso Relat\u00f3rio Anual 2023! - #SomosF\u00e9eAlegria en Brasil<\/title>\n<meta name=\"robots\" content=\"index, follow, max-snippet:-1, max-image-preview:large, max-video-preview:-1\" \/>\n<link rel=\"canonical\" href=\"https:\/\/www.feyalegria.org\/brasil\/relatorio-anual-2023\/\" \/>\n<meta property=\"og:locale\" content=\"es_ES\" \/>\n<meta property=\"og:type\" content=\"article\" \/>\n<meta property=\"og:title\" content=\"Est\u00e1 no ar nosso Relat\u00f3rio Anual 2023! - #SomosF\u00e9eAlegria en Brasil\" \/>\n<meta property=\"og:description\" content=\"Conhe\u00e7a as a\u00e7\u00f5es, servi\u00e7os e projetos da Funda\u00e7\u00e3o F\u00e9 e Alegria do Brasil que, no \u00faltimo ano, ajudaram a transformar a vida de milhares de pessoas nos 14 estados brasileiros em que est\u00e1 presente, com seus 34 centros.\u00a0 &nbsp; Atendemos diretamente mais de 12 mil crian\u00e7as, adolescentes, jovens e adultos em situa\u00e7\u00e3o de vulnerabilidade e,\" \/>\n<meta property=\"og:url\" content=\"https:\/\/www.feyalegria.org\/brasil\/relatorio-anual-2023\/\" \/>\n<meta property=\"og:site_name\" content=\"#SomosF\u00e9eAlegria en Brasil\" \/>\n<meta property=\"article:published_time\" content=\"2024-10-07T18:56:12+00:00\" \/>\n<meta property=\"article:modified_time\" content=\"2024-10-07T19:56:08+00:00\" \/>\n<meta property=\"og:image\" content=\"https:\/\/d3pugrm67vf9n7.cloudfront.net\/wp-content\/uploads\/sites\/23\/2024\/10\/07165057\/relatorio-banner-home-3.png\" \/>\n\t<meta property=\"og:image:width\" content=\"1001\" \/>\n\t<meta property=\"og:image:height\" content=\"501\" \/>\n\t<meta property=\"og:image:type\" content=\"image\/png\" \/>\n<meta name=\"author\" content=\"Laura Meurer\" \/>\n<meta name=\"twitter:card\" content=\"summary_large_image\" \/>\n<meta name=\"twitter:label1\" content=\"Escrito por\" \/>\n\t<meta name=\"twitter:data1\" content=\"Laura Meurer\" \/>\n\t<meta name=\"twitter:label2\" content=\"Tiempo de lectura\" \/>\n\t<meta name=\"twitter:data2\" content=\"2 minutos\" \/>\n<script type=\"application\/ld+json\" class=\"yoast-schema-graph\">{\"@context\":\"https:\\\/\\\/schema.org\",\"@graph\":[{\"@type\":\"Article\",\"@id\":\"https:\\\/\\\/www.feyalegria.org\\\/brasil\\\/relatorio-anual-2023\\\/#article\",\"isPartOf\":{\"@id\":\"https:\\\/\\\/www.feyalegria.org\\\/brasil\\\/relatorio-anual-2023\\\/\"},\"author\":{\"name\":\"Laura Meurer\",\"@id\":\"https:\\\/\\\/www.feyalegria.org\\\/brasil\\\/#\\\/schema\\\/person\\\/f2c58927c54060575b9e7c44d31d16e9\"},\"headline\":\"Est\u00e1 no ar nosso Relat\u00f3rio Anual 2023!\",\"datePublished\":\"2024-10-07T18:56:12+00:00\",\"dateModified\":\"2024-10-07T19:56:08+00:00\",\"mainEntityOfPage\":{\"@id\":\"https:\\\/\\\/www.feyalegria.org\\\/brasil\\\/relatorio-anual-2023\\\/\"},\"wordCount\":189,\"commentCount\":0,\"image\":{\"@id\":\"https:\\\/\\\/www.feyalegria.org\\\/brasil\\\/relatorio-anual-2023\\\/#primaryimage\"},\"thumbnailUrl\":\"https:\\\/\\\/d3pugrm67vf9n7.cloudfront.net\\\/wp-content\\\/uploads\\\/sites\\\/23\\\/2024\\\/10\\\/07165057\\\/relatorio-banner-home-3.png\",\"keywords\":[\"educa\u00e7\u00e3o\",\"F\u00e9 e Alegria\",\"F\u00e9 e Alegria Brasil\",\"Relat\u00f3rio 2023\",\"Relat\u00f3rio Anual\",\"transforma\u00e7\u00e3o social\"],\"articleSection\":[\"Noticias\",\"Noticias\"],\"inLanguage\":\"es-CO\",\"potentialAction\":[{\"@type\":\"CommentAction\",\"name\":\"Comment\",\"target\":[\"https:\\\/\\\/www.feyalegria.org\\\/brasil\\\/relatorio-anual-2023\\\/#respond\"]}]},{\"@type\":\"WebPage\",\"@id\":\"https:\\\/\\\/www.feyalegria.org\\\/brasil\\\/relatorio-anual-2023\\\/\",\"url\":\"https:\\\/\\\/www.feyalegria.org\\\/brasil\\\/relatorio-anual-2023\\\/\",\"name\":\"Est\u00e1 no ar nosso Relat\u00f3rio Anual 2023! - #SomosF\u00e9eAlegria en Brasil\",\"isPartOf\":{\"@id\":\"https:\\\/\\\/www.feyalegria.org\\\/brasil\\\/#website\"},\"primaryImageOfPage\":{\"@id\":\"https:\\\/\\\/www.feyalegria.org\\\/brasil\\\/relatorio-anual-2023\\\/#primaryimage\"},\"image\":{\"@id\":\"https:\\\/\\\/www.feyalegria.org\\\/brasil\\\/relatorio-anual-2023\\\/#primaryimage\"},\"thumbnailUrl\":\"https:\\\/\\\/d3pugrm67vf9n7.cloudfront.net\\\/wp-content\\\/uploads\\\/sites\\\/23\\\/2024\\\/10\\\/07165057\\\/relatorio-banner-home-3.png\",\"datePublished\":\"2024-10-07T18:56:12+00:00\",\"dateModified\":\"2024-10-07T19:56:08+00:00\",\"author\":{\"@id\":\"https:\\\/\\\/www.feyalegria.org\\\/brasil\\\/#\\\/schema\\\/person\\\/f2c58927c54060575b9e7c44d31d16e9\"},\"inLanguage\":\"es-CO\",\"potentialAction\":[{\"@type\":\"ReadAction\",\"target\":[\"https:\\\/\\\/www.feyalegria.org\\\/brasil\\\/relatorio-anual-2023\\\/\"]}]},{\"@type\":\"ImageObject\",\"inLanguage\":\"es-CO\",\"@id\":\"https:\\\/\\\/www.feyalegria.org\\\/brasil\\\/relatorio-anual-2023\\\/#primaryimage\",\"url\":\"https:\\\/\\\/d3pugrm67vf9n7.cloudfront.net\\\/wp-content\\\/uploads\\\/sites\\\/23\\\/2024\\\/10\\\/07165057\\\/relatorio-banner-home-3.png\",\"contentUrl\":\"https:\\\/\\\/d3pugrm67vf9n7.cloudfront.net\\\/wp-content\\\/uploads\\\/sites\\\/23\\\/2024\\\/10\\\/07165057\\\/relatorio-banner-home-3.png\",\"width\":1001,\"height\":501},{\"@type\":\"WebSite\",\"@id\":\"https:\\\/\\\/www.feyalegria.org\\\/brasil\\\/#website\",\"url\":\"https:\\\/\\\/www.feyalegria.org\\\/brasil\\\/\",\"name\":\"#SomosF\u00e9eAlegria en Brasil\",\"description\":\"\",\"potentialAction\":[{\"@type\":\"SearchAction\",\"target\":{\"@type\":\"EntryPoint\",\"urlTemplate\":\"https:\\\/\\\/www.feyalegria.org\\\/brasil\\\/?s={search_term_string}\"},\"query-input\":{\"@type\":\"PropertyValueSpecification\",\"valueRequired\":true,\"valueName\":\"search_term_string\"}}],\"inLanguage\":\"es-CO\"},{\"@type\":\"Person\",\"@id\":\"https:\\\/\\\/www.feyalegria.org\\\/brasil\\\/#\\\/schema\\\/person\\\/f2c58927c54060575b9e7c44d31d16e9\",\"name\":\"Laura Meurer\",\"url\":\"https:\\\/\\\/www.feyalegria.org\\\/brasil\\\/author\\\/adminbr02\\\/\"}]}<\/script>\n<!-- \/ Yoast SEO plugin. -->","yoast_head_json":{"title":"Est\u00e1 no ar nosso Relat\u00f3rio Anual 2023! - #SomosF\u00e9eAlegria en Brasil","robots":{"index":"index","follow":"follow","max-snippet":"max-snippet:-1","max-image-preview":"max-image-preview:large","max-video-preview":"max-video-preview:-1"},"canonical":"https:\/\/www.feyalegria.org\/brasil\/relatorio-anual-2023\/","og_locale":"es_ES","og_type":"article","og_title":"Est\u00e1 no ar nosso Relat\u00f3rio Anual 2023! - #SomosF\u00e9eAlegria en Brasil","og_description":"Conhe\u00e7a as a\u00e7\u00f5es, servi\u00e7os e projetos da Funda\u00e7\u00e3o F\u00e9 e Alegria do Brasil que, no \u00faltimo ano, ajudaram a transformar a vida de milhares de pessoas nos 14 estados brasileiros em que est\u00e1 presente, com seus 34 centros.\u00a0 &nbsp; Atendemos diretamente mais de 12 mil crian\u00e7as, adolescentes, jovens e adultos em situa\u00e7\u00e3o de vulnerabilidade e,","og_url":"https:\/\/www.feyalegria.org\/brasil\/relatorio-anual-2023\/","og_site_name":"#SomosF\u00e9eAlegria en Brasil","article_published_time":"2024-10-07T18:56:12+00:00","article_modified_time":"2024-10-07T19:56:08+00:00","og_image":[{"width":1001,"height":501,"url":"https:\/\/d3pugrm67vf9n7.cloudfront.net\/wp-content\/uploads\/sites\/23\/2024\/10\/07165057\/relatorio-banner-home-3.png","type":"image\/png"}],"author":"Laura Meurer","twitter_card":"summary_large_image","twitter_misc":{"Escrito por":"Laura Meurer","Tiempo de lectura":"2 minutos"},"schema":{"@context":"https:\/\/schema.org","@graph":[{"@type":"Article","@id":"https:\/\/www.feyalegria.org\/brasil\/relatorio-anual-2023\/#article","isPartOf":{"@id":"https:\/\/www.feyalegria.org\/brasil\/relatorio-anual-2023\/"},"author":{"name":"Laura Meurer","@id":"https:\/\/www.feyalegria.org\/brasil\/#\/schema\/person\/f2c58927c54060575b9e7c44d31d16e9"},"headline":"Est\u00e1 no ar nosso Relat\u00f3rio Anual 2023!","datePublished":"2024-10-07T18:56:12+00:00","dateModified":"2024-10-07T19:56:08+00:00","mainEntityOfPage":{"@id":"https:\/\/www.feyalegria.org\/brasil\/relatorio-anual-2023\/"},"wordCount":189,"commentCount":0,"image":{"@id":"https:\/\/www.feyalegria.org\/brasil\/relatorio-anual-2023\/#primaryimage"},"thumbnailUrl":"https:\/\/d3pugrm67vf9n7.cloudfront.net\/wp-content\/uploads\/sites\/23\/2024\/10\/07165057\/relatorio-banner-home-3.png","keywords":["educa\u00e7\u00e3o","F\u00e9 e Alegria","F\u00e9 e Alegria Brasil","Relat\u00f3rio 2023","Relat\u00f3rio Anual","transforma\u00e7\u00e3o social"],"articleSection":["Noticias","Noticias"],"inLanguage":"es-CO","potentialAction":[{"@type":"CommentAction","name":"Comment","target":["https:\/\/www.feyalegria.org\/brasil\/relatorio-anual-2023\/#respond"]}]},{"@type":"WebPage","@id":"https:\/\/www.feyalegria.org\/brasil\/relatorio-anual-2023\/","url":"https:\/\/www.feyalegria.org\/brasil\/relatorio-anual-2023\/","name":"Est\u00e1 no ar nosso Relat\u00f3rio Anual 2023! - #SomosF\u00e9eAlegria en Brasil","isPartOf":{"@id":"https:\/\/www.feyalegria.org\/brasil\/#website"},"primaryImageOfPage":{"@id":"https:\/\/www.feyalegria.org\/brasil\/relatorio-anual-2023\/#primaryimage"},"image":{"@id":"https:\/\/www.feyalegria.org\/brasil\/relatorio-anual-2023\/#primaryimage"},"thumbnailUrl":"https:\/\/d3pugrm67vf9n7.cloudfront.net\/wp-content\/uploads\/sites\/23\/2024\/10\/07165057\/relatorio-banner-home-3.png","datePublished":"2024-10-07T18:56:12+00:00","dateModified":"2024-10-07T19:56:08+00:00","author":{"@id":"https:\/\/www.feyalegria.org\/brasil\/#\/schema\/person\/f2c58927c54060575b9e7c44d31d16e9"},"inLanguage":"es-CO","potentialAction":[{"@type":"ReadAction","target":["https:\/\/www.feyalegria.org\/brasil\/relatorio-anual-2023\/"]}]},{"@type":"ImageObject","inLanguage":"es-CO","@id":"https:\/\/www.feyalegria.org\/brasil\/relatorio-anual-2023\/#primaryimage","url":"https:\/\/d3pugrm67vf9n7.cloudfront.net\/wp-content\/uploads\/sites\/23\/2024\/10\/07165057\/relatorio-banner-home-3.png","contentUrl":"https:\/\/d3pugrm67vf9n7.cloudfront.net\/wp-content\/uploads\/sites\/23\/2024\/10\/07165057\/relatorio-banner-home-3.png","width":1001,"height":501},{"@type":"WebSite","@id":"https:\/\/www.feyalegria.org\/brasil\/#website","url":"https:\/\/www.feyalegria.org\/brasil\/","name":"#SomosF\u00e9eAlegria en Brasil","description":"","potentialAction":[{"@type":"SearchAction","target":{"@type":"EntryPoint","urlTemplate":"https:\/\/www.feyalegria.org\/brasil\/?s={search_term_string}"},"query-input":{"@type":"PropertyValueSpecification","valueRequired":true,"valueName":"search_term_string"}}],"inLanguage":"es-CO"},{"@type":"Person","@id":"https:\/\/www.feyalegria.org\/brasil\/#\/schema\/person\/f2c58927c54060575b9e7c44d31d16e9","name":"Laura Meurer","url":"https:\/\/www.feyalegria.org\/brasil\/author\/adminbr02\/"}]}},"_links":{"self":[{"href":"https:\/\/www.feyalegria.org\/brasil\/wp-json\/wp\/v2\/posts\/28465","targetHints":{"allow":["GET"]}}],"collection":[{"href":"https:\/\/www.feyalegria.org\/brasil\/wp-json\/wp\/v2\/posts"}],"about":[{"href":"https:\/\/www.feyalegria.org\/brasil\/wp-json\/wp\/v2\/types\/post"}],"author":[{"embeddable":true,"href":"https:\/\/www.feyalegria.org\/brasil\/wp-json\/wp\/v2\/users\/68"}],"replies":[{"embeddable":true,"href":"https:\/\/www.feyalegria.org\/brasil\/wp-json\/wp\/v2\/comments?post=28465"}],"version-history":[{"count":0,"href":"https:\/\/www.feyalegria.org\/brasil\/wp-json\/wp\/v2\/posts\/28465\/revisions"}],"wp:featuredmedia":[{"embeddable":true,"href":"https:\/\/www.feyalegria.org\/brasil\/wp-json\/wp\/v2\/media\/28471"}],"wp:attachment":[{"href":"https:\/\/www.feyalegria.org\/brasil\/wp-json\/wp\/v2\/media?parent=28465"}],"wp:term":[{"taxonomy":"category","embeddable":true,"href":"https:\/\/www.feyalegria.org\/brasil\/wp-json\/wp\/v2\/categories?post=28465"},{"taxonomy":"post_tag","embeddable":true,"href":"https:\/\/www.feyalegria.org\/brasil\/wp-json\/wp\/v2\/tags?post=28465"},{"taxonomy":"post_folder","embeddable":true,"href":"https:\/\/www.feyalegria.org\/brasil\/wp-json\/wp\/v2\/post_folder?post=28465"}],"curies":[{"name":"wp","href":"https:\/\/api.w.org\/{rel}","templated":true}]}}