 {"id":28473,"date":"2024-10-16T22:11:31","date_gmt":"2024-10-17T01:11:31","guid":{"rendered":"https:\/\/www.feyalegria.org\/brasil\/?p=28473"},"modified":"2024-10-17T09:03:14","modified_gmt":"2024-10-17T12:03:14","slug":"escola-fe-e-alegria-em-ilheus-comemora-25-anos-com-programacao-especial","status":"publish","type":"post","link":"https:\/\/www.feyalegria.org\/brasil\/escola-fe-e-alegria-em-ilheus-comemora-25-anos-com-programacao-especial\/","title":{"rendered":"Escola F\u00e9 e Alegria em Ilh\u00e9us comemora 25 anos com programa\u00e7\u00e3o especial"},"content":{"rendered":"<div class=\"wpb-content-wrapper\"><p>[vc_row][vc_column][vc_column_text css=&#8221;&#8221;]<span data-contrast=\"auto\"><img loading=\"lazy\" decoding=\"async\" class=\"alignright wp-image-28485\" src=\"https:\/\/d3pugrm67vf9n7.cloudfront.net\/wp-content\/uploads\/sites\/23\/2024\/10\/16224906\/Escola-Municipal-Fe-e-Alegria-Ilheus-1024x1024.png\" alt=\"\" width=\"500\" height=\"500\" srcset=\"https:\/\/d3pugrm67vf9n7.cloudfront.net\/wp-content\/uploads\/sites\/23\/2024\/10\/16224906\/Escola-Municipal-Fe-e-Alegria-Ilheus-1024x1024.png 1024w, https:\/\/d3pugrm67vf9n7.cloudfront.net\/wp-content\/uploads\/sites\/23\/2024\/10\/16224906\/Escola-Municipal-Fe-e-Alegria-Ilheus-300x300.png 300w, https:\/\/d3pugrm67vf9n7.cloudfront.net\/wp-content\/uploads\/sites\/23\/2024\/10\/16224906\/Escola-Municipal-Fe-e-Alegria-Ilheus-150x150.png 150w, https:\/\/d3pugrm67vf9n7.cloudfront.net\/wp-content\/uploads\/sites\/23\/2024\/10\/16224906\/Escola-Municipal-Fe-e-Alegria-Ilheus-768x768.png 768w, https:\/\/d3pugrm67vf9n7.cloudfront.net\/wp-content\/uploads\/sites\/23\/2024\/10\/16224906\/Escola-Municipal-Fe-e-Alegria-Ilheus.png 1080w\" sizes=\"auto, (max-width: 500px) 100vw, 500px\" \/>Nos dias 22 e 23 de agosto, a Escola Municipal F\u00e9 e Alegria em Ilh\u00e9us (BA), celebrou seu 25\u00ba anivers\u00e1rio com uma programa\u00e7\u00e3o especial, marcada por momentos de f\u00e9, arte e cultura. O evento contou com a presen\u00e7a de aproximadamente 600 pessoas, entre alunos, ex-alunos, colaboradores e membros da comunidade.<\/span><span data-ccp-props=\"{&quot;335551550&quot;:6,&quot;335551620&quot;:6}\">\u00a0<\/span><\/p>\n<p>&nbsp;<\/p>\n<p><span data-contrast=\"auto\">A celebra\u00e7\u00e3o teve in\u00edcio com uma missa em a\u00e7\u00e3o de gra\u00e7as realizada na Par\u00f3quia Nossa Senhora da Vit\u00f3ria, presidida pelo diretor nacional de F\u00e9 e Alegria Brasil, Pe. Alexandre Raimundo dos Santos, SJ, e concelebrada pelo p\u00e1roco local, Pe. Joselito, e pelo Pe. Nilton, convidado especial. A missa reuniu a comunidade escolar e moradores do bairro, num momento de agradecimento e reconhecimento \u00e0 trajet\u00f3ria da escola, que ao longo dos anos tem transformado vidas por meio da educa\u00e7\u00e3o e do servi\u00e7o social.<\/span><span data-ccp-props=\"{&quot;335551550&quot;:6,&quot;335551620&quot;:6}\">\u00a0<\/span><\/p>\n<p>&nbsp;<\/p>\n<p><span data-contrast=\"auto\">Maria Carolina Silva, coordenadora da Funda\u00e7\u00e3o F\u00e9 e Alegria em Ilh\u00e9us, destacou a import\u00e2ncia da cerim\u00f4nia: &#8220;Foi um momento de louvor e gratid\u00e3o a Deus por todos que contribu\u00edram para a hist\u00f3ria da Escola. A presen\u00e7a da comunidade escolar e do bairro mostrou o impacto positivo que a institui\u00e7\u00e3o tem gerado ao longo dos anos&#8221;.<\/span><span data-ccp-props=\"{&quot;335551550&quot;:6,&quot;335551620&quot;:6}\">\u00a0<\/span><\/p>\n<p>&nbsp;<\/p>\n<p><span data-contrast=\"auto\">No segundo dia, a celebra\u00e7\u00e3o continuou no p\u00e1tio da escola, com apresenta\u00e7\u00f5es culturais que emocionaram o p\u00fablico. As crian\u00e7as protagonizaram um cordel, narrando a hist\u00f3ria da constru\u00e7\u00e3o da escola no bairro, destacando a import\u00e2ncia da uni\u00e3o e do esfor\u00e7o coletivo para a consolida\u00e7\u00e3o da institui\u00e7\u00e3o. O evento tamb\u00e9m contou com apresenta\u00e7\u00f5es de capoeira e maculel\u00ea pelo grupo Na\u00e7\u00e3o Zumbi, al\u00e9m de uma participa\u00e7\u00e3o especial do grupo de capoeira Ginga e Express\u00e3o e da Quadrilha Junina N\u00f3is N\u00e3o Liga, da comunidade local.<\/span><span data-ccp-props=\"{&quot;335551550&quot;:6,&quot;335551620&quot;:6}\">\u00a0<\/span><\/p>\n<p>&nbsp;<\/p>\n<p><span data-contrast=\"auto\">Maria Carolina ainda destacou a relev\u00e2ncia do evento para a escola e para a comunidade: &#8220;Reunimos v\u00e1rias gera\u00e7\u00f5es de ex-alunos e ex-colaboradores, todos com hist\u00f3rias de vida marcadas pela atua\u00e7\u00e3o da escola e da Funda\u00e7\u00e3o F\u00e9 e Alegria. Esse encontro foi uma oportunidade para celebrar as conquistas e refor\u00e7ar nosso compromisso com o futuro&#8221;.<\/span><span data-ccp-props=\"{&quot;335551550&quot;:6,&quot;335551620&quot;:6}\">\u00a0<\/span><\/p>\n<p>&nbsp;<\/p>\n<p><span data-contrast=\"auto\">A diretora da Escola, Maria Neta, tamb\u00e9m participou das festividades, enfatizando o papel fundamental que a Escola tem desempenhado na forma\u00e7\u00e3o cidad\u00e3 e no desenvolvimento social da comunidade. \u201cEsses 25 anos representam muito mais que uma data. Eles s\u00e3o a celebra\u00e7\u00e3o de uma caminhada de transforma\u00e7\u00e3o e inclus\u00e3o, que continuar\u00e1 guiando nossas a\u00e7\u00f5es nos pr\u00f3ximos anos. \u201d<\/span><span data-ccp-props=\"{&quot;335551550&quot;:6,&quot;335551620&quot;:6}\">\u00a0<\/span><\/p>\n<p>&nbsp;<\/p>\n<p><span data-contrast=\"auto\">O evento refor\u00e7ou o compromisso da Funda\u00e7\u00e3o F\u00e9 e Alegria com a educa\u00e7\u00e3o de qualidade e o desenvolvimento social, mantendo-se como refer\u00eancia na cidade de Ilh\u00e9us.<\/span><span data-ccp-props=\"{&quot;335551550&quot;:6,&quot;335551620&quot;:6}\">\u00a0<\/span>[\/vc_column_text][\/vc_column][\/vc_row][vc_row][vc_column][vc_images_carousel images=&#8221;28481,28480,28479,28478,28477,28476,28475&#8243; img_size=&#8221;large&#8221; css=&#8221;&#8221; title=&#8221;Veja fotos da comemora\u00e7\u00e3o&#8221;][\/vc_column][\/vc_row]<\/p>\n<\/div>","protected":false},"excerpt":{"rendered":"<p>[vc_row][vc_column][vc_column_text css=&#8221;&#8221;]Nos dias 22 e 23 de agosto, a Escola Municipal F\u00e9 e Alegria em Ilh\u00e9us (BA), celebrou seu 25\u00ba anivers\u00e1rio com uma programa\u00e7\u00e3o especial, marcada por momentos de f\u00e9, arte e cultura. O evento contou com a presen\u00e7a de aproximadamente 600 pessoas, entre alunos, ex-alunos, colaboradores e membros da comunidade.\u00a0 &nbsp; A celebra\u00e7\u00e3o teve<\/p>\n","protected":false},"author":68,"featured_media":28474,"comment_status":"open","ping_status":"open","sticky":false,"template":"","format":"standard","meta":{"_acf_changed":false,"footnotes":""},"categories":[432,183],"tags":[651,557,677,408,555],"post_folder":[],"class_list":["post-28473","post","type-post","status-publish","format-standard","has-post-thumbnail","hentry","category-noticias-pt","category-noticias","tag-aniversario","tag-bahia","tag-escola","tag-fe-e-alegria","tag-ilheus"],"acf":[],"yoast_head":"<!-- This site is optimized with the Yoast SEO plugin v27.5 - https:\/\/yoast.com\/product\/yoast-seo-wordpress\/ -->\n<title>Escola F\u00e9 e Alegria em Ilh\u00e9us comemora 25 anos com programa\u00e7\u00e3o especial - #SomosF\u00e9eAlegria en Brasil<\/title>\n<meta name=\"robots\" content=\"index, follow, max-snippet:-1, max-image-preview:large, max-video-preview:-1\" \/>\n<link rel=\"canonical\" href=\"https:\/\/www.feyalegria.org\/brasil\/escola-fe-e-alegria-em-ilheus-comemora-25-anos-com-programacao-especial\/\" \/>\n<meta property=\"og:locale\" content=\"es_ES\" \/>\n<meta property=\"og:type\" content=\"article\" \/>\n<meta property=\"og:title\" content=\"Escola F\u00e9 e Alegria em Ilh\u00e9us comemora 25 anos com programa\u00e7\u00e3o especial - #SomosF\u00e9eAlegria en Brasil\" \/>\n<meta property=\"og:description\" content=\"[vc_row][vc_column][vc_column_text css=&#8221;&#8221;]Nos dias 22 e 23 de agosto, a Escola Municipal F\u00e9 e Alegria em Ilh\u00e9us (BA), celebrou seu 25\u00ba anivers\u00e1rio com uma programa\u00e7\u00e3o especial, marcada por momentos de f\u00e9, arte e cultura. O evento contou com a presen\u00e7a de aproximadamente 600 pessoas, entre alunos, ex-alunos, colaboradores e membros da comunidade.\u00a0 &nbsp; A celebra\u00e7\u00e3o teve\" \/>\n<meta property=\"og:url\" content=\"https:\/\/www.feyalegria.org\/brasil\/escola-fe-e-alegria-em-ilheus-comemora-25-anos-com-programacao-especial\/\" \/>\n<meta property=\"og:site_name\" content=\"#SomosF\u00e9eAlegria en Brasil\" \/>\n<meta property=\"article:published_time\" content=\"2024-10-17T01:11:31+00:00\" \/>\n<meta property=\"article:modified_time\" content=\"2024-10-17T12:03:14+00:00\" \/>\n<meta property=\"og:image\" content=\"https:\/\/d3pugrm67vf9n7.cloudfront.net\/wp-content\/uploads\/sites\/23\/2024\/10\/16220430\/Ilheus-25-anos-Banner-home.png\" \/>\n\t<meta property=\"og:image:width\" content=\"1000\" \/>\n\t<meta property=\"og:image:height\" content=\"500\" \/>\n\t<meta property=\"og:image:type\" content=\"image\/png\" \/>\n<meta name=\"author\" content=\"Laura Meurer\" \/>\n<meta name=\"twitter:card\" content=\"summary_large_image\" \/>\n<meta name=\"twitter:label1\" content=\"Escrito por\" \/>\n\t<meta name=\"twitter:data1\" content=\"Laura Meurer\" \/>\n\t<meta name=\"twitter:label2\" content=\"Tiempo de lectura\" \/>\n\t<meta name=\"twitter:data2\" content=\"3 minutos\" \/>\n<script type=\"application\/ld+json\" class=\"yoast-schema-graph\">{\"@context\":\"https:\\\/\\\/schema.org\",\"@graph\":[{\"@type\":\"Article\",\"@id\":\"https:\\\/\\\/www.feyalegria.org\\\/brasil\\\/escola-fe-e-alegria-em-ilheus-comemora-25-anos-com-programacao-especial\\\/#article\",\"isPartOf\":{\"@id\":\"https:\\\/\\\/www.feyalegria.org\\\/brasil\\\/escola-fe-e-alegria-em-ilheus-comemora-25-anos-com-programacao-especial\\\/\"},\"author\":{\"name\":\"Laura Meurer\",\"@id\":\"https:\\\/\\\/www.feyalegria.org\\\/brasil\\\/#\\\/schema\\\/person\\\/f2c58927c54060575b9e7c44d31d16e9\"},\"headline\":\"Escola F\u00e9 e Alegria em Ilh\u00e9us comemora 25 anos com programa\u00e7\u00e3o especial\",\"datePublished\":\"2024-10-17T01:11:31+00:00\",\"dateModified\":\"2024-10-17T12:03:14+00:00\",\"mainEntityOfPage\":{\"@id\":\"https:\\\/\\\/www.feyalegria.org\\\/brasil\\\/escola-fe-e-alegria-em-ilheus-comemora-25-anos-com-programacao-especial\\\/\"},\"wordCount\":517,\"commentCount\":0,\"image\":{\"@id\":\"https:\\\/\\\/www.feyalegria.org\\\/brasil\\\/escola-fe-e-alegria-em-ilheus-comemora-25-anos-com-programacao-especial\\\/#primaryimage\"},\"thumbnailUrl\":\"https:\\\/\\\/d3pugrm67vf9n7.cloudfront.net\\\/wp-content\\\/uploads\\\/sites\\\/23\\\/2024\\\/10\\\/16220430\\\/Ilheus-25-anos-Banner-home.png\",\"keywords\":[\"anivers\u00e1rio\",\"Bahia\",\"escola\",\"F\u00e9 e Alegria\",\"Ilh\u00e9us\"],\"articleSection\":[\"Noticias\",\"Noticias\"],\"inLanguage\":\"es-CO\",\"potentialAction\":[{\"@type\":\"CommentAction\",\"name\":\"Comment\",\"target\":[\"https:\\\/\\\/www.feyalegria.org\\\/brasil\\\/escola-fe-e-alegria-em-ilheus-comemora-25-anos-com-programacao-especial\\\/#respond\"]}]},{\"@type\":\"WebPage\",\"@id\":\"https:\\\/\\\/www.feyalegria.org\\\/brasil\\\/escola-fe-e-alegria-em-ilheus-comemora-25-anos-com-programacao-especial\\\/\",\"url\":\"https:\\\/\\\/www.feyalegria.org\\\/brasil\\\/escola-fe-e-alegria-em-ilheus-comemora-25-anos-com-programacao-especial\\\/\",\"name\":\"Escola F\u00e9 e Alegria em Ilh\u00e9us comemora 25 anos com programa\u00e7\u00e3o especial - #SomosF\u00e9eAlegria en Brasil\",\"isPartOf\":{\"@id\":\"https:\\\/\\\/www.feyalegria.org\\\/brasil\\\/#website\"},\"primaryImageOfPage\":{\"@id\":\"https:\\\/\\\/www.feyalegria.org\\\/brasil\\\/escola-fe-e-alegria-em-ilheus-comemora-25-anos-com-programacao-especial\\\/#primaryimage\"},\"image\":{\"@id\":\"https:\\\/\\\/www.feyalegria.org\\\/brasil\\\/escola-fe-e-alegria-em-ilheus-comemora-25-anos-com-programacao-especial\\\/#primaryimage\"},\"thumbnailUrl\":\"https:\\\/\\\/d3pugrm67vf9n7.cloudfront.net\\\/wp-content\\\/uploads\\\/sites\\\/23\\\/2024\\\/10\\\/16220430\\\/Ilheus-25-anos-Banner-home.png\",\"datePublished\":\"2024-10-17T01:11:31+00:00\",\"dateModified\":\"2024-10-17T12:03:14+00:00\",\"author\":{\"@id\":\"https:\\\/\\\/www.feyalegria.org\\\/brasil\\\/#\\\/schema\\\/person\\\/f2c58927c54060575b9e7c44d31d16e9\"},\"inLanguage\":\"es-CO\",\"potentialAction\":[{\"@type\":\"ReadAction\",\"target\":[\"https:\\\/\\\/www.feyalegria.org\\\/brasil\\\/escola-fe-e-alegria-em-ilheus-comemora-25-anos-com-programacao-especial\\\/\"]}]},{\"@type\":\"ImageObject\",\"inLanguage\":\"es-CO\",\"@id\":\"https:\\\/\\\/www.feyalegria.org\\\/brasil\\\/escola-fe-e-alegria-em-ilheus-comemora-25-anos-com-programacao-especial\\\/#primaryimage\",\"url\":\"https:\\\/\\\/d3pugrm67vf9n7.cloudfront.net\\\/wp-content\\\/uploads\\\/sites\\\/23\\\/2024\\\/10\\\/16220430\\\/Ilheus-25-anos-Banner-home.png\",\"contentUrl\":\"https:\\\/\\\/d3pugrm67vf9n7.cloudfront.net\\\/wp-content\\\/uploads\\\/sites\\\/23\\\/2024\\\/10\\\/16220430\\\/Ilheus-25-anos-Banner-home.png\",\"width\":1000,\"height\":500},{\"@type\":\"WebSite\",\"@id\":\"https:\\\/\\\/www.feyalegria.org\\\/brasil\\\/#website\",\"url\":\"https:\\\/\\\/www.feyalegria.org\\\/brasil\\\/\",\"name\":\"#SomosF\u00e9eAlegria en Brasil\",\"description\":\"\",\"potentialAction\":[{\"@type\":\"SearchAction\",\"target\":{\"@type\":\"EntryPoint\",\"urlTemplate\":\"https:\\\/\\\/www.feyalegria.org\\\/brasil\\\/?s={search_term_string}\"},\"query-input\":{\"@type\":\"PropertyValueSpecification\",\"valueRequired\":true,\"valueName\":\"search_term_string\"}}],\"inLanguage\":\"es-CO\"},{\"@type\":\"Person\",\"@id\":\"https:\\\/\\\/www.feyalegria.org\\\/brasil\\\/#\\\/schema\\\/person\\\/f2c58927c54060575b9e7c44d31d16e9\",\"name\":\"Laura Meurer\",\"url\":\"https:\\\/\\\/www.feyalegria.org\\\/brasil\\\/author\\\/adminbr02\\\/\"}]}<\/script>\n<!-- \/ Yoast SEO plugin. -->","yoast_head_json":{"title":"Escola F\u00e9 e Alegria em Ilh\u00e9us comemora 25 anos com programa\u00e7\u00e3o especial - #SomosF\u00e9eAlegria en Brasil","robots":{"index":"index","follow":"follow","max-snippet":"max-snippet:-1","max-image-preview":"max-image-preview:large","max-video-preview":"max-video-preview:-1"},"canonical":"https:\/\/www.feyalegria.org\/brasil\/escola-fe-e-alegria-em-ilheus-comemora-25-anos-com-programacao-especial\/","og_locale":"es_ES","og_type":"article","og_title":"Escola F\u00e9 e Alegria em Ilh\u00e9us comemora 25 anos com programa\u00e7\u00e3o especial - #SomosF\u00e9eAlegria en Brasil","og_description":"[vc_row][vc_column][vc_column_text css=&#8221;&#8221;]Nos dias 22 e 23 de agosto, a Escola Municipal F\u00e9 e Alegria em Ilh\u00e9us (BA), celebrou seu 25\u00ba anivers\u00e1rio com uma programa\u00e7\u00e3o especial, marcada por momentos de f\u00e9, arte e cultura. O evento contou com a presen\u00e7a de aproximadamente 600 pessoas, entre alunos, ex-alunos, colaboradores e membros da comunidade.\u00a0 &nbsp; A celebra\u00e7\u00e3o teve","og_url":"https:\/\/www.feyalegria.org\/brasil\/escola-fe-e-alegria-em-ilheus-comemora-25-anos-com-programacao-especial\/","og_site_name":"#SomosF\u00e9eAlegria en Brasil","article_published_time":"2024-10-17T01:11:31+00:00","article_modified_time":"2024-10-17T12:03:14+00:00","og_image":[{"width":1000,"height":500,"url":"https:\/\/d3pugrm67vf9n7.cloudfront.net\/wp-content\/uploads\/sites\/23\/2024\/10\/16220430\/Ilheus-25-anos-Banner-home.png","type":"image\/png"}],"author":"Laura Meurer","twitter_card":"summary_large_image","twitter_misc":{"Escrito por":"Laura Meurer","Tiempo de lectura":"3 minutos"},"schema":{"@context":"https:\/\/schema.org","@graph":[{"@type":"Article","@id":"https:\/\/www.feyalegria.org\/brasil\/escola-fe-e-alegria-em-ilheus-comemora-25-anos-com-programacao-especial\/#article","isPartOf":{"@id":"https:\/\/www.feyalegria.org\/brasil\/escola-fe-e-alegria-em-ilheus-comemora-25-anos-com-programacao-especial\/"},"author":{"name":"Laura Meurer","@id":"https:\/\/www.feyalegria.org\/brasil\/#\/schema\/person\/f2c58927c54060575b9e7c44d31d16e9"},"headline":"Escola F\u00e9 e Alegria em Ilh\u00e9us comemora 25 anos com programa\u00e7\u00e3o especial","datePublished":"2024-10-17T01:11:31+00:00","dateModified":"2024-10-17T12:03:14+00:00","mainEntityOfPage":{"@id":"https:\/\/www.feyalegria.org\/brasil\/escola-fe-e-alegria-em-ilheus-comemora-25-anos-com-programacao-especial\/"},"wordCount":517,"commentCount":0,"image":{"@id":"https:\/\/www.feyalegria.org\/brasil\/escola-fe-e-alegria-em-ilheus-comemora-25-anos-com-programacao-especial\/#primaryimage"},"thumbnailUrl":"https:\/\/d3pugrm67vf9n7.cloudfront.net\/wp-content\/uploads\/sites\/23\/2024\/10\/16220430\/Ilheus-25-anos-Banner-home.png","keywords":["anivers\u00e1rio","Bahia","escola","F\u00e9 e Alegria","Ilh\u00e9us"],"articleSection":["Noticias","Noticias"],"inLanguage":"es-CO","potentialAction":[{"@type":"CommentAction","name":"Comment","target":["https:\/\/www.feyalegria.org\/brasil\/escola-fe-e-alegria-em-ilheus-comemora-25-anos-com-programacao-especial\/#respond"]}]},{"@type":"WebPage","@id":"https:\/\/www.feyalegria.org\/brasil\/escola-fe-e-alegria-em-ilheus-comemora-25-anos-com-programacao-especial\/","url":"https:\/\/www.feyalegria.org\/brasil\/escola-fe-e-alegria-em-ilheus-comemora-25-anos-com-programacao-especial\/","name":"Escola F\u00e9 e Alegria em Ilh\u00e9us comemora 25 anos com programa\u00e7\u00e3o especial - #SomosF\u00e9eAlegria en Brasil","isPartOf":{"@id":"https:\/\/www.feyalegria.org\/brasil\/#website"},"primaryImageOfPage":{"@id":"https:\/\/www.feyalegria.org\/brasil\/escola-fe-e-alegria-em-ilheus-comemora-25-anos-com-programacao-especial\/#primaryimage"},"image":{"@id":"https:\/\/www.feyalegria.org\/brasil\/escola-fe-e-alegria-em-ilheus-comemora-25-anos-com-programacao-especial\/#primaryimage"},"thumbnailUrl":"https:\/\/d3pugrm67vf9n7.cloudfront.net\/wp-content\/uploads\/sites\/23\/2024\/10\/16220430\/Ilheus-25-anos-Banner-home.png","datePublished":"2024-10-17T01:11:31+00:00","dateModified":"2024-10-17T12:03:14+00:00","author":{"@id":"https:\/\/www.feyalegria.org\/brasil\/#\/schema\/person\/f2c58927c54060575b9e7c44d31d16e9"},"inLanguage":"es-CO","potentialAction":[{"@type":"ReadAction","target":["https:\/\/www.feyalegria.org\/brasil\/escola-fe-e-alegria-em-ilheus-comemora-25-anos-com-programacao-especial\/"]}]},{"@type":"ImageObject","inLanguage":"es-CO","@id":"https:\/\/www.feyalegria.org\/brasil\/escola-fe-e-alegria-em-ilheus-comemora-25-anos-com-programacao-especial\/#primaryimage","url":"https:\/\/d3pugrm67vf9n7.cloudfront.net\/wp-content\/uploads\/sites\/23\/2024\/10\/16220430\/Ilheus-25-anos-Banner-home.png","contentUrl":"https:\/\/d3pugrm67vf9n7.cloudfront.net\/wp-content\/uploads\/sites\/23\/2024\/10\/16220430\/Ilheus-25-anos-Banner-home.png","width":1000,"height":500},{"@type":"WebSite","@id":"https:\/\/www.feyalegria.org\/brasil\/#website","url":"https:\/\/www.feyalegria.org\/brasil\/","name":"#SomosF\u00e9eAlegria en Brasil","description":"","potentialAction":[{"@type":"SearchAction","target":{"@type":"EntryPoint","urlTemplate":"https:\/\/www.feyalegria.org\/brasil\/?s={search_term_string}"},"query-input":{"@type":"PropertyValueSpecification","valueRequired":true,"valueName":"search_term_string"}}],"inLanguage":"es-CO"},{"@type":"Person","@id":"https:\/\/www.feyalegria.org\/brasil\/#\/schema\/person\/f2c58927c54060575b9e7c44d31d16e9","name":"Laura Meurer","url":"https:\/\/www.feyalegria.org\/brasil\/author\/adminbr02\/"}]}},"_links":{"self":[{"href":"https:\/\/www.feyalegria.org\/brasil\/wp-json\/wp\/v2\/posts\/28473","targetHints":{"allow":["GET"]}}],"collection":[{"href":"https:\/\/www.feyalegria.org\/brasil\/wp-json\/wp\/v2\/posts"}],"about":[{"href":"https:\/\/www.feyalegria.org\/brasil\/wp-json\/wp\/v2\/types\/post"}],"author":[{"embeddable":true,"href":"https:\/\/www.feyalegria.org\/brasil\/wp-json\/wp\/v2\/users\/68"}],"replies":[{"embeddable":true,"href":"https:\/\/www.feyalegria.org\/brasil\/wp-json\/wp\/v2\/comments?post=28473"}],"version-history":[{"count":0,"href":"https:\/\/www.feyalegria.org\/brasil\/wp-json\/wp\/v2\/posts\/28473\/revisions"}],"wp:featuredmedia":[{"embeddable":true,"href":"https:\/\/www.feyalegria.org\/brasil\/wp-json\/wp\/v2\/media\/28474"}],"wp:attachment":[{"href":"https:\/\/www.feyalegria.org\/brasil\/wp-json\/wp\/v2\/media?parent=28473"}],"wp:term":[{"taxonomy":"category","embeddable":true,"href":"https:\/\/www.feyalegria.org\/brasil\/wp-json\/wp\/v2\/categories?post=28473"},{"taxonomy":"post_tag","embeddable":true,"href":"https:\/\/www.feyalegria.org\/brasil\/wp-json\/wp\/v2\/tags?post=28473"},{"taxonomy":"post_folder","embeddable":true,"href":"https:\/\/www.feyalegria.org\/brasil\/wp-json\/wp\/v2\/post_folder?post=28473"}],"curies":[{"name":"wp","href":"https:\/\/api.w.org\/{rel}","templated":true}]}}