{"id":28507,"date":"2024-10-21T14:40:56","date_gmt":"2024-10-21T17:40:56","guid":{"rendered":"https:\/\/www.feyalegria.org\/brasil\/?p=28507"},"modified":"2024-10-29T11:25:00","modified_gmt":"2024-10-29T14:25:00","slug":"49-congresso-internacional","status":"publish","type":"post","link":"https:\/\/www.feyalegria.org\/brasil\/49-congresso-internacional\/","title":{"rendered":"49\u00ba Congresso Internacional de F\u00e9 e Alegria aborda o desafio do Direito \u00e0 Aprendizagem"},"content":{"rendered":"<p><a href=\"https:\/\/congreso2024.feyalegria.org\/\" target=\"_blank\" rel=\"noopener\"><span style=\"font-weight: 400;\"><img loading=\"lazy\" decoding=\"async\" class=\"size-large wp-image-28512 aligncenter\" src=\"https:\/\/d3pugrm67vf9n7.cloudfront.net\/wp-content\/uploads\/sites\/23\/2024\/10\/21143328\/Promo-congreso-X-1024x576.jpg\" alt=\"\" width=\"1024\" height=\"576\" srcset=\"https:\/\/d3pugrm67vf9n7.cloudfront.net\/wp-content\/uploads\/sites\/23\/2024\/10\/21143328\/Promo-congreso-X-1024x576.jpg 1024w, https:\/\/d3pugrm67vf9n7.cloudfront.net\/wp-content\/uploads\/sites\/23\/2024\/10\/21143328\/Promo-congreso-X-300x169.jpg 300w, https:\/\/d3pugrm67vf9n7.cloudfront.net\/wp-content\/uploads\/sites\/23\/2024\/10\/21143328\/Promo-congreso-X-768x432.jpg 768w, https:\/\/d3pugrm67vf9n7.cloudfront.net\/wp-content\/uploads\/sites\/23\/2024\/10\/21143328\/Promo-congreso-X-1536x864.jpg 1536w, https:\/\/d3pugrm67vf9n7.cloudfront.net\/wp-content\/uploads\/sites\/23\/2024\/10\/21143328\/Promo-congreso-X.jpg 1600w\" sizes=\"auto, (max-width: 1024px) 100vw, 1024px\" \/><\/span><\/a><\/p>\n<p><span style=\"font-weight: 400;\">Nos dias 21 e 22 de outubro de 2024, Quito (Equador), ser\u00e1 sede do XLIX Congresso Internacional &#8220;Desafios e oportunidades da Educa\u00e7\u00e3o Popular de F\u00e9 e Alegria&#8221;. Este evento reunir\u00e1 delegados\/as dos 22 pa\u00edses que fazem parte da Federa\u00e7\u00e3o Internacional de F\u00e9 e Alegria, al\u00e9m de outros pa\u00edses onde temos algumas a\u00e7\u00f5es, para abordar os desafios atuais na educa\u00e7\u00e3o.\u00a0<\/span><\/p>\n<p>&nbsp;<\/p>\n<p><span style=\"font-weight: 400;\">Ser\u00e1 um espa\u00e7o para apresentar novas pr\u00e1ticas pedag\u00f3gicas que garantam o direito \u00e0 aprendizagem para as popula\u00e7\u00f5es mais vulner\u00e1veis e a necessidade de propostas que inspirem o trabalho educacional.<\/span><\/p>\n<p>&nbsp;<\/p>\n<p><span style=\"font-weight: 400;\">A prepara\u00e7\u00e3o para o Congresso envolveu mais de dez meses de trabalho nos 22 pa\u00edses participantes. Para abordar de forma integral os desafios e oportunidades, foram organizadas quatro mesas de discuss\u00e3o: Direito \u00e0 Aprendizagem; Desafios e Pr\u00e1xis Pedag\u00f3gica Transformadora em F\u00e9 e Alegria; Proposta Educativa; e Educa\u00e7\u00e3o Popular e Desafios Globais.\u00a0<\/span><\/p>\n<p>&nbsp;<\/p>\n<p><span style=\"font-weight: 400;\">Nesses espa\u00e7os, foram formadas comunidades para refletir criticamente sobre a aprendizagem, identificaram-se pr\u00e1xis pedag\u00f3gicas inovadoras, analisaram-se modelos educacionais que promovem justi\u00e7a social e igualdade, al\u00e9m de se tratar os desafios globais e a redu\u00e7\u00e3o de lacunas educacionais. Como resultado, formaram-se 78 comunidades de aprendizagem com 763 participantes, 74 c\u00edrculos de di\u00e1logo pedag\u00f3gico, que apresentaram a experi\u00eancia de 173 centros educacionais e contaram com a participa\u00e7\u00e3o de 515 entre acompanhantes pedag\u00f3gicos e docentes, equipes educacionais nacionais e 22 dire\u00e7\u00f5es nacionais.<\/span><\/p>\n<p>&nbsp;<\/p>\n<p><span style=\"font-weight: 400;\">O Congresso contar\u00e1 com a confer\u00eancia da Dra. Leda Anah\u00ed Guelman e a participa\u00e7\u00e3o em mesas de di\u00e1logo de Sylvia Schmelkes, ambas especialistas internacionais em educa\u00e7\u00e3o popular, comprometidas com a justi\u00e7a social. Tamb\u00e9m participar\u00e1 o diretor nacional de Curr\u00edculo do Minist\u00e9rio da Educa\u00e7\u00e3o do Equador, Jos\u00e9 Miguel Castillo Barros, al\u00e9m de v\u00e1rios representantes de F\u00e9 e Alegria. Sua participa\u00e7\u00e3o garante uma abordagem enriquecedora e multidimensional, fundamental para enfrentar os desafios educacionais atuais e futuros, a partir de uma perspectiva global e comunit\u00e1ria.<\/span><\/p>\n<p>&nbsp;<\/p>\n<p><span style=\"font-weight: 400;\">Este evento tamb\u00e9m ser\u00e1 uma oportunidade para o lan\u00e7amento da campanha internacional de incid\u00eancia e a\u00e7\u00e3o p\u00fablica &#8220;Pelo Direito \u00e0 Aprendizagem&#8221;, que visa capacitar as comunidades educacionais para serem protagonistas de transforma\u00e7\u00f5es educacionais que possam mudar a sociedade. O evento come\u00e7ar\u00e1 no Parque La Carolina com um festival juvenil e terminar\u00e1 no Audit\u00f3rio do Minist\u00e9rio da Educa\u00e7\u00e3o, com a presen\u00e7a da Ministra da Educa\u00e7\u00e3o do Equador, Dra. Alegr\u00eda Crespo, do Pe. Daniel Villanueva, SJ, coordenador da Federa\u00e7\u00e3o Internacional de F\u00e9 e Alegria, Carlos Vargas, Diretor de F\u00e9 e Alegria Equador, delegados dos pa\u00edses, redes educacionais internacionais e locais.<\/span><\/p>\n<p>&nbsp;<\/p>\n<p><span style=\"font-weight: 400;\">O XLIX Congresso Internacional &#8220;Desafios e oportunidades da Educa\u00e7\u00e3o Popular de F\u00e9 e Alegria&#8221; \u00e9 um espa\u00e7o para criar a\u00e7\u00f5es que impulsionem projetos educacionais que garantam o direito \u00e0 educa\u00e7\u00e3o, \u00e0 aprendizagem e promovam a transforma\u00e7\u00e3o social.<\/span><\/p>\n<p>&nbsp;<\/p>\n<p><b>Agenda<\/b><\/p>\n<p>&nbsp;<\/p>\n<p><b>Segunda-feira, 21 de outubro<\/b><\/p>\n<p>&nbsp;<\/p>\n<p><b>08h00 \u2013 08h30 |<\/b><span style=\"font-weight: 400;\"> Registro de presen\u00e7a e entrega de materiais.<\/span><\/p>\n<p><b>08h30 \u2013 08h50 | <\/b><span style=\"font-weight: 400;\">Apresenta\u00e7\u00e3o de boas-vindas aos pa\u00edses por meio de um conjunto art\u00edstico.<\/span><\/p>\n<p><b>08h50 \u2013 08h55 |<\/b><span style=\"font-weight: 400;\"> Ato inaugural do 49\u00ba Congresso Internacional: Desafios e oportunidades da educa\u00e7\u00e3o popular de F\u00e9 e Alegria.<\/span><\/p>\n<p><b>09h00 \u2013 09h10 | <\/b><span style=\"font-weight: 400;\">Interven\u00e7\u00e3o de Carlos Vargas, Diretor Nacional de F\u00e9 e Alegria Equador.<\/span><\/p>\n<p><b>09h10 \u2013 09h20 |<\/b><span style=\"font-weight: 400;\"> Interven\u00e7\u00e3o de Pe. Daniel De Ycaza, SJ &#8211; provincial da Companhia de Jesus no Equador.<\/span><\/p>\n<p><b>9h20 \u2013 09h30 | <\/b><span style=\"font-weight: 400;\">Interven\u00e7\u00e3o de Pe. Jos\u00e9 Mesa, SJ, delegado de Educa\u00e7\u00e3o da Companhia de Jesus.<\/span><\/p>\n<p><b>09h30 \u2013 09h40 |<\/b><span style=\"font-weight: 400;\"> Interven\u00e7\u00e3o de Pe. Dani Villanueva, SJ, coordenador Geral da Federa\u00e7\u00e3o Internacional.<\/span><\/p>\n<p><b>09h40 \u2013 09h45 |<\/b><span style=\"font-weight: 400;\"> Hino de F\u00e9 e Alegria.<\/span><\/p>\n<p><b>09h50 \u2013 10h55 | <\/b><span style=\"font-weight: 400;\">Confer\u00eancia Central de Abertura do 49\u00ba Congresso Internacional: Desafios e oportunidades da educa\u00e7\u00e3o popular de F\u00e9 e Alegria. Dra. Leda Anah\u00ed Guelman.<\/span><\/p>\n<p><b>11h30 \u2013 12h30 |<\/b><span style=\"font-weight: 400;\"> Mesa 1: Experi\u00eancia de Implementa\u00e7\u00e3o das Comunidades pelo Direito \u00e0 Aprendizagem.<\/span><\/p>\n<p><b>12h30 \u2013 13h30 |<\/b><span style=\"font-weight: 400;\"> Mesa 1: Apresenta\u00e7\u00e3o de a\u00e7\u00f5es de mobiliza\u00e7\u00e3o pelo Direito \u00e0 Aprendizagem.<\/span><\/p>\n<p><b>15h00 \u2013 17h00 | <\/b><span style=\"font-weight: 400;\">Mesa 2: Desafios e pr\u00e1xis pedag\u00f3gica transformadora em F\u00e9 e Alegria.<\/span><\/p>\n<p><b>18h30 | <\/b><span style=\"font-weight: 400;\">Evento cultural e art\u00edstico.<\/span><\/p>\n<p>&nbsp;<\/p>\n<p><b>Ter\u00e7a-feira, 22 de outubro<\/b><\/p>\n<p>&nbsp;<\/p>\n<p><b>08h30 \u2013 09h00 | <\/b><span style=\"font-weight: 400;\">S\u00edntese do primeiro dia.<\/span><\/p>\n<p><b>09h00 \u2013 09h30 | <\/b><span style=\"font-weight: 400;\">Mesa 3: Resumo dos momentos desenvolvidos no pr\u00e9-congresso.<\/span><\/p>\n<p><b>09h30 \u2013 10h30 |<\/b><span style=\"font-weight: 400;\"> Conversa: Desafios e oportunidades da educa\u00e7\u00e3o no contexto atual a partir da perspectiva dos direitos humanos para a a\u00e7\u00e3o transformadora do movimento. Mesa de di\u00e1logo entre atores-chave (Panelistas: Jos\u00e9 Flores, Vice-Ministro da Educa\u00e7\u00e3o do Equador, F\u00e9 e Alegria \u00c1frica, Dra. Sylvia Schmelkes, pesquisadora e especialista em educa\u00e7\u00e3o).<\/span><\/p>\n<p><b>10h50 \u2013 12h30 | <\/b><span style=\"font-weight: 400;\">Espa\u00e7os de di\u00e1logo, plen\u00e1ria de trabalho em grupos e s\u00edntese.<\/span><\/p>\n<p><b>15h00 \u2013 16h00 | <\/b><span style=\"font-weight: 400;\">Festival Juventudes pelo Direito \u00e0 Aprendizagem no Parque La Carolina.<\/span><\/p>\n<p><b>16h00 \u2013 17h00 | <\/b><span style=\"font-weight: 400;\">Evento de lan\u00e7amento da campanha &#8220;Pelo Direito \u00e0 Aprendizagem&#8221; no Minist\u00e9rio da Educa\u00e7\u00e3o do Ecuador.<\/span><\/p>\n<p>&nbsp;<\/p>\n<p><b>Saiba mais sobre o nosso Congresso:<\/b><\/p>\n<p><a href=\"https:\/\/congreso2024.feyalegria.org\/\" target=\"_blank\" rel=\"noopener\"><span style=\"font-weight: 400;\">https:\/\/congreso2024.feyalegria.org\/<\/span><\/a><\/p>\n<p>&nbsp;<\/p>\n<p><b><i>Fonte: <\/i><\/b><i><span style=\"font-weight: 400;\">Federa\u00e7\u00e3o Internacional de F\u00e9 e Alegria e F\u00e9 e Alegria Equador<\/span><\/i><\/p>\n","protected":false},"excerpt":{"rendered":"<p>Nos dias 21 e 22 de outubro de 2024, Quito (Equador), ser\u00e1 sede do XLIX Congresso Internacional &#8220;Desafios e oportunidades da Educa\u00e7\u00e3o Popular de F\u00e9 e Alegria&#8221;. Este evento reunir\u00e1 delegados\/as dos 22 pa\u00edses que fazem parte da Federa\u00e7\u00e3o Internacional de F\u00e9 e Alegria, al\u00e9m de outros pa\u00edses onde temos algumas a\u00e7\u00f5es, para abordar os<\/p>\n","protected":false},"author":68,"featured_media":28515,"comment_status":"open","ping_status":"open","sticky":false,"template":"","format":"standard","meta":{"_acf_changed":false,"footnotes":""},"categories":[183,432,384],"tags":[535,924,422,920,408,922],"post_folder":[],"class_list":["post-28507","post","type-post","status-publish","format-standard","has-post-thumbnail","hentry","category-noticias","category-noticias-pt","category-uncategorized-pt","tag-congresso-internacional-de-fe-e-alegria","tag-direito-a-aprendizagem","tag-educacao-popular","tag-equador","tag-fe-e-alegria","tag-federacao-internacional-de-fe"],"acf":[],"yoast_head":"<!-- This site is optimized with the Yoast SEO plugin v27.5 - https:\/\/yoast.com\/product\/yoast-seo-wordpress\/ -->\n<title>49\u00ba Congresso Internacional de F\u00e9 e Alegria aborda o desafio do Direito \u00e0 Aprendizagem - #SomosF\u00e9eAlegria en Brasil<\/title>\n<meta name=\"robots\" content=\"index, follow, max-snippet:-1, max-image-preview:large, max-video-preview:-1\" \/>\n<link rel=\"canonical\" href=\"https:\/\/www.feyalegria.org\/brasil\/49-congresso-internacional\/\" \/>\n<meta property=\"og:locale\" content=\"es_ES\" \/>\n<meta property=\"og:type\" content=\"article\" \/>\n<meta property=\"og:title\" content=\"49\u00ba Congresso Internacional de F\u00e9 e Alegria aborda o desafio do Direito \u00e0 Aprendizagem - #SomosF\u00e9eAlegria en Brasil\" \/>\n<meta property=\"og:description\" content=\"Nos dias 21 e 22 de outubro de 2024, Quito (Equador), ser\u00e1 sede do XLIX Congresso Internacional &#8220;Desafios e oportunidades da Educa\u00e7\u00e3o Popular de F\u00e9 e Alegria&#8221;. Este evento reunir\u00e1 delegados\/as dos 22 pa\u00edses que fazem parte da Federa\u00e7\u00e3o Internacional de F\u00e9 e Alegria, al\u00e9m de outros pa\u00edses onde temos algumas a\u00e7\u00f5es, para abordar os\" \/>\n<meta property=\"og:url\" content=\"https:\/\/www.feyalegria.org\/brasil\/49-congresso-internacional\/\" \/>\n<meta property=\"og:site_name\" content=\"#SomosF\u00e9eAlegria en Brasil\" \/>\n<meta property=\"article:published_time\" content=\"2024-10-21T17:40:56+00:00\" \/>\n<meta property=\"article:modified_time\" content=\"2024-10-29T14:25:00+00:00\" \/>\n<meta property=\"og:image\" content=\"https:\/\/d3pugrm67vf9n7.cloudfront.net\/wp-content\/uploads\/sites\/23\/2024\/10\/21144310\/Banner-Home-Congresso.png\" \/>\n\t<meta property=\"og:image:width\" content=\"1000\" \/>\n\t<meta property=\"og:image:height\" content=\"500\" \/>\n\t<meta property=\"og:image:type\" content=\"image\/png\" \/>\n<meta name=\"author\" content=\"Laura Meurer\" \/>\n<meta name=\"twitter:card\" content=\"summary_large_image\" \/>\n<meta name=\"twitter:label1\" content=\"Escrito por\" \/>\n\t<meta name=\"twitter:data1\" content=\"Laura Meurer\" \/>\n\t<meta name=\"twitter:label2\" content=\"Tiempo de lectura\" \/>\n\t<meta name=\"twitter:data2\" content=\"4 minutos\" \/>\n<script type=\"application\/ld+json\" class=\"yoast-schema-graph\">{\"@context\":\"https:\\\/\\\/schema.org\",\"@graph\":[{\"@type\":\"Article\",\"@id\":\"https:\\\/\\\/www.feyalegria.org\\\/brasil\\\/49-congresso-internacional\\\/#article\",\"isPartOf\":{\"@id\":\"https:\\\/\\\/www.feyalegria.org\\\/brasil\\\/49-congresso-internacional\\\/\"},\"author\":{\"name\":\"Laura Meurer\",\"@id\":\"https:\\\/\\\/www.feyalegria.org\\\/brasil\\\/#\\\/schema\\\/person\\\/f2c58927c54060575b9e7c44d31d16e9\"},\"headline\":\"49\u00ba Congresso Internacional de F\u00e9 e Alegria aborda o desafio do Direito \u00e0 Aprendizagem\",\"datePublished\":\"2024-10-21T17:40:56+00:00\",\"dateModified\":\"2024-10-29T14:25:00+00:00\",\"mainEntityOfPage\":{\"@id\":\"https:\\\/\\\/www.feyalegria.org\\\/brasil\\\/49-congresso-internacional\\\/\"},\"wordCount\":843,\"commentCount\":0,\"image\":{\"@id\":\"https:\\\/\\\/www.feyalegria.org\\\/brasil\\\/49-congresso-internacional\\\/#primaryimage\"},\"thumbnailUrl\":\"https:\\\/\\\/d3pugrm67vf9n7.cloudfront.net\\\/wp-content\\\/uploads\\\/sites\\\/23\\\/2024\\\/10\\\/21144310\\\/Banner-Home-Congresso.png\",\"keywords\":[\"Congresso Internacional de F\u00e9 e Alegria\",\"Direito \u00e0 Aprendizagem\",\"educa\u00e7\u00e3o popular\",\"Equador\",\"F\u00e9 e Alegria\",\"Federa\u00e7\u00e3o Internacional de F\u00e9\"],\"articleSection\":[\"Noticias\",\"Noticias\",\"Uncategorized\"],\"inLanguage\":\"es-CO\",\"potentialAction\":[{\"@type\":\"CommentAction\",\"name\":\"Comment\",\"target\":[\"https:\\\/\\\/www.feyalegria.org\\\/brasil\\\/49-congresso-internacional\\\/#respond\"]}]},{\"@type\":\"WebPage\",\"@id\":\"https:\\\/\\\/www.feyalegria.org\\\/brasil\\\/49-congresso-internacional\\\/\",\"url\":\"https:\\\/\\\/www.feyalegria.org\\\/brasil\\\/49-congresso-internacional\\\/\",\"name\":\"49\u00ba Congresso Internacional de F\u00e9 e Alegria aborda o desafio do Direito \u00e0 Aprendizagem - #SomosF\u00e9eAlegria en Brasil\",\"isPartOf\":{\"@id\":\"https:\\\/\\\/www.feyalegria.org\\\/brasil\\\/#website\"},\"primaryImageOfPage\":{\"@id\":\"https:\\\/\\\/www.feyalegria.org\\\/brasil\\\/49-congresso-internacional\\\/#primaryimage\"},\"image\":{\"@id\":\"https:\\\/\\\/www.feyalegria.org\\\/brasil\\\/49-congresso-internacional\\\/#primaryimage\"},\"thumbnailUrl\":\"https:\\\/\\\/d3pugrm67vf9n7.cloudfront.net\\\/wp-content\\\/uploads\\\/sites\\\/23\\\/2024\\\/10\\\/21144310\\\/Banner-Home-Congresso.png\",\"datePublished\":\"2024-10-21T17:40:56+00:00\",\"dateModified\":\"2024-10-29T14:25:00+00:00\",\"author\":{\"@id\":\"https:\\\/\\\/www.feyalegria.org\\\/brasil\\\/#\\\/schema\\\/person\\\/f2c58927c54060575b9e7c44d31d16e9\"},\"inLanguage\":\"es-CO\",\"potentialAction\":[{\"@type\":\"ReadAction\",\"target\":[\"https:\\\/\\\/www.feyalegria.org\\\/brasil\\\/49-congresso-internacional\\\/\"]}]},{\"@type\":\"ImageObject\",\"inLanguage\":\"es-CO\",\"@id\":\"https:\\\/\\\/www.feyalegria.org\\\/brasil\\\/49-congresso-internacional\\\/#primaryimage\",\"url\":\"https:\\\/\\\/d3pugrm67vf9n7.cloudfront.net\\\/wp-content\\\/uploads\\\/sites\\\/23\\\/2024\\\/10\\\/21144310\\\/Banner-Home-Congresso.png\",\"contentUrl\":\"https:\\\/\\\/d3pugrm67vf9n7.cloudfront.net\\\/wp-content\\\/uploads\\\/sites\\\/23\\\/2024\\\/10\\\/21144310\\\/Banner-Home-Congresso.png\",\"width\":1000,\"height\":500},{\"@type\":\"WebSite\",\"@id\":\"https:\\\/\\\/www.feyalegria.org\\\/brasil\\\/#website\",\"url\":\"https:\\\/\\\/www.feyalegria.org\\\/brasil\\\/\",\"name\":\"#SomosF\u00e9eAlegria en Brasil\",\"description\":\"\",\"potentialAction\":[{\"@type\":\"SearchAction\",\"target\":{\"@type\":\"EntryPoint\",\"urlTemplate\":\"https:\\\/\\\/www.feyalegria.org\\\/brasil\\\/?s={search_term_string}\"},\"query-input\":{\"@type\":\"PropertyValueSpecification\",\"valueRequired\":true,\"valueName\":\"search_term_string\"}}],\"inLanguage\":\"es-CO\"},{\"@type\":\"Person\",\"@id\":\"https:\\\/\\\/www.feyalegria.org\\\/brasil\\\/#\\\/schema\\\/person\\\/f2c58927c54060575b9e7c44d31d16e9\",\"name\":\"Laura Meurer\",\"url\":\"https:\\\/\\\/www.feyalegria.org\\\/brasil\\\/author\\\/adminbr02\\\/\"}]}<\/script>\n<!-- \/ Yoast SEO plugin. -->","yoast_head_json":{"title":"49\u00ba Congresso Internacional de F\u00e9 e Alegria aborda o desafio do Direito \u00e0 Aprendizagem - #SomosF\u00e9eAlegria en Brasil","robots":{"index":"index","follow":"follow","max-snippet":"max-snippet:-1","max-image-preview":"max-image-preview:large","max-video-preview":"max-video-preview:-1"},"canonical":"https:\/\/www.feyalegria.org\/brasil\/49-congresso-internacional\/","og_locale":"es_ES","og_type":"article","og_title":"49\u00ba Congresso Internacional de F\u00e9 e Alegria aborda o desafio do Direito \u00e0 Aprendizagem - #SomosF\u00e9eAlegria en Brasil","og_description":"Nos dias 21 e 22 de outubro de 2024, Quito (Equador), ser\u00e1 sede do XLIX Congresso Internacional &#8220;Desafios e oportunidades da Educa\u00e7\u00e3o Popular de F\u00e9 e Alegria&#8221;. Este evento reunir\u00e1 delegados\/as dos 22 pa\u00edses que fazem parte da Federa\u00e7\u00e3o Internacional de F\u00e9 e Alegria, al\u00e9m de outros pa\u00edses onde temos algumas a\u00e7\u00f5es, para abordar os","og_url":"https:\/\/www.feyalegria.org\/brasil\/49-congresso-internacional\/","og_site_name":"#SomosF\u00e9eAlegria en Brasil","article_published_time":"2024-10-21T17:40:56+00:00","article_modified_time":"2024-10-29T14:25:00+00:00","og_image":[{"width":1000,"height":500,"url":"https:\/\/d3pugrm67vf9n7.cloudfront.net\/wp-content\/uploads\/sites\/23\/2024\/10\/21144310\/Banner-Home-Congresso.png","type":"image\/png"}],"author":"Laura Meurer","twitter_card":"summary_large_image","twitter_misc":{"Escrito por":"Laura Meurer","Tiempo de lectura":"4 minutos"},"schema":{"@context":"https:\/\/schema.org","@graph":[{"@type":"Article","@id":"https:\/\/www.feyalegria.org\/brasil\/49-congresso-internacional\/#article","isPartOf":{"@id":"https:\/\/www.feyalegria.org\/brasil\/49-congresso-internacional\/"},"author":{"name":"Laura Meurer","@id":"https:\/\/www.feyalegria.org\/brasil\/#\/schema\/person\/f2c58927c54060575b9e7c44d31d16e9"},"headline":"49\u00ba Congresso Internacional de F\u00e9 e Alegria aborda o desafio do Direito \u00e0 Aprendizagem","datePublished":"2024-10-21T17:40:56+00:00","dateModified":"2024-10-29T14:25:00+00:00","mainEntityOfPage":{"@id":"https:\/\/www.feyalegria.org\/brasil\/49-congresso-internacional\/"},"wordCount":843,"commentCount":0,"image":{"@id":"https:\/\/www.feyalegria.org\/brasil\/49-congresso-internacional\/#primaryimage"},"thumbnailUrl":"https:\/\/d3pugrm67vf9n7.cloudfront.net\/wp-content\/uploads\/sites\/23\/2024\/10\/21144310\/Banner-Home-Congresso.png","keywords":["Congresso Internacional de F\u00e9 e Alegria","Direito \u00e0 Aprendizagem","educa\u00e7\u00e3o popular","Equador","F\u00e9 e Alegria","Federa\u00e7\u00e3o Internacional de F\u00e9"],"articleSection":["Noticias","Noticias","Uncategorized"],"inLanguage":"es-CO","potentialAction":[{"@type":"CommentAction","name":"Comment","target":["https:\/\/www.feyalegria.org\/brasil\/49-congresso-internacional\/#respond"]}]},{"@type":"WebPage","@id":"https:\/\/www.feyalegria.org\/brasil\/49-congresso-internacional\/","url":"https:\/\/www.feyalegria.org\/brasil\/49-congresso-internacional\/","name":"49\u00ba Congresso Internacional de F\u00e9 e Alegria aborda o desafio do Direito \u00e0 Aprendizagem - #SomosF\u00e9eAlegria en Brasil","isPartOf":{"@id":"https:\/\/www.feyalegria.org\/brasil\/#website"},"primaryImageOfPage":{"@id":"https:\/\/www.feyalegria.org\/brasil\/49-congresso-internacional\/#primaryimage"},"image":{"@id":"https:\/\/www.feyalegria.org\/brasil\/49-congresso-internacional\/#primaryimage"},"thumbnailUrl":"https:\/\/d3pugrm67vf9n7.cloudfront.net\/wp-content\/uploads\/sites\/23\/2024\/10\/21144310\/Banner-Home-Congresso.png","datePublished":"2024-10-21T17:40:56+00:00","dateModified":"2024-10-29T14:25:00+00:00","author":{"@id":"https:\/\/www.feyalegria.org\/brasil\/#\/schema\/person\/f2c58927c54060575b9e7c44d31d16e9"},"inLanguage":"es-CO","potentialAction":[{"@type":"ReadAction","target":["https:\/\/www.feyalegria.org\/brasil\/49-congresso-internacional\/"]}]},{"@type":"ImageObject","inLanguage":"es-CO","@id":"https:\/\/www.feyalegria.org\/brasil\/49-congresso-internacional\/#primaryimage","url":"https:\/\/d3pugrm67vf9n7.cloudfront.net\/wp-content\/uploads\/sites\/23\/2024\/10\/21144310\/Banner-Home-Congresso.png","contentUrl":"https:\/\/d3pugrm67vf9n7.cloudfront.net\/wp-content\/uploads\/sites\/23\/2024\/10\/21144310\/Banner-Home-Congresso.png","width":1000,"height":500},{"@type":"WebSite","@id":"https:\/\/www.feyalegria.org\/brasil\/#website","url":"https:\/\/www.feyalegria.org\/brasil\/","name":"#SomosF\u00e9eAlegria en Brasil","description":"","potentialAction":[{"@type":"SearchAction","target":{"@type":"EntryPoint","urlTemplate":"https:\/\/www.feyalegria.org\/brasil\/?s={search_term_string}"},"query-input":{"@type":"PropertyValueSpecification","valueRequired":true,"valueName":"search_term_string"}}],"inLanguage":"es-CO"},{"@type":"Person","@id":"https:\/\/www.feyalegria.org\/brasil\/#\/schema\/person\/f2c58927c54060575b9e7c44d31d16e9","name":"Laura Meurer","url":"https:\/\/www.feyalegria.org\/brasil\/author\/adminbr02\/"}]}},"_links":{"self":[{"href":"https:\/\/www.feyalegria.org\/brasil\/wp-json\/wp\/v2\/posts\/28507","targetHints":{"allow":["GET"]}}],"collection":[{"href":"https:\/\/www.feyalegria.org\/brasil\/wp-json\/wp\/v2\/posts"}],"about":[{"href":"https:\/\/www.feyalegria.org\/brasil\/wp-json\/wp\/v2\/types\/post"}],"author":[{"embeddable":true,"href":"https:\/\/www.feyalegria.org\/brasil\/wp-json\/wp\/v2\/users\/68"}],"replies":[{"embeddable":true,"href":"https:\/\/www.feyalegria.org\/brasil\/wp-json\/wp\/v2\/comments?post=28507"}],"version-history":[{"count":0,"href":"https:\/\/www.feyalegria.org\/brasil\/wp-json\/wp\/v2\/posts\/28507\/revisions"}],"wp:featuredmedia":[{"embeddable":true,"href":"https:\/\/www.feyalegria.org\/brasil\/wp-json\/wp\/v2\/media\/28515"}],"wp:attachment":[{"href":"https:\/\/www.feyalegria.org\/brasil\/wp-json\/wp\/v2\/media?parent=28507"}],"wp:term":[{"taxonomy":"category","embeddable":true,"href":"https:\/\/www.feyalegria.org\/brasil\/wp-json\/wp\/v2\/categories?post=28507"},{"taxonomy":"post_tag","embeddable":true,"href":"https:\/\/www.feyalegria.org\/brasil\/wp-json\/wp\/v2\/tags?post=28507"},{"taxonomy":"post_folder","embeddable":true,"href":"https:\/\/www.feyalegria.org\/brasil\/wp-json\/wp\/v2\/post_folder?post=28507"}],"curies":[{"name":"wp","href":"https:\/\/api.w.org\/{rel}","templated":true}]}}