{"id":28527,"date":"2024-10-29T11:44:30","date_gmt":"2024-10-29T14:44:30","guid":{"rendered":"https:\/\/www.feyalegria.org\/brasil\/?p=28527"},"modified":"2024-10-29T13:47:19","modified_gmt":"2024-10-29T16:47:19","slug":"fe-e-alegria-internacional-lanca-a-campanha-pelo-direito-a-aprendizagem","status":"publish","type":"post","link":"https:\/\/www.feyalegria.org\/brasil\/fe-e-alegria-internacional-lanca-a-campanha-pelo-direito-a-aprendizagem\/","title":{"rendered":"F\u00e9 e Alegria Internacional lan\u00e7a a campanha &#8220;Pelo Direito \u00e0 Aprendizagem&#8221;"},"content":{"rendered":"<p><span style=\"font-weight: 400;\"><img loading=\"lazy\" decoding=\"async\" class=\"size-large wp-image-28528 aligncenter\" src=\"https:\/\/d3pugrm67vf9n7.cloudfront.net\/wp-content\/uploads\/sites\/23\/2024\/10\/29113714\/Campanha-global-abre-1024x683.jpg\" alt=\"\" width=\"1024\" height=\"683\" srcset=\"https:\/\/d3pugrm67vf9n7.cloudfront.net\/wp-content\/uploads\/sites\/23\/2024\/10\/29113714\/Campanha-global-abre-1024x683.jpg 1024w, https:\/\/d3pugrm67vf9n7.cloudfront.net\/wp-content\/uploads\/sites\/23\/2024\/10\/29113714\/Campanha-global-abre-300x200.jpg 300w, https:\/\/d3pugrm67vf9n7.cloudfront.net\/wp-content\/uploads\/sites\/23\/2024\/10\/29113714\/Campanha-global-abre-768x512.jpg 768w, https:\/\/d3pugrm67vf9n7.cloudfront.net\/wp-content\/uploads\/sites\/23\/2024\/10\/29113714\/Campanha-global-abre.jpg 1200w\" sizes=\"auto, (max-width: 1024px) 100vw, 1024px\" \/><\/span><\/p>\n<p>&nbsp;<\/p>\n<p><span style=\"font-weight: 400;\">F\u00e9 e Alegria Internacional lan\u00e7ou oficialmente sua campanha &#8220;Pelo Direito \u00e0 Aprendizagem&#8221;, no contexto do XLIX Congresso Internacional de F\u00e9 e Alegria, intitulado \u201cDesafios e Oportunidades da Educa\u00e7\u00e3o Popular\u201d, realizado em Quito (Equador) nos dias 21 e 22 de outubro. A iniciativa tem como objetivo mobilizar esfor\u00e7os entre governos, sociedade civil, empresas e outros atores-chave para garantir que todas as pessoas, sem exce\u00e7\u00e3o, tenham acesso a uma educa\u00e7\u00e3o de qualidade.<\/span><\/p>\n<p>&nbsp;<\/p>\n<p><span style=\"font-weight: 400;\"><img loading=\"lazy\" decoding=\"async\" class=\"alignright size-full wp-image-28529\" src=\"https:\/\/d3pugrm67vf9n7.cloudfront.net\/wp-content\/uploads\/sites\/23\/2024\/10\/29113716\/Campanha-global-foto-1.jpg\" alt=\"\" width=\"500\" height=\"354\" srcset=\"https:\/\/d3pugrm67vf9n7.cloudfront.net\/wp-content\/uploads\/sites\/23\/2024\/10\/29113716\/Campanha-global-foto-1.jpg 500w, https:\/\/d3pugrm67vf9n7.cloudfront.net\/wp-content\/uploads\/sites\/23\/2024\/10\/29113716\/Campanha-global-foto-1-300x212.jpg 300w\" sizes=\"auto, (max-width: 500px) 100vw, 500px\" \/>O lan\u00e7amento da campanha foi dividido em dois momentos. O primeiro foi o Festival pelo Direito \u00e0 Aprendizagem, que reuniu cerca de 300 participantes, incluindo estudantes, fam\u00edlias e representantes dos 22 pa\u00edses onde F\u00e9 e Alegria est\u00e1 presente. Os jovens foram protagonistas, elevando suas vozes por meio de express\u00f5es art\u00edsticas para lembrar ao mundo que a educa\u00e7\u00e3o \u00e9 um direito universal que n\u00e3o conhece fronteiras.<\/span><\/p>\n<p>&nbsp;<\/p>\n<p><span style=\"font-weight: 400;\">O segundo momento importante ocorreu no Minist\u00e9rio da Educa\u00e7\u00e3o do Equador, onde a ministra Alegr\u00eda Crespo, o coordenador geral de F\u00e9 e Alegria Internacional, Pe. Daniel Villanueva, SJ, e o diretor nacional de F\u00e9 e Alegria Equador, Carlos Vargas, assinaram um compromisso pela promo\u00e7\u00e3o do direito \u00e0 aprendizagem. Este acordo foi apoiado pela Confer\u00eancia dos Provinciais da Am\u00e9rica Latina e Caribe (Cpal), pela Associa\u00e7\u00e3o de Universidades confiadas \u00e0 Companhia de Jesus na Am\u00e9rica Latina (Ausjal), pela Federa\u00e7\u00e3o Latino-Americana de Col\u00e9gios Jesu\u00edtas (Flacsi), pelo Servi\u00e7o Jesu\u00edta aos Refugiados na Am\u00e9rica Latina e Caribe, junto com importantes colaboradores da miss\u00e3o de F\u00e9 e Alegria, pela Uni\u00e3o Mundial de Ex-Alunos Jesu\u00edtas (Wuja), pela Uni\u00e3o Latino-Americana de Ex-Alunos Jesu\u00edtas (Uasialac), pela Campanha Latino-Americana pelo Direito \u00e0 Educa\u00e7\u00e3o (Clade) e pela DVV Internacional.<\/span><\/p>\n<p>&nbsp;<\/p>\n<p>&nbsp;<\/p>\n<p><span style=\"font-weight: 400;\"><img loading=\"lazy\" decoding=\"async\" class=\"size-large wp-image-28530 aligncenter\" src=\"https:\/\/d3pugrm67vf9n7.cloudfront.net\/wp-content\/uploads\/sites\/23\/2024\/10\/29113719\/Campanha-global-foto-2-1024x768.jpg\" alt=\"\" width=\"1024\" height=\"768\" srcset=\"https:\/\/d3pugrm67vf9n7.cloudfront.net\/wp-content\/uploads\/sites\/23\/2024\/10\/29113719\/Campanha-global-foto-2-1024x768.jpg 1024w, https:\/\/d3pugrm67vf9n7.cloudfront.net\/wp-content\/uploads\/sites\/23\/2024\/10\/29113719\/Campanha-global-foto-2-300x225.jpg 300w, https:\/\/d3pugrm67vf9n7.cloudfront.net\/wp-content\/uploads\/sites\/23\/2024\/10\/29113719\/Campanha-global-foto-2-768x576.jpg 768w, https:\/\/d3pugrm67vf9n7.cloudfront.net\/wp-content\/uploads\/sites\/23\/2024\/10\/29113719\/Campanha-global-foto-2.jpg 1200w\" sizes=\"auto, (max-width: 1024px) 100vw, 1024px\" \/><\/span><\/p>\n<p><span style=\"font-weight: 400;\">Estudantes de F\u00e9 e Alegria leram e entregaram \u00e0 Ministra da Educa\u00e7\u00e3o do Equador um manifesto, resultado de um processo coletivo, no qual expressaram suas propostas diante dos desafios que amea\u00e7am a garantia de seu direito a aprendizagens inclusivas e de qualidade. Eles enfatizaram que n\u00e3o querem ser receptores passivos de conhecimentos, mas desejam uma educa\u00e7\u00e3o transformadora que lhes permita ser protagonistas de suas pr\u00f3prias realidades.<\/span><\/p>\n<p>&nbsp;<\/p>\n<p><span style=\"font-weight: 400;\">\u201cEm F\u00e9 e Alegria, defendemos aprendizagens essenciais e integrais para todos e todas, ao longo de todas as etapas de suas vidas\u201d, comentou Pe. Daniel Villanueva. \u201cQueremos que esta campanha visibilize as lacunas educacionais que limitam o potencial de crian\u00e7as, jovens e adultos para construir um futuro equitativo e solid\u00e1rio.\u201d<\/span><\/p>\n<p>&nbsp;<\/p>\n<p><b>O que esta campanha defende?<\/b><\/p>\n<p>&nbsp;<\/p>\n<p><span style=\"font-weight: 400;\">A campanha abrange cinco linhas de a\u00e7\u00e3o: alcan\u00e7ar uma educa\u00e7\u00e3o para todos e todas, que promova acesso, perman\u00eancia, promo\u00e7\u00e3o e qualidade; um financiamento educativo adequado para garantir uma educa\u00e7\u00e3o p\u00fablica de qualidade; pol\u00edticas p\u00fablicas que promovam a educa\u00e7\u00e3o desde a primeira inf\u00e2ncia; curr\u00edculos oficiais flex\u00edveis que incentivem a inova\u00e7\u00e3o; e promover a forma\u00e7\u00e3o de professores.<\/span><\/p>\n<p>&nbsp;<\/p>\n<p><span style=\"font-weight: 400;\">No contexto do Congresso Internacional, educadores e educadoras identificaram pr\u00e1ticas pedag\u00f3gicas implementadas nos 22 pa\u00edses onde F\u00e9 e Alegria est\u00e1 presente. Essas pr\u00e1ticas contribuem para reduzir lacunas, melhorar a qualidade das aprendizagens e promover a transforma\u00e7\u00e3o educacional.<\/span><\/p>\n<p>&nbsp;<\/p>\n<p><span style=\"font-weight: 400;\">A urg\u00eancia desta campanha reflete-se em n\u00fameros alarmantes, como o fato de que, em pa\u00edses de baixa renda, 70% das crian\u00e7as n\u00e3o compreendem textos simples (Banco Mundial, 2022), o que nos leva a falar sobre a pobreza de aprendizagem. Al\u00e9m disso, segundo a Unesco (2024), mais de 750 milh\u00f5es de adultos em todo o mundo n\u00e3o sabem ler nem escrever; e existe uma crise mundial de abandono da profiss\u00e3o docente, evidenciando a necessidade de 44 milh\u00f5es de novos professores at\u00e9 2030.<\/span><\/p>\n<p>&nbsp;<\/p>\n<p><span style=\"font-weight: 400;\">\u201cA educa\u00e7\u00e3o \u00e9 um direito humano fundamental que potencializa as possibilidades humanas. Precisamos de uma a\u00e7\u00e3o coletiva para garantir que todas as pessoas tenham acesso a uma educa\u00e7\u00e3o de qualidade, independentemente de suas circunst\u00e2ncias\u201d, enfatizou Villanueva.<\/span><\/p>\n<p>&nbsp;<\/p>\n<p><span style=\"font-weight: 400;\"><img loading=\"lazy\" decoding=\"async\" class=\"size-full wp-image-28531 alignleft\" src=\"https:\/\/d3pugrm67vf9n7.cloudfront.net\/wp-content\/uploads\/sites\/23\/2024\/10\/29113721\/Campanha-global-foto-3.jpg\" alt=\"\" width=\"500\" height=\"375\" srcset=\"https:\/\/d3pugrm67vf9n7.cloudfront.net\/wp-content\/uploads\/sites\/23\/2024\/10\/29113721\/Campanha-global-foto-3.jpg 500w, https:\/\/d3pugrm67vf9n7.cloudfront.net\/wp-content\/uploads\/sites\/23\/2024\/10\/29113721\/Campanha-global-foto-3-300x225.jpg 300w\" sizes=\"auto, (max-width: 500px) 100vw, 500px\" \/>Esses fatos s\u00e3o um chamado para que governos, sociedade civil, empresas e outros atores assegurem que as futuras gera\u00e7\u00f5es tenham as habilidades b\u00e1sicas para participar plena, livre e criticamente da sociedade.<\/span><\/p>\n<p>&nbsp;<\/p>\n<p><span style=\"font-weight: 400;\">F\u00e9 e Alegria Internacional chama a aten\u00e7\u00e3o para a import\u00e2ncia da educa\u00e7\u00e3o n\u00e3o apenas como meio para adquirir conhecimentos, mas como um espa\u00e7o vital para a socializa\u00e7\u00e3o, a prote\u00e7\u00e3o e o cuidado de crian\u00e7as e jovens.<\/span><\/p>\n<p>&nbsp;<\/p>\n<p><span style=\"font-weight: 400;\">Participe da campanha e atue! <\/span><a href=\"http:\/\/www.derechoalaprendizaje.org\" target=\"_blank\" rel=\"noopener\"><b>www.derechoalaprendizaje.org<\/b><\/a><\/p>\n<p>&nbsp;<\/p>\n<p>&nbsp;<\/p>\n<p>&nbsp;<\/p>\n<p>&nbsp;<\/p>\n<p>&nbsp;<\/p>\n<p>______________________________________________<\/p>\n<p><strong>Fonte:<\/strong> Comunica\u00e7\u00e3o | F\u00e9 e Alegria Internacional<\/p>\n","protected":false},"excerpt":{"rendered":"<p>&nbsp; F\u00e9 e Alegria Internacional lan\u00e7ou oficialmente sua campanha &#8220;Pelo Direito \u00e0 Aprendizagem&#8221;, no contexto do XLIX Congresso Internacional de F\u00e9 e Alegria, intitulado \u201cDesafios e Oportunidades da Educa\u00e7\u00e3o Popular\u201d, realizado em Quito (Equador) nos dias 21 e 22 de outubro. A iniciativa tem como objetivo mobilizar esfor\u00e7os entre governos, sociedade civil, empresas e outros<\/p>\n","protected":false},"author":68,"featured_media":28532,"comment_status":"open","ping_status":"open","sticky":false,"template":"","format":"standard","meta":{"_acf_changed":false,"footnotes":""},"categories":[432,183],"tags":[926,924,422,764],"post_folder":[],"class_list":["post-28527","post","type-post","status-publish","format-standard","has-post-thumbnail","hentry","category-noticias-pt","category-noticias","tag-congresso-internacional","tag-direito-a-aprendizagem","tag-educacao-popular","tag-federacao-internacional-de-fe-e-alegria"],"acf":[],"yoast_head":"<!-- This site is optimized with the Yoast SEO plugin v27.5 - https:\/\/yoast.com\/product\/yoast-seo-wordpress\/ -->\n<title>F\u00e9 e Alegria Internacional lan\u00e7a a campanha &quot;Pelo Direito \u00e0 Aprendizagem&quot; - #SomosF\u00e9eAlegria en Brasil<\/title>\n<meta name=\"robots\" content=\"index, follow, max-snippet:-1, max-image-preview:large, max-video-preview:-1\" \/>\n<link rel=\"canonical\" href=\"https:\/\/www.feyalegria.org\/brasil\/fe-e-alegria-internacional-lanca-a-campanha-pelo-direito-a-aprendizagem\/\" \/>\n<meta property=\"og:locale\" content=\"es_ES\" \/>\n<meta property=\"og:type\" content=\"article\" \/>\n<meta property=\"og:title\" content=\"F\u00e9 e Alegria Internacional lan\u00e7a a campanha &quot;Pelo Direito \u00e0 Aprendizagem&quot; - #SomosF\u00e9eAlegria en Brasil\" \/>\n<meta property=\"og:description\" content=\"&nbsp; F\u00e9 e Alegria Internacional lan\u00e7ou oficialmente sua campanha &#8220;Pelo Direito \u00e0 Aprendizagem&#8221;, no contexto do XLIX Congresso Internacional de F\u00e9 e Alegria, intitulado \u201cDesafios e Oportunidades da Educa\u00e7\u00e3o Popular\u201d, realizado em Quito (Equador) nos dias 21 e 22 de outubro. A iniciativa tem como objetivo mobilizar esfor\u00e7os entre governos, sociedade civil, empresas e outros\" \/>\n<meta property=\"og:url\" content=\"https:\/\/www.feyalegria.org\/brasil\/fe-e-alegria-internacional-lanca-a-campanha-pelo-direito-a-aprendizagem\/\" \/>\n<meta property=\"og:site_name\" content=\"#SomosF\u00e9eAlegria en Brasil\" \/>\n<meta property=\"article:published_time\" content=\"2024-10-29T14:44:30+00:00\" \/>\n<meta property=\"article:modified_time\" content=\"2024-10-29T16:47:19+00:00\" \/>\n<meta property=\"og:image\" content=\"https:\/\/d3pugrm67vf9n7.cloudfront.net\/wp-content\/uploads\/sites\/23\/2024\/10\/29113725\/Banner-Home-Capanha-Global.png\" \/>\n\t<meta property=\"og:image:width\" content=\"1000\" \/>\n\t<meta property=\"og:image:height\" content=\"500\" \/>\n\t<meta property=\"og:image:type\" content=\"image\/png\" \/>\n<meta name=\"author\" content=\"Laura Meurer\" \/>\n<meta name=\"twitter:card\" content=\"summary_large_image\" \/>\n<meta name=\"twitter:label1\" content=\"Escrito por\" \/>\n\t<meta name=\"twitter:data1\" content=\"Laura Meurer\" \/>\n\t<meta name=\"twitter:label2\" content=\"Tiempo de lectura\" \/>\n\t<meta name=\"twitter:data2\" content=\"5 minutos\" \/>\n<script type=\"application\/ld+json\" class=\"yoast-schema-graph\">{\"@context\":\"https:\\\/\\\/schema.org\",\"@graph\":[{\"@type\":\"Article\",\"@id\":\"https:\\\/\\\/www.feyalegria.org\\\/brasil\\\/fe-e-alegria-internacional-lanca-a-campanha-pelo-direito-a-aprendizagem\\\/#article\",\"isPartOf\":{\"@id\":\"https:\\\/\\\/www.feyalegria.org\\\/brasil\\\/fe-e-alegria-internacional-lanca-a-campanha-pelo-direito-a-aprendizagem\\\/\"},\"author\":{\"name\":\"Laura Meurer\",\"@id\":\"https:\\\/\\\/www.feyalegria.org\\\/brasil\\\/#\\\/schema\\\/person\\\/f2c58927c54060575b9e7c44d31d16e9\"},\"headline\":\"F\u00e9 e Alegria Internacional lan\u00e7a a campanha &#8220;Pelo Direito \u00e0 Aprendizagem&#8221;\",\"datePublished\":\"2024-10-29T14:44:30+00:00\",\"dateModified\":\"2024-10-29T16:47:19+00:00\",\"mainEntityOfPage\":{\"@id\":\"https:\\\/\\\/www.feyalegria.org\\\/brasil\\\/fe-e-alegria-internacional-lanca-a-campanha-pelo-direito-a-aprendizagem\\\/\"},\"wordCount\":770,\"commentCount\":0,\"image\":{\"@id\":\"https:\\\/\\\/www.feyalegria.org\\\/brasil\\\/fe-e-alegria-internacional-lanca-a-campanha-pelo-direito-a-aprendizagem\\\/#primaryimage\"},\"thumbnailUrl\":\"https:\\\/\\\/d3pugrm67vf9n7.cloudfront.net\\\/wp-content\\\/uploads\\\/sites\\\/23\\\/2024\\\/10\\\/29113725\\\/Banner-Home-Capanha-Global.png\",\"keywords\":[\"Congresso internacional\",\"Direito \u00e0 Aprendizagem\",\"educa\u00e7\u00e3o popular\",\"Federa\u00e7\u00e3o Internacional de F\u00e9 e Alegria\"],\"articleSection\":[\"Noticias\",\"Noticias\"],\"inLanguage\":\"es-CO\",\"potentialAction\":[{\"@type\":\"CommentAction\",\"name\":\"Comment\",\"target\":[\"https:\\\/\\\/www.feyalegria.org\\\/brasil\\\/fe-e-alegria-internacional-lanca-a-campanha-pelo-direito-a-aprendizagem\\\/#respond\"]}]},{\"@type\":\"WebPage\",\"@id\":\"https:\\\/\\\/www.feyalegria.org\\\/brasil\\\/fe-e-alegria-internacional-lanca-a-campanha-pelo-direito-a-aprendizagem\\\/\",\"url\":\"https:\\\/\\\/www.feyalegria.org\\\/brasil\\\/fe-e-alegria-internacional-lanca-a-campanha-pelo-direito-a-aprendizagem\\\/\",\"name\":\"F\u00e9 e Alegria Internacional lan\u00e7a a campanha \\\"Pelo Direito \u00e0 Aprendizagem\\\" - #SomosF\u00e9eAlegria en Brasil\",\"isPartOf\":{\"@id\":\"https:\\\/\\\/www.feyalegria.org\\\/brasil\\\/#website\"},\"primaryImageOfPage\":{\"@id\":\"https:\\\/\\\/www.feyalegria.org\\\/brasil\\\/fe-e-alegria-internacional-lanca-a-campanha-pelo-direito-a-aprendizagem\\\/#primaryimage\"},\"image\":{\"@id\":\"https:\\\/\\\/www.feyalegria.org\\\/brasil\\\/fe-e-alegria-internacional-lanca-a-campanha-pelo-direito-a-aprendizagem\\\/#primaryimage\"},\"thumbnailUrl\":\"https:\\\/\\\/d3pugrm67vf9n7.cloudfront.net\\\/wp-content\\\/uploads\\\/sites\\\/23\\\/2024\\\/10\\\/29113725\\\/Banner-Home-Capanha-Global.png\",\"datePublished\":\"2024-10-29T14:44:30+00:00\",\"dateModified\":\"2024-10-29T16:47:19+00:00\",\"author\":{\"@id\":\"https:\\\/\\\/www.feyalegria.org\\\/brasil\\\/#\\\/schema\\\/person\\\/f2c58927c54060575b9e7c44d31d16e9\"},\"inLanguage\":\"es-CO\",\"potentialAction\":[{\"@type\":\"ReadAction\",\"target\":[\"https:\\\/\\\/www.feyalegria.org\\\/brasil\\\/fe-e-alegria-internacional-lanca-a-campanha-pelo-direito-a-aprendizagem\\\/\"]}]},{\"@type\":\"ImageObject\",\"inLanguage\":\"es-CO\",\"@id\":\"https:\\\/\\\/www.feyalegria.org\\\/brasil\\\/fe-e-alegria-internacional-lanca-a-campanha-pelo-direito-a-aprendizagem\\\/#primaryimage\",\"url\":\"https:\\\/\\\/d3pugrm67vf9n7.cloudfront.net\\\/wp-content\\\/uploads\\\/sites\\\/23\\\/2024\\\/10\\\/29113725\\\/Banner-Home-Capanha-Global.png\",\"contentUrl\":\"https:\\\/\\\/d3pugrm67vf9n7.cloudfront.net\\\/wp-content\\\/uploads\\\/sites\\\/23\\\/2024\\\/10\\\/29113725\\\/Banner-Home-Capanha-Global.png\",\"width\":1000,\"height\":500},{\"@type\":\"WebSite\",\"@id\":\"https:\\\/\\\/www.feyalegria.org\\\/brasil\\\/#website\",\"url\":\"https:\\\/\\\/www.feyalegria.org\\\/brasil\\\/\",\"name\":\"#SomosF\u00e9eAlegria en Brasil\",\"description\":\"\",\"potentialAction\":[{\"@type\":\"SearchAction\",\"target\":{\"@type\":\"EntryPoint\",\"urlTemplate\":\"https:\\\/\\\/www.feyalegria.org\\\/brasil\\\/?s={search_term_string}\"},\"query-input\":{\"@type\":\"PropertyValueSpecification\",\"valueRequired\":true,\"valueName\":\"search_term_string\"}}],\"inLanguage\":\"es-CO\"},{\"@type\":\"Person\",\"@id\":\"https:\\\/\\\/www.feyalegria.org\\\/brasil\\\/#\\\/schema\\\/person\\\/f2c58927c54060575b9e7c44d31d16e9\",\"name\":\"Laura Meurer\",\"url\":\"https:\\\/\\\/www.feyalegria.org\\\/brasil\\\/author\\\/adminbr02\\\/\"}]}<\/script>\n<!-- \/ Yoast SEO plugin. -->","yoast_head_json":{"title":"F\u00e9 e Alegria Internacional lan\u00e7a a campanha \"Pelo Direito \u00e0 Aprendizagem\" - #SomosF\u00e9eAlegria en Brasil","robots":{"index":"index","follow":"follow","max-snippet":"max-snippet:-1","max-image-preview":"max-image-preview:large","max-video-preview":"max-video-preview:-1"},"canonical":"https:\/\/www.feyalegria.org\/brasil\/fe-e-alegria-internacional-lanca-a-campanha-pelo-direito-a-aprendizagem\/","og_locale":"es_ES","og_type":"article","og_title":"F\u00e9 e Alegria Internacional lan\u00e7a a campanha \"Pelo Direito \u00e0 Aprendizagem\" - #SomosF\u00e9eAlegria en Brasil","og_description":"&nbsp; F\u00e9 e Alegria Internacional lan\u00e7ou oficialmente sua campanha &#8220;Pelo Direito \u00e0 Aprendizagem&#8221;, no contexto do XLIX Congresso Internacional de F\u00e9 e Alegria, intitulado \u201cDesafios e Oportunidades da Educa\u00e7\u00e3o Popular\u201d, realizado em Quito (Equador) nos dias 21 e 22 de outubro. A iniciativa tem como objetivo mobilizar esfor\u00e7os entre governos, sociedade civil, empresas e outros","og_url":"https:\/\/www.feyalegria.org\/brasil\/fe-e-alegria-internacional-lanca-a-campanha-pelo-direito-a-aprendizagem\/","og_site_name":"#SomosF\u00e9eAlegria en Brasil","article_published_time":"2024-10-29T14:44:30+00:00","article_modified_time":"2024-10-29T16:47:19+00:00","og_image":[{"width":1000,"height":500,"url":"https:\/\/d3pugrm67vf9n7.cloudfront.net\/wp-content\/uploads\/sites\/23\/2024\/10\/29113725\/Banner-Home-Capanha-Global.png","type":"image\/png"}],"author":"Laura Meurer","twitter_card":"summary_large_image","twitter_misc":{"Escrito por":"Laura Meurer","Tiempo de lectura":"5 minutos"},"schema":{"@context":"https:\/\/schema.org","@graph":[{"@type":"Article","@id":"https:\/\/www.feyalegria.org\/brasil\/fe-e-alegria-internacional-lanca-a-campanha-pelo-direito-a-aprendizagem\/#article","isPartOf":{"@id":"https:\/\/www.feyalegria.org\/brasil\/fe-e-alegria-internacional-lanca-a-campanha-pelo-direito-a-aprendizagem\/"},"author":{"name":"Laura Meurer","@id":"https:\/\/www.feyalegria.org\/brasil\/#\/schema\/person\/f2c58927c54060575b9e7c44d31d16e9"},"headline":"F\u00e9 e Alegria Internacional lan\u00e7a a campanha &#8220;Pelo Direito \u00e0 Aprendizagem&#8221;","datePublished":"2024-10-29T14:44:30+00:00","dateModified":"2024-10-29T16:47:19+00:00","mainEntityOfPage":{"@id":"https:\/\/www.feyalegria.org\/brasil\/fe-e-alegria-internacional-lanca-a-campanha-pelo-direito-a-aprendizagem\/"},"wordCount":770,"commentCount":0,"image":{"@id":"https:\/\/www.feyalegria.org\/brasil\/fe-e-alegria-internacional-lanca-a-campanha-pelo-direito-a-aprendizagem\/#primaryimage"},"thumbnailUrl":"https:\/\/d3pugrm67vf9n7.cloudfront.net\/wp-content\/uploads\/sites\/23\/2024\/10\/29113725\/Banner-Home-Capanha-Global.png","keywords":["Congresso internacional","Direito \u00e0 Aprendizagem","educa\u00e7\u00e3o popular","Federa\u00e7\u00e3o Internacional de F\u00e9 e Alegria"],"articleSection":["Noticias","Noticias"],"inLanguage":"es-CO","potentialAction":[{"@type":"CommentAction","name":"Comment","target":["https:\/\/www.feyalegria.org\/brasil\/fe-e-alegria-internacional-lanca-a-campanha-pelo-direito-a-aprendizagem\/#respond"]}]},{"@type":"WebPage","@id":"https:\/\/www.feyalegria.org\/brasil\/fe-e-alegria-internacional-lanca-a-campanha-pelo-direito-a-aprendizagem\/","url":"https:\/\/www.feyalegria.org\/brasil\/fe-e-alegria-internacional-lanca-a-campanha-pelo-direito-a-aprendizagem\/","name":"F\u00e9 e Alegria Internacional lan\u00e7a a campanha \"Pelo Direito \u00e0 Aprendizagem\" - #SomosF\u00e9eAlegria en Brasil","isPartOf":{"@id":"https:\/\/www.feyalegria.org\/brasil\/#website"},"primaryImageOfPage":{"@id":"https:\/\/www.feyalegria.org\/brasil\/fe-e-alegria-internacional-lanca-a-campanha-pelo-direito-a-aprendizagem\/#primaryimage"},"image":{"@id":"https:\/\/www.feyalegria.org\/brasil\/fe-e-alegria-internacional-lanca-a-campanha-pelo-direito-a-aprendizagem\/#primaryimage"},"thumbnailUrl":"https:\/\/d3pugrm67vf9n7.cloudfront.net\/wp-content\/uploads\/sites\/23\/2024\/10\/29113725\/Banner-Home-Capanha-Global.png","datePublished":"2024-10-29T14:44:30+00:00","dateModified":"2024-10-29T16:47:19+00:00","author":{"@id":"https:\/\/www.feyalegria.org\/brasil\/#\/schema\/person\/f2c58927c54060575b9e7c44d31d16e9"},"inLanguage":"es-CO","potentialAction":[{"@type":"ReadAction","target":["https:\/\/www.feyalegria.org\/brasil\/fe-e-alegria-internacional-lanca-a-campanha-pelo-direito-a-aprendizagem\/"]}]},{"@type":"ImageObject","inLanguage":"es-CO","@id":"https:\/\/www.feyalegria.org\/brasil\/fe-e-alegria-internacional-lanca-a-campanha-pelo-direito-a-aprendizagem\/#primaryimage","url":"https:\/\/d3pugrm67vf9n7.cloudfront.net\/wp-content\/uploads\/sites\/23\/2024\/10\/29113725\/Banner-Home-Capanha-Global.png","contentUrl":"https:\/\/d3pugrm67vf9n7.cloudfront.net\/wp-content\/uploads\/sites\/23\/2024\/10\/29113725\/Banner-Home-Capanha-Global.png","width":1000,"height":500},{"@type":"WebSite","@id":"https:\/\/www.feyalegria.org\/brasil\/#website","url":"https:\/\/www.feyalegria.org\/brasil\/","name":"#SomosF\u00e9eAlegria en Brasil","description":"","potentialAction":[{"@type":"SearchAction","target":{"@type":"EntryPoint","urlTemplate":"https:\/\/www.feyalegria.org\/brasil\/?s={search_term_string}"},"query-input":{"@type":"PropertyValueSpecification","valueRequired":true,"valueName":"search_term_string"}}],"inLanguage":"es-CO"},{"@type":"Person","@id":"https:\/\/www.feyalegria.org\/brasil\/#\/schema\/person\/f2c58927c54060575b9e7c44d31d16e9","name":"Laura Meurer","url":"https:\/\/www.feyalegria.org\/brasil\/author\/adminbr02\/"}]}},"_links":{"self":[{"href":"https:\/\/www.feyalegria.org\/brasil\/wp-json\/wp\/v2\/posts\/28527","targetHints":{"allow":["GET"]}}],"collection":[{"href":"https:\/\/www.feyalegria.org\/brasil\/wp-json\/wp\/v2\/posts"}],"about":[{"href":"https:\/\/www.feyalegria.org\/brasil\/wp-json\/wp\/v2\/types\/post"}],"author":[{"embeddable":true,"href":"https:\/\/www.feyalegria.org\/brasil\/wp-json\/wp\/v2\/users\/68"}],"replies":[{"embeddable":true,"href":"https:\/\/www.feyalegria.org\/brasil\/wp-json\/wp\/v2\/comments?post=28527"}],"version-history":[{"count":0,"href":"https:\/\/www.feyalegria.org\/brasil\/wp-json\/wp\/v2\/posts\/28527\/revisions"}],"wp:featuredmedia":[{"embeddable":true,"href":"https:\/\/www.feyalegria.org\/brasil\/wp-json\/wp\/v2\/media\/28532"}],"wp:attachment":[{"href":"https:\/\/www.feyalegria.org\/brasil\/wp-json\/wp\/v2\/media?parent=28527"}],"wp:term":[{"taxonomy":"category","embeddable":true,"href":"https:\/\/www.feyalegria.org\/brasil\/wp-json\/wp\/v2\/categories?post=28527"},{"taxonomy":"post_tag","embeddable":true,"href":"https:\/\/www.feyalegria.org\/brasil\/wp-json\/wp\/v2\/tags?post=28527"},{"taxonomy":"post_folder","embeddable":true,"href":"https:\/\/www.feyalegria.org\/brasil\/wp-json\/wp\/v2\/post_folder?post=28527"}],"curies":[{"name":"wp","href":"https:\/\/api.w.org\/{rel}","templated":true}]}}