 {"id":28551,"date":"2024-12-11T16:26:47","date_gmt":"2024-12-11T19:26:47","guid":{"rendered":"https:\/\/www.feyalegria.org\/brasil\/?p=28551"},"modified":"2024-12-11T16:29:21","modified_gmt":"2024-12-11T19:29:21","slug":"vigilia-do-advento-2024","status":"publish","type":"post","link":"https:\/\/www.feyalegria.org\/brasil\/vigilia-do-advento-2024\/","title":{"rendered":"Participe da Vig\u00edlia do Advento de F\u00e9 e Alegria"},"content":{"rendered":"<p><span style=\"font-weight: 400;\"><a href=\"http:\/\/vigilia.feyalegria.org\" target=\"_blank\" rel=\"noopener\"><img loading=\"lazy\" decoding=\"async\" class=\"alignright wp-image-28553\" src=\"https:\/\/d3pugrm67vf9n7.cloudfront.net\/wp-content\/uploads\/sites\/23\/2024\/12\/11162511\/Fe-e-Alegria-Vigilia-do-Advento-1024x1024.jpeg\" alt=\"\" width=\"500\" height=\"500\" srcset=\"https:\/\/d3pugrm67vf9n7.cloudfront.net\/wp-content\/uploads\/sites\/23\/2024\/12\/11162511\/Fe-e-Alegria-Vigilia-do-Advento-1024x1024.jpeg 1024w, https:\/\/d3pugrm67vf9n7.cloudfront.net\/wp-content\/uploads\/sites\/23\/2024\/12\/11162511\/Fe-e-Alegria-Vigilia-do-Advento-300x300.jpeg 300w, https:\/\/d3pugrm67vf9n7.cloudfront.net\/wp-content\/uploads\/sites\/23\/2024\/12\/11162511\/Fe-e-Alegria-Vigilia-do-Advento-150x150.jpeg 150w, https:\/\/d3pugrm67vf9n7.cloudfront.net\/wp-content\/uploads\/sites\/23\/2024\/12\/11162511\/Fe-e-Alegria-Vigilia-do-Advento-768x768.jpeg 768w, https:\/\/d3pugrm67vf9n7.cloudfront.net\/wp-content\/uploads\/sites\/23\/2024\/12\/11162511\/Fe-e-Alegria-Vigilia-do-Advento.jpeg 1080w\" sizes=\"auto, (max-width: 500px) 100vw, 500px\" \/><\/a>O Advento \u00e9 tempo de prepara\u00e7\u00e3o, esperan\u00e7a e reflex\u00e3o. Em F\u00e9 e Alegria, vivemos esse momento como uma oportunidade para fortalecer nossa voca\u00e7\u00e3o de educar nas fronteiras da exclus\u00e3o. Mais do que isso, a Vig\u00edlia do Advento ser\u00e1 um momento de encontro dessa grande rede internacional da qual fazemos parte e uma oportunidade de nos conectarmos com pessoas dos diferentes lugares em que estamos presentes.\u00a0<\/span><\/p>\n<p>&nbsp;<\/p>\n<p><span style=\"font-weight: 400;\">Por isso, a Federa\u00e7\u00e3o Internacional de F\u00e9 e Alegria convida a todos que dialogam com nossa miss\u00e3o: colaboradores, volunt\u00e1rios e educandos dos nossos centros e de outras obras da Companhia de Jesus, apoiadores e amigos de F\u00e9 e Alegria para estar conosco neste momento.\u00a0<\/span><\/p>\n<p>&nbsp;<\/p>\n<p><b>Participe:<\/b><\/p>\n<p>&nbsp;<\/p>\n<p><span style=\"font-weight: 400;\">\ud83d\udcc5 Sexta-feira, 13 de dezembro<\/span><\/p>\n<p><span style=\"font-weight: 400;\">\ud83d\udd5a\u00c0s 13h (hor\u00e1rio de Bras\u00edlia)<\/span><\/p>\n<p><span style=\"font-weight: 400;\">\ud83d\udd17 vigilia.feyalegria.org <\/span><\/p>\n","protected":false},"excerpt":{"rendered":"<p>O Advento \u00e9 tempo de prepara\u00e7\u00e3o, esperan\u00e7a e reflex\u00e3o. Em F\u00e9 e Alegria, vivemos esse momento como uma oportunidade para fortalecer nossa voca\u00e7\u00e3o de educar nas fronteiras da exclus\u00e3o. Mais do que isso, a Vig\u00edlia do Advento ser\u00e1 um momento de encontro dessa grande rede internacional da qual fazemos parte e uma oportunidade de nos<\/p>\n","protected":false},"author":68,"featured_media":28552,"comment_status":"open","ping_status":"open","sticky":false,"template":"","format":"standard","meta":{"_acf_changed":false,"footnotes":""},"categories":[183,432],"tags":[936,846,408,764,934],"post_folder":[],"class_list":["post-28551","post","type-post","status-publish","format-standard","has-post-thumbnail","hentry","category-noticias","category-noticias-pt","tag-advento","tag-companhia-de-jesus","tag-fe-e-alegria","tag-federacao-internacional-de-fe-e-alegria","tag-vigilia"],"acf":[],"yoast_head":"<!-- This site is optimized with the Yoast SEO plugin v27.5 - https:\/\/yoast.com\/product\/yoast-seo-wordpress\/ -->\n<title>Participe da Vig\u00edlia do Advento de F\u00e9 e Alegria - #SomosF\u00e9eAlegria en Brasil<\/title>\n<meta name=\"robots\" content=\"index, follow, max-snippet:-1, max-image-preview:large, max-video-preview:-1\" \/>\n<link rel=\"canonical\" href=\"https:\/\/www.feyalegria.org\/brasil\/vigilia-do-advento-2024\/\" \/>\n<meta property=\"og:locale\" content=\"es_ES\" \/>\n<meta property=\"og:type\" content=\"article\" \/>\n<meta property=\"og:title\" content=\"Participe da Vig\u00edlia do Advento de F\u00e9 e Alegria - #SomosF\u00e9eAlegria en Brasil\" \/>\n<meta property=\"og:description\" content=\"O Advento \u00e9 tempo de prepara\u00e7\u00e3o, esperan\u00e7a e reflex\u00e3o. Em F\u00e9 e Alegria, vivemos esse momento como uma oportunidade para fortalecer nossa voca\u00e7\u00e3o de educar nas fronteiras da exclus\u00e3o. Mais do que isso, a Vig\u00edlia do Advento ser\u00e1 um momento de encontro dessa grande rede internacional da qual fazemos parte e uma oportunidade de nos\" \/>\n<meta property=\"og:url\" content=\"https:\/\/www.feyalegria.org\/brasil\/vigilia-do-advento-2024\/\" \/>\n<meta property=\"og:site_name\" content=\"#SomosF\u00e9eAlegria en Brasil\" \/>\n<meta property=\"article:published_time\" content=\"2024-12-11T19:26:47+00:00\" \/>\n<meta property=\"article:modified_time\" content=\"2024-12-11T19:29:21+00:00\" \/>\n<meta property=\"og:image\" content=\"https:\/\/d3pugrm67vf9n7.cloudfront.net\/wp-content\/uploads\/sites\/23\/2024\/12\/11162429\/banner-advento-fya.jpg\" \/>\n\t<meta property=\"og:image:width\" content=\"1000\" \/>\n\t<meta property=\"og:image:height\" content=\"500\" \/>\n\t<meta property=\"og:image:type\" content=\"image\/jpeg\" \/>\n<meta name=\"author\" content=\"Laura Meurer\" \/>\n<meta name=\"twitter:card\" content=\"summary_large_image\" \/>\n<meta name=\"twitter:label1\" content=\"Escrito por\" \/>\n\t<meta name=\"twitter:data1\" content=\"Laura Meurer\" \/>\n\t<meta name=\"twitter:label2\" content=\"Tiempo de lectura\" \/>\n\t<meta name=\"twitter:data2\" content=\"1 minuto\" \/>\n<script type=\"application\/ld+json\" class=\"yoast-schema-graph\">{\"@context\":\"https:\\\/\\\/schema.org\",\"@graph\":[{\"@type\":\"Article\",\"@id\":\"https:\\\/\\\/www.feyalegria.org\\\/brasil\\\/vigilia-do-advento-2024\\\/#article\",\"isPartOf\":{\"@id\":\"https:\\\/\\\/www.feyalegria.org\\\/brasil\\\/vigilia-do-advento-2024\\\/\"},\"author\":{\"name\":\"Laura Meurer\",\"@id\":\"https:\\\/\\\/www.feyalegria.org\\\/brasil\\\/#\\\/schema\\\/person\\\/f2c58927c54060575b9e7c44d31d16e9\"},\"headline\":\"Participe da Vig\u00edlia do Advento de F\u00e9 e Alegria\",\"datePublished\":\"2024-12-11T19:26:47+00:00\",\"dateModified\":\"2024-12-11T19:29:21+00:00\",\"mainEntityOfPage\":{\"@id\":\"https:\\\/\\\/www.feyalegria.org\\\/brasil\\\/vigilia-do-advento-2024\\\/\"},\"wordCount\":144,\"commentCount\":0,\"image\":{\"@id\":\"https:\\\/\\\/www.feyalegria.org\\\/brasil\\\/vigilia-do-advento-2024\\\/#primaryimage\"},\"thumbnailUrl\":\"https:\\\/\\\/d3pugrm67vf9n7.cloudfront.net\\\/wp-content\\\/uploads\\\/sites\\\/23\\\/2024\\\/12\\\/11162429\\\/banner-advento-fya.jpg\",\"keywords\":[\"Advento\",\"Companhia de Jesus\",\"F\u00e9 e Alegria\",\"Federa\u00e7\u00e3o Internacional de F\u00e9 e Alegria\",\"Vig\u00edlia\"],\"articleSection\":[\"Noticias\",\"Noticias\"],\"inLanguage\":\"es-CO\",\"potentialAction\":[{\"@type\":\"CommentAction\",\"name\":\"Comment\",\"target\":[\"https:\\\/\\\/www.feyalegria.org\\\/brasil\\\/vigilia-do-advento-2024\\\/#respond\"]}]},{\"@type\":\"WebPage\",\"@id\":\"https:\\\/\\\/www.feyalegria.org\\\/brasil\\\/vigilia-do-advento-2024\\\/\",\"url\":\"https:\\\/\\\/www.feyalegria.org\\\/brasil\\\/vigilia-do-advento-2024\\\/\",\"name\":\"Participe da Vig\u00edlia do Advento de F\u00e9 e Alegria - #SomosF\u00e9eAlegria en Brasil\",\"isPartOf\":{\"@id\":\"https:\\\/\\\/www.feyalegria.org\\\/brasil\\\/#website\"},\"primaryImageOfPage\":{\"@id\":\"https:\\\/\\\/www.feyalegria.org\\\/brasil\\\/vigilia-do-advento-2024\\\/#primaryimage\"},\"image\":{\"@id\":\"https:\\\/\\\/www.feyalegria.org\\\/brasil\\\/vigilia-do-advento-2024\\\/#primaryimage\"},\"thumbnailUrl\":\"https:\\\/\\\/d3pugrm67vf9n7.cloudfront.net\\\/wp-content\\\/uploads\\\/sites\\\/23\\\/2024\\\/12\\\/11162429\\\/banner-advento-fya.jpg\",\"datePublished\":\"2024-12-11T19:26:47+00:00\",\"dateModified\":\"2024-12-11T19:29:21+00:00\",\"author\":{\"@id\":\"https:\\\/\\\/www.feyalegria.org\\\/brasil\\\/#\\\/schema\\\/person\\\/f2c58927c54060575b9e7c44d31d16e9\"},\"inLanguage\":\"es-CO\",\"potentialAction\":[{\"@type\":\"ReadAction\",\"target\":[\"https:\\\/\\\/www.feyalegria.org\\\/brasil\\\/vigilia-do-advento-2024\\\/\"]}]},{\"@type\":\"ImageObject\",\"inLanguage\":\"es-CO\",\"@id\":\"https:\\\/\\\/www.feyalegria.org\\\/brasil\\\/vigilia-do-advento-2024\\\/#primaryimage\",\"url\":\"https:\\\/\\\/d3pugrm67vf9n7.cloudfront.net\\\/wp-content\\\/uploads\\\/sites\\\/23\\\/2024\\\/12\\\/11162429\\\/banner-advento-fya.jpg\",\"contentUrl\":\"https:\\\/\\\/d3pugrm67vf9n7.cloudfront.net\\\/wp-content\\\/uploads\\\/sites\\\/23\\\/2024\\\/12\\\/11162429\\\/banner-advento-fya.jpg\",\"width\":1000,\"height\":500},{\"@type\":\"WebSite\",\"@id\":\"https:\\\/\\\/www.feyalegria.org\\\/brasil\\\/#website\",\"url\":\"https:\\\/\\\/www.feyalegria.org\\\/brasil\\\/\",\"name\":\"#SomosF\u00e9eAlegria en Brasil\",\"description\":\"\",\"potentialAction\":[{\"@type\":\"SearchAction\",\"target\":{\"@type\":\"EntryPoint\",\"urlTemplate\":\"https:\\\/\\\/www.feyalegria.org\\\/brasil\\\/?s={search_term_string}\"},\"query-input\":{\"@type\":\"PropertyValueSpecification\",\"valueRequired\":true,\"valueName\":\"search_term_string\"}}],\"inLanguage\":\"es-CO\"},{\"@type\":\"Person\",\"@id\":\"https:\\\/\\\/www.feyalegria.org\\\/brasil\\\/#\\\/schema\\\/person\\\/f2c58927c54060575b9e7c44d31d16e9\",\"name\":\"Laura Meurer\",\"url\":\"https:\\\/\\\/www.feyalegria.org\\\/brasil\\\/author\\\/adminbr02\\\/\"}]}<\/script>\n<!-- \/ Yoast SEO plugin. -->","yoast_head_json":{"title":"Participe da Vig\u00edlia do Advento de F\u00e9 e Alegria - #SomosF\u00e9eAlegria en Brasil","robots":{"index":"index","follow":"follow","max-snippet":"max-snippet:-1","max-image-preview":"max-image-preview:large","max-video-preview":"max-video-preview:-1"},"canonical":"https:\/\/www.feyalegria.org\/brasil\/vigilia-do-advento-2024\/","og_locale":"es_ES","og_type":"article","og_title":"Participe da Vig\u00edlia do Advento de F\u00e9 e Alegria - #SomosF\u00e9eAlegria en Brasil","og_description":"O Advento \u00e9 tempo de prepara\u00e7\u00e3o, esperan\u00e7a e reflex\u00e3o. Em F\u00e9 e Alegria, vivemos esse momento como uma oportunidade para fortalecer nossa voca\u00e7\u00e3o de educar nas fronteiras da exclus\u00e3o. Mais do que isso, a Vig\u00edlia do Advento ser\u00e1 um momento de encontro dessa grande rede internacional da qual fazemos parte e uma oportunidade de nos","og_url":"https:\/\/www.feyalegria.org\/brasil\/vigilia-do-advento-2024\/","og_site_name":"#SomosF\u00e9eAlegria en Brasil","article_published_time":"2024-12-11T19:26:47+00:00","article_modified_time":"2024-12-11T19:29:21+00:00","og_image":[{"width":1000,"height":500,"url":"https:\/\/d3pugrm67vf9n7.cloudfront.net\/wp-content\/uploads\/sites\/23\/2024\/12\/11162429\/banner-advento-fya.jpg","type":"image\/jpeg"}],"author":"Laura Meurer","twitter_card":"summary_large_image","twitter_misc":{"Escrito por":"Laura Meurer","Tiempo de lectura":"1 minuto"},"schema":{"@context":"https:\/\/schema.org","@graph":[{"@type":"Article","@id":"https:\/\/www.feyalegria.org\/brasil\/vigilia-do-advento-2024\/#article","isPartOf":{"@id":"https:\/\/www.feyalegria.org\/brasil\/vigilia-do-advento-2024\/"},"author":{"name":"Laura Meurer","@id":"https:\/\/www.feyalegria.org\/brasil\/#\/schema\/person\/f2c58927c54060575b9e7c44d31d16e9"},"headline":"Participe da Vig\u00edlia do Advento de F\u00e9 e Alegria","datePublished":"2024-12-11T19:26:47+00:00","dateModified":"2024-12-11T19:29:21+00:00","mainEntityOfPage":{"@id":"https:\/\/www.feyalegria.org\/brasil\/vigilia-do-advento-2024\/"},"wordCount":144,"commentCount":0,"image":{"@id":"https:\/\/www.feyalegria.org\/brasil\/vigilia-do-advento-2024\/#primaryimage"},"thumbnailUrl":"https:\/\/d3pugrm67vf9n7.cloudfront.net\/wp-content\/uploads\/sites\/23\/2024\/12\/11162429\/banner-advento-fya.jpg","keywords":["Advento","Companhia de Jesus","F\u00e9 e Alegria","Federa\u00e7\u00e3o Internacional de F\u00e9 e Alegria","Vig\u00edlia"],"articleSection":["Noticias","Noticias"],"inLanguage":"es-CO","potentialAction":[{"@type":"CommentAction","name":"Comment","target":["https:\/\/www.feyalegria.org\/brasil\/vigilia-do-advento-2024\/#respond"]}]},{"@type":"WebPage","@id":"https:\/\/www.feyalegria.org\/brasil\/vigilia-do-advento-2024\/","url":"https:\/\/www.feyalegria.org\/brasil\/vigilia-do-advento-2024\/","name":"Participe da Vig\u00edlia do Advento de F\u00e9 e Alegria - #SomosF\u00e9eAlegria en Brasil","isPartOf":{"@id":"https:\/\/www.feyalegria.org\/brasil\/#website"},"primaryImageOfPage":{"@id":"https:\/\/www.feyalegria.org\/brasil\/vigilia-do-advento-2024\/#primaryimage"},"image":{"@id":"https:\/\/www.feyalegria.org\/brasil\/vigilia-do-advento-2024\/#primaryimage"},"thumbnailUrl":"https:\/\/d3pugrm67vf9n7.cloudfront.net\/wp-content\/uploads\/sites\/23\/2024\/12\/11162429\/banner-advento-fya.jpg","datePublished":"2024-12-11T19:26:47+00:00","dateModified":"2024-12-11T19:29:21+00:00","author":{"@id":"https:\/\/www.feyalegria.org\/brasil\/#\/schema\/person\/f2c58927c54060575b9e7c44d31d16e9"},"inLanguage":"es-CO","potentialAction":[{"@type":"ReadAction","target":["https:\/\/www.feyalegria.org\/brasil\/vigilia-do-advento-2024\/"]}]},{"@type":"ImageObject","inLanguage":"es-CO","@id":"https:\/\/www.feyalegria.org\/brasil\/vigilia-do-advento-2024\/#primaryimage","url":"https:\/\/d3pugrm67vf9n7.cloudfront.net\/wp-content\/uploads\/sites\/23\/2024\/12\/11162429\/banner-advento-fya.jpg","contentUrl":"https:\/\/d3pugrm67vf9n7.cloudfront.net\/wp-content\/uploads\/sites\/23\/2024\/12\/11162429\/banner-advento-fya.jpg","width":1000,"height":500},{"@type":"WebSite","@id":"https:\/\/www.feyalegria.org\/brasil\/#website","url":"https:\/\/www.feyalegria.org\/brasil\/","name":"#SomosF\u00e9eAlegria en Brasil","description":"","potentialAction":[{"@type":"SearchAction","target":{"@type":"EntryPoint","urlTemplate":"https:\/\/www.feyalegria.org\/brasil\/?s={search_term_string}"},"query-input":{"@type":"PropertyValueSpecification","valueRequired":true,"valueName":"search_term_string"}}],"inLanguage":"es-CO"},{"@type":"Person","@id":"https:\/\/www.feyalegria.org\/brasil\/#\/schema\/person\/f2c58927c54060575b9e7c44d31d16e9","name":"Laura Meurer","url":"https:\/\/www.feyalegria.org\/brasil\/author\/adminbr02\/"}]}},"_links":{"self":[{"href":"https:\/\/www.feyalegria.org\/brasil\/wp-json\/wp\/v2\/posts\/28551","targetHints":{"allow":["GET"]}}],"collection":[{"href":"https:\/\/www.feyalegria.org\/brasil\/wp-json\/wp\/v2\/posts"}],"about":[{"href":"https:\/\/www.feyalegria.org\/brasil\/wp-json\/wp\/v2\/types\/post"}],"author":[{"embeddable":true,"href":"https:\/\/www.feyalegria.org\/brasil\/wp-json\/wp\/v2\/users\/68"}],"replies":[{"embeddable":true,"href":"https:\/\/www.feyalegria.org\/brasil\/wp-json\/wp\/v2\/comments?post=28551"}],"version-history":[{"count":0,"href":"https:\/\/www.feyalegria.org\/brasil\/wp-json\/wp\/v2\/posts\/28551\/revisions"}],"wp:featuredmedia":[{"embeddable":true,"href":"https:\/\/www.feyalegria.org\/brasil\/wp-json\/wp\/v2\/media\/28552"}],"wp:attachment":[{"href":"https:\/\/www.feyalegria.org\/brasil\/wp-json\/wp\/v2\/media?parent=28551"}],"wp:term":[{"taxonomy":"category","embeddable":true,"href":"https:\/\/www.feyalegria.org\/brasil\/wp-json\/wp\/v2\/categories?post=28551"},{"taxonomy":"post_tag","embeddable":true,"href":"https:\/\/www.feyalegria.org\/brasil\/wp-json\/wp\/v2\/tags?post=28551"},{"taxonomy":"post_folder","embeddable":true,"href":"https:\/\/www.feyalegria.org\/brasil\/wp-json\/wp\/v2\/post_folder?post=28551"}],"curies":[{"name":"wp","href":"https:\/\/api.w.org\/{rel}","templated":true}]}}