{"id":28789,"date":"2025-05-06T09:07:25","date_gmt":"2025-05-06T12:07:25","guid":{"rendered":"https:\/\/www.feyalegria.org\/brasil\/?p=28789"},"modified":"2025-05-06T16:39:53","modified_gmt":"2025-05-06T19:39:53","slug":"jovens-de-fe-e-alegria-debatem-mundo-do-trabalho-em-encontro-on-line","status":"publish","type":"post","link":"https:\/\/www.feyalegria.org\/brasil\/jovens-de-fe-e-alegria-debatem-mundo-do-trabalho-em-encontro-on-line\/","title":{"rendered":"Jovens de F\u00e9 e Alegria debatem mundo do trabalho em encontro on-line"},"content":{"rendered":"<p><span style=\"font-weight: 400;\"> <img loading=\"lazy\" decoding=\"async\" class=\"size-full wp-image-28791 alignright\" src=\"https:\/\/d3pugrm67vf9n7.cloudfront.net\/wp-content\/uploads\/sites\/23\/2025\/05\/06090552\/Jovens-interno.png\" alt=\"\" width=\"840\" height=\"560\" srcset=\"https:\/\/d3pugrm67vf9n7.cloudfront.net\/wp-content\/uploads\/sites\/23\/2025\/05\/06090552\/Jovens-interno.png 840w, https:\/\/d3pugrm67vf9n7.cloudfront.net\/wp-content\/uploads\/sites\/23\/2025\/05\/06090552\/Jovens-interno-300x200.png 300w, https:\/\/d3pugrm67vf9n7.cloudfront.net\/wp-content\/uploads\/sites\/23\/2025\/05\/06090552\/Jovens-interno-768x512.png 768w\" sizes=\"auto, (max-width: 840px) 100vw, 840px\" \/><\/span><\/p>\n<p><span style=\"font-weight: 400;\">Na \u00faltima quarta-feira (30), em um encontro virtual din\u00e2mico e participativo, jovens da Funda\u00e7\u00e3o F\u00e9 e Alegria de diversas regi\u00f5es do Brasil se reuniram na roda de conversa \u201cTrabalho e juventudes: construindo nossos espa\u00e7os\u201d, realizada pelo Dia do Jovem Trabalhador, celebrado em 24 de abril.\u00a0<\/span><\/p>\n<p><span style=\"font-weight: 400;\">\u00a0<\/span><\/p>\n<p><span style=\"font-weight: 400;\">A import\u00e2ncia do protagonismo juvenil foi um ponto central da discuss\u00e3o. Pe. Alexandre Raimundo de Souza, SJ, diretor-presidente da institui\u00e7\u00e3o, citou o Papa Francisco como um grande l\u00edder que incentivou os jovens a assumirem seu papel ativo na sociedade. &#8220;N\u00f3s precisamos dos jovens para fazer com que F\u00e9 e Alegria e outros espa\u00e7os sejam de fato mais atuantes e presentes&#8221;, afirmou.<\/span><\/p>\n<p><span style=\"font-weight: 400;\">\u00a0<\/span><\/p>\n<p><b>A voz da juventude<\/b><\/p>\n<p><span style=\"font-weight: 400;\">\u00a0<\/span><\/p>\n<p><span style=\"font-weight: 400;\">Riquelmer Henrique, jovem aprendiz do centro de F\u00e9 e Alegria em Recife (PE), enfatizou a import\u00e2ncia da divulga\u00e7\u00e3o de oportunidades para jovens aprendizes e a necessidade de incentivo \u00e0s empresas para contrat\u00e1-los. Ele tamb\u00e9m falou sobre a necessidade de autoconhecimento do jovem, para que ele saiba seus diferenciais para entrevistas de emprego: &#8220;Voc\u00ea tem que procurar algo \u00fanico seu, algo que diferencie voc\u00ea das outras pessoas, o que voc\u00ea tem que o dinheiro n\u00e3o pode pagar&#8221;.<\/span><\/p>\n<p><span style=\"font-weight: 400;\">\u00a0<\/span><\/p>\n<p><span style=\"font-weight: 400;\">J\u00e1 Mateus Silva Santos, da Escola Fam\u00edlia Agr\u00edcola de Jaboticaba (EFA), em Quixabeira (BA), trouxe uma perspectiva importante sobre a dignidade do trabalho para a juventude: &#8220;Um trabalho digno deve agregar tanto ao profissional, quanto \u00e0 quest\u00e3o intelectual do jovem. No trabalho que fa\u00e7o hoje, por exemplo, eu tenho que ter cuidado com o solo, por\u00e9m n\u00e3o \u00e9 um trabalho pesado,que me leva \u00e0 exaust\u00e3o. E eu consigo p\u00f4r em pr\u00e1tica o que \u00e9 passado na minha sala de aula, pelos professores&#8221;.<\/span><\/p>\n<p><span style=\"font-weight: 400;\">\u00a0<\/span><\/p>\n<p><span style=\"font-weight: 400;\">Outra jovem aprendiz, por\u00e9m do centro da Funda\u00e7\u00e3o em Cariacica (ES), Lorreyne Rocha Ferreira falou sobre como F\u00e9 e Alegria a faz sentir parte de uma fam\u00edlia e a import\u00e2ncia de ter seus direitos respeitados. Ela tamb\u00e9m falou sobre a import\u00e2ncia das empresas abrirem vagas para iniciantes e promoverem a diversidade: \u201cEm v\u00e1rias outras empresas em que eu trabalhei eu n\u00e3o tive meus direitos respeitados, e aqui eu pude ter. F\u00e9 e Alegria abra\u00e7a mesmo os jovens&#8221;.<\/span><\/p>\n<p><span style=\"font-weight: 400;\">\u00a0<\/span><\/p>\n<p><span style=\"font-weight: 400;\">A venezuelana Dariana Emilia, benefici\u00e1ria do Escrit\u00f3rio de Empreendedorismo em Boa Vista (RR), compartilhou sua experi\u00eancia como migrante, destacando a import\u00e2ncia do apoio que recebeu de F\u00e9 e Alegria, e a necessidade de os jovens se prepararem para o mundo do trabalho. \u201cEm F\u00e9 e Alegria eu fiz meu primeiro curso de portugu\u00eas, tamb\u00e9m j\u00e1 fiz cursos de marketing digital e de empreendedorismo. Quando a gente vem de outro pa\u00eds, precisa estudar muito e se preparar. Eu diria para os jovens se prepararem, experimentarem diferentes tipos de trabalho, procurar cursos de qualifica\u00e7\u00e3o e enriquecer o seu curr\u00edculo.\u201d\u00a0<\/span><\/p>\n<p><span style=\"font-weight: 400;\">\u00a0<\/span><\/p>\n<p><b>Sujeitos de direitos<\/b><\/p>\n<p><span style=\"font-weight: 400;\">\u00a0<\/span><\/p>\n<p><span style=\"font-weight: 400;\">Nos momentos finais, a coordenadora de F\u00e9 e Alegria Pernambuco, Catarina de Santana Silva, que mediou o debate, agradeceu a todos os presentes, ressaltando a import\u00e2ncia de reconhecer os jovens como &#8220;sujeitos de direitos que t\u00eam potencial e podem contribuir muito para a sociedade&#8221;.\u00a0<\/span><\/p>\n<p><span style=\"font-weight: 400;\">\u00a0<\/span><\/p>\n<p><span style=\"font-weight: 400;\">A iniciativa proporcionou um espa\u00e7o valioso para reflex\u00e3o e troca de experi\u00eancias, demonstrando a for\u00e7a e a diversidade da juventude engajada na F\u00e9 e Alegria em todo o Brasil. <\/span><\/p>\n<p><span style=\"font-weight: 400;\">\u00a0<\/span><\/p>\n","protected":false},"excerpt":{"rendered":"<p>Na \u00faltima quarta-feira (30), em um encontro virtual din\u00e2mico e participativo, jovens da Funda\u00e7\u00e3o F\u00e9 e Alegria de diversas regi\u00f5es do Brasil se reuniram na roda de conversa \u201cTrabalho e juventudes: construindo nossos espa\u00e7os\u201d, realizada pelo Dia do Jovem Trabalhador, celebrado em 24 de abril.\u00a0 \u00a0 A import\u00e2ncia do protagonismo juvenil foi um ponto central<\/p>\n","protected":false},"author":68,"featured_media":28790,"comment_status":"open","ping_status":"open","sticky":false,"template":"","format":"standard","meta":{"_acf_changed":false,"footnotes":""},"categories":[183,432,384],"tags":[643,1020,892,894,882,884,1018],"post_folder":[],"class_list":["post-28789","post","type-post","status-publish","format-standard","has-post-thumbnail","hentry","category-noticias","category-noticias-pt","category-uncategorized-pt","tag-empreendedorismo","tag-escola-familia-agricola","tag-formacao-para-o-trabalho","tag-jovem-aprendiz","tag-jovens","tag-juventude","tag-mundo-do-trabalho"],"acf":[],"yoast_head":"<!-- This site is optimized with the Yoast SEO plugin v27.5 - https:\/\/yoast.com\/product\/yoast-seo-wordpress\/ -->\n<title>Jovens de F\u00e9 e Alegria debatem mundo do trabalho em encontro on-line - #SomosF\u00e9eAlegria en Brasil<\/title>\n<meta name=\"robots\" content=\"index, follow, max-snippet:-1, max-image-preview:large, max-video-preview:-1\" \/>\n<link rel=\"canonical\" href=\"https:\/\/www.feyalegria.org\/brasil\/jovens-de-fe-e-alegria-debatem-mundo-do-trabalho-em-encontro-on-line\/\" \/>\n<meta property=\"og:locale\" content=\"es_ES\" \/>\n<meta property=\"og:type\" content=\"article\" \/>\n<meta property=\"og:title\" content=\"Jovens de F\u00e9 e Alegria debatem mundo do trabalho em encontro on-line - #SomosF\u00e9eAlegria en Brasil\" \/>\n<meta property=\"og:description\" content=\"Na \u00faltima quarta-feira (30), em um encontro virtual din\u00e2mico e participativo, jovens da Funda\u00e7\u00e3o F\u00e9 e Alegria de diversas regi\u00f5es do Brasil se reuniram na roda de conversa \u201cTrabalho e juventudes: construindo nossos espa\u00e7os\u201d, realizada pelo Dia do Jovem Trabalhador, celebrado em 24 de abril.\u00a0 \u00a0 A import\u00e2ncia do protagonismo juvenil foi um ponto central\" \/>\n<meta property=\"og:url\" content=\"https:\/\/www.feyalegria.org\/brasil\/jovens-de-fe-e-alegria-debatem-mundo-do-trabalho-em-encontro-on-line\/\" \/>\n<meta property=\"og:site_name\" content=\"#SomosF\u00e9eAlegria en Brasil\" \/>\n<meta property=\"article:published_time\" content=\"2025-05-06T12:07:25+00:00\" \/>\n<meta property=\"article:modified_time\" content=\"2025-05-06T19:39:53+00:00\" \/>\n<meta property=\"og:image\" content=\"https:\/\/d3pugrm67vf9n7.cloudfront.net\/wp-content\/uploads\/sites\/23\/2025\/05\/06090516\/Banner-Home-jovens.png\" \/>\n\t<meta property=\"og:image:width\" content=\"1000\" \/>\n\t<meta property=\"og:image:height\" content=\"500\" \/>\n\t<meta property=\"og:image:type\" content=\"image\/png\" \/>\n<meta name=\"author\" content=\"Laura Meurer\" \/>\n<meta name=\"twitter:card\" content=\"summary_large_image\" \/>\n<meta name=\"twitter:label1\" content=\"Escrito por\" \/>\n\t<meta name=\"twitter:data1\" content=\"Laura Meurer\" \/>\n\t<meta name=\"twitter:label2\" content=\"Tiempo de lectura\" \/>\n\t<meta name=\"twitter:data2\" content=\"3 minutos\" \/>\n<script type=\"application\/ld+json\" class=\"yoast-schema-graph\">{\"@context\":\"https:\\\/\\\/schema.org\",\"@graph\":[{\"@type\":\"Article\",\"@id\":\"https:\\\/\\\/www.feyalegria.org\\\/brasil\\\/jovens-de-fe-e-alegria-debatem-mundo-do-trabalho-em-encontro-on-line\\\/#article\",\"isPartOf\":{\"@id\":\"https:\\\/\\\/www.feyalegria.org\\\/brasil\\\/jovens-de-fe-e-alegria-debatem-mundo-do-trabalho-em-encontro-on-line\\\/\"},\"author\":{\"name\":\"Laura Meurer\",\"@id\":\"https:\\\/\\\/www.feyalegria.org\\\/brasil\\\/#\\\/schema\\\/person\\\/f2c58927c54060575b9e7c44d31d16e9\"},\"headline\":\"Jovens de F\u00e9 e Alegria debatem mundo do trabalho em encontro on-line\",\"datePublished\":\"2025-05-06T12:07:25+00:00\",\"dateModified\":\"2025-05-06T19:39:53+00:00\",\"mainEntityOfPage\":{\"@id\":\"https:\\\/\\\/www.feyalegria.org\\\/brasil\\\/jovens-de-fe-e-alegria-debatem-mundo-do-trabalho-em-encontro-on-line\\\/\"},\"wordCount\":573,\"commentCount\":0,\"image\":{\"@id\":\"https:\\\/\\\/www.feyalegria.org\\\/brasil\\\/jovens-de-fe-e-alegria-debatem-mundo-do-trabalho-em-encontro-on-line\\\/#primaryimage\"},\"thumbnailUrl\":\"https:\\\/\\\/d3pugrm67vf9n7.cloudfront.net\\\/wp-content\\\/uploads\\\/sites\\\/23\\\/2025\\\/05\\\/06090516\\\/Banner-Home-jovens.png\",\"keywords\":[\"empreendedorismo\",\"Escola Fam\u00edlia Agr\u00edcola\",\"Forma\u00e7\u00e3o para o trabalho\",\"Jovem Aprendiz\",\"Jovens\",\"Juventude\",\"mundo do trabalho\"],\"articleSection\":[\"Noticias\",\"Noticias\",\"Uncategorized\"],\"inLanguage\":\"es-CO\",\"potentialAction\":[{\"@type\":\"CommentAction\",\"name\":\"Comment\",\"target\":[\"https:\\\/\\\/www.feyalegria.org\\\/brasil\\\/jovens-de-fe-e-alegria-debatem-mundo-do-trabalho-em-encontro-on-line\\\/#respond\"]}]},{\"@type\":\"WebPage\",\"@id\":\"https:\\\/\\\/www.feyalegria.org\\\/brasil\\\/jovens-de-fe-e-alegria-debatem-mundo-do-trabalho-em-encontro-on-line\\\/\",\"url\":\"https:\\\/\\\/www.feyalegria.org\\\/brasil\\\/jovens-de-fe-e-alegria-debatem-mundo-do-trabalho-em-encontro-on-line\\\/\",\"name\":\"Jovens de F\u00e9 e Alegria debatem mundo do trabalho em encontro on-line - #SomosF\u00e9eAlegria en Brasil\",\"isPartOf\":{\"@id\":\"https:\\\/\\\/www.feyalegria.org\\\/brasil\\\/#website\"},\"primaryImageOfPage\":{\"@id\":\"https:\\\/\\\/www.feyalegria.org\\\/brasil\\\/jovens-de-fe-e-alegria-debatem-mundo-do-trabalho-em-encontro-on-line\\\/#primaryimage\"},\"image\":{\"@id\":\"https:\\\/\\\/www.feyalegria.org\\\/brasil\\\/jovens-de-fe-e-alegria-debatem-mundo-do-trabalho-em-encontro-on-line\\\/#primaryimage\"},\"thumbnailUrl\":\"https:\\\/\\\/d3pugrm67vf9n7.cloudfront.net\\\/wp-content\\\/uploads\\\/sites\\\/23\\\/2025\\\/05\\\/06090516\\\/Banner-Home-jovens.png\",\"datePublished\":\"2025-05-06T12:07:25+00:00\",\"dateModified\":\"2025-05-06T19:39:53+00:00\",\"author\":{\"@id\":\"https:\\\/\\\/www.feyalegria.org\\\/brasil\\\/#\\\/schema\\\/person\\\/f2c58927c54060575b9e7c44d31d16e9\"},\"inLanguage\":\"es-CO\",\"potentialAction\":[{\"@type\":\"ReadAction\",\"target\":[\"https:\\\/\\\/www.feyalegria.org\\\/brasil\\\/jovens-de-fe-e-alegria-debatem-mundo-do-trabalho-em-encontro-on-line\\\/\"]}]},{\"@type\":\"ImageObject\",\"inLanguage\":\"es-CO\",\"@id\":\"https:\\\/\\\/www.feyalegria.org\\\/brasil\\\/jovens-de-fe-e-alegria-debatem-mundo-do-trabalho-em-encontro-on-line\\\/#primaryimage\",\"url\":\"https:\\\/\\\/d3pugrm67vf9n7.cloudfront.net\\\/wp-content\\\/uploads\\\/sites\\\/23\\\/2025\\\/05\\\/06090516\\\/Banner-Home-jovens.png\",\"contentUrl\":\"https:\\\/\\\/d3pugrm67vf9n7.cloudfront.net\\\/wp-content\\\/uploads\\\/sites\\\/23\\\/2025\\\/05\\\/06090516\\\/Banner-Home-jovens.png\",\"width\":1000,\"height\":500},{\"@type\":\"WebSite\",\"@id\":\"https:\\\/\\\/www.feyalegria.org\\\/brasil\\\/#website\",\"url\":\"https:\\\/\\\/www.feyalegria.org\\\/brasil\\\/\",\"name\":\"#SomosF\u00e9eAlegria en Brasil\",\"description\":\"\",\"potentialAction\":[{\"@type\":\"SearchAction\",\"target\":{\"@type\":\"EntryPoint\",\"urlTemplate\":\"https:\\\/\\\/www.feyalegria.org\\\/brasil\\\/?s={search_term_string}\"},\"query-input\":{\"@type\":\"PropertyValueSpecification\",\"valueRequired\":true,\"valueName\":\"search_term_string\"}}],\"inLanguage\":\"es-CO\"},{\"@type\":\"Person\",\"@id\":\"https:\\\/\\\/www.feyalegria.org\\\/brasil\\\/#\\\/schema\\\/person\\\/f2c58927c54060575b9e7c44d31d16e9\",\"name\":\"Laura Meurer\",\"url\":\"https:\\\/\\\/www.feyalegria.org\\\/brasil\\\/author\\\/adminbr02\\\/\"}]}<\/script>\n<!-- \/ Yoast SEO plugin. -->","yoast_head_json":{"title":"Jovens de F\u00e9 e Alegria debatem mundo do trabalho em encontro on-line - #SomosF\u00e9eAlegria en Brasil","robots":{"index":"index","follow":"follow","max-snippet":"max-snippet:-1","max-image-preview":"max-image-preview:large","max-video-preview":"max-video-preview:-1"},"canonical":"https:\/\/www.feyalegria.org\/brasil\/jovens-de-fe-e-alegria-debatem-mundo-do-trabalho-em-encontro-on-line\/","og_locale":"es_ES","og_type":"article","og_title":"Jovens de F\u00e9 e Alegria debatem mundo do trabalho em encontro on-line - #SomosF\u00e9eAlegria en Brasil","og_description":"Na \u00faltima quarta-feira (30), em um encontro virtual din\u00e2mico e participativo, jovens da Funda\u00e7\u00e3o F\u00e9 e Alegria de diversas regi\u00f5es do Brasil se reuniram na roda de conversa \u201cTrabalho e juventudes: construindo nossos espa\u00e7os\u201d, realizada pelo Dia do Jovem Trabalhador, celebrado em 24 de abril.\u00a0 \u00a0 A import\u00e2ncia do protagonismo juvenil foi um ponto central","og_url":"https:\/\/www.feyalegria.org\/brasil\/jovens-de-fe-e-alegria-debatem-mundo-do-trabalho-em-encontro-on-line\/","og_site_name":"#SomosF\u00e9eAlegria en Brasil","article_published_time":"2025-05-06T12:07:25+00:00","article_modified_time":"2025-05-06T19:39:53+00:00","og_image":[{"width":1000,"height":500,"url":"https:\/\/d3pugrm67vf9n7.cloudfront.net\/wp-content\/uploads\/sites\/23\/2025\/05\/06090516\/Banner-Home-jovens.png","type":"image\/png"}],"author":"Laura Meurer","twitter_card":"summary_large_image","twitter_misc":{"Escrito por":"Laura Meurer","Tiempo de lectura":"3 minutos"},"schema":{"@context":"https:\/\/schema.org","@graph":[{"@type":"Article","@id":"https:\/\/www.feyalegria.org\/brasil\/jovens-de-fe-e-alegria-debatem-mundo-do-trabalho-em-encontro-on-line\/#article","isPartOf":{"@id":"https:\/\/www.feyalegria.org\/brasil\/jovens-de-fe-e-alegria-debatem-mundo-do-trabalho-em-encontro-on-line\/"},"author":{"name":"Laura Meurer","@id":"https:\/\/www.feyalegria.org\/brasil\/#\/schema\/person\/f2c58927c54060575b9e7c44d31d16e9"},"headline":"Jovens de F\u00e9 e Alegria debatem mundo do trabalho em encontro on-line","datePublished":"2025-05-06T12:07:25+00:00","dateModified":"2025-05-06T19:39:53+00:00","mainEntityOfPage":{"@id":"https:\/\/www.feyalegria.org\/brasil\/jovens-de-fe-e-alegria-debatem-mundo-do-trabalho-em-encontro-on-line\/"},"wordCount":573,"commentCount":0,"image":{"@id":"https:\/\/www.feyalegria.org\/brasil\/jovens-de-fe-e-alegria-debatem-mundo-do-trabalho-em-encontro-on-line\/#primaryimage"},"thumbnailUrl":"https:\/\/d3pugrm67vf9n7.cloudfront.net\/wp-content\/uploads\/sites\/23\/2025\/05\/06090516\/Banner-Home-jovens.png","keywords":["empreendedorismo","Escola Fam\u00edlia Agr\u00edcola","Forma\u00e7\u00e3o para o trabalho","Jovem Aprendiz","Jovens","Juventude","mundo do trabalho"],"articleSection":["Noticias","Noticias","Uncategorized"],"inLanguage":"es-CO","potentialAction":[{"@type":"CommentAction","name":"Comment","target":["https:\/\/www.feyalegria.org\/brasil\/jovens-de-fe-e-alegria-debatem-mundo-do-trabalho-em-encontro-on-line\/#respond"]}]},{"@type":"WebPage","@id":"https:\/\/www.feyalegria.org\/brasil\/jovens-de-fe-e-alegria-debatem-mundo-do-trabalho-em-encontro-on-line\/","url":"https:\/\/www.feyalegria.org\/brasil\/jovens-de-fe-e-alegria-debatem-mundo-do-trabalho-em-encontro-on-line\/","name":"Jovens de F\u00e9 e Alegria debatem mundo do trabalho em encontro on-line - #SomosF\u00e9eAlegria en Brasil","isPartOf":{"@id":"https:\/\/www.feyalegria.org\/brasil\/#website"},"primaryImageOfPage":{"@id":"https:\/\/www.feyalegria.org\/brasil\/jovens-de-fe-e-alegria-debatem-mundo-do-trabalho-em-encontro-on-line\/#primaryimage"},"image":{"@id":"https:\/\/www.feyalegria.org\/brasil\/jovens-de-fe-e-alegria-debatem-mundo-do-trabalho-em-encontro-on-line\/#primaryimage"},"thumbnailUrl":"https:\/\/d3pugrm67vf9n7.cloudfront.net\/wp-content\/uploads\/sites\/23\/2025\/05\/06090516\/Banner-Home-jovens.png","datePublished":"2025-05-06T12:07:25+00:00","dateModified":"2025-05-06T19:39:53+00:00","author":{"@id":"https:\/\/www.feyalegria.org\/brasil\/#\/schema\/person\/f2c58927c54060575b9e7c44d31d16e9"},"inLanguage":"es-CO","potentialAction":[{"@type":"ReadAction","target":["https:\/\/www.feyalegria.org\/brasil\/jovens-de-fe-e-alegria-debatem-mundo-do-trabalho-em-encontro-on-line\/"]}]},{"@type":"ImageObject","inLanguage":"es-CO","@id":"https:\/\/www.feyalegria.org\/brasil\/jovens-de-fe-e-alegria-debatem-mundo-do-trabalho-em-encontro-on-line\/#primaryimage","url":"https:\/\/d3pugrm67vf9n7.cloudfront.net\/wp-content\/uploads\/sites\/23\/2025\/05\/06090516\/Banner-Home-jovens.png","contentUrl":"https:\/\/d3pugrm67vf9n7.cloudfront.net\/wp-content\/uploads\/sites\/23\/2025\/05\/06090516\/Banner-Home-jovens.png","width":1000,"height":500},{"@type":"WebSite","@id":"https:\/\/www.feyalegria.org\/brasil\/#website","url":"https:\/\/www.feyalegria.org\/brasil\/","name":"#SomosF\u00e9eAlegria en Brasil","description":"","potentialAction":[{"@type":"SearchAction","target":{"@type":"EntryPoint","urlTemplate":"https:\/\/www.feyalegria.org\/brasil\/?s={search_term_string}"},"query-input":{"@type":"PropertyValueSpecification","valueRequired":true,"valueName":"search_term_string"}}],"inLanguage":"es-CO"},{"@type":"Person","@id":"https:\/\/www.feyalegria.org\/brasil\/#\/schema\/person\/f2c58927c54060575b9e7c44d31d16e9","name":"Laura Meurer","url":"https:\/\/www.feyalegria.org\/brasil\/author\/adminbr02\/"}]}},"_links":{"self":[{"href":"https:\/\/www.feyalegria.org\/brasil\/wp-json\/wp\/v2\/posts\/28789","targetHints":{"allow":["GET"]}}],"collection":[{"href":"https:\/\/www.feyalegria.org\/brasil\/wp-json\/wp\/v2\/posts"}],"about":[{"href":"https:\/\/www.feyalegria.org\/brasil\/wp-json\/wp\/v2\/types\/post"}],"author":[{"embeddable":true,"href":"https:\/\/www.feyalegria.org\/brasil\/wp-json\/wp\/v2\/users\/68"}],"replies":[{"embeddable":true,"href":"https:\/\/www.feyalegria.org\/brasil\/wp-json\/wp\/v2\/comments?post=28789"}],"version-history":[{"count":0,"href":"https:\/\/www.feyalegria.org\/brasil\/wp-json\/wp\/v2\/posts\/28789\/revisions"}],"wp:featuredmedia":[{"embeddable":true,"href":"https:\/\/www.feyalegria.org\/brasil\/wp-json\/wp\/v2\/media\/28790"}],"wp:attachment":[{"href":"https:\/\/www.feyalegria.org\/brasil\/wp-json\/wp\/v2\/media?parent=28789"}],"wp:term":[{"taxonomy":"category","embeddable":true,"href":"https:\/\/www.feyalegria.org\/brasil\/wp-json\/wp\/v2\/categories?post=28789"},{"taxonomy":"post_tag","embeddable":true,"href":"https:\/\/www.feyalegria.org\/brasil\/wp-json\/wp\/v2\/tags?post=28789"},{"taxonomy":"post_folder","embeddable":true,"href":"https:\/\/www.feyalegria.org\/brasil\/wp-json\/wp\/v2\/post_folder?post=28789"}],"curies":[{"name":"wp","href":"https:\/\/api.w.org\/{rel}","templated":true}]}}