 {"id":29191,"date":"2025-08-19T16:55:39","date_gmt":"2025-08-19T19:55:39","guid":{"rendered":"https:\/\/www.feyalegria.org\/brasil\/?p=29191"},"modified":"2025-08-19T16:55:39","modified_gmt":"2025-08-19T19:55:39","slug":"fe-e-alegria-internacional-lanca-marco-da-educacao-popular","status":"publish","type":"post","link":"https:\/\/www.feyalegria.org\/brasil\/fe-e-alegria-internacional-lanca-marco-da-educacao-popular\/","title":{"rendered":"F\u00e9 e Alegria Internacional lan\u00e7a Marco da Educa\u00e7\u00e3o Popular"},"content":{"rendered":"<div class=\"wpb-content-wrapper\"><p>[vc_row][vc_column][vc_column_text css=&#8221;&#8221;]<span style=\"font-weight: 400;\"><a href=\"https:\/\/d3pugrm67vf9n7.cloudfront.net\/wp-content\/uploads\/2025\/05\/27115405\/04-MARCO-PEDAGOGICO-DIGITAL-POR-2.pdf\" target=\"_blank\" rel=\"noopener\"><img loading=\"lazy\" decoding=\"async\" class=\" wp-image-29192 alignleft\" src=\"https:\/\/d3pugrm67vf9n7.cloudfront.net\/wp-content\/uploads\/sites\/23\/2025\/08\/19165000\/Marco-de-Educacao-Popular-Portugues.png\" alt=\"\" width=\"305\" height=\"453\" srcset=\"https:\/\/d3pugrm67vf9n7.cloudfront.net\/wp-content\/uploads\/sites\/23\/2025\/08\/19165000\/Marco-de-Educacao-Popular-Portugues.png 580w, https:\/\/d3pugrm67vf9n7.cloudfront.net\/wp-content\/uploads\/sites\/23\/2025\/08\/19165000\/Marco-de-Educacao-Popular-Portugues-202x300.png 202w\" sizes=\"auto, (max-width: 305px) 100vw, 305px\" \/><\/a>A Funda\u00e7\u00e3o F\u00e9 e Alegria do Brasil anuncia o lan\u00e7amento oficial do Marco da Educa\u00e7\u00e3o Popular de F\u00e9 e Alegria Internacional, documento que consolida d\u00e9cadas de experi\u00eancia e reafirma o compromisso do Movimento com uma educa\u00e7\u00e3o integral, cr\u00edtica e transformadora. O lan\u00e7amento ocorre no contexto das celebra\u00e7\u00f5es pelos 70 anos de atua\u00e7\u00e3o da F\u00e9 e Alegria em diversos pa\u00edses.<\/span><\/p>\n<p>&nbsp;<\/p>\n<p><span style=\"font-weight: 400;\">Resultado de um processo coletivo e participativo, o Marco foi constru\u00eddo com contribui\u00e7\u00f5es de educadores e educadoras populares de diferentes contextos e validado durante o XLIX Congresso Internacional, realizado em Quito, Equador, em 2024.<\/span><\/p>\n<p>&nbsp;<\/p>\n<p><span style=\"font-weight: 400;\">O documento expressa a identidade, os princ\u00edpios e a espiritualidade do Movimento F\u00e9 e Alegria, propondo uma abordagem educativa inspirada na espiritualidade inaciana e na pedagogia cr\u00edtica. Estruturado em quatro pilares \u2014 \u00e9tico, pedag\u00f3gico, epistemol\u00f3gico e pol\u00edtico \u2014 o Marco orienta a a\u00e7\u00e3o educativa das equipes nacionais e das iniciativas federativas.<\/span><\/p>\n<p>&nbsp;<\/p>\n<p><span style=\"font-weight: 400;\">Mais do que uma diretriz t\u00e9cnica, o Marco se apresenta como uma refer\u00eancia para a constru\u00e7\u00e3o coletiva de pr\u00e1ticas educativas voltadas \u00e0 justi\u00e7a social, reafirmando o compromisso com popula\u00e7\u00f5es historicamente marginalizadas e reconhecendo os sujeitos como protagonistas da transforma\u00e7\u00e3o.<\/span><\/p>\n<p>&nbsp;<\/p>\n<p><span style=\"font-weight: 400;\">Com este documento, a Funda\u00e7\u00e3o F\u00e9 e Alegria do Brasil reafirma sua miss\u00e3o de promover uma sociedade mais justa, democr\u00e1tica e solid\u00e1ria por meio da educa\u00e7\u00e3o.<\/span><\/p>\n<p>&nbsp;<\/p>\n<p><span style=\"font-weight: 400;\">Para garantir a ampla socializa\u00e7\u00e3o do Marco da Educa\u00e7\u00e3o Popular de F\u00e9 e Alegria Internacional, a Coordena\u00e7\u00e3o Pedag\u00f3gica Nacional planeja sua difus\u00e3o nos pr\u00f3ximos meses, com o objetivo de fortalecer o acesso e a compreens\u00e3o do documento em todos os espa\u00e7os e equipes da rede.<\/span><\/p>\n<p>&nbsp;<\/p>\n<p><span style=\"font-weight: 400;\">Al\u00e9m disso, est\u00e1 previsto o aprofundamento do estudo do Marco, utilizando como refer\u00eancia a metodologia do Di\u00e1logo Pedag\u00f3gico, que favorece a troca de saberes, a reflex\u00e3o cr\u00edtica e a constru\u00e7\u00e3o coletiva de sentidos e pr\u00e1ticas.\u00a0<\/span><\/p>\n<p>&nbsp;<\/p>\n<p><span style=\"font-weight: 400;\">Para ter acesso ao documento na vers\u00e3o em portugu\u00eas, <\/span><strong><span style=\"text-decoration: underline;\"><a href=\"https:\/\/d3pugrm67vf9n7.cloudfront.net\/wp-content\/uploads\/2025\/05\/27115405\/04-MARCO-PEDAGOGICO-DIGITAL-POR-2.pdf\" target=\"_blank\" rel=\"noopener\">clique aqui<\/a><\/span><\/strong><span style=\"font-weight: 400;\">.<\/span>[\/vc_column_text][\/vc_column][\/vc_row]<\/p>\n<\/div>","protected":false},"excerpt":{"rendered":"<p>[vc_row][vc_column][vc_column_text css=&#8221;&#8221;]A Funda\u00e7\u00e3o F\u00e9 e Alegria do Brasil anuncia o lan\u00e7amento oficial do Marco da Educa\u00e7\u00e3o Popular de F\u00e9 e Alegria Internacional, documento que consolida d\u00e9cadas de experi\u00eancia e reafirma o compromisso do Movimento com uma educa\u00e7\u00e3o integral, cr\u00edtica e transformadora. O lan\u00e7amento ocorre no contexto das celebra\u00e7\u00f5es pelos 70 anos de atua\u00e7\u00e3o da F\u00e9<\/p>\n","protected":false},"author":68,"featured_media":29193,"comment_status":"open","ping_status":"open","sticky":false,"template":"","format":"standard","meta":{"_acf_changed":false,"footnotes":""},"categories":[432,183],"tags":[422,906,980,1156],"post_folder":[],"class_list":["post-29191","post","type-post","status-publish","format-standard","has-post-thumbnail","hentry","category-noticias-pt","category-noticias","tag-educacao-popular","tag-fe-e-alegria-brasil","tag-fe-e-alegria-internacional","tag-marco-pedagogico"],"acf":[],"yoast_head":"<!-- This site is optimized with the Yoast SEO plugin v27.4 - https:\/\/yoast.com\/product\/yoast-seo-wordpress\/ -->\n<title>F\u00e9 e Alegria Internacional lan\u00e7a Marco da Educa\u00e7\u00e3o Popular - #SomosF\u00e9eAlegria en Brasil<\/title>\n<meta name=\"robots\" content=\"index, follow, max-snippet:-1, max-image-preview:large, max-video-preview:-1\" \/>\n<link rel=\"canonical\" href=\"https:\/\/www.feyalegria.org\/brasil\/fe-e-alegria-internacional-lanca-marco-da-educacao-popular\/\" \/>\n<meta property=\"og:locale\" content=\"es_ES\" \/>\n<meta property=\"og:type\" content=\"article\" \/>\n<meta property=\"og:title\" content=\"F\u00e9 e Alegria Internacional lan\u00e7a Marco da Educa\u00e7\u00e3o Popular - #SomosF\u00e9eAlegria en Brasil\" \/>\n<meta property=\"og:description\" content=\"[vc_row][vc_column][vc_column_text css=&#8221;&#8221;]A Funda\u00e7\u00e3o F\u00e9 e Alegria do Brasil anuncia o lan\u00e7amento oficial do Marco da Educa\u00e7\u00e3o Popular de F\u00e9 e Alegria Internacional, documento que consolida d\u00e9cadas de experi\u00eancia e reafirma o compromisso do Movimento com uma educa\u00e7\u00e3o integral, cr\u00edtica e transformadora. O lan\u00e7amento ocorre no contexto das celebra\u00e7\u00f5es pelos 70 anos de atua\u00e7\u00e3o da F\u00e9\" \/>\n<meta property=\"og:url\" content=\"https:\/\/www.feyalegria.org\/brasil\/fe-e-alegria-internacional-lanca-marco-da-educacao-popular\/\" \/>\n<meta property=\"og:site_name\" content=\"#SomosF\u00e9eAlegria en Brasil\" \/>\n<meta property=\"article:published_time\" content=\"2025-08-19T19:55:39+00:00\" \/>\n<meta property=\"og:image\" content=\"https:\/\/d3pugrm67vf9n7.cloudfront.net\/wp-content\/uploads\/sites\/23\/2025\/08\/19165530\/Banner-Home-Marco-pedagogico.png\" \/>\n\t<meta property=\"og:image:width\" content=\"1000\" \/>\n\t<meta property=\"og:image:height\" content=\"500\" \/>\n\t<meta property=\"og:image:type\" content=\"image\/png\" \/>\n<meta name=\"author\" content=\"Laura Meurer\" \/>\n<meta name=\"twitter:card\" content=\"summary_large_image\" \/>\n<meta name=\"twitter:label1\" content=\"Escrito por\" \/>\n\t<meta name=\"twitter:data1\" content=\"Laura Meurer\" \/>\n\t<meta name=\"twitter:label2\" content=\"Tiempo de lectura\" \/>\n\t<meta name=\"twitter:data2\" content=\"2 minutos\" \/>\n<script type=\"application\/ld+json\" class=\"yoast-schema-graph\">{\"@context\":\"https:\\\/\\\/schema.org\",\"@graph\":[{\"@type\":\"Article\",\"@id\":\"https:\\\/\\\/www.feyalegria.org\\\/brasil\\\/fe-e-alegria-internacional-lanca-marco-da-educacao-popular\\\/#article\",\"isPartOf\":{\"@id\":\"https:\\\/\\\/www.feyalegria.org\\\/brasil\\\/fe-e-alegria-internacional-lanca-marco-da-educacao-popular\\\/\"},\"author\":{\"name\":\"Laura Meurer\",\"@id\":\"https:\\\/\\\/www.feyalegria.org\\\/brasil\\\/#\\\/schema\\\/person\\\/f2c58927c54060575b9e7c44d31d16e9\"},\"headline\":\"F\u00e9 e Alegria Internacional lan\u00e7a Marco da Educa\u00e7\u00e3o Popular\",\"datePublished\":\"2025-08-19T19:55:39+00:00\",\"mainEntityOfPage\":{\"@id\":\"https:\\\/\\\/www.feyalegria.org\\\/brasil\\\/fe-e-alegria-internacional-lanca-marco-da-educacao-popular\\\/\"},\"wordCount\":377,\"commentCount\":0,\"image\":{\"@id\":\"https:\\\/\\\/www.feyalegria.org\\\/brasil\\\/fe-e-alegria-internacional-lanca-marco-da-educacao-popular\\\/#primaryimage\"},\"thumbnailUrl\":\"https:\\\/\\\/d3pugrm67vf9n7.cloudfront.net\\\/wp-content\\\/uploads\\\/sites\\\/23\\\/2025\\\/08\\\/19165530\\\/Banner-Home-Marco-pedagogico.png\",\"keywords\":[\"educa\u00e7\u00e3o popular\",\"F\u00e9 e Alegria Brasil\",\"F\u00e9 e Alegria Internacional\",\"Marco pedag\u00f3gico\"],\"articleSection\":[\"Noticias\",\"Noticias\"],\"inLanguage\":\"es-CO\",\"potentialAction\":[{\"@type\":\"CommentAction\",\"name\":\"Comment\",\"target\":[\"https:\\\/\\\/www.feyalegria.org\\\/brasil\\\/fe-e-alegria-internacional-lanca-marco-da-educacao-popular\\\/#respond\"]}]},{\"@type\":\"WebPage\",\"@id\":\"https:\\\/\\\/www.feyalegria.org\\\/brasil\\\/fe-e-alegria-internacional-lanca-marco-da-educacao-popular\\\/\",\"url\":\"https:\\\/\\\/www.feyalegria.org\\\/brasil\\\/fe-e-alegria-internacional-lanca-marco-da-educacao-popular\\\/\",\"name\":\"F\u00e9 e Alegria Internacional lan\u00e7a Marco da Educa\u00e7\u00e3o Popular - #SomosF\u00e9eAlegria en Brasil\",\"isPartOf\":{\"@id\":\"https:\\\/\\\/www.feyalegria.org\\\/brasil\\\/#website\"},\"primaryImageOfPage\":{\"@id\":\"https:\\\/\\\/www.feyalegria.org\\\/brasil\\\/fe-e-alegria-internacional-lanca-marco-da-educacao-popular\\\/#primaryimage\"},\"image\":{\"@id\":\"https:\\\/\\\/www.feyalegria.org\\\/brasil\\\/fe-e-alegria-internacional-lanca-marco-da-educacao-popular\\\/#primaryimage\"},\"thumbnailUrl\":\"https:\\\/\\\/d3pugrm67vf9n7.cloudfront.net\\\/wp-content\\\/uploads\\\/sites\\\/23\\\/2025\\\/08\\\/19165530\\\/Banner-Home-Marco-pedagogico.png\",\"datePublished\":\"2025-08-19T19:55:39+00:00\",\"author\":{\"@id\":\"https:\\\/\\\/www.feyalegria.org\\\/brasil\\\/#\\\/schema\\\/person\\\/f2c58927c54060575b9e7c44d31d16e9\"},\"inLanguage\":\"es-CO\",\"potentialAction\":[{\"@type\":\"ReadAction\",\"target\":[\"https:\\\/\\\/www.feyalegria.org\\\/brasil\\\/fe-e-alegria-internacional-lanca-marco-da-educacao-popular\\\/\"]}]},{\"@type\":\"ImageObject\",\"inLanguage\":\"es-CO\",\"@id\":\"https:\\\/\\\/www.feyalegria.org\\\/brasil\\\/fe-e-alegria-internacional-lanca-marco-da-educacao-popular\\\/#primaryimage\",\"url\":\"https:\\\/\\\/d3pugrm67vf9n7.cloudfront.net\\\/wp-content\\\/uploads\\\/sites\\\/23\\\/2025\\\/08\\\/19165530\\\/Banner-Home-Marco-pedagogico.png\",\"contentUrl\":\"https:\\\/\\\/d3pugrm67vf9n7.cloudfront.net\\\/wp-content\\\/uploads\\\/sites\\\/23\\\/2025\\\/08\\\/19165530\\\/Banner-Home-Marco-pedagogico.png\",\"width\":1000,\"height\":500},{\"@type\":\"WebSite\",\"@id\":\"https:\\\/\\\/www.feyalegria.org\\\/brasil\\\/#website\",\"url\":\"https:\\\/\\\/www.feyalegria.org\\\/brasil\\\/\",\"name\":\"#SomosF\u00e9eAlegria en Brasil\",\"description\":\"\",\"potentialAction\":[{\"@type\":\"SearchAction\",\"target\":{\"@type\":\"EntryPoint\",\"urlTemplate\":\"https:\\\/\\\/www.feyalegria.org\\\/brasil\\\/?s={search_term_string}\"},\"query-input\":{\"@type\":\"PropertyValueSpecification\",\"valueRequired\":true,\"valueName\":\"search_term_string\"}}],\"inLanguage\":\"es-CO\"},{\"@type\":\"Person\",\"@id\":\"https:\\\/\\\/www.feyalegria.org\\\/brasil\\\/#\\\/schema\\\/person\\\/f2c58927c54060575b9e7c44d31d16e9\",\"name\":\"Laura Meurer\",\"url\":\"https:\\\/\\\/www.feyalegria.org\\\/brasil\\\/author\\\/adminbr02\\\/\"}]}<\/script>\n<!-- \/ Yoast SEO plugin. -->","yoast_head_json":{"title":"F\u00e9 e Alegria Internacional lan\u00e7a Marco da Educa\u00e7\u00e3o Popular - #SomosF\u00e9eAlegria en Brasil","robots":{"index":"index","follow":"follow","max-snippet":"max-snippet:-1","max-image-preview":"max-image-preview:large","max-video-preview":"max-video-preview:-1"},"canonical":"https:\/\/www.feyalegria.org\/brasil\/fe-e-alegria-internacional-lanca-marco-da-educacao-popular\/","og_locale":"es_ES","og_type":"article","og_title":"F\u00e9 e Alegria Internacional lan\u00e7a Marco da Educa\u00e7\u00e3o Popular - #SomosF\u00e9eAlegria en Brasil","og_description":"[vc_row][vc_column][vc_column_text css=&#8221;&#8221;]A Funda\u00e7\u00e3o F\u00e9 e Alegria do Brasil anuncia o lan\u00e7amento oficial do Marco da Educa\u00e7\u00e3o Popular de F\u00e9 e Alegria Internacional, documento que consolida d\u00e9cadas de experi\u00eancia e reafirma o compromisso do Movimento com uma educa\u00e7\u00e3o integral, cr\u00edtica e transformadora. O lan\u00e7amento ocorre no contexto das celebra\u00e7\u00f5es pelos 70 anos de atua\u00e7\u00e3o da F\u00e9","og_url":"https:\/\/www.feyalegria.org\/brasil\/fe-e-alegria-internacional-lanca-marco-da-educacao-popular\/","og_site_name":"#SomosF\u00e9eAlegria en Brasil","article_published_time":"2025-08-19T19:55:39+00:00","og_image":[{"width":1000,"height":500,"url":"https:\/\/d3pugrm67vf9n7.cloudfront.net\/wp-content\/uploads\/sites\/23\/2025\/08\/19165530\/Banner-Home-Marco-pedagogico.png","type":"image\/png"}],"author":"Laura Meurer","twitter_card":"summary_large_image","twitter_misc":{"Escrito por":"Laura Meurer","Tiempo de lectura":"2 minutos"},"schema":{"@context":"https:\/\/schema.org","@graph":[{"@type":"Article","@id":"https:\/\/www.feyalegria.org\/brasil\/fe-e-alegria-internacional-lanca-marco-da-educacao-popular\/#article","isPartOf":{"@id":"https:\/\/www.feyalegria.org\/brasil\/fe-e-alegria-internacional-lanca-marco-da-educacao-popular\/"},"author":{"name":"Laura Meurer","@id":"https:\/\/www.feyalegria.org\/brasil\/#\/schema\/person\/f2c58927c54060575b9e7c44d31d16e9"},"headline":"F\u00e9 e Alegria Internacional lan\u00e7a Marco da Educa\u00e7\u00e3o Popular","datePublished":"2025-08-19T19:55:39+00:00","mainEntityOfPage":{"@id":"https:\/\/www.feyalegria.org\/brasil\/fe-e-alegria-internacional-lanca-marco-da-educacao-popular\/"},"wordCount":377,"commentCount":0,"image":{"@id":"https:\/\/www.feyalegria.org\/brasil\/fe-e-alegria-internacional-lanca-marco-da-educacao-popular\/#primaryimage"},"thumbnailUrl":"https:\/\/d3pugrm67vf9n7.cloudfront.net\/wp-content\/uploads\/sites\/23\/2025\/08\/19165530\/Banner-Home-Marco-pedagogico.png","keywords":["educa\u00e7\u00e3o popular","F\u00e9 e Alegria Brasil","F\u00e9 e Alegria Internacional","Marco pedag\u00f3gico"],"articleSection":["Noticias","Noticias"],"inLanguage":"es-CO","potentialAction":[{"@type":"CommentAction","name":"Comment","target":["https:\/\/www.feyalegria.org\/brasil\/fe-e-alegria-internacional-lanca-marco-da-educacao-popular\/#respond"]}]},{"@type":"WebPage","@id":"https:\/\/www.feyalegria.org\/brasil\/fe-e-alegria-internacional-lanca-marco-da-educacao-popular\/","url":"https:\/\/www.feyalegria.org\/brasil\/fe-e-alegria-internacional-lanca-marco-da-educacao-popular\/","name":"F\u00e9 e Alegria Internacional lan\u00e7a Marco da Educa\u00e7\u00e3o Popular - #SomosF\u00e9eAlegria en Brasil","isPartOf":{"@id":"https:\/\/www.feyalegria.org\/brasil\/#website"},"primaryImageOfPage":{"@id":"https:\/\/www.feyalegria.org\/brasil\/fe-e-alegria-internacional-lanca-marco-da-educacao-popular\/#primaryimage"},"image":{"@id":"https:\/\/www.feyalegria.org\/brasil\/fe-e-alegria-internacional-lanca-marco-da-educacao-popular\/#primaryimage"},"thumbnailUrl":"https:\/\/d3pugrm67vf9n7.cloudfront.net\/wp-content\/uploads\/sites\/23\/2025\/08\/19165530\/Banner-Home-Marco-pedagogico.png","datePublished":"2025-08-19T19:55:39+00:00","author":{"@id":"https:\/\/www.feyalegria.org\/brasil\/#\/schema\/person\/f2c58927c54060575b9e7c44d31d16e9"},"inLanguage":"es-CO","potentialAction":[{"@type":"ReadAction","target":["https:\/\/www.feyalegria.org\/brasil\/fe-e-alegria-internacional-lanca-marco-da-educacao-popular\/"]}]},{"@type":"ImageObject","inLanguage":"es-CO","@id":"https:\/\/www.feyalegria.org\/brasil\/fe-e-alegria-internacional-lanca-marco-da-educacao-popular\/#primaryimage","url":"https:\/\/d3pugrm67vf9n7.cloudfront.net\/wp-content\/uploads\/sites\/23\/2025\/08\/19165530\/Banner-Home-Marco-pedagogico.png","contentUrl":"https:\/\/d3pugrm67vf9n7.cloudfront.net\/wp-content\/uploads\/sites\/23\/2025\/08\/19165530\/Banner-Home-Marco-pedagogico.png","width":1000,"height":500},{"@type":"WebSite","@id":"https:\/\/www.feyalegria.org\/brasil\/#website","url":"https:\/\/www.feyalegria.org\/brasil\/","name":"#SomosF\u00e9eAlegria en Brasil","description":"","potentialAction":[{"@type":"SearchAction","target":{"@type":"EntryPoint","urlTemplate":"https:\/\/www.feyalegria.org\/brasil\/?s={search_term_string}"},"query-input":{"@type":"PropertyValueSpecification","valueRequired":true,"valueName":"search_term_string"}}],"inLanguage":"es-CO"},{"@type":"Person","@id":"https:\/\/www.feyalegria.org\/brasil\/#\/schema\/person\/f2c58927c54060575b9e7c44d31d16e9","name":"Laura Meurer","url":"https:\/\/www.feyalegria.org\/brasil\/author\/adminbr02\/"}]}},"_links":{"self":[{"href":"https:\/\/www.feyalegria.org\/brasil\/wp-json\/wp\/v2\/posts\/29191","targetHints":{"allow":["GET"]}}],"collection":[{"href":"https:\/\/www.feyalegria.org\/brasil\/wp-json\/wp\/v2\/posts"}],"about":[{"href":"https:\/\/www.feyalegria.org\/brasil\/wp-json\/wp\/v2\/types\/post"}],"author":[{"embeddable":true,"href":"https:\/\/www.feyalegria.org\/brasil\/wp-json\/wp\/v2\/users\/68"}],"replies":[{"embeddable":true,"href":"https:\/\/www.feyalegria.org\/brasil\/wp-json\/wp\/v2\/comments?post=29191"}],"version-history":[{"count":1,"href":"https:\/\/www.feyalegria.org\/brasil\/wp-json\/wp\/v2\/posts\/29191\/revisions"}],"predecessor-version":[{"id":29194,"href":"https:\/\/www.feyalegria.org\/brasil\/wp-json\/wp\/v2\/posts\/29191\/revisions\/29194"}],"wp:featuredmedia":[{"embeddable":true,"href":"https:\/\/www.feyalegria.org\/brasil\/wp-json\/wp\/v2\/media\/29193"}],"wp:attachment":[{"href":"https:\/\/www.feyalegria.org\/brasil\/wp-json\/wp\/v2\/media?parent=29191"}],"wp:term":[{"taxonomy":"category","embeddable":true,"href":"https:\/\/www.feyalegria.org\/brasil\/wp-json\/wp\/v2\/categories?post=29191"},{"taxonomy":"post_tag","embeddable":true,"href":"https:\/\/www.feyalegria.org\/brasil\/wp-json\/wp\/v2\/tags?post=29191"},{"taxonomy":"post_folder","embeddable":true,"href":"https:\/\/www.feyalegria.org\/brasil\/wp-json\/wp\/v2\/post_folder?post=29191"}],"curies":[{"name":"wp","href":"https:\/\/api.w.org\/{rel}","templated":true}]}}