 {"id":29219,"date":"2025-08-27T09:25:23","date_gmt":"2025-08-27T12:25:23","guid":{"rendered":"https:\/\/www.feyalegria.org\/brasil\/?p=29219"},"modified":"2025-08-27T09:53:36","modified_gmt":"2025-08-27T12:53:36","slug":"a-protecao-no-ambiente-digital-nao-pode-esperar-afirma-coordenadora-de-fe-e-alegria-sobre-o-eca-digital","status":"publish","type":"post","link":"https:\/\/www.feyalegria.org\/brasil\/a-protecao-no-ambiente-digital-nao-pode-esperar-afirma-coordenadora-de-fe-e-alegria-sobre-o-eca-digital\/","title":{"rendered":"&#8220;A prote\u00e7\u00e3o no ambiente digital n\u00e3o pode esperar&#8221;: afirma coordenadora de F\u00e9 e Alegria sobre o ECA Digital"},"content":{"rendered":"<div class=\"wpb-content-wrapper\"><p>[vc_row][vc_column][vc_column_text css=&#8221;&#8221;]Em entrevista \u00e0 <span style=\"text-decoration: underline;\"><strong><a href=\"https:\/\/radioamareservir.com\/\" target=\"_blank\" rel=\"noopener\">R\u00e1dio Amar e Servir<\/a><\/strong><\/span>, Catarina de Santana Silva, coordenadora de F\u00e9 e Alegria Pernambuco e integrante do Conselho Nacional de Assist\u00eancia Social (CNAS) destacou a urg\u00eancia da nova legisla\u00e7\u00e3o para garantir ambientes online mais seguros a crian\u00e7as e adolescentes.<\/p>\n<p>&nbsp;<\/p>\n<p data-start=\"675\" data-end=\"1233\">Vivemos um tempo em que as fronteiras entre o real e o digital desapareceram. Crian\u00e7as e adolescentes crescem mergulhados em telas que abrem janelas para aprendizado e lazer, mas tamb\u00e9m para riscos s\u00e9rios e muitas vezes invis\u00edveis. A recente den\u00fancia do influenciador Felca exp\u00f4s de forma contundente a vulnerabilidade dos jovens diante de conte\u00fados abusivos nas redes sociais e acelerou, no Congresso, a tramita\u00e7\u00e3o do chamado ECA Digital, um conjunto de medidas que atualiza o Estatuto da Crian\u00e7a e do Adolescente para o mundo online.<\/p>\n<h4><strong>O que muda com o ECA Digital<\/strong><\/h4>\n<p>&nbsp;<\/p>\n<p data-start=\"1274\" data-end=\"1515\">Segundo Catarina de Santana Silva, a lei representa um marco de prote\u00e7\u00e3o.<\/p>\n<blockquote data-start=\"1517\" data-end=\"1892\">\n<p data-start=\"1519\" data-end=\"1892\"><em data-start=\"1519\" data-end=\"1879\">\u201cO ECA Digital visa proteger crian\u00e7as e adolescentes do uso da internet, garantindo que plataformas digitais como redes sociais, aplicativos e jogos adotem mecanismos de seguran\u00e7a espec\u00edficos. Isso significa mais controle por parte dos respons\u00e1veis, verifica\u00e7\u00e3o de dados, restri\u00e7\u00e3o de conte\u00fados impr\u00f3prios e formas mais diretas de denunciar poss\u00edveis abusos\u201d<\/em>, explicou.<\/p>\n<p data-start=\"1519\" data-end=\"1892\">\n<\/blockquote>\n<p data-start=\"1894\" data-end=\"2188\">Para as fam\u00edlias, ela ressalta que a lei trar\u00e1 ferramentas concretas para acompanhar o que crian\u00e7as e adolescentes acessam. J\u00e1 para as plataformas, haver\u00e1 exig\u00eancia de ajustes em servi\u00e7os, filtros, avisos de idade, regras sobre publicidade direcionada e resposta mais r\u00e1pida \u00e0s den\u00fancias.<\/p>\n<h4 data-start=\"3574\" data-end=\"3614\"><\/h4>\n<h4 data-start=\"3574\" data-end=\"3614\">O compromisso de F\u00e9 e Alegria<\/h4>\n<p>&nbsp;<\/p>\n<p data-start=\"3615\" data-end=\"3727\">A atua\u00e7\u00e3o da Funda\u00e7\u00e3o F\u00e9 e Alegria tamb\u00e9m ganha nova dimens\u00e3o com o ECA Digital.<\/p>\n<blockquote data-start=\"3729\" data-end=\"3870\">\n<p data-start=\"3731\" data-end=\"3870\"><em data-start=\"3731\" data-end=\"3849\">\u201cNossa miss\u00e3o pode se traduzir em a\u00e7\u00f5es concretas que fortale\u00e7am a prote\u00e7\u00e3o e a reflex\u00e3o cr\u00edtica no uso da internet\u201d<\/em>, afirmou Catarina.<\/p>\n<p data-start=\"3731\" data-end=\"3870\">\n<\/blockquote>\n<p data-start=\"3872\" data-end=\"3902\">Entre as medidas, ela citou:<\/p>\n<ul data-start=\"3903\" data-end=\"4261\">\n<li data-start=\"3903\" data-end=\"3993\">\n<p data-start=\"3905\" data-end=\"3993\">Forma\u00e7\u00f5es para fam\u00edlias e educadores (assistentes sociais, pedagogos, psic\u00f3logos),<\/p>\n<\/li>\n<li data-start=\"3994\" data-end=\"4057\">\n<p data-start=\"3996\" data-end=\"4057\">Educa\u00e7\u00e3o midi\u00e1tica cr\u00edtica com crian\u00e7as e adolescentes,<\/p>\n<\/li>\n<li data-start=\"4058\" data-end=\"4145\">\n<p data-start=\"4060\" data-end=\"4145\">Protocolos de den\u00fancia e acolhimento j\u00e1 em funcionamento dentro da institui\u00e7\u00e3o,<\/p>\n<\/li>\n<li data-start=\"4146\" data-end=\"4261\">\n<p data-start=\"4148\" data-end=\"4261\">Uso dos ambientes digitais da pr\u00f3pria Funda\u00e7\u00e3o para conscientiza\u00e7\u00e3o e di\u00e1logo com as redes p\u00fablicas locais.<\/p>\n<\/li>\n<\/ul>\n<blockquote data-start=\"4263\" data-end=\"4366\">\n<p data-start=\"4265\" data-end=\"4366\">\n<\/blockquote>\n<h4 data-start=\"4373\" data-end=\"4395\"><\/h4>\n<h4 data-start=\"4373\" data-end=\"4395\">\u00c9tica e esperan\u00e7a<\/h4>\n<p>&nbsp;<\/p>\n<p data-start=\"4396\" data-end=\"4824\">A entrevista refor\u00e7ou que legislar sobre o digital n\u00e3o \u00e9 apenas um tema t\u00e9cnico, mas um compromisso \u00e9tico, social e humano com a vida das crian\u00e7as e adolescentes. E, como lembrou a representante da Companhia de Jesus, \u00e9 tamb\u00e9m uma miss\u00e3o coletiva: de fam\u00edlias, escolas, conselhos, plataformas e institui\u00e7\u00f5es de f\u00e9, para que todos os ambientes \u2014 digitais e presenciais \u2014 sejam espa\u00e7os de cuidado, dignidade e esperan\u00e7a.<\/p>\n<p data-start=\"1894\" data-end=\"2188\">______________<\/p>\n<p><strong>Fonte<\/strong>: R\u00e1dio Amar e Servir<\/p>\n<p>Leia e ou\u00e7a a entrevista na \u00edntegra: <a href=\"https:\/\/radioamareservir.com\/noticia\/1814656\/a-protecao-no-ambiente-digital-nao-pode-esperar-afirma-coordenadora-de-fe-e-alegria-sobre-o-eca-digital\" target=\"_blank\" rel=\"noopener\"><span style=\"text-decoration: underline;\"><strong>clique aqui<\/strong><\/span><\/a>[\/vc_column_text][\/vc_column][\/vc_row]<\/p>\n<\/div>","protected":false},"excerpt":{"rendered":"<p>[vc_row][vc_column][vc_column_text css=&#8221;&#8221;]Em entrevista \u00e0 R\u00e1dio Amar e Servir, Catarina de Santana Silva, coordenadora de F\u00e9 e Alegria Pernambuco e integrante do Conselho Nacional de Assist\u00eancia Social (CNAS) destacou a urg\u00eancia da nova legisla\u00e7\u00e3o para garantir ambientes online mais seguros a crian\u00e7as e adolescentes. &nbsp; Vivemos um tempo em que as fronteiras entre o real e<\/p>\n","protected":false},"author":68,"featured_media":29224,"comment_status":"open","ping_status":"open","sticky":false,"template":"","format":"standard","meta":{"_acf_changed":false,"footnotes":""},"categories":[432,183],"tags":[1170,758,408,810,1094],"post_folder":[],"class_list":["post-29219","post","type-post","status-publish","format-standard","has-post-thumbnail","hentry","category-noticias-pt","category-noticias","tag-eca-digital","tag-entrevista","tag-fe-e-alegria","tag-radio","tag-radio-amar-e-servir"],"acf":[],"yoast_head":"<!-- This site is optimized with the Yoast SEO plugin v27.4 - https:\/\/yoast.com\/product\/yoast-seo-wordpress\/ -->\n<title>&quot;A prote\u00e7\u00e3o no ambiente digital n\u00e3o pode esperar&quot;: afirma coordenadora de F\u00e9 e Alegria sobre o ECA Digital - #SomosF\u00e9eAlegria en Brasil<\/title>\n<meta name=\"robots\" content=\"index, follow, max-snippet:-1, max-image-preview:large, max-video-preview:-1\" \/>\n<link rel=\"canonical\" href=\"https:\/\/www.feyalegria.org\/brasil\/a-protecao-no-ambiente-digital-nao-pode-esperar-afirma-coordenadora-de-fe-e-alegria-sobre-o-eca-digital\/\" \/>\n<meta property=\"og:locale\" content=\"es_ES\" \/>\n<meta property=\"og:type\" content=\"article\" \/>\n<meta property=\"og:title\" content=\"&quot;A prote\u00e7\u00e3o no ambiente digital n\u00e3o pode esperar&quot;: afirma coordenadora de F\u00e9 e Alegria sobre o ECA Digital - #SomosF\u00e9eAlegria en Brasil\" \/>\n<meta property=\"og:description\" content=\"[vc_row][vc_column][vc_column_text css=&#8221;&#8221;]Em entrevista \u00e0 R\u00e1dio Amar e Servir, Catarina de Santana Silva, coordenadora de F\u00e9 e Alegria Pernambuco e integrante do Conselho Nacional de Assist\u00eancia Social (CNAS) destacou a urg\u00eancia da nova legisla\u00e7\u00e3o para garantir ambientes online mais seguros a crian\u00e7as e adolescentes. &nbsp; Vivemos um tempo em que as fronteiras entre o real e\" \/>\n<meta property=\"og:url\" content=\"https:\/\/www.feyalegria.org\/brasil\/a-protecao-no-ambiente-digital-nao-pode-esperar-afirma-coordenadora-de-fe-e-alegria-sobre-o-eca-digital\/\" \/>\n<meta property=\"og:site_name\" content=\"#SomosF\u00e9eAlegria en Brasil\" \/>\n<meta property=\"article:published_time\" content=\"2025-08-27T12:25:23+00:00\" \/>\n<meta property=\"article:modified_time\" content=\"2025-08-27T12:53:36+00:00\" \/>\n<meta property=\"og:image\" content=\"https:\/\/d3pugrm67vf9n7.cloudfront.net\/wp-content\/uploads\/sites\/23\/2025\/08\/27095326\/Banner-Home-ECA-Digital1.png\" \/>\n\t<meta property=\"og:image:width\" content=\"1000\" \/>\n\t<meta property=\"og:image:height\" content=\"500\" \/>\n\t<meta property=\"og:image:type\" content=\"image\/png\" \/>\n<meta name=\"author\" content=\"Laura Meurer\" \/>\n<meta name=\"twitter:card\" content=\"summary_large_image\" \/>\n<meta name=\"twitter:label1\" content=\"Escrito por\" \/>\n\t<meta name=\"twitter:data1\" content=\"Laura Meurer\" \/>\n\t<meta name=\"twitter:label2\" content=\"Tiempo de lectura\" \/>\n\t<meta name=\"twitter:data2\" content=\"2 minutos\" \/>\n<script type=\"application\/ld+json\" class=\"yoast-schema-graph\">{\"@context\":\"https:\\\/\\\/schema.org\",\"@graph\":[{\"@type\":\"Article\",\"@id\":\"https:\\\/\\\/www.feyalegria.org\\\/brasil\\\/a-protecao-no-ambiente-digital-nao-pode-esperar-afirma-coordenadora-de-fe-e-alegria-sobre-o-eca-digital\\\/#article\",\"isPartOf\":{\"@id\":\"https:\\\/\\\/www.feyalegria.org\\\/brasil\\\/a-protecao-no-ambiente-digital-nao-pode-esperar-afirma-coordenadora-de-fe-e-alegria-sobre-o-eca-digital\\\/\"},\"author\":{\"name\":\"Laura Meurer\",\"@id\":\"https:\\\/\\\/www.feyalegria.org\\\/brasil\\\/#\\\/schema\\\/person\\\/f2c58927c54060575b9e7c44d31d16e9\"},\"headline\":\"&#8220;A prote\u00e7\u00e3o no ambiente digital n\u00e3o pode esperar&#8221;: afirma coordenadora de F\u00e9 e Alegria sobre o ECA Digital\",\"datePublished\":\"2025-08-27T12:25:23+00:00\",\"dateModified\":\"2025-08-27T12:53:36+00:00\",\"mainEntityOfPage\":{\"@id\":\"https:\\\/\\\/www.feyalegria.org\\\/brasil\\\/a-protecao-no-ambiente-digital-nao-pode-esperar-afirma-coordenadora-de-fe-e-alegria-sobre-o-eca-digital\\\/\"},\"wordCount\":517,\"commentCount\":0,\"image\":{\"@id\":\"https:\\\/\\\/www.feyalegria.org\\\/brasil\\\/a-protecao-no-ambiente-digital-nao-pode-esperar-afirma-coordenadora-de-fe-e-alegria-sobre-o-eca-digital\\\/#primaryimage\"},\"thumbnailUrl\":\"https:\\\/\\\/d3pugrm67vf9n7.cloudfront.net\\\/wp-content\\\/uploads\\\/sites\\\/23\\\/2025\\\/08\\\/27095326\\\/Banner-Home-ECA-Digital1.png\",\"keywords\":[\"ECA Digital\",\"entrevista\",\"F\u00e9 e Alegria\",\"r\u00e1dio\",\"R\u00e1dio Amar e Servir\"],\"articleSection\":[\"Noticias\",\"Noticias\"],\"inLanguage\":\"es-CO\",\"potentialAction\":[{\"@type\":\"CommentAction\",\"name\":\"Comment\",\"target\":[\"https:\\\/\\\/www.feyalegria.org\\\/brasil\\\/a-protecao-no-ambiente-digital-nao-pode-esperar-afirma-coordenadora-de-fe-e-alegria-sobre-o-eca-digital\\\/#respond\"]}]},{\"@type\":\"WebPage\",\"@id\":\"https:\\\/\\\/www.feyalegria.org\\\/brasil\\\/a-protecao-no-ambiente-digital-nao-pode-esperar-afirma-coordenadora-de-fe-e-alegria-sobre-o-eca-digital\\\/\",\"url\":\"https:\\\/\\\/www.feyalegria.org\\\/brasil\\\/a-protecao-no-ambiente-digital-nao-pode-esperar-afirma-coordenadora-de-fe-e-alegria-sobre-o-eca-digital\\\/\",\"name\":\"\\\"A prote\u00e7\u00e3o no ambiente digital n\u00e3o pode esperar\\\": afirma coordenadora de F\u00e9 e Alegria sobre o ECA Digital - #SomosF\u00e9eAlegria en Brasil\",\"isPartOf\":{\"@id\":\"https:\\\/\\\/www.feyalegria.org\\\/brasil\\\/#website\"},\"primaryImageOfPage\":{\"@id\":\"https:\\\/\\\/www.feyalegria.org\\\/brasil\\\/a-protecao-no-ambiente-digital-nao-pode-esperar-afirma-coordenadora-de-fe-e-alegria-sobre-o-eca-digital\\\/#primaryimage\"},\"image\":{\"@id\":\"https:\\\/\\\/www.feyalegria.org\\\/brasil\\\/a-protecao-no-ambiente-digital-nao-pode-esperar-afirma-coordenadora-de-fe-e-alegria-sobre-o-eca-digital\\\/#primaryimage\"},\"thumbnailUrl\":\"https:\\\/\\\/d3pugrm67vf9n7.cloudfront.net\\\/wp-content\\\/uploads\\\/sites\\\/23\\\/2025\\\/08\\\/27095326\\\/Banner-Home-ECA-Digital1.png\",\"datePublished\":\"2025-08-27T12:25:23+00:00\",\"dateModified\":\"2025-08-27T12:53:36+00:00\",\"author\":{\"@id\":\"https:\\\/\\\/www.feyalegria.org\\\/brasil\\\/#\\\/schema\\\/person\\\/f2c58927c54060575b9e7c44d31d16e9\"},\"inLanguage\":\"es-CO\",\"potentialAction\":[{\"@type\":\"ReadAction\",\"target\":[\"https:\\\/\\\/www.feyalegria.org\\\/brasil\\\/a-protecao-no-ambiente-digital-nao-pode-esperar-afirma-coordenadora-de-fe-e-alegria-sobre-o-eca-digital\\\/\"]}]},{\"@type\":\"ImageObject\",\"inLanguage\":\"es-CO\",\"@id\":\"https:\\\/\\\/www.feyalegria.org\\\/brasil\\\/a-protecao-no-ambiente-digital-nao-pode-esperar-afirma-coordenadora-de-fe-e-alegria-sobre-o-eca-digital\\\/#primaryimage\",\"url\":\"https:\\\/\\\/d3pugrm67vf9n7.cloudfront.net\\\/wp-content\\\/uploads\\\/sites\\\/23\\\/2025\\\/08\\\/27095326\\\/Banner-Home-ECA-Digital1.png\",\"contentUrl\":\"https:\\\/\\\/d3pugrm67vf9n7.cloudfront.net\\\/wp-content\\\/uploads\\\/sites\\\/23\\\/2025\\\/08\\\/27095326\\\/Banner-Home-ECA-Digital1.png\",\"width\":1000,\"height\":500},{\"@type\":\"WebSite\",\"@id\":\"https:\\\/\\\/www.feyalegria.org\\\/brasil\\\/#website\",\"url\":\"https:\\\/\\\/www.feyalegria.org\\\/brasil\\\/\",\"name\":\"#SomosF\u00e9eAlegria en Brasil\",\"description\":\"\",\"potentialAction\":[{\"@type\":\"SearchAction\",\"target\":{\"@type\":\"EntryPoint\",\"urlTemplate\":\"https:\\\/\\\/www.feyalegria.org\\\/brasil\\\/?s={search_term_string}\"},\"query-input\":{\"@type\":\"PropertyValueSpecification\",\"valueRequired\":true,\"valueName\":\"search_term_string\"}}],\"inLanguage\":\"es-CO\"},{\"@type\":\"Person\",\"@id\":\"https:\\\/\\\/www.feyalegria.org\\\/brasil\\\/#\\\/schema\\\/person\\\/f2c58927c54060575b9e7c44d31d16e9\",\"name\":\"Laura Meurer\",\"url\":\"https:\\\/\\\/www.feyalegria.org\\\/brasil\\\/author\\\/adminbr02\\\/\"}]}<\/script>\n<!-- \/ Yoast SEO plugin. -->","yoast_head_json":{"title":"\"A prote\u00e7\u00e3o no ambiente digital n\u00e3o pode esperar\": afirma coordenadora de F\u00e9 e Alegria sobre o ECA Digital - #SomosF\u00e9eAlegria en Brasil","robots":{"index":"index","follow":"follow","max-snippet":"max-snippet:-1","max-image-preview":"max-image-preview:large","max-video-preview":"max-video-preview:-1"},"canonical":"https:\/\/www.feyalegria.org\/brasil\/a-protecao-no-ambiente-digital-nao-pode-esperar-afirma-coordenadora-de-fe-e-alegria-sobre-o-eca-digital\/","og_locale":"es_ES","og_type":"article","og_title":"\"A prote\u00e7\u00e3o no ambiente digital n\u00e3o pode esperar\": afirma coordenadora de F\u00e9 e Alegria sobre o ECA Digital - #SomosF\u00e9eAlegria en Brasil","og_description":"[vc_row][vc_column][vc_column_text css=&#8221;&#8221;]Em entrevista \u00e0 R\u00e1dio Amar e Servir, Catarina de Santana Silva, coordenadora de F\u00e9 e Alegria Pernambuco e integrante do Conselho Nacional de Assist\u00eancia Social (CNAS) destacou a urg\u00eancia da nova legisla\u00e7\u00e3o para garantir ambientes online mais seguros a crian\u00e7as e adolescentes. &nbsp; Vivemos um tempo em que as fronteiras entre o real e","og_url":"https:\/\/www.feyalegria.org\/brasil\/a-protecao-no-ambiente-digital-nao-pode-esperar-afirma-coordenadora-de-fe-e-alegria-sobre-o-eca-digital\/","og_site_name":"#SomosF\u00e9eAlegria en Brasil","article_published_time":"2025-08-27T12:25:23+00:00","article_modified_time":"2025-08-27T12:53:36+00:00","og_image":[{"width":1000,"height":500,"url":"https:\/\/d3pugrm67vf9n7.cloudfront.net\/wp-content\/uploads\/sites\/23\/2025\/08\/27095326\/Banner-Home-ECA-Digital1.png","type":"image\/png"}],"author":"Laura Meurer","twitter_card":"summary_large_image","twitter_misc":{"Escrito por":"Laura Meurer","Tiempo de lectura":"2 minutos"},"schema":{"@context":"https:\/\/schema.org","@graph":[{"@type":"Article","@id":"https:\/\/www.feyalegria.org\/brasil\/a-protecao-no-ambiente-digital-nao-pode-esperar-afirma-coordenadora-de-fe-e-alegria-sobre-o-eca-digital\/#article","isPartOf":{"@id":"https:\/\/www.feyalegria.org\/brasil\/a-protecao-no-ambiente-digital-nao-pode-esperar-afirma-coordenadora-de-fe-e-alegria-sobre-o-eca-digital\/"},"author":{"name":"Laura Meurer","@id":"https:\/\/www.feyalegria.org\/brasil\/#\/schema\/person\/f2c58927c54060575b9e7c44d31d16e9"},"headline":"&#8220;A prote\u00e7\u00e3o no ambiente digital n\u00e3o pode esperar&#8221;: afirma coordenadora de F\u00e9 e Alegria sobre o ECA Digital","datePublished":"2025-08-27T12:25:23+00:00","dateModified":"2025-08-27T12:53:36+00:00","mainEntityOfPage":{"@id":"https:\/\/www.feyalegria.org\/brasil\/a-protecao-no-ambiente-digital-nao-pode-esperar-afirma-coordenadora-de-fe-e-alegria-sobre-o-eca-digital\/"},"wordCount":517,"commentCount":0,"image":{"@id":"https:\/\/www.feyalegria.org\/brasil\/a-protecao-no-ambiente-digital-nao-pode-esperar-afirma-coordenadora-de-fe-e-alegria-sobre-o-eca-digital\/#primaryimage"},"thumbnailUrl":"https:\/\/d3pugrm67vf9n7.cloudfront.net\/wp-content\/uploads\/sites\/23\/2025\/08\/27095326\/Banner-Home-ECA-Digital1.png","keywords":["ECA Digital","entrevista","F\u00e9 e Alegria","r\u00e1dio","R\u00e1dio Amar e Servir"],"articleSection":["Noticias","Noticias"],"inLanguage":"es-CO","potentialAction":[{"@type":"CommentAction","name":"Comment","target":["https:\/\/www.feyalegria.org\/brasil\/a-protecao-no-ambiente-digital-nao-pode-esperar-afirma-coordenadora-de-fe-e-alegria-sobre-o-eca-digital\/#respond"]}]},{"@type":"WebPage","@id":"https:\/\/www.feyalegria.org\/brasil\/a-protecao-no-ambiente-digital-nao-pode-esperar-afirma-coordenadora-de-fe-e-alegria-sobre-o-eca-digital\/","url":"https:\/\/www.feyalegria.org\/brasil\/a-protecao-no-ambiente-digital-nao-pode-esperar-afirma-coordenadora-de-fe-e-alegria-sobre-o-eca-digital\/","name":"\"A prote\u00e7\u00e3o no ambiente digital n\u00e3o pode esperar\": afirma coordenadora de F\u00e9 e Alegria sobre o ECA Digital - #SomosF\u00e9eAlegria en Brasil","isPartOf":{"@id":"https:\/\/www.feyalegria.org\/brasil\/#website"},"primaryImageOfPage":{"@id":"https:\/\/www.feyalegria.org\/brasil\/a-protecao-no-ambiente-digital-nao-pode-esperar-afirma-coordenadora-de-fe-e-alegria-sobre-o-eca-digital\/#primaryimage"},"image":{"@id":"https:\/\/www.feyalegria.org\/brasil\/a-protecao-no-ambiente-digital-nao-pode-esperar-afirma-coordenadora-de-fe-e-alegria-sobre-o-eca-digital\/#primaryimage"},"thumbnailUrl":"https:\/\/d3pugrm67vf9n7.cloudfront.net\/wp-content\/uploads\/sites\/23\/2025\/08\/27095326\/Banner-Home-ECA-Digital1.png","datePublished":"2025-08-27T12:25:23+00:00","dateModified":"2025-08-27T12:53:36+00:00","author":{"@id":"https:\/\/www.feyalegria.org\/brasil\/#\/schema\/person\/f2c58927c54060575b9e7c44d31d16e9"},"inLanguage":"es-CO","potentialAction":[{"@type":"ReadAction","target":["https:\/\/www.feyalegria.org\/brasil\/a-protecao-no-ambiente-digital-nao-pode-esperar-afirma-coordenadora-de-fe-e-alegria-sobre-o-eca-digital\/"]}]},{"@type":"ImageObject","inLanguage":"es-CO","@id":"https:\/\/www.feyalegria.org\/brasil\/a-protecao-no-ambiente-digital-nao-pode-esperar-afirma-coordenadora-de-fe-e-alegria-sobre-o-eca-digital\/#primaryimage","url":"https:\/\/d3pugrm67vf9n7.cloudfront.net\/wp-content\/uploads\/sites\/23\/2025\/08\/27095326\/Banner-Home-ECA-Digital1.png","contentUrl":"https:\/\/d3pugrm67vf9n7.cloudfront.net\/wp-content\/uploads\/sites\/23\/2025\/08\/27095326\/Banner-Home-ECA-Digital1.png","width":1000,"height":500},{"@type":"WebSite","@id":"https:\/\/www.feyalegria.org\/brasil\/#website","url":"https:\/\/www.feyalegria.org\/brasil\/","name":"#SomosF\u00e9eAlegria en Brasil","description":"","potentialAction":[{"@type":"SearchAction","target":{"@type":"EntryPoint","urlTemplate":"https:\/\/www.feyalegria.org\/brasil\/?s={search_term_string}"},"query-input":{"@type":"PropertyValueSpecification","valueRequired":true,"valueName":"search_term_string"}}],"inLanguage":"es-CO"},{"@type":"Person","@id":"https:\/\/www.feyalegria.org\/brasil\/#\/schema\/person\/f2c58927c54060575b9e7c44d31d16e9","name":"Laura Meurer","url":"https:\/\/www.feyalegria.org\/brasil\/author\/adminbr02\/"}]}},"_links":{"self":[{"href":"https:\/\/www.feyalegria.org\/brasil\/wp-json\/wp\/v2\/posts\/29219","targetHints":{"allow":["GET"]}}],"collection":[{"href":"https:\/\/www.feyalegria.org\/brasil\/wp-json\/wp\/v2\/posts"}],"about":[{"href":"https:\/\/www.feyalegria.org\/brasil\/wp-json\/wp\/v2\/types\/post"}],"author":[{"embeddable":true,"href":"https:\/\/www.feyalegria.org\/brasil\/wp-json\/wp\/v2\/users\/68"}],"replies":[{"embeddable":true,"href":"https:\/\/www.feyalegria.org\/brasil\/wp-json\/wp\/v2\/comments?post=29219"}],"version-history":[{"count":3,"href":"https:\/\/www.feyalegria.org\/brasil\/wp-json\/wp\/v2\/posts\/29219\/revisions"}],"predecessor-version":[{"id":29223,"href":"https:\/\/www.feyalegria.org\/brasil\/wp-json\/wp\/v2\/posts\/29219\/revisions\/29223"}],"wp:featuredmedia":[{"embeddable":true,"href":"https:\/\/www.feyalegria.org\/brasil\/wp-json\/wp\/v2\/media\/29224"}],"wp:attachment":[{"href":"https:\/\/www.feyalegria.org\/brasil\/wp-json\/wp\/v2\/media?parent=29219"}],"wp:term":[{"taxonomy":"category","embeddable":true,"href":"https:\/\/www.feyalegria.org\/brasil\/wp-json\/wp\/v2\/categories?post=29219"},{"taxonomy":"post_tag","embeddable":true,"href":"https:\/\/www.feyalegria.org\/brasil\/wp-json\/wp\/v2\/tags?post=29219"},{"taxonomy":"post_folder","embeddable":true,"href":"https:\/\/www.feyalegria.org\/brasil\/wp-json\/wp\/v2\/post_folder?post=29219"}],"curies":[{"name":"wp","href":"https:\/\/api.w.org\/{rel}","templated":true}]}}