 {"id":29355,"date":"2025-09-26T07:55:56","date_gmt":"2025-09-26T10:55:56","guid":{"rendered":"https:\/\/www.feyalegria.org\/brasil\/?p=29355"},"modified":"2025-09-26T13:42:44","modified_gmt":"2025-09-26T16:42:44","slug":"orgulho-de-rr-assembleia-legislativa-reconhece-articulacao-da-qual-fe-e-alegria-faz-parte","status":"publish","type":"post","link":"https:\/\/www.feyalegria.org\/brasil\/orgulho-de-rr-assembleia-legislativa-reconhece-articulacao-da-qual-fe-e-alegria-faz-parte\/","title":{"rendered":"Orgulho de RR: Assembleia Legislativa reconhece articula\u00e7\u00e3o da qual F\u00e9 e Alegria faz parte"},"content":{"rendered":"<div class=\"wpb-content-wrapper\"><p>[vc_row][vc_column][vc_column_text css=&#8221;&#8221;]<span style=\"font-weight: 400;\"><img loading=\"lazy\" decoding=\"async\" class=\" wp-image-29356 alignleft\" src=\"https:\/\/d3pugrm67vf9n7.cloudfront.net\/wp-content\/uploads\/sites\/23\/2025\/09\/26075435\/Banner-Home-Orgulho-de-RR.png\" alt=\"\" width=\"516\" height=\"258\" srcset=\"https:\/\/d3pugrm67vf9n7.cloudfront.net\/wp-content\/uploads\/sites\/23\/2025\/09\/26075435\/Banner-Home-Orgulho-de-RR.png 1000w, https:\/\/d3pugrm67vf9n7.cloudfront.net\/wp-content\/uploads\/sites\/23\/2025\/09\/26075435\/Banner-Home-Orgulho-de-RR-300x150.png 300w, https:\/\/d3pugrm67vf9n7.cloudfront.net\/wp-content\/uploads\/sites\/23\/2025\/09\/26075435\/Banner-Home-Orgulho-de-RR-768x384.png 768w\" sizes=\"auto, (max-width: 516px) 100vw, 516px\" \/>A Articula\u00e7\u00e3o dos Servi\u00e7os Eclesiais aos Migrantes e Refugiados (Asemir), formada por organiza\u00e7\u00f5es que trabalham no apoio a migrantes e refugiados, foi homenageada com a comenda Orgulho de Roraima. F\u00e9 e Alegria esteve presente no evento, por meio do coordenador regional, Jos\u00e9 Alberto Romero Blanco, que recebeu o reconhecimento junto em nome da Asemir. A homenagem \u00e9 concedida pela Assembleia Legislativa de Roraima (ALE-RR) e personalidades e organiza\u00e7\u00f5es que contribuem de forma relevante para o desenvolvimento do Estado.<\/span><\/p>\n<p>&nbsp;<\/p>\n<p><span style=\"font-weight: 400;\">Al\u00e9m da Funda\u00e7\u00e3o F\u00e9 e Alegria do Brasil, integram a Asemir a C\u00e1ritas Diocesana, o Servi\u00e7o Pastoral dos Migrantes, o Servi\u00e7o Jesu\u00edta a Migrantes e Refugiados (SJMR), a Pastoral Universit\u00e1ria, o Grupo de Estudos Interdisciplinares de Fronteiras (GEIFRON\/UFRR), a Pastoral da Crian\u00e7a, as Irm\u00e3s Franciscanas Mission\u00e1rias da M\u00e3e do Divino Pastor (F.M.M.D.P.), o Instituto de Migra\u00e7\u00f5es e Direitos Humanos (IMDH) e os Irm\u00e3os Mission\u00e1rios da Consolata.<\/span>[\/vc_column_text][\/vc_column][\/vc_row]<\/p>\n<\/div>","protected":false},"excerpt":{"rendered":"<p>[vc_row][vc_column][vc_column_text css=&#8221;&#8221;]A Articula\u00e7\u00e3o dos Servi\u00e7os Eclesiais aos Migrantes e Refugiados (Asemir), formada por organiza\u00e7\u00f5es que trabalham no apoio a migrantes e refugiados, foi homenageada com a comenda Orgulho de Roraima. F\u00e9 e Alegria esteve presente no evento, por meio do coordenador regional, Jos\u00e9 Alberto Romero Blanco, que recebeu o reconhecimento junto em nome da Asemir.<\/p>\n","protected":false},"author":68,"featured_media":29356,"comment_status":"open","ping_status":"open","sticky":false,"template":"","format":"standard","meta":{"_acf_changed":false,"footnotes":""},"categories":[183,432],"tags":[1248,1246,408,1244,1242,1168,599],"post_folder":[],"class_list":["post-29355","post","type-post","status-publish","format-standard","has-post-thumbnail","hentry","category-noticias","category-noticias-pt","tag-articulacao","tag-asemir","tag-fe-e-alegria","tag-migrantes-e-refugiados","tag-orgulho-de-roraima","tag-reconhecimento","tag-roraima"],"acf":[],"yoast_head":"<!-- This site is optimized with the Yoast SEO plugin v27.4 - https:\/\/yoast.com\/product\/yoast-seo-wordpress\/ -->\n<title>Orgulho de RR: Assembleia Legislativa reconhece articula\u00e7\u00e3o da qual F\u00e9 e Alegria faz parte - #SomosF\u00e9eAlegria en Brasil<\/title>\n<meta name=\"robots\" content=\"index, follow, max-snippet:-1, max-image-preview:large, max-video-preview:-1\" \/>\n<link rel=\"canonical\" href=\"https:\/\/www.feyalegria.org\/brasil\/orgulho-de-rr-assembleia-legislativa-reconhece-articulacao-da-qual-fe-e-alegria-faz-parte\/\" \/>\n<meta property=\"og:locale\" content=\"es_ES\" \/>\n<meta property=\"og:type\" content=\"article\" \/>\n<meta property=\"og:title\" content=\"Orgulho de RR: Assembleia Legislativa reconhece articula\u00e7\u00e3o da qual F\u00e9 e Alegria faz parte - #SomosF\u00e9eAlegria en Brasil\" \/>\n<meta property=\"og:description\" content=\"[vc_row][vc_column][vc_column_text css=&#8221;&#8221;]A Articula\u00e7\u00e3o dos Servi\u00e7os Eclesiais aos Migrantes e Refugiados (Asemir), formada por organiza\u00e7\u00f5es que trabalham no apoio a migrantes e refugiados, foi homenageada com a comenda Orgulho de Roraima. F\u00e9 e Alegria esteve presente no evento, por meio do coordenador regional, Jos\u00e9 Alberto Romero Blanco, que recebeu o reconhecimento junto em nome da Asemir.\" \/>\n<meta property=\"og:url\" content=\"https:\/\/www.feyalegria.org\/brasil\/orgulho-de-rr-assembleia-legislativa-reconhece-articulacao-da-qual-fe-e-alegria-faz-parte\/\" \/>\n<meta property=\"og:site_name\" content=\"#SomosF\u00e9eAlegria en Brasil\" \/>\n<meta property=\"article:published_time\" content=\"2025-09-26T10:55:56+00:00\" \/>\n<meta property=\"article:modified_time\" content=\"2025-09-26T16:42:44+00:00\" \/>\n<meta property=\"og:image\" content=\"https:\/\/d3pugrm67vf9n7.cloudfront.net\/wp-content\/uploads\/sites\/23\/2025\/09\/26075435\/Banner-Home-Orgulho-de-RR.png\" \/>\n\t<meta property=\"og:image:width\" content=\"1000\" \/>\n\t<meta property=\"og:image:height\" content=\"500\" \/>\n\t<meta property=\"og:image:type\" content=\"image\/png\" \/>\n<meta name=\"author\" content=\"Laura Meurer\" \/>\n<meta name=\"twitter:card\" content=\"summary_large_image\" \/>\n<meta name=\"twitter:label1\" content=\"Escrito por\" \/>\n\t<meta name=\"twitter:data1\" content=\"Laura Meurer\" \/>\n\t<meta name=\"twitter:label2\" content=\"Tiempo de lectura\" \/>\n\t<meta name=\"twitter:data2\" content=\"2 minutos\" \/>\n<script type=\"application\/ld+json\" class=\"yoast-schema-graph\">{\"@context\":\"https:\\\/\\\/schema.org\",\"@graph\":[{\"@type\":\"Article\",\"@id\":\"https:\\\/\\\/www.feyalegria.org\\\/brasil\\\/orgulho-de-rr-assembleia-legislativa-reconhece-articulacao-da-qual-fe-e-alegria-faz-parte\\\/#article\",\"isPartOf\":{\"@id\":\"https:\\\/\\\/www.feyalegria.org\\\/brasil\\\/orgulho-de-rr-assembleia-legislativa-reconhece-articulacao-da-qual-fe-e-alegria-faz-parte\\\/\"},\"author\":{\"name\":\"Laura Meurer\",\"@id\":\"https:\\\/\\\/www.feyalegria.org\\\/brasil\\\/#\\\/schema\\\/person\\\/f2c58927c54060575b9e7c44d31d16e9\"},\"headline\":\"Orgulho de RR: Assembleia Legislativa reconhece articula\u00e7\u00e3o da qual F\u00e9 e Alegria faz parte\",\"datePublished\":\"2025-09-26T10:55:56+00:00\",\"dateModified\":\"2025-09-26T16:42:44+00:00\",\"mainEntityOfPage\":{\"@id\":\"https:\\\/\\\/www.feyalegria.org\\\/brasil\\\/orgulho-de-rr-assembleia-legislativa-reconhece-articulacao-da-qual-fe-e-alegria-faz-parte\\\/\"},\"wordCount\":197,\"commentCount\":0,\"image\":{\"@id\":\"https:\\\/\\\/www.feyalegria.org\\\/brasil\\\/orgulho-de-rr-assembleia-legislativa-reconhece-articulacao-da-qual-fe-e-alegria-faz-parte\\\/#primaryimage\"},\"thumbnailUrl\":\"https:\\\/\\\/d3pugrm67vf9n7.cloudfront.net\\\/wp-content\\\/uploads\\\/sites\\\/23\\\/2025\\\/09\\\/26075435\\\/Banner-Home-Orgulho-de-RR.png\",\"keywords\":[\"Articula\u00e7\u00e3o\",\"Asemir\",\"F\u00e9 e Alegria\",\"Migrantes e refugiados\",\"Orgulho de Roraima\",\"Reconhecimento\",\"Roraima\"],\"articleSection\":[\"Noticias\",\"Noticias\"],\"inLanguage\":\"es-CO\",\"potentialAction\":[{\"@type\":\"CommentAction\",\"name\":\"Comment\",\"target\":[\"https:\\\/\\\/www.feyalegria.org\\\/brasil\\\/orgulho-de-rr-assembleia-legislativa-reconhece-articulacao-da-qual-fe-e-alegria-faz-parte\\\/#respond\"]}]},{\"@type\":\"WebPage\",\"@id\":\"https:\\\/\\\/www.feyalegria.org\\\/brasil\\\/orgulho-de-rr-assembleia-legislativa-reconhece-articulacao-da-qual-fe-e-alegria-faz-parte\\\/\",\"url\":\"https:\\\/\\\/www.feyalegria.org\\\/brasil\\\/orgulho-de-rr-assembleia-legislativa-reconhece-articulacao-da-qual-fe-e-alegria-faz-parte\\\/\",\"name\":\"Orgulho de RR: Assembleia Legislativa reconhece articula\u00e7\u00e3o da qual F\u00e9 e Alegria faz parte - #SomosF\u00e9eAlegria en Brasil\",\"isPartOf\":{\"@id\":\"https:\\\/\\\/www.feyalegria.org\\\/brasil\\\/#website\"},\"primaryImageOfPage\":{\"@id\":\"https:\\\/\\\/www.feyalegria.org\\\/brasil\\\/orgulho-de-rr-assembleia-legislativa-reconhece-articulacao-da-qual-fe-e-alegria-faz-parte\\\/#primaryimage\"},\"image\":{\"@id\":\"https:\\\/\\\/www.feyalegria.org\\\/brasil\\\/orgulho-de-rr-assembleia-legislativa-reconhece-articulacao-da-qual-fe-e-alegria-faz-parte\\\/#primaryimage\"},\"thumbnailUrl\":\"https:\\\/\\\/d3pugrm67vf9n7.cloudfront.net\\\/wp-content\\\/uploads\\\/sites\\\/23\\\/2025\\\/09\\\/26075435\\\/Banner-Home-Orgulho-de-RR.png\",\"datePublished\":\"2025-09-26T10:55:56+00:00\",\"dateModified\":\"2025-09-26T16:42:44+00:00\",\"author\":{\"@id\":\"https:\\\/\\\/www.feyalegria.org\\\/brasil\\\/#\\\/schema\\\/person\\\/f2c58927c54060575b9e7c44d31d16e9\"},\"inLanguage\":\"es-CO\",\"potentialAction\":[{\"@type\":\"ReadAction\",\"target\":[\"https:\\\/\\\/www.feyalegria.org\\\/brasil\\\/orgulho-de-rr-assembleia-legislativa-reconhece-articulacao-da-qual-fe-e-alegria-faz-parte\\\/\"]}]},{\"@type\":\"ImageObject\",\"inLanguage\":\"es-CO\",\"@id\":\"https:\\\/\\\/www.feyalegria.org\\\/brasil\\\/orgulho-de-rr-assembleia-legislativa-reconhece-articulacao-da-qual-fe-e-alegria-faz-parte\\\/#primaryimage\",\"url\":\"https:\\\/\\\/d3pugrm67vf9n7.cloudfront.net\\\/wp-content\\\/uploads\\\/sites\\\/23\\\/2025\\\/09\\\/26075435\\\/Banner-Home-Orgulho-de-RR.png\",\"contentUrl\":\"https:\\\/\\\/d3pugrm67vf9n7.cloudfront.net\\\/wp-content\\\/uploads\\\/sites\\\/23\\\/2025\\\/09\\\/26075435\\\/Banner-Home-Orgulho-de-RR.png\",\"width\":1000,\"height\":500},{\"@type\":\"WebSite\",\"@id\":\"https:\\\/\\\/www.feyalegria.org\\\/brasil\\\/#website\",\"url\":\"https:\\\/\\\/www.feyalegria.org\\\/brasil\\\/\",\"name\":\"#SomosF\u00e9eAlegria en Brasil\",\"description\":\"\",\"potentialAction\":[{\"@type\":\"SearchAction\",\"target\":{\"@type\":\"EntryPoint\",\"urlTemplate\":\"https:\\\/\\\/www.feyalegria.org\\\/brasil\\\/?s={search_term_string}\"},\"query-input\":{\"@type\":\"PropertyValueSpecification\",\"valueRequired\":true,\"valueName\":\"search_term_string\"}}],\"inLanguage\":\"es-CO\"},{\"@type\":\"Person\",\"@id\":\"https:\\\/\\\/www.feyalegria.org\\\/brasil\\\/#\\\/schema\\\/person\\\/f2c58927c54060575b9e7c44d31d16e9\",\"name\":\"Laura Meurer\",\"url\":\"https:\\\/\\\/www.feyalegria.org\\\/brasil\\\/author\\\/adminbr02\\\/\"}]}<\/script>\n<!-- \/ Yoast SEO plugin. -->","yoast_head_json":{"title":"Orgulho de RR: Assembleia Legislativa reconhece articula\u00e7\u00e3o da qual F\u00e9 e Alegria faz parte - #SomosF\u00e9eAlegria en Brasil","robots":{"index":"index","follow":"follow","max-snippet":"max-snippet:-1","max-image-preview":"max-image-preview:large","max-video-preview":"max-video-preview:-1"},"canonical":"https:\/\/www.feyalegria.org\/brasil\/orgulho-de-rr-assembleia-legislativa-reconhece-articulacao-da-qual-fe-e-alegria-faz-parte\/","og_locale":"es_ES","og_type":"article","og_title":"Orgulho de RR: Assembleia Legislativa reconhece articula\u00e7\u00e3o da qual F\u00e9 e Alegria faz parte - #SomosF\u00e9eAlegria en Brasil","og_description":"[vc_row][vc_column][vc_column_text css=&#8221;&#8221;]A Articula\u00e7\u00e3o dos Servi\u00e7os Eclesiais aos Migrantes e Refugiados (Asemir), formada por organiza\u00e7\u00f5es que trabalham no apoio a migrantes e refugiados, foi homenageada com a comenda Orgulho de Roraima. F\u00e9 e Alegria esteve presente no evento, por meio do coordenador regional, Jos\u00e9 Alberto Romero Blanco, que recebeu o reconhecimento junto em nome da Asemir.","og_url":"https:\/\/www.feyalegria.org\/brasil\/orgulho-de-rr-assembleia-legislativa-reconhece-articulacao-da-qual-fe-e-alegria-faz-parte\/","og_site_name":"#SomosF\u00e9eAlegria en Brasil","article_published_time":"2025-09-26T10:55:56+00:00","article_modified_time":"2025-09-26T16:42:44+00:00","og_image":[{"width":1000,"height":500,"url":"https:\/\/d3pugrm67vf9n7.cloudfront.net\/wp-content\/uploads\/sites\/23\/2025\/09\/26075435\/Banner-Home-Orgulho-de-RR.png","type":"image\/png"}],"author":"Laura Meurer","twitter_card":"summary_large_image","twitter_misc":{"Escrito por":"Laura Meurer","Tiempo de lectura":"2 minutos"},"schema":{"@context":"https:\/\/schema.org","@graph":[{"@type":"Article","@id":"https:\/\/www.feyalegria.org\/brasil\/orgulho-de-rr-assembleia-legislativa-reconhece-articulacao-da-qual-fe-e-alegria-faz-parte\/#article","isPartOf":{"@id":"https:\/\/www.feyalegria.org\/brasil\/orgulho-de-rr-assembleia-legislativa-reconhece-articulacao-da-qual-fe-e-alegria-faz-parte\/"},"author":{"name":"Laura Meurer","@id":"https:\/\/www.feyalegria.org\/brasil\/#\/schema\/person\/f2c58927c54060575b9e7c44d31d16e9"},"headline":"Orgulho de RR: Assembleia Legislativa reconhece articula\u00e7\u00e3o da qual F\u00e9 e Alegria faz parte","datePublished":"2025-09-26T10:55:56+00:00","dateModified":"2025-09-26T16:42:44+00:00","mainEntityOfPage":{"@id":"https:\/\/www.feyalegria.org\/brasil\/orgulho-de-rr-assembleia-legislativa-reconhece-articulacao-da-qual-fe-e-alegria-faz-parte\/"},"wordCount":197,"commentCount":0,"image":{"@id":"https:\/\/www.feyalegria.org\/brasil\/orgulho-de-rr-assembleia-legislativa-reconhece-articulacao-da-qual-fe-e-alegria-faz-parte\/#primaryimage"},"thumbnailUrl":"https:\/\/d3pugrm67vf9n7.cloudfront.net\/wp-content\/uploads\/sites\/23\/2025\/09\/26075435\/Banner-Home-Orgulho-de-RR.png","keywords":["Articula\u00e7\u00e3o","Asemir","F\u00e9 e Alegria","Migrantes e refugiados","Orgulho de Roraima","Reconhecimento","Roraima"],"articleSection":["Noticias","Noticias"],"inLanguage":"es-CO","potentialAction":[{"@type":"CommentAction","name":"Comment","target":["https:\/\/www.feyalegria.org\/brasil\/orgulho-de-rr-assembleia-legislativa-reconhece-articulacao-da-qual-fe-e-alegria-faz-parte\/#respond"]}]},{"@type":"WebPage","@id":"https:\/\/www.feyalegria.org\/brasil\/orgulho-de-rr-assembleia-legislativa-reconhece-articulacao-da-qual-fe-e-alegria-faz-parte\/","url":"https:\/\/www.feyalegria.org\/brasil\/orgulho-de-rr-assembleia-legislativa-reconhece-articulacao-da-qual-fe-e-alegria-faz-parte\/","name":"Orgulho de RR: Assembleia Legislativa reconhece articula\u00e7\u00e3o da qual F\u00e9 e Alegria faz parte - #SomosF\u00e9eAlegria en Brasil","isPartOf":{"@id":"https:\/\/www.feyalegria.org\/brasil\/#website"},"primaryImageOfPage":{"@id":"https:\/\/www.feyalegria.org\/brasil\/orgulho-de-rr-assembleia-legislativa-reconhece-articulacao-da-qual-fe-e-alegria-faz-parte\/#primaryimage"},"image":{"@id":"https:\/\/www.feyalegria.org\/brasil\/orgulho-de-rr-assembleia-legislativa-reconhece-articulacao-da-qual-fe-e-alegria-faz-parte\/#primaryimage"},"thumbnailUrl":"https:\/\/d3pugrm67vf9n7.cloudfront.net\/wp-content\/uploads\/sites\/23\/2025\/09\/26075435\/Banner-Home-Orgulho-de-RR.png","datePublished":"2025-09-26T10:55:56+00:00","dateModified":"2025-09-26T16:42:44+00:00","author":{"@id":"https:\/\/www.feyalegria.org\/brasil\/#\/schema\/person\/f2c58927c54060575b9e7c44d31d16e9"},"inLanguage":"es-CO","potentialAction":[{"@type":"ReadAction","target":["https:\/\/www.feyalegria.org\/brasil\/orgulho-de-rr-assembleia-legislativa-reconhece-articulacao-da-qual-fe-e-alegria-faz-parte\/"]}]},{"@type":"ImageObject","inLanguage":"es-CO","@id":"https:\/\/www.feyalegria.org\/brasil\/orgulho-de-rr-assembleia-legislativa-reconhece-articulacao-da-qual-fe-e-alegria-faz-parte\/#primaryimage","url":"https:\/\/d3pugrm67vf9n7.cloudfront.net\/wp-content\/uploads\/sites\/23\/2025\/09\/26075435\/Banner-Home-Orgulho-de-RR.png","contentUrl":"https:\/\/d3pugrm67vf9n7.cloudfront.net\/wp-content\/uploads\/sites\/23\/2025\/09\/26075435\/Banner-Home-Orgulho-de-RR.png","width":1000,"height":500},{"@type":"WebSite","@id":"https:\/\/www.feyalegria.org\/brasil\/#website","url":"https:\/\/www.feyalegria.org\/brasil\/","name":"#SomosF\u00e9eAlegria en Brasil","description":"","potentialAction":[{"@type":"SearchAction","target":{"@type":"EntryPoint","urlTemplate":"https:\/\/www.feyalegria.org\/brasil\/?s={search_term_string}"},"query-input":{"@type":"PropertyValueSpecification","valueRequired":true,"valueName":"search_term_string"}}],"inLanguage":"es-CO"},{"@type":"Person","@id":"https:\/\/www.feyalegria.org\/brasil\/#\/schema\/person\/f2c58927c54060575b9e7c44d31d16e9","name":"Laura Meurer","url":"https:\/\/www.feyalegria.org\/brasil\/author\/adminbr02\/"}]}},"_links":{"self":[{"href":"https:\/\/www.feyalegria.org\/brasil\/wp-json\/wp\/v2\/posts\/29355","targetHints":{"allow":["GET"]}}],"collection":[{"href":"https:\/\/www.feyalegria.org\/brasil\/wp-json\/wp\/v2\/posts"}],"about":[{"href":"https:\/\/www.feyalegria.org\/brasil\/wp-json\/wp\/v2\/types\/post"}],"author":[{"embeddable":true,"href":"https:\/\/www.feyalegria.org\/brasil\/wp-json\/wp\/v2\/users\/68"}],"replies":[{"embeddable":true,"href":"https:\/\/www.feyalegria.org\/brasil\/wp-json\/wp\/v2\/comments?post=29355"}],"version-history":[{"count":3,"href":"https:\/\/www.feyalegria.org\/brasil\/wp-json\/wp\/v2\/posts\/29355\/revisions"}],"predecessor-version":[{"id":29362,"href":"https:\/\/www.feyalegria.org\/brasil\/wp-json\/wp\/v2\/posts\/29355\/revisions\/29362"}],"wp:featuredmedia":[{"embeddable":true,"href":"https:\/\/www.feyalegria.org\/brasil\/wp-json\/wp\/v2\/media\/29356"}],"wp:attachment":[{"href":"https:\/\/www.feyalegria.org\/brasil\/wp-json\/wp\/v2\/media?parent=29355"}],"wp:term":[{"taxonomy":"category","embeddable":true,"href":"https:\/\/www.feyalegria.org\/brasil\/wp-json\/wp\/v2\/categories?post=29355"},{"taxonomy":"post_tag","embeddable":true,"href":"https:\/\/www.feyalegria.org\/brasil\/wp-json\/wp\/v2\/tags?post=29355"},{"taxonomy":"post_folder","embeddable":true,"href":"https:\/\/www.feyalegria.org\/brasil\/wp-json\/wp\/v2\/post_folder?post=29355"}],"curies":[{"name":"wp","href":"https:\/\/api.w.org\/{rel}","templated":true}]}}