 {"id":29359,"date":"2025-09-26T09:05:08","date_gmt":"2025-09-26T12:05:08","guid":{"rendered":"https:\/\/www.feyalegria.org\/brasil\/?p=29359"},"modified":"2025-09-26T13:48:04","modified_gmt":"2025-09-26T16:48:04","slug":"agosto-lilas-movimenta-fe-e-alegria-por-todo-o-pais","status":"publish","type":"post","link":"https:\/\/www.feyalegria.org\/brasil\/agosto-lilas-movimenta-fe-e-alegria-por-todo-o-pais\/","title":{"rendered":"Agosto Lil\u00e1s movimenta F\u00e9 e Alegria por todo o pa\u00eds"},"content":{"rendered":"<div class=\"wpb-content-wrapper\"><p>[vc_row][vc_column][vc_column_text css=&#8221;&#8221;]<img loading=\"lazy\" decoding=\"async\" class=\"wp-image-29360 alignright\" src=\"https:\/\/d3pugrm67vf9n7.cloudfront.net\/wp-content\/uploads\/sites\/23\/2025\/09\/26090227\/Banner-Home-Agosto-Lilas.png\" alt=\"\" width=\"598\" height=\"299\" srcset=\"https:\/\/d3pugrm67vf9n7.cloudfront.net\/wp-content\/uploads\/sites\/23\/2025\/09\/26090227\/Banner-Home-Agosto-Lilas.png 1000w, https:\/\/d3pugrm67vf9n7.cloudfront.net\/wp-content\/uploads\/sites\/23\/2025\/09\/26090227\/Banner-Home-Agosto-Lilas-300x150.png 300w, https:\/\/d3pugrm67vf9n7.cloudfront.net\/wp-content\/uploads\/sites\/23\/2025\/09\/26090227\/Banner-Home-Agosto-Lilas-768x384.png 768w\" sizes=\"auto, (max-width: 598px) 100vw, 598px\" \/>O m\u00eas de agosto \u00e9 marcado pela campanha\u00a0<strong>Agosto Lil\u00e1s<\/strong>, uma mobiliza\u00e7\u00e3o nacional de conscientiza\u00e7\u00e3o pelo fim da viol\u00eancia contra a mulher. A data foi criada em refer\u00eancia \u00e0\u00a0<strong>Lei Maria da Penha<\/strong>, sancionada em agosto de 2006, e tem como objetivo informar, sensibilizar e engajar a sociedade na preven\u00e7\u00e3o e no enfrentamento de todas as formas de viol\u00eancia de g\u00eanero.<\/p>\n<p>&nbsp;<\/p>\n<p>Em sintonia com esse prop\u00f3sito, os centros de F\u00e9 e Alegria em todo o pa\u00eds realizaram, ao longo do m\u00eas, diversas\u00a0<strong>a\u00e7\u00f5es educativas e de sensibiliza\u00e7\u00e3o<\/strong>, envolvendo\u00a0<strong>educandos, fam\u00edlias e comunidades<\/strong>. As atividades inclu\u00edram rodas de conversa, oficinas, produ\u00e7\u00f5es art\u00edsticas, debates e campanhas informativas, promovendo espa\u00e7os de escuta, acolhimento e reflex\u00e3o sobre os direitos das mulheres e a import\u00e2ncia de rela\u00e7\u00f5es baseadas no respeito e na equidade.<\/p>\n<p>&nbsp;<\/p>\n<p>Essas iniciativas refor\u00e7am o compromisso de F\u00e9 e Alegria com a\u00a0<strong>educa\u00e7\u00e3o integral e transformadora<\/strong>, que reconhece a dignidade de cada pessoa e atua na constru\u00e7\u00e3o de uma sociedade mais justa e livre de viol\u00eancia.<\/p>\n<p>&nbsp;<\/p>\n<p><strong>Confira a galeria de imagens<\/strong>\u00a0e veja como nossos centros se mobilizaram durante o Agosto Lil\u00e1s![\/vc_column_text][\/vc_column][\/vc_row][vc_row][vc_column][vc_images_carousel images=&#8221;29364,29365,29366,29367,29368,29369,29370,29371,29372,29373&#8243; img_size=&#8221;large&#8221; css=&#8221;&#8221;][\/vc_column][\/vc_row]<\/p>\n<\/div>","protected":false},"excerpt":{"rendered":"<p>[vc_row][vc_column][vc_column_text css=&#8221;&#8221;]O m\u00eas de agosto \u00e9 marcado pela campanha\u00a0Agosto Lil\u00e1s, uma mobiliza\u00e7\u00e3o nacional de conscientiza\u00e7\u00e3o pelo fim da viol\u00eancia contra a mulher. A data foi criada em refer\u00eancia \u00e0\u00a0Lei Maria da Penha, sancionada em agosto de 2006, e tem como objetivo informar, sensibilizar e engajar a sociedade na preven\u00e7\u00e3o e no enfrentamento de todas as<\/p>\n","protected":false},"author":68,"featured_media":29360,"comment_status":"open","ping_status":"open","sticky":false,"template":"","format":"standard","meta":{"_acf_changed":false,"footnotes":""},"categories":[183,432],"tags":[888,890,1250,1000],"post_folder":[],"class_list":["post-29359","post","type-post","status-publish","format-standard","has-post-thumbnail","hentry","category-noticias","category-noticias-pt","tag-agosto-lilas","tag-cultura-de-paz","tag-direito-da-mulher","tag-igualdade-de-genero"],"acf":[],"yoast_head":"<!-- This site is optimized with the Yoast SEO plugin v27.5 - https:\/\/yoast.com\/product\/yoast-seo-wordpress\/ -->\n<title>Agosto Lil\u00e1s movimenta F\u00e9 e Alegria por todo o pa\u00eds - #SomosF\u00e9eAlegria en Brasil<\/title>\n<meta name=\"robots\" content=\"index, follow, max-snippet:-1, max-image-preview:large, max-video-preview:-1\" \/>\n<link rel=\"canonical\" href=\"https:\/\/www.feyalegria.org\/brasil\/agosto-lilas-movimenta-fe-e-alegria-por-todo-o-pais\/\" \/>\n<meta property=\"og:locale\" content=\"es_ES\" \/>\n<meta property=\"og:type\" content=\"article\" \/>\n<meta property=\"og:title\" content=\"Agosto Lil\u00e1s movimenta F\u00e9 e Alegria por todo o pa\u00eds - #SomosF\u00e9eAlegria en Brasil\" \/>\n<meta property=\"og:description\" content=\"[vc_row][vc_column][vc_column_text css=&#8221;&#8221;]O m\u00eas de agosto \u00e9 marcado pela campanha\u00a0Agosto Lil\u00e1s, uma mobiliza\u00e7\u00e3o nacional de conscientiza\u00e7\u00e3o pelo fim da viol\u00eancia contra a mulher. A data foi criada em refer\u00eancia \u00e0\u00a0Lei Maria da Penha, sancionada em agosto de 2006, e tem como objetivo informar, sensibilizar e engajar a sociedade na preven\u00e7\u00e3o e no enfrentamento de todas as\" \/>\n<meta property=\"og:url\" content=\"https:\/\/www.feyalegria.org\/brasil\/agosto-lilas-movimenta-fe-e-alegria-por-todo-o-pais\/\" \/>\n<meta property=\"og:site_name\" content=\"#SomosF\u00e9eAlegria en Brasil\" \/>\n<meta property=\"article:published_time\" content=\"2025-09-26T12:05:08+00:00\" \/>\n<meta property=\"article:modified_time\" content=\"2025-09-26T16:48:04+00:00\" \/>\n<meta property=\"og:image\" content=\"https:\/\/d3pugrm67vf9n7.cloudfront.net\/wp-content\/uploads\/sites\/23\/2025\/09\/26090227\/Banner-Home-Agosto-Lilas.png\" \/>\n\t<meta property=\"og:image:width\" content=\"1000\" \/>\n\t<meta property=\"og:image:height\" content=\"500\" \/>\n\t<meta property=\"og:image:type\" content=\"image\/png\" \/>\n<meta name=\"author\" content=\"Laura Meurer\" \/>\n<meta name=\"twitter:card\" content=\"summary_large_image\" \/>\n<meta name=\"twitter:label1\" content=\"Escrito por\" \/>\n\t<meta name=\"twitter:data1\" content=\"Laura Meurer\" \/>\n\t<meta name=\"twitter:label2\" content=\"Tiempo de lectura\" \/>\n\t<meta name=\"twitter:data2\" content=\"4 minutos\" \/>\n<script type=\"application\/ld+json\" class=\"yoast-schema-graph\">{\"@context\":\"https:\\\/\\\/schema.org\",\"@graph\":[{\"@type\":\"Article\",\"@id\":\"https:\\\/\\\/www.feyalegria.org\\\/brasil\\\/agosto-lilas-movimenta-fe-e-alegria-por-todo-o-pais\\\/#article\",\"isPartOf\":{\"@id\":\"https:\\\/\\\/www.feyalegria.org\\\/brasil\\\/agosto-lilas-movimenta-fe-e-alegria-por-todo-o-pais\\\/\"},\"author\":{\"name\":\"Laura Meurer\",\"@id\":\"https:\\\/\\\/www.feyalegria.org\\\/brasil\\\/#\\\/schema\\\/person\\\/f2c58927c54060575b9e7c44d31d16e9\"},\"headline\":\"Agosto Lil\u00e1s movimenta F\u00e9 e Alegria por todo o pa\u00eds\",\"datePublished\":\"2025-09-26T12:05:08+00:00\",\"dateModified\":\"2025-09-26T16:48:04+00:00\",\"mainEntityOfPage\":{\"@id\":\"https:\\\/\\\/www.feyalegria.org\\\/brasil\\\/agosto-lilas-movimenta-fe-e-alegria-por-todo-o-pais\\\/\"},\"wordCount\":249,\"commentCount\":0,\"image\":{\"@id\":\"https:\\\/\\\/www.feyalegria.org\\\/brasil\\\/agosto-lilas-movimenta-fe-e-alegria-por-todo-o-pais\\\/#primaryimage\"},\"thumbnailUrl\":\"https:\\\/\\\/d3pugrm67vf9n7.cloudfront.net\\\/wp-content\\\/uploads\\\/sites\\\/23\\\/2025\\\/09\\\/26090227\\\/Banner-Home-Agosto-Lilas.png\",\"keywords\":[\"Agosto Lil\u00e1s\",\"Cultura de Paz\",\"Direito da Mulher\",\"Igualdade de gen\u00earo\"],\"articleSection\":[\"Noticias\",\"Noticias\"],\"inLanguage\":\"es-CO\",\"potentialAction\":[{\"@type\":\"CommentAction\",\"name\":\"Comment\",\"target\":[\"https:\\\/\\\/www.feyalegria.org\\\/brasil\\\/agosto-lilas-movimenta-fe-e-alegria-por-todo-o-pais\\\/#respond\"]}]},{\"@type\":\"WebPage\",\"@id\":\"https:\\\/\\\/www.feyalegria.org\\\/brasil\\\/agosto-lilas-movimenta-fe-e-alegria-por-todo-o-pais\\\/\",\"url\":\"https:\\\/\\\/www.feyalegria.org\\\/brasil\\\/agosto-lilas-movimenta-fe-e-alegria-por-todo-o-pais\\\/\",\"name\":\"Agosto Lil\u00e1s movimenta F\u00e9 e Alegria por todo o pa\u00eds - #SomosF\u00e9eAlegria en Brasil\",\"isPartOf\":{\"@id\":\"https:\\\/\\\/www.feyalegria.org\\\/brasil\\\/#website\"},\"primaryImageOfPage\":{\"@id\":\"https:\\\/\\\/www.feyalegria.org\\\/brasil\\\/agosto-lilas-movimenta-fe-e-alegria-por-todo-o-pais\\\/#primaryimage\"},\"image\":{\"@id\":\"https:\\\/\\\/www.feyalegria.org\\\/brasil\\\/agosto-lilas-movimenta-fe-e-alegria-por-todo-o-pais\\\/#primaryimage\"},\"thumbnailUrl\":\"https:\\\/\\\/d3pugrm67vf9n7.cloudfront.net\\\/wp-content\\\/uploads\\\/sites\\\/23\\\/2025\\\/09\\\/26090227\\\/Banner-Home-Agosto-Lilas.png\",\"datePublished\":\"2025-09-26T12:05:08+00:00\",\"dateModified\":\"2025-09-26T16:48:04+00:00\",\"author\":{\"@id\":\"https:\\\/\\\/www.feyalegria.org\\\/brasil\\\/#\\\/schema\\\/person\\\/f2c58927c54060575b9e7c44d31d16e9\"},\"inLanguage\":\"es-CO\",\"potentialAction\":[{\"@type\":\"ReadAction\",\"target\":[\"https:\\\/\\\/www.feyalegria.org\\\/brasil\\\/agosto-lilas-movimenta-fe-e-alegria-por-todo-o-pais\\\/\"]}]},{\"@type\":\"ImageObject\",\"inLanguage\":\"es-CO\",\"@id\":\"https:\\\/\\\/www.feyalegria.org\\\/brasil\\\/agosto-lilas-movimenta-fe-e-alegria-por-todo-o-pais\\\/#primaryimage\",\"url\":\"https:\\\/\\\/d3pugrm67vf9n7.cloudfront.net\\\/wp-content\\\/uploads\\\/sites\\\/23\\\/2025\\\/09\\\/26090227\\\/Banner-Home-Agosto-Lilas.png\",\"contentUrl\":\"https:\\\/\\\/d3pugrm67vf9n7.cloudfront.net\\\/wp-content\\\/uploads\\\/sites\\\/23\\\/2025\\\/09\\\/26090227\\\/Banner-Home-Agosto-Lilas.png\",\"width\":1000,\"height\":500},{\"@type\":\"WebSite\",\"@id\":\"https:\\\/\\\/www.feyalegria.org\\\/brasil\\\/#website\",\"url\":\"https:\\\/\\\/www.feyalegria.org\\\/brasil\\\/\",\"name\":\"#SomosF\u00e9eAlegria en Brasil\",\"description\":\"\",\"potentialAction\":[{\"@type\":\"SearchAction\",\"target\":{\"@type\":\"EntryPoint\",\"urlTemplate\":\"https:\\\/\\\/www.feyalegria.org\\\/brasil\\\/?s={search_term_string}\"},\"query-input\":{\"@type\":\"PropertyValueSpecification\",\"valueRequired\":true,\"valueName\":\"search_term_string\"}}],\"inLanguage\":\"es-CO\"},{\"@type\":\"Person\",\"@id\":\"https:\\\/\\\/www.feyalegria.org\\\/brasil\\\/#\\\/schema\\\/person\\\/f2c58927c54060575b9e7c44d31d16e9\",\"name\":\"Laura Meurer\",\"url\":\"https:\\\/\\\/www.feyalegria.org\\\/brasil\\\/author\\\/adminbr02\\\/\"}]}<\/script>\n<!-- \/ Yoast SEO plugin. -->","yoast_head_json":{"title":"Agosto Lil\u00e1s movimenta F\u00e9 e Alegria por todo o pa\u00eds - #SomosF\u00e9eAlegria en Brasil","robots":{"index":"index","follow":"follow","max-snippet":"max-snippet:-1","max-image-preview":"max-image-preview:large","max-video-preview":"max-video-preview:-1"},"canonical":"https:\/\/www.feyalegria.org\/brasil\/agosto-lilas-movimenta-fe-e-alegria-por-todo-o-pais\/","og_locale":"es_ES","og_type":"article","og_title":"Agosto Lil\u00e1s movimenta F\u00e9 e Alegria por todo o pa\u00eds - #SomosF\u00e9eAlegria en Brasil","og_description":"[vc_row][vc_column][vc_column_text css=&#8221;&#8221;]O m\u00eas de agosto \u00e9 marcado pela campanha\u00a0Agosto Lil\u00e1s, uma mobiliza\u00e7\u00e3o nacional de conscientiza\u00e7\u00e3o pelo fim da viol\u00eancia contra a mulher. A data foi criada em refer\u00eancia \u00e0\u00a0Lei Maria da Penha, sancionada em agosto de 2006, e tem como objetivo informar, sensibilizar e engajar a sociedade na preven\u00e7\u00e3o e no enfrentamento de todas as","og_url":"https:\/\/www.feyalegria.org\/brasil\/agosto-lilas-movimenta-fe-e-alegria-por-todo-o-pais\/","og_site_name":"#SomosF\u00e9eAlegria en Brasil","article_published_time":"2025-09-26T12:05:08+00:00","article_modified_time":"2025-09-26T16:48:04+00:00","og_image":[{"width":1000,"height":500,"url":"https:\/\/d3pugrm67vf9n7.cloudfront.net\/wp-content\/uploads\/sites\/23\/2025\/09\/26090227\/Banner-Home-Agosto-Lilas.png","type":"image\/png"}],"author":"Laura Meurer","twitter_card":"summary_large_image","twitter_misc":{"Escrito por":"Laura Meurer","Tiempo de lectura":"4 minutos"},"schema":{"@context":"https:\/\/schema.org","@graph":[{"@type":"Article","@id":"https:\/\/www.feyalegria.org\/brasil\/agosto-lilas-movimenta-fe-e-alegria-por-todo-o-pais\/#article","isPartOf":{"@id":"https:\/\/www.feyalegria.org\/brasil\/agosto-lilas-movimenta-fe-e-alegria-por-todo-o-pais\/"},"author":{"name":"Laura Meurer","@id":"https:\/\/www.feyalegria.org\/brasil\/#\/schema\/person\/f2c58927c54060575b9e7c44d31d16e9"},"headline":"Agosto Lil\u00e1s movimenta F\u00e9 e Alegria por todo o pa\u00eds","datePublished":"2025-09-26T12:05:08+00:00","dateModified":"2025-09-26T16:48:04+00:00","mainEntityOfPage":{"@id":"https:\/\/www.feyalegria.org\/brasil\/agosto-lilas-movimenta-fe-e-alegria-por-todo-o-pais\/"},"wordCount":249,"commentCount":0,"image":{"@id":"https:\/\/www.feyalegria.org\/brasil\/agosto-lilas-movimenta-fe-e-alegria-por-todo-o-pais\/#primaryimage"},"thumbnailUrl":"https:\/\/d3pugrm67vf9n7.cloudfront.net\/wp-content\/uploads\/sites\/23\/2025\/09\/26090227\/Banner-Home-Agosto-Lilas.png","keywords":["Agosto Lil\u00e1s","Cultura de Paz","Direito da Mulher","Igualdade de gen\u00earo"],"articleSection":["Noticias","Noticias"],"inLanguage":"es-CO","potentialAction":[{"@type":"CommentAction","name":"Comment","target":["https:\/\/www.feyalegria.org\/brasil\/agosto-lilas-movimenta-fe-e-alegria-por-todo-o-pais\/#respond"]}]},{"@type":"WebPage","@id":"https:\/\/www.feyalegria.org\/brasil\/agosto-lilas-movimenta-fe-e-alegria-por-todo-o-pais\/","url":"https:\/\/www.feyalegria.org\/brasil\/agosto-lilas-movimenta-fe-e-alegria-por-todo-o-pais\/","name":"Agosto Lil\u00e1s movimenta F\u00e9 e Alegria por todo o pa\u00eds - #SomosF\u00e9eAlegria en Brasil","isPartOf":{"@id":"https:\/\/www.feyalegria.org\/brasil\/#website"},"primaryImageOfPage":{"@id":"https:\/\/www.feyalegria.org\/brasil\/agosto-lilas-movimenta-fe-e-alegria-por-todo-o-pais\/#primaryimage"},"image":{"@id":"https:\/\/www.feyalegria.org\/brasil\/agosto-lilas-movimenta-fe-e-alegria-por-todo-o-pais\/#primaryimage"},"thumbnailUrl":"https:\/\/d3pugrm67vf9n7.cloudfront.net\/wp-content\/uploads\/sites\/23\/2025\/09\/26090227\/Banner-Home-Agosto-Lilas.png","datePublished":"2025-09-26T12:05:08+00:00","dateModified":"2025-09-26T16:48:04+00:00","author":{"@id":"https:\/\/www.feyalegria.org\/brasil\/#\/schema\/person\/f2c58927c54060575b9e7c44d31d16e9"},"inLanguage":"es-CO","potentialAction":[{"@type":"ReadAction","target":["https:\/\/www.feyalegria.org\/brasil\/agosto-lilas-movimenta-fe-e-alegria-por-todo-o-pais\/"]}]},{"@type":"ImageObject","inLanguage":"es-CO","@id":"https:\/\/www.feyalegria.org\/brasil\/agosto-lilas-movimenta-fe-e-alegria-por-todo-o-pais\/#primaryimage","url":"https:\/\/d3pugrm67vf9n7.cloudfront.net\/wp-content\/uploads\/sites\/23\/2025\/09\/26090227\/Banner-Home-Agosto-Lilas.png","contentUrl":"https:\/\/d3pugrm67vf9n7.cloudfront.net\/wp-content\/uploads\/sites\/23\/2025\/09\/26090227\/Banner-Home-Agosto-Lilas.png","width":1000,"height":500},{"@type":"WebSite","@id":"https:\/\/www.feyalegria.org\/brasil\/#website","url":"https:\/\/www.feyalegria.org\/brasil\/","name":"#SomosF\u00e9eAlegria en Brasil","description":"","potentialAction":[{"@type":"SearchAction","target":{"@type":"EntryPoint","urlTemplate":"https:\/\/www.feyalegria.org\/brasil\/?s={search_term_string}"},"query-input":{"@type":"PropertyValueSpecification","valueRequired":true,"valueName":"search_term_string"}}],"inLanguage":"es-CO"},{"@type":"Person","@id":"https:\/\/www.feyalegria.org\/brasil\/#\/schema\/person\/f2c58927c54060575b9e7c44d31d16e9","name":"Laura Meurer","url":"https:\/\/www.feyalegria.org\/brasil\/author\/adminbr02\/"}]}},"_links":{"self":[{"href":"https:\/\/www.feyalegria.org\/brasil\/wp-json\/wp\/v2\/posts\/29359","targetHints":{"allow":["GET"]}}],"collection":[{"href":"https:\/\/www.feyalegria.org\/brasil\/wp-json\/wp\/v2\/posts"}],"about":[{"href":"https:\/\/www.feyalegria.org\/brasil\/wp-json\/wp\/v2\/types\/post"}],"author":[{"embeddable":true,"href":"https:\/\/www.feyalegria.org\/brasil\/wp-json\/wp\/v2\/users\/68"}],"replies":[{"embeddable":true,"href":"https:\/\/www.feyalegria.org\/brasil\/wp-json\/wp\/v2\/comments?post=29359"}],"version-history":[{"count":3,"href":"https:\/\/www.feyalegria.org\/brasil\/wp-json\/wp\/v2\/posts\/29359\/revisions"}],"predecessor-version":[{"id":29374,"href":"https:\/\/www.feyalegria.org\/brasil\/wp-json\/wp\/v2\/posts\/29359\/revisions\/29374"}],"wp:featuredmedia":[{"embeddable":true,"href":"https:\/\/www.feyalegria.org\/brasil\/wp-json\/wp\/v2\/media\/29360"}],"wp:attachment":[{"href":"https:\/\/www.feyalegria.org\/brasil\/wp-json\/wp\/v2\/media?parent=29359"}],"wp:term":[{"taxonomy":"category","embeddable":true,"href":"https:\/\/www.feyalegria.org\/brasil\/wp-json\/wp\/v2\/categories?post=29359"},{"taxonomy":"post_tag","embeddable":true,"href":"https:\/\/www.feyalegria.org\/brasil\/wp-json\/wp\/v2\/tags?post=29359"},{"taxonomy":"post_folder","embeddable":true,"href":"https:\/\/www.feyalegria.org\/brasil\/wp-json\/wp\/v2\/post_folder?post=29359"}],"curies":[{"name":"wp","href":"https:\/\/api.w.org\/{rel}","templated":true}]}}