{"id":29691,"date":"2026-03-04T09:37:55","date_gmt":"2026-03-04T12:37:55","guid":{"rendered":"https:\/\/www.feyalegria.org\/brasil\/?p=29691"},"modified":"2026-03-10T11:36:41","modified_gmt":"2026-03-10T14:36:41","slug":"fe-e-alegria-abertura-atividades-2026","status":"publish","type":"post","link":"https:\/\/www.feyalegria.org\/brasil\/fe-e-alegria-abertura-atividades-2026\/","title":{"rendered":"F\u00e9 e Alegria re\u00fane mais de 330 pessoas em encontro de abertura do ano"},"content":{"rendered":"<div class=\"wpb-content-wrapper\"><p>[vc_row][vc_column][vc_column_text css=&#8221;&#8221;]<em>Evento virtual marcou o in\u00edcio das atividades de 2026 e refor\u00e7ou a identidade de educa\u00e7\u00e3o popular do movimento<\/em><\/p>\n<p><img loading=\"lazy\" decoding=\"async\" class=\"aligncenter size-full wp-image-29692\" src=\"https:\/\/d3pugrm67vf9n7.cloudfront.net\/wp-content\/uploads\/sites\/23\/2026\/03\/04093451\/Encontro-anual-de-2026-abre-o-ano-de-Fe-e-alegria_imagem.jpg\" alt=\"\" width=\"1000\" height=\"500\" srcset=\"https:\/\/d3pugrm67vf9n7.cloudfront.net\/wp-content\/uploads\/sites\/23\/2026\/03\/04093451\/Encontro-anual-de-2026-abre-o-ano-de-Fe-e-alegria_imagem.jpg 1000w, https:\/\/d3pugrm67vf9n7.cloudfront.net\/wp-content\/uploads\/sites\/23\/2026\/03\/04093451\/Encontro-anual-de-2026-abre-o-ano-de-Fe-e-alegria_imagem-300x150.jpg 300w, https:\/\/d3pugrm67vf9n7.cloudfront.net\/wp-content\/uploads\/sites\/23\/2026\/03\/04093451\/Encontro-anual-de-2026-abre-o-ano-de-Fe-e-alegria_imagem-768x384.jpg 768w\" sizes=\"auto, (max-width: 1000px) 100vw, 1000px\" \/><\/p>\n<p>Mais de 330 pessoas, entre Equipe Nacional, colabores e educandos dos 34 centros de F\u00e9 e Alegria no Brasil, al\u00e9m de outros convidados participaram, na tarde desta segunda-feira (02), de um encontro virtual para marcar o in\u00edcio das atividades de 2026.<\/p>\n<p>Conduzido pela Equipe Nacional e pelo diretor-presidente da institui\u00e7\u00e3o, Pe. Alexandre Raimundo de Souza, SJ, o evento promoveu o alinhamento da miss\u00e3o institucional e do impacto social das a\u00e7\u00f5es desenvolvidas no pa\u00eds. O encontro teve como tema \u201c<strong>45 anos caminhando com F\u00e9 e Alegria: honramos nossas ra\u00edzes, abra\u00e7amos o presente e seguimos tecendo futuros de esperan\u00e7a.\u201d<\/strong><\/p>\n<p>Durante sua fala, padre Alexandre utilizou a met\u00e1fora de uma &#8220;colcha de retalhos&#8221; para definir a trajet\u00f3ria da funda\u00e7\u00e3o, destacando que cada educador e educando representa uma parte essencial dessa constru\u00e7\u00e3o tecida h\u00e1 mais de quatro d\u00e9cadas. \u201cSomos comunidade, somos F\u00e9 e Alegria, somos um movimento de educa\u00e7\u00e3o popular. Por isso que voc\u00eas est\u00e3o agora segurando a sua linha, sua agulha\u201d, afirmou o diretor-presidente, refor\u00e7ando o car\u00e1ter coletivo do movimento.<\/p>\n<p>Para que todos pudessem participar de forma mais ativa, padre Alexandre prop\u00f4s uma atividade de reflex\u00e3o pr\u00e1tica em que todos os participantes escreveram em uma folha de papel os sentimentos despertados pelo momento.[\/vc_column_text][vc_column_text css=&#8221;&#8221;]<\/p>\n<h3><strong>Colcha de Retalhos<\/strong><\/h3>\n<p>&nbsp;<\/p>\n<p>Ao longo do evento, padre Alexandre convidou membros da Equipe Nacional, dos centros e os pr\u00f3prios educandos para contribuir com as reflex\u00f5es. A import\u00e2ncia do car\u00e1ter pedag\u00f3gico de F\u00e9 e Alegria foi refor\u00e7ada por Fernanda Ariele da Silva, coordenadora Pedag\u00f3gica Nacional. Segundo ela, a educa\u00e7\u00e3o popular \u00e9 o pilar central do atendimento aos educandos. \u201cN\u00f3s optamos por fazer educa\u00e7\u00e3o popular porque acreditamos que ela \u00e9 uma via, uma raiz\u201d, destacou a coordenadora.<\/p>\n<p>&nbsp;<\/p>\n<p>Dando continuidade \u00e0 reflex\u00e3o sobre a pr\u00e1tica institucional, a analista de Projetos Sociais, Daniele Acedo, destacou que o sucesso das iniciativas sociais depende diretamente da dimens\u00e3o humana. Para ela, o cuidado \u00e9 o elemento que garante a efic\u00e1cia das a\u00e7\u00f5es. \u201cOs projetos sociais nascem com um prop\u00f3sito de transformar as realidades, mas \u00e9 o cuidado que permite que essa transforma\u00e7\u00e3o seja verdadeira e duradoura.\u201d<\/p>\n<p>&nbsp;<\/p>\n<p>Catarina de Santana da Silva, coordenadora de F\u00e9 e Alegria Pernambuco afirmou \u201cA gente precisa olhar para dentro das nossas comunidades, mas tamb\u00e9m para fora. Lutamos pela justi\u00e7a social e fazemos parte desse movimento, que est\u00e1 sempre atento \u00e0 garantia dos direitos.\u201d<\/p>\n<p>&nbsp;<\/p>\n<p>Lucas do Nascimento, coordenador de Desenvolvimento Institucional e Comunica\u00e7\u00e3o, abordou a import\u00e2ncia da resist\u00eancia, comparando o trabalho de bastidores a um fio invis\u00edvel \u201cMuitas vezes ele quase n\u00e3o aparece. O trabalha nos bastidores \u00e9 discreto, mas \u00e9 esse fio que sustenta a estrutura sem chamar a aten\u00e7\u00e3o\u201d, explicou.<\/p>\n<p>&nbsp;<\/p>\n<p>Jos\u00e9 Alberto Romero Blanco, coordenador regional de F\u00e9 e Alegria em Roraima, falou sobre a Ecologia Integral \u201cFico triste \u00e0s vezes por not\u00edcias sobre guerras. Mas eu lembro da m\u00fasica de um cantor que falava que a bomba \u00e9 barulhenta, mas destr\u00f3i. Por outro lado, o amor, \u00e9 silencioso e constr\u00f3i.\u00a0 Ent\u00e3o desde aqui eu quero convidar voc\u00eas\u00a0a aprendermos juntos, a cuidar dessa Casa Comum.\u201d<\/p>\n<p>&nbsp;<\/p>\n<p>Os educandos de todo o pa\u00eds tamb\u00e9m foram convidados para dar seu testemunho. <span data-teams=\"true\">Ryan Pablo Pereira de Oliveira <\/span>que atua como jovem aprendiz em F\u00e9 e Alegria de Cariacica (ES) falou como est\u00e1 sendo sua experi\u00eancia \u201cPara mim, n\u00e3o \u00e9 s\u00f3 um local de trabalho e sim um lugar de muito aprendizado. Aqui eu tenho mais respeito, melhorei bastante na minha comunica\u00e7\u00e3o, e tenho mais confian\u00e7a em mim mesmo.\u201d[\/vc_column_text][\/vc_column][\/vc_row]<\/p>\n<\/div>","protected":false},"excerpt":{"rendered":"<p>[vc_row][vc_column][vc_column_text css=&#8221;&#8221;]Evento virtual marcou o in\u00edcio das atividades de 2026 e refor\u00e7ou a identidade de educa\u00e7\u00e3o popular do movimento Mais de 330 pessoas, entre Equipe Nacional, colabores e educandos dos 34 centros de F\u00e9 e Alegria no Brasil, al\u00e9m de outros convidados participaram, na tarde desta segunda-feira (02), de um encontro virtual para marcar o<\/p>\n","protected":false},"author":68,"featured_media":29692,"comment_status":"open","ping_status":"open","sticky":false,"template":"","format":"standard","meta":{"_acf_changed":false,"footnotes":""},"categories":[25,141,183,432],"tags":[1144,422,408,840],"post_folder":[],"class_list":["post-29691","post","type-post","status-publish","format-standard","has-post-thumbnail","hentry","category-comunicado","category-educacion","category-noticias","category-noticias-pt","tag-cepat","tag-educacao-popular","tag-fe-e-alegria","tag-formacao"],"acf":[],"yoast_head":"<!-- This site is optimized with the Yoast SEO plugin v27.5 - https:\/\/yoast.com\/product\/yoast-seo-wordpress\/ -->\n<title>F\u00e9 e Alegria re\u00fane mais de 330 pessoas em encontro de abertura do ano - #SomosF\u00e9eAlegria en Brasil F\u00e9 e Alegria re\u00fane 200 pessoas em abertura das atividades 2026<\/title>\n<meta name=\"description\" content=\"Com o tema &quot;45 anos caminhando com F\u00e9 e Alegria&quot;, o movimento reuniu mais de 200 colaboradores e educandos para marcar o in\u00edcio das atividades de 2026. Confira!\" \/>\n<meta name=\"robots\" content=\"index, follow, max-snippet:-1, max-image-preview:large, max-video-preview:-1\" \/>\n<link rel=\"canonical\" href=\"https:\/\/www.feyalegria.org\/brasil\/fe-e-alegria-abertura-atividades-2026\/\" \/>\n<meta property=\"og:locale\" content=\"es_ES\" \/>\n<meta property=\"og:type\" content=\"article\" \/>\n<meta property=\"og:title\" content=\"F\u00e9 e Alegria re\u00fane mais de 330 pessoas em encontro de abertura do ano - #SomosF\u00e9eAlegria en Brasil F\u00e9 e Alegria re\u00fane 200 pessoas em abertura das atividades 2026\" \/>\n<meta property=\"og:description\" content=\"Com o tema &quot;45 anos caminhando com F\u00e9 e Alegria&quot;, o movimento reuniu mais de 200 colaboradores e educandos para marcar o in\u00edcio das atividades de 2026. Confira!\" \/>\n<meta property=\"og:url\" content=\"https:\/\/www.feyalegria.org\/brasil\/fe-e-alegria-abertura-atividades-2026\/\" \/>\n<meta property=\"og:site_name\" content=\"#SomosF\u00e9eAlegria en Brasil\" \/>\n<meta property=\"article:published_time\" content=\"2026-03-04T12:37:55+00:00\" \/>\n<meta property=\"article:modified_time\" content=\"2026-03-10T14:36:41+00:00\" \/>\n<meta property=\"og:image\" content=\"https:\/\/d3pugrm67vf9n7.cloudfront.net\/wp-content\/uploads\/sites\/23\/2026\/03\/04093451\/Encontro-anual-de-2026-abre-o-ano-de-Fe-e-alegria_imagem.jpg\" \/>\n\t<meta property=\"og:image:width\" content=\"1000\" \/>\n\t<meta property=\"og:image:height\" content=\"500\" \/>\n\t<meta property=\"og:image:type\" content=\"image\/jpeg\" \/>\n<meta name=\"author\" content=\"Laura Meurer\" \/>\n<meta name=\"twitter:card\" content=\"summary_large_image\" \/>\n<meta name=\"twitter:label1\" content=\"Escrito por\" \/>\n\t<meta name=\"twitter:data1\" content=\"Laura Meurer\" \/>\n\t<meta name=\"twitter:label2\" content=\"Tiempo de lectura\" \/>\n\t<meta name=\"twitter:data2\" content=\"4 minutos\" \/>\n<script type=\"application\/ld+json\" class=\"yoast-schema-graph\">{\"@context\":\"https:\\\/\\\/schema.org\",\"@graph\":[{\"@type\":\"Article\",\"@id\":\"https:\\\/\\\/www.feyalegria.org\\\/brasil\\\/fe-e-alegria-abertura-atividades-2026\\\/#article\",\"isPartOf\":{\"@id\":\"https:\\\/\\\/www.feyalegria.org\\\/brasil\\\/fe-e-alegria-abertura-atividades-2026\\\/\"},\"author\":{\"name\":\"Laura Meurer\",\"@id\":\"https:\\\/\\\/www.feyalegria.org\\\/brasil\\\/#\\\/schema\\\/person\\\/f2c58927c54060575b9e7c44d31d16e9\"},\"headline\":\"F\u00e9 e Alegria re\u00fane mais de 330 pessoas em encontro de abertura do ano\",\"datePublished\":\"2026-03-04T12:37:55+00:00\",\"dateModified\":\"2026-03-10T14:36:41+00:00\",\"mainEntityOfPage\":{\"@id\":\"https:\\\/\\\/www.feyalegria.org\\\/brasil\\\/fe-e-alegria-abertura-atividades-2026\\\/\"},\"wordCount\":669,\"commentCount\":0,\"image\":{\"@id\":\"https:\\\/\\\/www.feyalegria.org\\\/brasil\\\/fe-e-alegria-abertura-atividades-2026\\\/#primaryimage\"},\"thumbnailUrl\":\"https:\\\/\\\/d3pugrm67vf9n7.cloudfront.net\\\/wp-content\\\/uploads\\\/sites\\\/23\\\/2026\\\/03\\\/04093451\\\/Encontro-anual-de-2026-abre-o-ano-de-Fe-e-alegria_imagem.jpg\",\"keywords\":[\"Cepat\",\"educa\u00e7\u00e3o popular\",\"F\u00e9 e Alegria\",\"Forma\u00e7\u00e3o\"],\"articleSection\":[\"Comunicado\",\"Educaci\u00f3n\",\"Noticias\",\"Noticias\"],\"inLanguage\":\"es-CO\",\"potentialAction\":[{\"@type\":\"CommentAction\",\"name\":\"Comment\",\"target\":[\"https:\\\/\\\/www.feyalegria.org\\\/brasil\\\/fe-e-alegria-abertura-atividades-2026\\\/#respond\"]}]},{\"@type\":\"WebPage\",\"@id\":\"https:\\\/\\\/www.feyalegria.org\\\/brasil\\\/fe-e-alegria-abertura-atividades-2026\\\/\",\"url\":\"https:\\\/\\\/www.feyalegria.org\\\/brasil\\\/fe-e-alegria-abertura-atividades-2026\\\/\",\"name\":\"F\u00e9 e Alegria re\u00fane mais de 330 pessoas em encontro de abertura do ano - #SomosF\u00e9eAlegria en Brasil F\u00e9 e Alegria re\u00fane 200 pessoas em abertura das atividades 2026\",\"isPartOf\":{\"@id\":\"https:\\\/\\\/www.feyalegria.org\\\/brasil\\\/#website\"},\"primaryImageOfPage\":{\"@id\":\"https:\\\/\\\/www.feyalegria.org\\\/brasil\\\/fe-e-alegria-abertura-atividades-2026\\\/#primaryimage\"},\"image\":{\"@id\":\"https:\\\/\\\/www.feyalegria.org\\\/brasil\\\/fe-e-alegria-abertura-atividades-2026\\\/#primaryimage\"},\"thumbnailUrl\":\"https:\\\/\\\/d3pugrm67vf9n7.cloudfront.net\\\/wp-content\\\/uploads\\\/sites\\\/23\\\/2026\\\/03\\\/04093451\\\/Encontro-anual-de-2026-abre-o-ano-de-Fe-e-alegria_imagem.jpg\",\"datePublished\":\"2026-03-04T12:37:55+00:00\",\"dateModified\":\"2026-03-10T14:36:41+00:00\",\"author\":{\"@id\":\"https:\\\/\\\/www.feyalegria.org\\\/brasil\\\/#\\\/schema\\\/person\\\/f2c58927c54060575b9e7c44d31d16e9\"},\"description\":\"Com o tema \\\"45 anos caminhando com F\u00e9 e Alegria\\\", o movimento reuniu mais de 200 colaboradores e educandos para marcar o in\u00edcio das atividades de 2026. Confira!\",\"inLanguage\":\"es-CO\",\"potentialAction\":[{\"@type\":\"ReadAction\",\"target\":[\"https:\\\/\\\/www.feyalegria.org\\\/brasil\\\/fe-e-alegria-abertura-atividades-2026\\\/\"]}]},{\"@type\":\"ImageObject\",\"inLanguage\":\"es-CO\",\"@id\":\"https:\\\/\\\/www.feyalegria.org\\\/brasil\\\/fe-e-alegria-abertura-atividades-2026\\\/#primaryimage\",\"url\":\"https:\\\/\\\/d3pugrm67vf9n7.cloudfront.net\\\/wp-content\\\/uploads\\\/sites\\\/23\\\/2026\\\/03\\\/04093451\\\/Encontro-anual-de-2026-abre-o-ano-de-Fe-e-alegria_imagem.jpg\",\"contentUrl\":\"https:\\\/\\\/d3pugrm67vf9n7.cloudfront.net\\\/wp-content\\\/uploads\\\/sites\\\/23\\\/2026\\\/03\\\/04093451\\\/Encontro-anual-de-2026-abre-o-ano-de-Fe-e-alegria_imagem.jpg\",\"width\":1000,\"height\":500},{\"@type\":\"WebSite\",\"@id\":\"https:\\\/\\\/www.feyalegria.org\\\/brasil\\\/#website\",\"url\":\"https:\\\/\\\/www.feyalegria.org\\\/brasil\\\/\",\"name\":\"#SomosF\u00e9eAlegria en Brasil\",\"description\":\"\",\"potentialAction\":[{\"@type\":\"SearchAction\",\"target\":{\"@type\":\"EntryPoint\",\"urlTemplate\":\"https:\\\/\\\/www.feyalegria.org\\\/brasil\\\/?s={search_term_string}\"},\"query-input\":{\"@type\":\"PropertyValueSpecification\",\"valueRequired\":true,\"valueName\":\"search_term_string\"}}],\"inLanguage\":\"es-CO\"},{\"@type\":\"Person\",\"@id\":\"https:\\\/\\\/www.feyalegria.org\\\/brasil\\\/#\\\/schema\\\/person\\\/f2c58927c54060575b9e7c44d31d16e9\",\"name\":\"Laura Meurer\",\"url\":\"https:\\\/\\\/www.feyalegria.org\\\/brasil\\\/author\\\/adminbr02\\\/\"}]}<\/script>\n<!-- \/ Yoast SEO plugin. -->","yoast_head_json":{"title":"F\u00e9 e Alegria re\u00fane mais de 330 pessoas em encontro de abertura do ano - #SomosF\u00e9eAlegria en Brasil F\u00e9 e Alegria re\u00fane 200 pessoas em abertura das atividades 2026","description":"Com o tema \"45 anos caminhando com F\u00e9 e Alegria\", o movimento reuniu mais de 200 colaboradores e educandos para marcar o in\u00edcio das atividades de 2026. Confira!","robots":{"index":"index","follow":"follow","max-snippet":"max-snippet:-1","max-image-preview":"max-image-preview:large","max-video-preview":"max-video-preview:-1"},"canonical":"https:\/\/www.feyalegria.org\/brasil\/fe-e-alegria-abertura-atividades-2026\/","og_locale":"es_ES","og_type":"article","og_title":"F\u00e9 e Alegria re\u00fane mais de 330 pessoas em encontro de abertura do ano - #SomosF\u00e9eAlegria en Brasil F\u00e9 e Alegria re\u00fane 200 pessoas em abertura das atividades 2026","og_description":"Com o tema \"45 anos caminhando com F\u00e9 e Alegria\", o movimento reuniu mais de 200 colaboradores e educandos para marcar o in\u00edcio das atividades de 2026. Confira!","og_url":"https:\/\/www.feyalegria.org\/brasil\/fe-e-alegria-abertura-atividades-2026\/","og_site_name":"#SomosF\u00e9eAlegria en Brasil","article_published_time":"2026-03-04T12:37:55+00:00","article_modified_time":"2026-03-10T14:36:41+00:00","og_image":[{"width":1000,"height":500,"url":"https:\/\/d3pugrm67vf9n7.cloudfront.net\/wp-content\/uploads\/sites\/23\/2026\/03\/04093451\/Encontro-anual-de-2026-abre-o-ano-de-Fe-e-alegria_imagem.jpg","type":"image\/jpeg"}],"author":"Laura Meurer","twitter_card":"summary_large_image","twitter_misc":{"Escrito por":"Laura Meurer","Tiempo de lectura":"4 minutos"},"schema":{"@context":"https:\/\/schema.org","@graph":[{"@type":"Article","@id":"https:\/\/www.feyalegria.org\/brasil\/fe-e-alegria-abertura-atividades-2026\/#article","isPartOf":{"@id":"https:\/\/www.feyalegria.org\/brasil\/fe-e-alegria-abertura-atividades-2026\/"},"author":{"name":"Laura Meurer","@id":"https:\/\/www.feyalegria.org\/brasil\/#\/schema\/person\/f2c58927c54060575b9e7c44d31d16e9"},"headline":"F\u00e9 e Alegria re\u00fane mais de 330 pessoas em encontro de abertura do ano","datePublished":"2026-03-04T12:37:55+00:00","dateModified":"2026-03-10T14:36:41+00:00","mainEntityOfPage":{"@id":"https:\/\/www.feyalegria.org\/brasil\/fe-e-alegria-abertura-atividades-2026\/"},"wordCount":669,"commentCount":0,"image":{"@id":"https:\/\/www.feyalegria.org\/brasil\/fe-e-alegria-abertura-atividades-2026\/#primaryimage"},"thumbnailUrl":"https:\/\/d3pugrm67vf9n7.cloudfront.net\/wp-content\/uploads\/sites\/23\/2026\/03\/04093451\/Encontro-anual-de-2026-abre-o-ano-de-Fe-e-alegria_imagem.jpg","keywords":["Cepat","educa\u00e7\u00e3o popular","F\u00e9 e Alegria","Forma\u00e7\u00e3o"],"articleSection":["Comunicado","Educaci\u00f3n","Noticias","Noticias"],"inLanguage":"es-CO","potentialAction":[{"@type":"CommentAction","name":"Comment","target":["https:\/\/www.feyalegria.org\/brasil\/fe-e-alegria-abertura-atividades-2026\/#respond"]}]},{"@type":"WebPage","@id":"https:\/\/www.feyalegria.org\/brasil\/fe-e-alegria-abertura-atividades-2026\/","url":"https:\/\/www.feyalegria.org\/brasil\/fe-e-alegria-abertura-atividades-2026\/","name":"F\u00e9 e Alegria re\u00fane mais de 330 pessoas em encontro de abertura do ano - #SomosF\u00e9eAlegria en Brasil F\u00e9 e Alegria re\u00fane 200 pessoas em abertura das atividades 2026","isPartOf":{"@id":"https:\/\/www.feyalegria.org\/brasil\/#website"},"primaryImageOfPage":{"@id":"https:\/\/www.feyalegria.org\/brasil\/fe-e-alegria-abertura-atividades-2026\/#primaryimage"},"image":{"@id":"https:\/\/www.feyalegria.org\/brasil\/fe-e-alegria-abertura-atividades-2026\/#primaryimage"},"thumbnailUrl":"https:\/\/d3pugrm67vf9n7.cloudfront.net\/wp-content\/uploads\/sites\/23\/2026\/03\/04093451\/Encontro-anual-de-2026-abre-o-ano-de-Fe-e-alegria_imagem.jpg","datePublished":"2026-03-04T12:37:55+00:00","dateModified":"2026-03-10T14:36:41+00:00","author":{"@id":"https:\/\/www.feyalegria.org\/brasil\/#\/schema\/person\/f2c58927c54060575b9e7c44d31d16e9"},"description":"Com o tema \"45 anos caminhando com F\u00e9 e Alegria\", o movimento reuniu mais de 200 colaboradores e educandos para marcar o in\u00edcio das atividades de 2026. Confira!","inLanguage":"es-CO","potentialAction":[{"@type":"ReadAction","target":["https:\/\/www.feyalegria.org\/brasil\/fe-e-alegria-abertura-atividades-2026\/"]}]},{"@type":"ImageObject","inLanguage":"es-CO","@id":"https:\/\/www.feyalegria.org\/brasil\/fe-e-alegria-abertura-atividades-2026\/#primaryimage","url":"https:\/\/d3pugrm67vf9n7.cloudfront.net\/wp-content\/uploads\/sites\/23\/2026\/03\/04093451\/Encontro-anual-de-2026-abre-o-ano-de-Fe-e-alegria_imagem.jpg","contentUrl":"https:\/\/d3pugrm67vf9n7.cloudfront.net\/wp-content\/uploads\/sites\/23\/2026\/03\/04093451\/Encontro-anual-de-2026-abre-o-ano-de-Fe-e-alegria_imagem.jpg","width":1000,"height":500},{"@type":"WebSite","@id":"https:\/\/www.feyalegria.org\/brasil\/#website","url":"https:\/\/www.feyalegria.org\/brasil\/","name":"#SomosF\u00e9eAlegria en Brasil","description":"","potentialAction":[{"@type":"SearchAction","target":{"@type":"EntryPoint","urlTemplate":"https:\/\/www.feyalegria.org\/brasil\/?s={search_term_string}"},"query-input":{"@type":"PropertyValueSpecification","valueRequired":true,"valueName":"search_term_string"}}],"inLanguage":"es-CO"},{"@type":"Person","@id":"https:\/\/www.feyalegria.org\/brasil\/#\/schema\/person\/f2c58927c54060575b9e7c44d31d16e9","name":"Laura Meurer","url":"https:\/\/www.feyalegria.org\/brasil\/author\/adminbr02\/"}]}},"_links":{"self":[{"href":"https:\/\/www.feyalegria.org\/brasil\/wp-json\/wp\/v2\/posts\/29691","targetHints":{"allow":["GET"]}}],"collection":[{"href":"https:\/\/www.feyalegria.org\/brasil\/wp-json\/wp\/v2\/posts"}],"about":[{"href":"https:\/\/www.feyalegria.org\/brasil\/wp-json\/wp\/v2\/types\/post"}],"author":[{"embeddable":true,"href":"https:\/\/www.feyalegria.org\/brasil\/wp-json\/wp\/v2\/users\/68"}],"replies":[{"embeddable":true,"href":"https:\/\/www.feyalegria.org\/brasil\/wp-json\/wp\/v2\/comments?post=29691"}],"version-history":[{"count":6,"href":"https:\/\/www.feyalegria.org\/brasil\/wp-json\/wp\/v2\/posts\/29691\/revisions"}],"predecessor-version":[{"id":29780,"href":"https:\/\/www.feyalegria.org\/brasil\/wp-json\/wp\/v2\/posts\/29691\/revisions\/29780"}],"wp:featuredmedia":[{"embeddable":true,"href":"https:\/\/www.feyalegria.org\/brasil\/wp-json\/wp\/v2\/media\/29692"}],"wp:attachment":[{"href":"https:\/\/www.feyalegria.org\/brasil\/wp-json\/wp\/v2\/media?parent=29691"}],"wp:term":[{"taxonomy":"category","embeddable":true,"href":"https:\/\/www.feyalegria.org\/brasil\/wp-json\/wp\/v2\/categories?post=29691"},{"taxonomy":"post_tag","embeddable":true,"href":"https:\/\/www.feyalegria.org\/brasil\/wp-json\/wp\/v2\/tags?post=29691"},{"taxonomy":"post_folder","embeddable":true,"href":"https:\/\/www.feyalegria.org\/brasil\/wp-json\/wp\/v2\/post_folder?post=29691"}],"curies":[{"name":"wp","href":"https:\/\/api.w.org\/{rel}","templated":true}]}}